{"id":29438,"date":"2011-03-17T14:28:39","date_gmt":"2011-03-17T12:28:39","guid":{"rendered":"http:\/\/www.korhanyilmaz.com\/?p=29438"},"modified":"2011-03-17T14:28:39","modified_gmt":"2011-03-17T12:28:39","slug":"chp-hasim-kilic-hakkinda-reddi-hakim-talebinde-bulundu","status":"publish","type":"post","link":"http:\/\/www.korhanyilmaz.com\/?p=29438","title":{"rendered":"CHP, Ha\u015fim K\u0131l\u0131\u00e7 hakk\u0131nda &#8216;reddi h\u00e2kim&#8217; talebinde bulundu"},"content":{"rendered":"<p style=\"text-align: center;\"><a href=\"http:\/\/www.korhanyilmaz.com\/wp-content\/uploads\/2011\/03\/307.jpg\"  class=\"lightview\"><img loading=\"lazy\" decoding=\"async\" class=\"aligncenter size-full wp-image-29439\" src=\"http:\/\/www.korhanyilmaz.com\/wp-content\/uploads\/2011\/03\/307.jpg\" alt=\"\" width=\"320\" height=\"214\" \/><\/a><\/p>\n<p style=\"text-align: justify;\">CHP, ihsas\u0131 rey gerek\u00e7esiyle Anayasa Mahkemesi Ba\u015fkan\u0131 Ha\u015fim K\u0131l\u0131\u00e7 hakk\u0131nda da &#8216;reddi h\u00e2kim&#8217; talebinde bulunarak, y\u00fcksek yarg\u0131n\u0131n yeniden \u015fekillendiren d\u00fczenlemenin iptali i\u00e7in ba\u015fvurdu.<!--more--><\/p>\n<p style=\"text-align: justify;\">CHP Grup Ba\u015fkanvekili Akif Hamza\u00e7ebi ve beraberindeki CHP\u2019li milletvekilleri Anayasa Mahkemesi\u2019ne giderek, yarg\u0131n\u0131n h\u0131zland\u0131r\u0131lmas\u0131 amac\u0131yla Yarg\u0131tay ve Dan\u0131\u015ftay\u2019daki daire say\u0131lar\u0131n\u0131 art\u0131ran 6110 say\u0131l\u0131, \u201cBaz\u0131 Kanunlarda De\u011fi\u015fiklik Yap\u0131lmas\u0131na Dair Kanun\u201dun baz\u0131 maddelerinin y\u00fcr\u00fcrl\u00fc\u011f\u00fcn\u00fcn durdurulmas\u0131 ve iptal edilmesi i\u00e7in ba\u015fvuruda bulundu. Ba\u015fvuru sonras\u0131nda taleplerle ilgili bilgi veren Hamza\u00e7ebi, Anayasa Mahkemesi Ba\u015fkan\u0131 K\u0131l\u0131\u00e7\u2019\u0131n hakk\u0131nda reddi h\u00e2kim talebinde bulunma gerek\u00e7elerini \u015fu ifadelerle a\u00e7\u0131klad\u0131:<\/p>\n<p style=\"text-align: justify;\">\u201cAnayasa Mahkemesi Ba\u015fkan\u0131 Ha\u015fim K\u0131l\u0131\u00e7 iptal ba\u015fvurusunu yapt\u0131\u011f\u0131m\u0131z bu yasa daha tasar\u0131 a\u015famas\u0131ndayken h\u00fck\u00fcmetten yana g\u00f6r\u00fc\u015f beyan etmi\u015ftir. Bu g\u00f6r\u00fc\u015f\u00fcnde y\u00fcksek yarg\u0131y\u0131 uyumakla su\u00e7lam\u0131\u015ft\u0131r. &#8216;Yap\u0131lan d\u00fczenleme yerindedir&#8217; anlam\u0131nda bir mesaj vermi\u015ftir. Ba\u015fkan\u0131n siyasi i\u00e7erikli bu mesaj\u0131 a\u00e7\u0131k\u00e7a mahkemeyi zan alt\u0131nda b\u0131rakm\u0131\u015ft\u0131r.\u201d<\/p>\n<p style=\"text-align: justify;\">Anayasa Mahkemesi Kurulu\u015f Kanunu\u2019na ve mahkemenin i\u00e7 t\u00fcz\u00fc\u011f\u00fcne g\u00f6re ba\u015fkan ve \u00fcyelerinin, mahkemenin g\u00fcndemine gelmesi muhtemel konulurda g\u00f6r\u00fc\u015f beyan edemeyeceklerini an\u0131msatan Hamza\u00e7ebi, \u201cBa\u015fkan ve \u00fcyeler mevzuata g\u00f6re, herhangi bir \u015fekilde g\u00f6r\u00fc\u015f veya kanaat belirttikleri konular\u0131n yarg\u0131lamas\u0131na kat\u0131lamazlar. Anayasa Mahkemesi Ba\u015fkan\u0131\u2019n\u0131 siyasi bir mesaj vermek suretiyle tarafs\u0131z olmad\u0131\u011f\u0131n\u0131, h\u00fck\u00fcmetin yasas\u0131ndan yana oldu\u011funu a\u00e7\u0131k bir \u015fekilde ifade etmi\u015ftir\u201d dedi. Demokraside herkesin g\u00f6r\u00fc\u015f\u00fcn\u00fc ifade etmesinden yana olduklar\u0131n\u0131 belirten Hamza\u00e7ebi, kanunlarda belirtilen h\u00fck\u00fcmler kar\u015f\u0131s\u0131nda K\u0131l\u0131\u00e7\u2019\u0131n susmas\u0131 gerekti\u011fini savundu.<\/p>\n<p style=\"text-align: justify;\"><strong>HUKUK DEVLET\u0130 VATANDA\u015eIN G\u00dcVENL\u0130\u011e\u0130N\u0130 SA\u011eLAR<\/strong><\/p>\n<p style=\"text-align: justify;\">Y\u00fcksek yarg\u0131y\u0131 yeniden yap\u0131land\u0131ran yasan\u0131n baz\u0131 maddelerinin Anayasa\u2019ya ayk\u0131r\u0131 oldu\u011funu iddia eden Hamza\u00e7ebi, hukuk devletinin vatanda\u015flar\u0131na hukuk g\u00fcvenli\u011fi sa\u011flamas\u0131 gerekti\u011fini belirtti. Hamza\u00e7ebi, d\u00fczenlemelerle ilgili iptal istemlerinin gerek\u00e7esini \u015f\u00f6yle a\u00e7\u0131klad\u0131:<\/p>\n<p style=\"text-align: justify;\">\u201cAnayasa\u2019ya ve uluslararas\u0131 hukuka g\u00f6re, herkesin, hangi dava hangi mahkemede g\u00f6r\u00fclecek, yap\u0131s\u0131 nas\u0131l olacak, bunu \u00f6nceden bilme hakk\u0131 vard\u0131r. Bu hukuk devleti ilkesinin gere\u011fidir. Hukuk devleti \u00f6ng\u00f6r\u00fclebilirlilik gerektirir. Yap\u0131lan d\u00fczenlemeyle bu kural bir kenara at\u0131lm\u0131\u015ft\u0131r. Hukuk g\u00fcvenli\u011fi a\u00e7\u0131k bir \u015fekilde ihlal edilmi\u015ftir. Yarg\u0131tay ve Dan\u0131\u015ftay\u2019daki dairelerin ka\u00e7 \u00fcyeden olu\u015faca\u011f\u0131 ve g\u00f6rev alanlar\u0131n\u0131n neler olaca\u011f\u0131 ba\u015fkanlar\u0131n takdirine b\u0131rak\u0131lm\u0131\u015ft\u0131r. Bunu hukuk devletinin ihlali olarak g\u00f6r\u00fcyoruz.\u201d<\/p>\n<p style=\"text-align: justify;\">H\u00fck\u00fcmetin yarg\u0131ya h\u00e2kim olma ihtiyac\u0131n\u0131n bu yasalara yans\u0131t\u0131ld\u0131\u011f\u0131n\u0131 savunan Hamza\u00e7ebi, yap\u0131lan d\u00fczenlemelerle kuvvetler ayr\u0131l\u0131\u011f\u0131n\u0131n ortadan kald\u0131r\u0131ld\u0131\u011f\u0131n\u0131 iddia etti.<\/p>\n<p style=\"text-align: justify;\"><strong>HAK ARAMA H\u00dcRR\u0130YET\u0130 KISITLANDI<\/strong><\/p>\n<p style=\"text-align: justify;\">CHP\u2019nin iptal ba\u015fvurusu aras\u0131nda \u201ch\u00e2kimlere a\u00e7\u0131lan davalar\u0131n devlete y\u00f6neltilmesini\u201d i\u00e7eren d\u00fczenlemenin h\u00fck\u00fcmleri de yer al\u0131yor. CHP Grup Ba\u015fkanvekili, Anayasa\u2019yla g\u00fcvence alt\u0131nda bulunan vatanda\u015flar\u0131n hak arama h\u00fcrriyetinin yap\u0131lan d\u00fczenlemelerle ihlal edildi\u011fini savundu. A\u00e7t\u0131klar\u0131 davalarda ki\u015fisel kusur ve fiil i\u015fleyen h\u00e2kim ve savc\u0131lar aleyhine dava a\u00e7\u0131lamayaca\u011f\u0131na dikkat \u00e7eken Hamza\u00e7ebi, \u015f\u00f6yle konu\u015ftu:<\/p>\n<p style=\"text-align: justify;\">\u201cAnayasa\u2019n\u0131n 36. maddesi gayet a\u00e7\u0131kt\u0131r. Herkes, me\u015fru vas\u0131ta ve yollardan yararlanarak hak arama h\u00fcrriyetine sahiptir. H\u00e2kimin ki\u015fisel kusuru ve haks\u0131z fiili nedeniyle vatanda\u015f h\u00e2kim yerine devlete dava a\u00e7acaksa, yasayla davan\u0131n taraf\u0131 de\u011fi\u015ftiriliyorsa, ortada ciddi bir durum var demektir. Bu hukuk devletinin zedelenmesi demektir. Hak arama h\u00fcrriyetinin ortadan kald\u0131r\u0131lmas\u0131 demektir. G\u00f6revlilerin ki\u015fisel kusurlar\u0131nda devletin sorumlu olmas\u0131 d\u00fc\u015f\u00fcn\u00fclemez. Vatanda\u015f\u0131n kar\u015f\u0131s\u0131na daval\u0131 olarak devletin \u00e7\u0131kmas\u0131 ba\u015ftan bask\u0131 uygulamak ve hak arama h\u00fcrriyetini engellemektir. Hak arama h\u00fcrriyetinin kanunla s\u0131n\u0131rlanmas\u0131 Anayasam\u0131zda yer almamaktad\u0131r.\u201d<\/p>\n<p style=\"text-align: justify;\">Hamza\u00e7ebi, RT\u00dcK ve \u00d6SYM ile ilgili \u00e7al\u0131\u015fmalar\u0131n\u0131n da devam etti\u011fini belirtti. CHP\u2019nin Y\u00fcksek Mahkeme\u2019den Anayasa\u2019ya ayk\u0131r\u0131l\u0131k ta\u015f\u0131d\u0131\u011f\u0131 gerek\u00e7esiyle iptalini istedi\u011fi maddeler ise \u015f\u00f6yle:<\/p>\n<p style=\"text-align: justify;\">-Dan\u0131\u015ftay\u2019\u0131n daire say\u0131s\u0131n\u0131 13\u2019ten 15\u2019e \u00e7\u0131karan h\u00fck\u00fcm.<\/p>\n<p style=\"text-align: justify;\">-Yarg\u0131tay\u2019\u0131n hukuk dairelerinin say\u0131s\u0131n\u0131 23\u2019e, ceza dairelerinin say\u0131s\u0131n\u0131 da 15\u2019e \u00e7\u0131karan h\u00fck\u00fcm.<\/p>\n<p style=\"text-align: justify;\">-H\u00e2kim ve savc\u0131lar\u0131n bir soru\u015fturma, kovu\u015fturma veya davayla ilgili olarak yapt\u0131klar\u0131 i\u015flem, y\u00fcr\u00fctt\u00fckleri faaliyet veya verdikleri her t\u00fcrl\u00fc kararlar nedeniyle; \u201cAncak Devlet aleyhine tazminat davas\u0131 a\u00e7\u0131labilir. Ki\u015fisel kusur, haks\u0131z fiil veya di\u011fer sorumluluk sebeplerine dayan\u0131larak da olsa h\u00e2kim veya savc\u0131 aleyhine tazminat davas\u0131 a\u00e7\u0131lamaz\u201d h\u00fckm\u00fc.<\/p>\n<p style=\"text-align: justify;\">Mahkeme Ba\u015fkan\u0131 Ha\u015fim K\u0131l\u0131\u00e7, 15 \u015eubat 2011&#8217;de Radikal Gazetesi&#8217;nde yay\u0131nlanan s\u00f6yle\u015fisinde, &#8220;Y\u00fcksek yarg\u0131n\u0131n bug\u00fcn i\u00e7inde bulundu\u011fu durumda y\u0131llard\u0131r yarg\u0131daki birikimi gidermek i\u00e7in \u00e7aba harcamam\u0131\u015f olmas\u0131n\u0131n pay\u0131 oldu\u011funu, Yarg\u0131tay ve Dan\u0131\u015ftay Ba\u015fkanlar\u0131n\u0131n bug\u00fcne dek \u00fcyeleriyle yarg\u0131daki birikmeyi nas\u0131l \u00e7\u00f6zeceklerine dair bir toplant\u0131 yapmad\u0131klar\u0131n\u0131&#8221; \u00f6ne s\u00fcrerek, \u201c\u00dcz\u00fclerek s\u00f6yleyeyim, y\u00fcksek yarg\u0131 bug\u00fcne dek uyumaktan ba\u015fka bir \u015fey yapmad\u0131. Belli g\u00fcnlerde konu\u015fma yap\u0131p mesaj vererek sorun \u00e7\u00f6z\u00fclm\u00fcyor\u201d demi\u015fti.<\/p>\n<p style=\"text-align: justify;\"><a href=\"http:\/\/www.radikal.com.tr\/Radikal.aspx?aType=RadikalDetayV3&amp;ArticleID=1043238&amp;Date=17.03.2011&amp;CategoryID=78\" target=\"_blank\">Kaynak : Radikal Gazetesi<\/a><\/p>\n","protected":false},"excerpt":{"rendered":"<p style=\"text-align: center;\">\n<p style=\"text-align: justify;\">CHP, ihsas\u0131 rey gerek\u00e7esiyle Anayasa Mahkemesi Ba\u015fkan\u0131 Ha\u015fim K\u0131l\u0131\u00e7 hakk\u0131nda da &#8216;reddi h\u00e2kim&#8217; talebinde bulunarak, y\u00fcksek yarg\u0131n\u0131n yeniden \u015fekillendiren d\u00fczenlemenin iptali i\u00e7in ba\u015fvurdu.<\/p>\n","protected":false},"author":1,"featured_media":0,"comment_status":"open","ping_status":"closed","sticky":false,"template":"","format":"standard","meta":{"footnotes":""},"categories":[105],"tags":[],"class_list":["post-29438","post","type-post","status-publish","format-standard","hentry","category-gundem","odd"],"_links":{"self":[{"href":"http:\/\/www.korhanyilmaz.com\/index.php?rest_route=\/wp\/v2\/posts\/29438","targetHints":{"allow":["GET"]}}],"collection":[{"href":"http:\/\/www.korhanyilmaz.com\/index.php?rest_route=\/wp\/v2\/posts"}],"about":[{"href":"http:\/\/www.korhanyilmaz.com\/index.php?rest_route=\/wp\/v2\/types\/post"}],"author":[{"embeddable":true,"href":"http:\/\/www.korhanyilmaz.com\/index.php?rest_route=\/wp\/v2\/users\/1"}],"replies":[{"embeddable":true,"href":"http:\/\/www.korhanyilmaz.com\/index.php?rest_route=%2Fwp%2Fv2%2Fcomments&post=29438"}],"version-history":[{"count":0,"href":"http:\/\/www.korhanyilmaz.com\/index.php?rest_route=\/wp\/v2\/posts\/29438\/revisions"}],"wp:attachment":[{"href":"http:\/\/www.korhanyilmaz.com\/index.php?rest_route=%2Fwp%2Fv2%2Fmedia&parent=29438"}],"wp:term":[{"taxonomy":"category","embeddable":true,"href":"http:\/\/www.korhanyilmaz.com\/index.php?rest_route=%2Fwp%2Fv2%2Fcategories&post=29438"},{"taxonomy":"post_tag","embeddable":true,"href":"http:\/\/www.korhanyilmaz.com\/index.php?rest_route=%2Fwp%2Fv2%2Ftags&post=29438"}],"curies":[{"name":"wp","href":"https:\/\/api.w.org\/{rel}","templated":true}]}}