{"id":29435,"date":"2011-03-17T08:21:20","date_gmt":"2011-03-17T06:21:20","guid":{"rendered":"http:\/\/www.korhanyilmaz.com\/?p=29435"},"modified":"2011-03-17T08:21:20","modified_gmt":"2011-03-17T06:21:20","slug":"adaylet","status":"publish","type":"post","link":"http:\/\/www.korhanyilmaz.com\/?p=29435","title":{"rendered":"ADAyLET"},"content":{"rendered":"<div style=\"width: 115px\" class=\"wp-caption alignright\"><img loading=\"lazy\" decoding=\"async\" title=\"Y\u0131lmaz \u00d6ZD\u0130L - H\u00fcrriyet Gazetesi\" src=\"http:\/\/www.korhanyilmaz.com\/wp-content\/uploads\/2011\/02\/257.jpg\" alt=\"\" width=\"105\" height=\"112\" \/><p class=\"wp-caption-text\">Y\u0131lmaz \u00d6ZD\u0130L<\/p><\/div>\n<p style=\"text-align: justify;\"><strong>G\u00f6r\u00fcnen o ki&#8230;<\/strong><\/p>\n<p style=\"text-align: justify;\"><strong> Son y\u0131llara damgas\u0131n\u0131 vuran tarihi davalar\u0131n referandumu gibi olacak. <\/strong><\/p>\n<p style=\"text-align: justify;\">*<\/p>\n<p style=\"text-align: justify;\">Gazeteci Mustafa Balbay&#8230;<\/p>\n<p style=\"text-align: justify;\">Ergenekon\u2019dan tutuklu.<\/p>\n<p style=\"text-align: justify;\">CHP\u2019den milletvekili aday\u0131.<!--more--><\/p>\n<p style=\"text-align: justify;\">*<\/p>\n<p style=\"text-align: justify;\">\u0130\u015fadam\u0131 Sinan Ayg\u00fcn&#8230;<\/p>\n<p style=\"text-align: justify;\">Ergenekon\u2019dan girdi, \u00e7\u0131kt\u0131.<\/p>\n<p style=\"text-align: justify;\">Tutuksuz yarg\u0131lan\u0131yor.<\/p>\n<p style=\"text-align: justify;\">CHP\u2019den milletvekili aday\u0131.<\/p>\n<p style=\"text-align: justify;\">*<\/p>\n<p style=\"text-align: justify;\">Savc\u0131 \u0130lhan Cihaner&#8230;<\/p>\n<p style=\"text-align: justify;\">Ergenekon\u2019dan girdi, \u00e7\u0131kt\u0131.<\/p>\n<p style=\"text-align: justify;\">Tutuksuz yarg\u0131lan\u0131yor.<\/p>\n<p style=\"text-align: justify;\">CHP\u2019den milletvekili aday\u0131.<\/p>\n<p style=\"text-align: justify;\">*<\/p>\n<p style=\"text-align: justify;\">Korgeneral Engin Alan&#8230;<\/p>\n<p style=\"text-align: justify;\">Balyoz\u2019dan tutuklu.<\/p>\n<p style=\"text-align: justify;\">MHP\u2019den milletvekili aday aday\u0131.<\/p>\n<p style=\"text-align: justify;\">*<\/p>\n<p style=\"text-align: justify;\">H\u00e2kim Osman Ka\u00e7maz&#8230;<\/p>\n<p style=\"text-align: justify;\">Cumhurba\u015fkan\u0131\u2019n\u0131n ve Ba\u015fbakan\u2019\u0131n<\/p>\n<p style=\"text-align: justify;\">yarg\u0131lanmas\u0131n\u0131 talep etti\u011fi i\u00e7in,<\/p>\n<p style=\"text-align: justify;\">meslekten ihra\u00e7 etmeye kalkt\u0131lar.<\/p>\n<p style=\"text-align: justify;\">MHP\u2019den milletvekili aday aday\u0131.<\/p>\n<p style=\"text-align: justify;\">*<\/p>\n<p style=\"text-align: justify;\">Gazeteci Tuncay \u00d6zkan&#8230;<\/p>\n<p style=\"text-align: justify;\">Ergenekon\u2019dan tutuklu.<\/p>\n<p style=\"text-align: justify;\">Ba\u011f\u0131ms\u0131z aday olacak.<\/p>\n<p style=\"text-align: justify;\">*<\/p>\n<p style=\"text-align: justify;\">Polis Hanefi Avc\u0131&#8230;<\/p>\n<p style=\"text-align: justify;\">Devrimci Kararg\u00e2h\u2019tan tutuklu.<\/p>\n<p style=\"text-align: justify;\">Partisi belirsiz, kesin aday aday\u0131.<\/p>\n<p style=\"text-align: justify;\">*<\/p>\n<p style=\"text-align: justify;\">Kandil\u2019den gelenler&#8230;<\/p>\n<p style=\"text-align: justify;\">KCK davas\u0131ndan tutuklu.<\/p>\n<p style=\"text-align: justify;\">BDP\u2019den milletvekili aday aday\u0131.<\/p>\n<p style=\"text-align: justify;\">*<\/p>\n<p style=\"text-align: justify;\">E Deniz Fenercilerin ba\u015f\u0131 kel mi?<\/p>\n<p style=\"text-align: justify;\">AKP\u2019den aday olsunlar.<\/p>\n<p style=\"text-align: justify;\"><a href=\"http:\/\/www.hurriyet.com.tr\/yazarlar\/17290818.asp?yazarid=249&amp;gid=61\" target=\"_blank\"><span style=\"color: #888888;\">Y\u0131lmaz \u00d6ZD\u0130L &#8211; H\u00fcrriyet GAZETES\u0130<\/span><\/a><\/p>\n","protected":false},"excerpt":{"rendered":"<p class=\"wp-caption-text\">Y\u0131lmaz \u00d6ZD\u0130L<\/p>\n<p style=\"text-align: justify;\">G\u00f6r\u00fcnen o ki&#8230;<\/p>\n<p style=\"text-align: justify;\"> Son y\u0131llara damgas\u0131n\u0131 vuran tarihi davalar\u0131n referandumu gibi olacak. <\/p>\n<p style=\"text-align: justify;\">*<\/p>\n<p style=\"text-align: justify;\">Gazeteci Mustafa Balbay&#8230;<\/p>\n<p style=\"text-align: justify;\">Ergenekon\u2019dan tutuklu.<\/p>\n<p style=\"text-align: justify;\">CHP\u2019den milletvekili aday\u0131.<\/p>\n","protected":false},"author":1,"featured_media":0,"comment_status":"open","ping_status":"closed","sticky":false,"template":"","format":"standard","meta":{"footnotes":""},"categories":[105],"tags":[],"class_list":["post-29435","post","type-post","status-publish","format-standard","hentry","category-gundem","odd"],"_links":{"self":[{"href":"http:\/\/www.korhanyilmaz.com\/index.php?rest_route=\/wp\/v2\/posts\/29435","targetHints":{"allow":["GET"]}}],"collection":[{"href":"http:\/\/www.korhanyilmaz.com\/index.php?rest_route=\/wp\/v2\/posts"}],"about":[{"href":"http:\/\/www.korhanyilmaz.com\/index.php?rest_route=\/wp\/v2\/types\/post"}],"author":[{"embeddable":true,"href":"http:\/\/www.korhanyilmaz.com\/index.php?rest_route=\/wp\/v2\/users\/1"}],"replies":[{"embeddable":true,"href":"http:\/\/www.korhanyilmaz.com\/index.php?rest_route=%2Fwp%2Fv2%2Fcomments&post=29435"}],"version-history":[{"count":0,"href":"http:\/\/www.korhanyilmaz.com\/index.php?rest_route=\/wp\/v2\/posts\/29435\/revisions"}],"wp:attachment":[{"href":"http:\/\/www.korhanyilmaz.com\/index.php?rest_route=%2Fwp%2Fv2%2Fmedia&parent=29435"}],"wp:term":[{"taxonomy":"category","embeddable":true,"href":"http:\/\/www.korhanyilmaz.com\/index.php?rest_route=%2Fwp%2Fv2%2Fcategories&post=29435"},{"taxonomy":"post_tag","embeddable":true,"href":"http:\/\/www.korhanyilmaz.com\/index.php?rest_route=%2Fwp%2Fv2%2Ftags&post=29435"}],"curies":[{"name":"wp","href":"https:\/\/api.w.org\/{rel}","templated":true}]}}