{"id":29419,"date":"2011-03-16T22:32:59","date_gmt":"2011-03-16T20:32:59","guid":{"rendered":"http:\/\/www.korhanyilmaz.com\/?p=29419"},"modified":"2011-03-16T22:32:59","modified_gmt":"2011-03-16T20:32:59","slug":"savci-hapis-istedi","status":"publish","type":"post","link":"http:\/\/www.korhanyilmaz.com\/?p=29419","title":{"rendered":"Savc\u0131 hapis istedi"},"content":{"rendered":"<p style=\"text-align: justify;\"><a href=\"http:\/\/www.korhanyilmaz.com\/wp-content\/uploads\/2011\/03\/3061.jpg\"  class=\"lightview\"><img loading=\"lazy\" decoding=\"async\" class=\"aligncenter size-full wp-image-29423\" src=\"http:\/\/www.korhanyilmaz.com\/wp-content\/uploads\/2011\/03\/3061.jpg\" alt=\"\" width=\"398\" height=\"185\" \/><\/a><\/p>\n<p style=\"text-align: justify;\"><strong>\u0130ktidar yanda\u015fl\u0131\u011f\u0131n\u0131n TRT\u2019ye faturas\u0131 a\u011f\u0131r oldu<\/strong><\/p>\n<p style=\"text-align: justify;\">Anayasa referandumunda, ekranlar\u0131 \u201cEvet\u201d\u00e7ilere teslim eden y\u00f6neticilerin yarg\u0131lanmas\u0131na ba\u015fland\u0131.<\/p>\n<p style=\"text-align: justify;\"><strong>G\u00f6revi k\u00f6t\u00fcye kulland\u0131lar<\/strong><\/p>\n<p style=\"text-align: justify;\">TRT1 Koordinat\u00f6r\u00fc B\u00fclent Ata, TRT Haber Koordinat\u00f6r\u00fc Ali Ahmet B\u00f6ken ve TRT 6 Koordinat\u00f6r\u00fc Fethullah K\u0131r\u015fan\u2019\u0131n \u201chalk oylamas\u0131 s\u00fcrecindeki yay\u0131nlarda g\u00f6revlerini k\u00f6t\u00fcye kulland\u0131klar\u0131\u201d gerek\u00e7esiyle 6\u2019\u015far aydan 2\u2019\u015fer y\u0131la kadar hapis cezas\u0131na \u00e7arpt\u0131r\u0131lmas\u0131 istendi.<!--more--><\/p>\n<p style=\"text-align: justify;\"><strong>Taraf tutan yay\u0131n yapt\u0131lar<\/strong><\/p>\n<p style=\"text-align: justify;\">Cumhuriyet Savc\u0131s\u0131 Ayka\u00e7, san\u0131klar\u0131n \u201cTRT\u2019nin tek y\u00f6nl\u00fc, taraf tutan yay\u0131n yapmamas\u0131n\u0131 ve bir siyasi partinin, grubun, \u00e7\u0131kar \u00e7evresinin, inan\u00e7 veya d\u00fc\u015f\u00fcncenin menfaatlerine alet olmamas\u0131n\u0131\u201d d\u00fczenleyen yasaya ayk\u0131r\u0131 davrand\u0131klar\u0131n\u0131 savundu. Duru\u015fma ertelendi.<\/p>\n<p style=\"text-align: justify;\"><strong>TRT\u2019cilere 2\u2019\u015fer y\u0131l hapis<\/strong><\/p>\n<p style=\"text-align: justify;\">Referandum s\u00fcrecindeki yay\u0131nlarda, anayasa de\u011fi\u015fikli\u011finin lehindeki g\u00f6r\u00fc\u015flere yer vererek g\u00f6revlerini k\u00f6t\u00fcye kulland\u0131klar\u0131 \u00f6ne s\u00fcr\u00fclen TRT\u2019nin 3 y\u00f6neticisi hakk\u0131nda 2\u2019\u015fer y\u0131la kadar hapis cezas\u0131 istendi<\/p>\n<p style=\"text-align: justify;\">Referandum s\u00fcrecisinde anayasa de\u011fi\u015fikli\u011fi lehindeki g\u00f6r\u00fc\u015fleri ekrana getiren TRT\u2019cilere \u2019yanda\u015f\u2019cezas\u0131. TRT 1 Koordinat\u00f6r\u00fc B\u00fclent Ata, TRT Haber Koordinat\u00f6r\u00fc Ali Ahmet B\u00f6ken ve TRT 6 Koordinat\u00f6r\u00fc Fethullah K\u0131r\u015fan\u2019\u0131n \u201chalk oylamas\u0131 s\u00fcrecindeki yay\u0131nlarda a\u011f\u0131rl\u0131kl\u0131 olarak anayasa de\u011fi\u015fikli\u011finin lehindeki g\u00f6r\u00fc\u015flere yer vererek g\u00f6revlerini k\u00f6t\u00fcye kulland\u0131klar\u0131\u201d gerek\u00e7esiyle 6\u2019\u015far aydan 2\u2019\u015fer y\u0131la kadar hapis cezas\u0131na \u00e7arpt\u0131r\u0131lmas\u0131 istendi. Ata, B\u00f6ken ve K\u0131r\u015fan\u2019\u0131n yarg\u0131lanmas\u0131na Ankara 9. Asliye Ceza Mahkemesinde devam edildi.<\/p>\n<p style=\"text-align: justify;\"><strong>CHP zarar g\u00f6rmedi<\/strong><\/p>\n<p style=\"text-align: justify;\">Duru\u015fmaya, san\u0131k avukatlar\u0131 ile iddianamede m\u00fc\u015fteki olarak yer alan CHP\u2019nin avukat\u0131 F\u0131rat Meng\u00fc kat\u0131ld\u0131. Meng\u00fc, CHP ad\u0131na davaya kat\u0131lma talebinde bulundu. Ancak Hakim Ali Alt\u0131nkaya, CHP\u2019nin talebini reddetti. Alt\u0131nkaya, buna ili\u015fkin ara karar\u0131nda, davan\u0131n 12 Eyl\u00fcl 2010\u2019daki halk oylamas\u0131yla ilgili oldu\u011funa dikkati \u00e7ekerek, halk oylamas\u0131nda partilere oy verilmedi\u011fini ifade etti. Bu oylar\u0131n partilere g\u00f6re kesin tasnifinin yap\u0131lamayaca\u011f\u0131n\u0131 kaydeden Alt\u0131nkaya, \u201cdolay\u0131s\u0131yla iddianamede m\u00fc\u015fteki olarak yer alan CHP ile CHP\u2019li Ali \u0130hsan K\u00f6kt\u00fcrk\u2019\u00fcn bu anlamda zarar\u0131ndan bahsedilemeyece\u011fini\u201d belirtti.<\/p>\n<p style=\"text-align: justify;\"><strong>Tek y\u00f6nl\u00fc yay\u0131n yap\u0131ld\u0131<\/strong><\/p>\n<p style=\"text-align: justify;\">Daha sonra, Cumhuriyet Savc\u0131s\u0131 Hasan Ayka\u00e7, esas hakk\u0131ndaki g\u00f6r\u00fc\u015f\u00fcn\u00fc sundu. Savc\u0131 Ayka\u00e7, san\u0131klar\u0131n yay\u0131nlar\u0131ndan sorumlu olduklar\u0131 televizyon kanallar\u0131yla T\u00fcrkiye Radyo ve Televizyon Kanunu\u2019nun \u201cTRT\u2019nin tek y\u00f6nl\u00fc, taraf tutan yay\u0131n yapmamas\u0131n\u0131 ve bir siyasi partinin, grubun, \u00e7\u0131kar \u00e7evresinin, inan\u00e7 veya d\u00fc\u015f\u00fcncenin menfaatlerine alet olmamas\u0131n\u0131\u201d d\u00fczenleyen 5\u2019inci, Radyo ve Televizyonlar\u0131n Kurulu\u015f ve Yay\u0131nlar\u0131 Hakk\u0131ndaki Kanun\u2019un \u201cyay\u0131n ilkelerini\u201d d\u00fczenleyen 4\u2019\u00fcnc\u00fc ve Y\u00fcksek Se\u00e7im Kurulunun (YSK) \u201cradyo ve televizyonlar\u0131n anayasa de\u011fi\u015fikli\u011fiyle ilgili olarak tek y\u00f6nl\u00fc, taraf tutan yay\u0131nlar yapamayacaklar\u0131na ve g\u00f6r\u00fc\u015fler aras\u0131nda f\u0131rsat e\u015fitli\u011fi sa\u011flayacaklar\u0131na ili\u015fkin\u201d 353 say\u0131l\u0131 karar\u0131na ayk\u0131r\u0131 yay\u0131n yapt\u0131klar\u0131n\u0131 savundu. San\u0131klar\u0131n bu suretle \u201cg\u00f6revi k\u00f6t\u00fcye kulland\u0131klar\u0131n\u0131\u201d ileri s\u00fcren Ayka\u00e7, san\u0131klar\u0131n 6\u2019\u015far aydan 2\u2019\u015fer y\u0131la kadar hapis cezas\u0131na \u00e7arpt\u0131r\u0131lmas\u0131n\u0131 istedi.<\/p>\n<p style=\"text-align: justify;\"><a href=\"http:\/\/www.yg.yenicaggazetesi.com.tr\/habergoster.php?haber=47490\" target=\"_blank\"><span style=\"color: #888888;\">Kaynak : Salim YAVA\u015eO\u011eLU &#8211; Yeni\u00e7a\u011f Gazetesi<\/span><\/a><\/p>\n","protected":false},"excerpt":{"rendered":"<p style=\"text-align: justify;\">\n<p style=\"text-align: justify;\">\u0130ktidar yanda\u015fl\u0131\u011f\u0131n\u0131n TRT\u2019ye faturas\u0131 a\u011f\u0131r oldu<\/p>\n<p style=\"text-align: justify;\">Anayasa referandumunda, ekranlar\u0131 \u201cEvet\u201d\u00e7ilere teslim eden y\u00f6neticilerin yarg\u0131lanmas\u0131na ba\u015fland\u0131.<\/p>\n<p style=\"text-align: justify;\">G\u00f6revi k\u00f6t\u00fcye kulland\u0131lar<\/p>\n<p style=\"text-align: justify;\">TRT1 Koordinat\u00f6r\u00fc B\u00fclent Ata, TRT Haber Koordinat\u00f6r\u00fc Ali Ahmet B\u00f6ken ve TRT 6 Koordinat\u00f6r\u00fc Fethullah K\u0131r\u015fan\u2019\u0131n \u201chalk oylamas\u0131 s\u00fcrecindeki yay\u0131nlarda g\u00f6revlerini k\u00f6t\u00fcye kulland\u0131klar\u0131\u201d gerek\u00e7esiyle 6\u2019\u015far aydan <\/p>\n","protected":false},"author":1,"featured_media":0,"comment_status":"open","ping_status":"closed","sticky":false,"template":"","format":"standard","meta":{"footnotes":""},"categories":[105],"tags":[],"class_list":["post-29419","post","type-post","status-publish","format-standard","hentry","category-gundem","odd"],"_links":{"self":[{"href":"http:\/\/www.korhanyilmaz.com\/index.php?rest_route=\/wp\/v2\/posts\/29419","targetHints":{"allow":["GET"]}}],"collection":[{"href":"http:\/\/www.korhanyilmaz.com\/index.php?rest_route=\/wp\/v2\/posts"}],"about":[{"href":"http:\/\/www.korhanyilmaz.com\/index.php?rest_route=\/wp\/v2\/types\/post"}],"author":[{"embeddable":true,"href":"http:\/\/www.korhanyilmaz.com\/index.php?rest_route=\/wp\/v2\/users\/1"}],"replies":[{"embeddable":true,"href":"http:\/\/www.korhanyilmaz.com\/index.php?rest_route=%2Fwp%2Fv2%2Fcomments&post=29419"}],"version-history":[{"count":0,"href":"http:\/\/www.korhanyilmaz.com\/index.php?rest_route=\/wp\/v2\/posts\/29419\/revisions"}],"wp:attachment":[{"href":"http:\/\/www.korhanyilmaz.com\/index.php?rest_route=%2Fwp%2Fv2%2Fmedia&parent=29419"}],"wp:term":[{"taxonomy":"category","embeddable":true,"href":"http:\/\/www.korhanyilmaz.com\/index.php?rest_route=%2Fwp%2Fv2%2Fcategories&post=29419"},{"taxonomy":"post_tag","embeddable":true,"href":"http:\/\/www.korhanyilmaz.com\/index.php?rest_route=%2Fwp%2Fv2%2Ftags&post=29419"}],"curies":[{"name":"wp","href":"https:\/\/api.w.org\/{rel}","templated":true}]}}