{"id":29410,"date":"2011-03-16T18:53:24","date_gmt":"2011-03-16T16:53:24","guid":{"rendered":"http:\/\/www.korhanyilmaz.com\/?p=29410"},"modified":"2011-03-16T18:53:24","modified_gmt":"2011-03-16T16:53:24","slug":"saldirinin-ardindan-ucmak-cikti","status":"publish","type":"post","link":"http:\/\/www.korhanyilmaz.com\/?p=29410","title":{"rendered":"Sald\u0131r\u0131n\u0131n ard\u0131ndan U\u00e7mak \u00e7\u0131kt\u0131"},"content":{"rendered":"<p style=\"text-align: center;\"><a href=\"http:\/\/www.korhanyilmaz.com\/wp-content\/uploads\/2011\/03\/304.jpg\"  class=\"lightview\"><img loading=\"lazy\" decoding=\"async\" class=\"aligncenter size-full wp-image-29411\" src=\"http:\/\/www.korhanyilmaz.com\/wp-content\/uploads\/2011\/03\/304.jpg\" alt=\"\" width=\"384\" height=\"198\" \/><\/a><\/p>\n<p style=\"text-align: justify;\">Tatl\u0131ses&#8217;e y\u00f6nelik silahl\u0131 sald\u0131r\u0131yla ilgili sis perdesi araland\u0131. Polis, su\u00e7 \u00f6rg\u00fct\u00fc lideri Abdullah U\u00e7mak&#8217;la 15 adam\u0131n\u0131 g\u00f6zalt\u0131na ald\u0131. U\u00e7mak, daha \u00f6nce de Tatl\u0131ses&#8217;e sald\u0131r\u0131 giri\u015fiminden yarg\u0131lanm\u0131\u015ft\u0131. Operasyonda sald\u0131r\u0131da kullan\u0131lan ara\u00e7 ve t\u00fcfek de bulundu.<\/p>\n<p style=\"text-align: justify;\">Sald\u0131r\u0131da yaralanan Damla Buket \u00c7ak\u0131c\u0131, olay an\u0131n\u0131 anlatt\u0131 ve sanat\u00e7\u0131n\u0131n bir sald\u0131r\u0131 beklemedi\u011fini s\u00f6yledi. Ancak menajeri Ey\u00fcp Kanat, iki hafta \u00f6nce de bir sald\u0131r\u0131 giri\u015fimi ya\u015fand\u0131\u011f\u0131n\u0131 iddia etti ve sanat\u00e7\u0131n\u0131n yak\u0131n zamanda kendisinden helallik istedi\u011fini s\u00f6yledi.<!--more--><\/p>\n<p style=\"text-align: justify;\">\u0130STANBUL- Sanat\u00e7\u0131 \u0130brahim Tatl\u0131ses&#8217;e y\u00f6nelik silahl\u0131 sald\u0131r\u0131da kullan\u0131lan otomobil bulunurken, 25 ayr\u0131 adrese d\u00fczenlenen operasyonlarda 15 ki\u015fi g\u00f6zalt\u0131na al\u0131nd\u0131.<\/p>\n<p style=\"text-align: justify;\">Tatl\u0131ses&#8217;in a\u011f\u0131r yaralanmas\u0131yla sonu\u00e7lanan sald\u0131r\u0131ya ili\u015fkin olarak \u00e7al\u0131\u015fmalar\u0131n\u0131 y\u00fcr\u00fcten polis ekipleri, kamera kay\u0131tlar\u0131ndan yola \u00e7\u0131k\u0131larak tespit edilen, sald\u0131rganlar\u0131n olayda kulland\u0131\u011f\u0131 otomobili Anadolu yakas\u0131nda ele ge\u00e7irdi. Yap\u0131lan ara\u015ft\u0131rmalar\u0131n ard\u0131ndan 25 ayr\u0131 adrese operasyon d\u00fczenleyen polis, olayla ilgili olarak 15 ki\u015fiyi g\u00f6zalt\u0131na ald\u0131.<\/p>\n<p style=\"text-align: justify;\">Polis ekipleri, olayda kullan\u0131lan Kala\u015fnikof marka otomatik t\u00fcfe\u011fi ele ge\u00e7irdi.<\/p>\n<p style=\"text-align: justify;\">\u00d6te yandan, sald\u0131r\u0131da kullan\u0131lan ve bug\u00fcn bulunan 34 BC 6696 plakal\u0131 ara\u00e7, \u00e7ekici vas\u0131tas\u0131yla emniyete getirildi. Olaydan \u00f6nce bir oto kiralama \u015firketinden kiraland\u0131\u011f\u0131 belirtilen ve otoparka \u00e7ekilen arac\u0131n incelemeye al\u0131naca\u011f\u0131 kaydedildi.<\/p>\n<p style=\"text-align: justify;\">Tatl\u0131ses&#8217;e y\u00f6nelik 1998&#8217;deki silahl\u0131 sald\u0131r\u0131 olay\u0131n\u0131n azmettiricisi olarak yarg\u0131land\u0131\u011f\u0131 davada ceza alan Abdullah U\u00e7mak&#8217;\u0131n da aralar\u0131nda bulundu\u011fu 15 \u015f\u00fcpheli, Vatan Caddesindeki \u0130stanbul Emniyet M\u00fcd\u00fcrl\u00fc\u011f\u00fc&#8217;ne g\u00f6t\u00fcr\u00fcl\u00fcyor.<\/p>\n<p style=\"text-align: justify;\">Polisin, sald\u0131r\u0131da kullan\u0131lan Kala\u015fnikof marka otomatik t\u00fcfe\u011fi arama \u00e7al\u0131\u015fmalar\u0131n\u0131 s\u00fcrd\u00fcrd\u00fc\u011f\u00fc bildirildi.<\/p>\n<p style=\"text-align: justify;\"><strong>HUSUMET 10 YIL \u00d6NCES\u0130NE DAYANIYOR<\/strong><\/p>\n<p style=\"text-align: justify;\">Eski \u0130stanbul Devlet G\u00fcvenlik Mahkemesi&#8217;nde yarg\u0131lan\u0131rken Tatl\u0131ses&#8217;in hasm\u0131 oldu\u011funu a\u00e7\u0131klayan U\u00e7mak, May\u0131s 2002 tarihinde tutuklu olarak \u00e7\u0131kar\u0131ld\u0131\u011f\u0131 duru\u015fmada &#8220;Tatl\u0131ses ile aram\u0131zda ge\u00e7mi\u015fe dayanan bir husumet var. Benden intikam almak i\u00e7in iftira at\u0131yor&#8221; demi\u015fti.<\/p>\n<p style=\"text-align: justify;\">Duru\u015fma bitiminde ise tehditler ya\u011fd\u0131ran U\u00e7mak, &#8220;\u0130brahim Tatl\u0131ses, seni i&#8230;. yapaca\u011f\u0131m. Kaz\u0131\u011fa oturtaca\u011f\u0131m. Sen g\u00f6r\u00fcrs\u00fcn p&#8230; Kar\u0131na kur\u015fun s\u0131kaca\u011f\u0131na bana kur\u015fun s\u0131k. Kar\u0131 gibi gelip de \u015fikayet\u00e7i olma. Mermiyi bana atacaks\u0131n ulan \u00e7akal&#8221; diye ba\u011f\u0131rm\u0131\u015ft\u0131.<\/p>\n<p style=\"text-align: justify;\">Yarg\u0131land\u0131\u011f\u0131 davada h\u00fck\u00fcm giyen Abdullah U\u00e7mak 6 ay \u00f6nce tahliye olmu\u015ftu. Tatl\u0131ses&#8217;ten tehditle para istedi\u011fi ileri s\u00fcr\u00fclen Abdullah U\u00e7mak, 3 adam\u0131 ile birlikte yarg\u0131land\u0131\u011f\u0131 davada hara\u00e7 istemedi\u011fini ileri s\u00fcrm\u00fc\u015ft\u00fc. U\u00e7mak, &#8220;Tatl\u0131ses daha \u00f6nce o\u011flu ve ye\u011fenine beni vurdurdu. \u0130ntikam almaya \u00e7al\u0131\u015f\u0131yor&#8221; dedi. Tatl\u0131ses ise U\u00e7mak&#8217;\u0131 telefonla arad\u0131\u011f\u0131n\u0131 belirterek, &#8220;Benden para istedi. Durumu k\u00f6t\u00fc oldu\u011fundan kan paras\u0131 olarak 25 milyar verdim. Bu son olayda telefonla bana &#8216;Bir hesab\u0131m\u0131z var. Vermezsen k\u00f6t\u00fc olur&#8217; dedi. \u015eikayet\u00e7iyim&#8221; \u015feklinde ifade vermi\u015fti.<\/p>\n<p style=\"text-align: justify;\"><strong>U\u00c7MAK&#8217;IN AVUKATI: OLAYLA ALAKASI YOK<\/strong><\/p>\n<p style=\"text-align: justify;\">\u0130brahim Tatl\u0131ses&#8217;e y\u00f6nelik silahl\u0131 sald\u0131r\u0131ya ili\u015fkin g\u00f6zalt\u0131na al\u0131nan Abdullah U\u00e7mak&#8217;\u0131n avukat\u0131 Ekrem Demirel, operasyondan \u00f6nce g\u00f6r\u00fc\u015ft\u00fc\u011f\u00fc m\u00fcvekkilinin kendisine olayla hi\u00e7bir ilgisi olmad\u0131\u011f\u0131n\u0131 s\u00f6yledi\u011fini bildirdi.<\/p>\n<p style=\"text-align: justify;\">Avukat Demirel, yapt\u0131\u011f\u0131 a\u00e7\u0131klamada, Vatan Caddesi&#8217;ndeki Organize Su\u00e7larla M\u00fccadele \u015eube M\u00fcd\u00fcrl\u00fc\u011f\u00fcne gitti\u011fini ve kendisine U\u00e7mak&#8217;\u0131n hen\u00fcz buraya getirilmedi\u011finin s\u00f6ylendi\u011fini aktard\u0131.<\/p>\n<p style=\"text-align: justify;\">Getirildi\u011finde m\u00fcvekkiliyle g\u00f6r\u00fc\u015fece\u011fini ifade eden Demirel, bu t\u00fcr sald\u0131r\u0131 olaylar\u0131n\u0131n ard\u0131ndan ma\u011fdurun eskiden husumeti bulunan ki\u015filerle ilgili polisin \u00e7al\u0131\u015fma yapmas\u0131n\u0131n normal oldu\u011funu, ancak hen\u00fcz bu konuyla ilgili fazla s\u00f6ylenecek bir \u015fey olmad\u0131\u011f\u0131n\u0131 kaydetti.<\/p>\n<p style=\"text-align: justify;\">U\u00e7mak&#8217;\u0131n, Tatl\u0131ses ile ilgili iki dosyas\u0131 bulundu\u011funu, bunlardan birinin kesinle\u015fti\u011fini, di\u011feriyle ilgili hukuki s\u00fcrecin devam etti\u011fini anlatan Demirel, &#8221;Operasyondan \u00f6nce kendisiyle g\u00f6r\u00fc\u015ft\u00fcm. Bana olayla hi\u00e7bir ilgisi olmad\u0131\u011f\u0131n\u0131 s\u00f6yledi. Olaya kar\u0131\u015fma, azmettirme, y\u00f6nlendirme gibi bir durumun s\u00f6z konusu olmad\u0131\u011f\u0131n\u0131 bildirdi&#8221; \u015feklinde konu\u015ftu.<\/p>\n<p style=\"text-align: justify;\">Avukat Demirel, Abdullah U\u00e7mak&#8217;\u0131n ge\u00e7en y\u0131l Eyl\u00fcl ay\u0131nda cezaevinden \u00e7\u0131kt\u0131\u011f\u0131n\u0131 hat\u0131rlatt\u0131.<\/p>\n<p style=\"text-align: justify;\"><a href=\"http:\/\/www.gazeteport.com.tr\/GUNCEL\/NEWS\/GP_870546\" target=\"_blank\">Kaynak : GAZETEPORT<\/a><\/p>\n","protected":false},"excerpt":{"rendered":"<p style=\"text-align: center;\">\n<p style=\"text-align: justify;\">Tatl\u0131ses&#8217;e y\u00f6nelik silahl\u0131 sald\u0131r\u0131yla ilgili sis perdesi araland\u0131. Polis, su\u00e7 \u00f6rg\u00fct\u00fc lideri Abdullah U\u00e7mak&#8217;la 15 adam\u0131n\u0131 g\u00f6zalt\u0131na ald\u0131. U\u00e7mak, daha \u00f6nce de Tatl\u0131ses&#8217;e sald\u0131r\u0131 giri\u015fiminden yarg\u0131lanm\u0131\u015ft\u0131. Operasyonda sald\u0131r\u0131da kullan\u0131lan ara\u00e7 ve t\u00fcfek de bulundu.<\/p>\n<p style=\"text-align: justify;\">Sald\u0131r\u0131da yaralanan Damla Buket \u00c7ak\u0131c\u0131, olay an\u0131n\u0131 anlatt\u0131 ve sanat\u00e7\u0131n\u0131n bir sald\u0131r\u0131 beklemedi\u011fini s\u00f6yledi. <\/p>\n","protected":false},"author":1,"featured_media":0,"comment_status":"open","ping_status":"closed","sticky":false,"template":"","format":"standard","meta":{"footnotes":""},"categories":[105],"tags":[],"class_list":["post-29410","post","type-post","status-publish","format-standard","hentry","category-gundem","odd"],"_links":{"self":[{"href":"http:\/\/www.korhanyilmaz.com\/index.php?rest_route=\/wp\/v2\/posts\/29410","targetHints":{"allow":["GET"]}}],"collection":[{"href":"http:\/\/www.korhanyilmaz.com\/index.php?rest_route=\/wp\/v2\/posts"}],"about":[{"href":"http:\/\/www.korhanyilmaz.com\/index.php?rest_route=\/wp\/v2\/types\/post"}],"author":[{"embeddable":true,"href":"http:\/\/www.korhanyilmaz.com\/index.php?rest_route=\/wp\/v2\/users\/1"}],"replies":[{"embeddable":true,"href":"http:\/\/www.korhanyilmaz.com\/index.php?rest_route=%2Fwp%2Fv2%2Fcomments&post=29410"}],"version-history":[{"count":0,"href":"http:\/\/www.korhanyilmaz.com\/index.php?rest_route=\/wp\/v2\/posts\/29410\/revisions"}],"wp:attachment":[{"href":"http:\/\/www.korhanyilmaz.com\/index.php?rest_route=%2Fwp%2Fv2%2Fmedia&parent=29410"}],"wp:term":[{"taxonomy":"category","embeddable":true,"href":"http:\/\/www.korhanyilmaz.com\/index.php?rest_route=%2Fwp%2Fv2%2Fcategories&post=29410"},{"taxonomy":"post_tag","embeddable":true,"href":"http:\/\/www.korhanyilmaz.com\/index.php?rest_route=%2Fwp%2Fv2%2Ftags&post=29410"}],"curies":[{"name":"wp","href":"https:\/\/api.w.org\/{rel}","templated":true}]}}