{"id":29406,"date":"2011-03-16T09:35:37","date_gmt":"2011-03-16T07:35:37","guid":{"rendered":"http:\/\/www.korhanyilmaz.com\/?p=29406"},"modified":"2011-03-16T09:35:37","modified_gmt":"2011-03-16T07:35:37","slug":"tatlisesten-iyi-haber","status":"publish","type":"post","link":"http:\/\/www.korhanyilmaz.com\/?p=29406","title":{"rendered":"Tatl\u0131ses&#8217;ten iyi haber"},"content":{"rendered":"<p style=\"text-align: justify;\"><a href=\"http:\/\/www.korhanyilmaz.com\/wp-content\/uploads\/2011\/03\/303.jpg\"  class=\"lightview\"><img loading=\"lazy\" decoding=\"async\" class=\"aligncenter size-full wp-image-29407\" src=\"http:\/\/www.korhanyilmaz.com\/wp-content\/uploads\/2011\/03\/303.jpg\" alt=\"\" width=\"300\" height=\"150\" \/><\/a><\/p>\n<p style=\"text-align: justify;\">Maslak Ac\u0131badem Hastanesi doktorlar\u0131 silahl\u0131 sald\u0131r\u0131ya u\u011frayan \u0130brahim Tatl\u0131ses&#8217;in solunum cihaz\u0131ndan ayr\u0131ld\u0131\u011f\u0131n\u0131 ve sa\u011fl\u0131k durumunun iyiye gitti\u011fini a\u00e7\u0131klad\u0131.<\/p>\n<p style=\"text-align: justify;\">Eski DYP \u015eanl\u0131urfa Milletvekili Sedat Edip Bucak\u2019\u0131n karde\u015fi Fatih Bucak ise daha \u00f6nce u\u011frad\u0131\u011f\u0131 silahl\u0131 sald\u0131r\u0131da kafas\u0131ndan vurulan Amerikal\u0131 kongre \u00fcyesi Gabrielle Giffords\u2019u ya\u015fama d\u00f6nd\u00fcren Dr. Michael Lemole\u2019la, Tatl\u0131ses\u2019e de yard\u0131m etmesi i\u00e7in ba\u011flant\u0131 kurulaca\u011f\u0131n\u0131 s\u00f6yledi. <!--more--><\/p>\n<p style=\"text-align: justify;\">Tatl\u0131ses&#8217;i ziyarete gelen eski doktoru Faruk \u00d6ncel \u00fcnl\u00fc sanat\u00e7\u0131n\u0131n sa\u011fl\u0131na tekrar kavu\u015ftu\u011funu belirterek &#8220;Konu\u015fmas\u0131nda ve \u015fark\u0131 s\u00f6ylemesinde sorun olamayacak&#8221; dedi.<\/p>\n<p style=\"text-align: justify;\">\u0130STANBUL- Maslak Ac\u0131badem Hastanesi Beyin ve Sinir Cerrahisi Uzman\u0131 Prof. Dr. \u0130lhan Elmac\u0131, u\u011frad\u0131\u011f\u0131 silahl\u0131 sald\u0131r\u0131 sonucu ba\u015f\u0131ndan a\u011f\u0131r yaralanan sanat\u00e7\u0131 \u0130brahim Tatl\u0131ses&#8217;in d\u00fcn gece itibariyle kendi ba\u015f\u0131na solunumunu s\u00fcrd\u00fcrebilir bir duruma geldi\u011fini ve solunum cihaz\u0131ndan tamamen ayr\u0131ld\u0131\u011f\u0131n\u0131 s\u00f6yledi.<\/p>\n<p style=\"text-align: justify;\">Prof. Dr. Elmac\u0131, hastane giri\u015finde bas\u0131n mensuplar\u0131na yapt\u0131\u011f\u0131 a\u00e7\u0131klamada, \u0130brahim Tatl\u0131ses&#8217;in bug\u00fcn itibariyle daha iyi bir durumda oldu\u011funu ifade etti.<\/p>\n<p style=\"text-align: justify;\">&#8221;D\u00fcn gece itibariyle kendi ba\u015f\u0131na solunumunu s\u00fcrd\u00fcrebilir bir duruma geldi, solunum cihazdan tamamen ayr\u0131ld\u0131&#8221; diyen Elmac\u0131, Tatl\u0131ses&#8217;in sa\u011fl\u0131k durumuna ili\u015fkin \u015fu bilgileri verdi:<\/p>\n<p style=\"text-align: justify;\">&#8221;Bizim vermi\u015f oldu\u011fumuz komutlar\u0131 alabiliyor. Sa\u011f kol ve baca\u011f\u0131n\u0131 bizim uyar\u0131lar\u0131m\u0131zla kald\u0131r\u0131yor, elimizi s\u0131k\u0131yor, bizimle konu\u015fabiliyor. Bu \u00f6nemli bir geli\u015fme bizim a\u00e7\u0131m\u0131zdan. Yo\u011fun bak\u0131mda tedavisi bir s\u00fcre daha devam edecek. Aileye de d\u00fcn ifade etti\u011fim gibi, i\u015fler iki ileri giderken bir geri gidebilir beyinle ilgili sorunlarda. Hen\u00fcz hayati riski tamamen ge\u00e7mi\u015f de\u011fildir. Bulundu\u011fumuz nokta \u00e7ok daha iyi ve sevindirici bir noktad\u0131r. Bu anlamda tedavisine devam edece\u011fiz.&#8221;<\/p>\n<p style=\"text-align: justify;\">Tatl\u0131ses&#8217;in v\u00fccudunun sol b\u00f6l\u00fcm\u00fcnde problemin devam etti\u011fini belirten Elmac\u0131, &#8221;Bug\u00fcn itibariyle bunu sorgulam\u0131yoruz. Kendisinden de b\u00f6yle bir istekte bulunmuyoruz. \u00c7\u00fcnk\u00fc bu kendisini strese sokabilecek bir \u015feydir. Dolay\u0131s\u0131yla biz sadece sa\u011f\u0131n \u00fcst\u00fcne gidiyoruz. \u0130leride bu yo\u011fun bak\u0131mdan \u00e7\u0131kt\u0131ktan sonra solu sorgulamaya ba\u015flayaca\u011f\u0131z. Ona d\u00f6n\u00fck ciddi bir fizyoterapi alacak. \u0130n\u015fallah onu da toparlayacak. Bize geldi\u011finde ameliyat\u0131 yapt\u0131\u011f\u0131m\u0131z saatlerde hayati tehlikesi y\u00fczde 80&#8217;lerdeyken \u015fimdi y\u00fczde 10&#8217;larda diyebiliriz. Biz kendisine &#8216;Nas\u0131ls\u0131n&#8217; dedi\u011fimizde, &#8216;\u0130yiyim&#8217; diyor. Ayr\u0131ca &#8216;Sa\u011f kolunuzu kald\u0131r\u0131n&#8217; dedi\u011fimizde kald\u0131r\u0131yor&#8221; dedi.<\/p>\n<p style=\"text-align: justify;\"><strong>&#8221;HAYAT\u0130 TEHL\u0130KES\u0130 Y\u00dcZDE 10&#8217;LARDA D\u0130YEB\u0130L\u0130R\u0130Z&#8221;<\/strong><\/p>\n<p style=\"text-align: justify;\">Elmac\u0131, u\u011frad\u0131\u011f\u0131 silahl\u0131 sald\u0131r\u0131 sonucu ba\u015f\u0131ndan a\u011f\u0131r yaralanan sanat\u00e7\u0131 \u0130brahim Tatl\u0131ses&#8217;in hayati tehlikesinin y\u00fczde 80&#8217;lerdeyken \u015fimdi y\u00fczde 10&#8217;larda oldu\u011funu belirtti.<\/p>\n<p style=\"text-align: justify;\">Elmac\u0131, hastane \u00f6n\u00fcnde yapt\u0131\u011f\u0131 a\u00e7\u0131klamada, \u0130brahim Tatl\u0131ses&#8217;in sol taraf\u0131ndaki problemin devam etti\u011fini, bug\u00fcn itibar\u0131yla onu sorgulamad\u0131klar\u0131n\u0131 vurgulayarak, kendisinden de b\u00f6yle bir istekte de bulunmad\u0131klar\u0131n\u0131 \u00e7\u00fcnk\u00fc bunun onu strese sokabilece\u011fini kaydetti.<\/p>\n<p style=\"text-align: justify;\">\u015eimdilik sadece sa\u011f taraf\u0131n\u0131n \u00fczerine gittiklerini ifade eden Elmac\u0131, ileride yo\u011fun bak\u0131mdan \u00e7\u0131kt\u0131ktan sonra solu sorgulamaya ba\u015flayacaklar\u0131n\u0131, sanat\u00e7\u0131n\u0131n ona d\u00f6n\u00fck ciddi bir fizyoterapi alaca\u011f\u0131n\u0131 belirtti. Elmac\u0131, &#8221;\u0130n\u015fallah o da toparlayacak diye d\u00fc\u015f\u00fcnebiliriz, bunu bilemiyorum&#8221; diye konu\u015ftu.<\/p>\n<p style=\"text-align: justify;\">Bir gazetecinin &#8221;Tatl\u0131ses&#8217;in hayati tehlikesi bitti mi? sorusu \u00fczerine Elmac\u0131 &#8221;Bize geldi\u011finde yani ameliyat\u0131 yapt\u0131\u011f\u0131m\u0131zda hayati tehlikesi y\u00fczde 80&#8217;lerdeyken herhalde \u015fimdi y\u00fczde 10&#8217;larda diyebiliriz&#8221; yan\u0131t\u0131n\u0131 verdi.<\/p>\n<p style=\"text-align: justify;\">Elmac\u0131, bir gazetecinin &#8221;Sesi duyulabiliyor mu?&#8221; sorusu \u00fczerine &#8216;Tabi tabi&#8221; yan\u0131t\u0131n\u0131 verdi. Tatl\u0131ses&#8217;in cihazdan ayr\u0131ld\u0131\u011f\u0131n\u0131, solunumunu kendi ba\u015f\u0131na s\u00fcrd\u00fcrebildi\u011fini anlatan Elmac\u0131, &#8221;Cihazdan ayr\u0131lmak yeni bir d\u00f6neme ge\u00e7mek, hem sistemik bulgular\u0131, tansiyonu, nabz\u0131 bak\u0131m\u0131ndan sorunlar \u00e7\u0131karabilecek \u015feyler. Onlarla m\u00fccadele ediyoruz. Bu yakalad\u0131\u011f\u0131m\u0131z iyilik halini devam ettirmeye \u00e7al\u0131\u015f\u0131yoruz, umar\u0131m devam ettirece\u011fiz&#8221; diye konu\u015ftu.<\/p>\n<p style=\"text-align: justify;\"><strong>\u00d6Z&#8217;\u00dcN KAYINI GEL\u0130YOR<\/strong><\/p>\n<p style=\"text-align: justify;\">Eski DYP \u015eanl\u0131urfa Milletvekili Sedat Edip Bucak\u2019\u0131n karde\u015fi Fatih Bucak, hem\u015fehrisi \u0130brahim Tatl\u0131ses\u2019i ziyareti sonras\u0131 hastanede bir a\u00e7\u0131klama yapt\u0131.<\/p>\n<p style=\"text-align: justify;\">Bucak, daha \u00f6nce u\u011frad\u0131\u011f\u0131 silahl\u0131 sald\u0131r\u0131da kafas\u0131ndan vurulan Amerikal\u0131 kongre \u00fcyesi Gabrielle Giffords\u2019u ya\u015fama d\u00f6nd\u00fcren Dr. Michael Lemole\u2019la Tatl\u0131ses\u2019e de yard\u0131m etmesi i\u00e7in ba\u011flant\u0131 kurulaca\u011f\u0131n\u0131 s\u00f6yledi.<\/p>\n<p style=\"text-align: justify;\">Mehmet \u00d6z\u2019\u00fcn 25 y\u0131ll\u0131k e\u015fi Lisa \u00d6z\u2019\u00fcn karde\u015fi de olan Lemole\u2019\u00fc \u0130stanbul\u2019a getirtebileceklerini belirten Bucak, \u201cBuradaki doktorlara sonsuz g\u00fcveniyoruz. \u0130n\u015fallah bir an \u00f6nce iyile\u015fip aram\u0131za d\u00f6ner \u0130brahim abi. Ama Michael Lemole\u2019\u00fcn de \u00e7ok faydal\u0131 olaca\u011f\u0131n\u0131 d\u00fc\u015f\u00fcn\u00fcyoruz. K\u0131z karde\u015fim Amerika\u2019da, hem o arac\u0131 oldu hem de Ankara\u2019dan Dr. Ali Kele\u015f&#8230; Sonu\u00e7ta o senat\u00f6r\u00fcn durumu, \u0130brahim abinin durumundan daha a\u011f\u0131rd\u0131 ve bu doktor onu tedavi etmeyi ba\u015fard\u0131. \u015eu an bekleme s\u00fcrecindeyiz. \u0130n\u015fallah gerek kalmaz\u201d dedi.<\/p>\n<p style=\"text-align: justify;\">Fatih Bucak, sald\u0131r\u0131y\u0131 kimin ya da kimlerin yapm\u0131\u015f olabilece\u011fi sorusuna ise \u015fu yan\u0131t\u0131 verdi: \u201c\u015eu an i\u00e7in \u015fu ya da bu demek m\u00fcmk\u00fcn de\u011fil. Benim g\u00f6r\u00fc\u015f\u00fcm\u00fc soracak olursan\u0131z, \u00f6rg\u00fct i\u015fi olamaz diye d\u00fc\u015f\u00fcn\u00fcyorum. \u00c7\u00fcnk\u00fc ideolojik su\u00e7lular, hi\u00e7bir zaman sanat\u00e7\u0131y\u0131 hedef almaz. Ge\u00e7mi\u015fe dayanan bir husumet mi, yoksa Irak\u2019taki i\u015f midir bilemiyorum. \u0130brahim abinin sevenleri kadar d\u00fc\u015fmanlar\u0131n\u0131n da olma ihtimali y\u00fcksek.\u201d<\/p>\n<p style=\"text-align: justify;\"><strong>&#8220;TATLISES&#8217;\u0130N \u015eUURU YER\u0130NDE, KEND\u0130S\u0130YLE ELDEN SELAMLA\u015eTIK&#8221;<\/strong><\/p>\n<p style=\"text-align: justify;\">AK Parti \u015eanl\u0131urfa Milletvekili Seydi Eyy\u00fcpo\u011flu, u\u011frad\u0131\u011f\u0131 silahl\u0131 sald\u0131r\u0131da a\u011f\u0131r \u015fekilde yaralanan sanat\u00e7\u0131 \u0130brahim Tatl\u0131ses&#8217;i ziyaret etti\u011fini belirterek, &#8221;Tatl\u0131ses&#8217;in \u015fuuru yerinde, kendisiyle konu\u015ftuk. Elden selamla\u015ft\u0131k&#8221; dedi.<\/p>\n<p style=\"text-align: justify;\">Eyy\u00fcpo\u011flu, Tatl\u0131ses&#8217;e yapt\u0131\u011f\u0131 ziyaretin ard\u0131ndan bas\u0131n mensuplar\u0131n\u0131n sorular\u0131n\u0131 yan\u0131tlad\u0131.<\/p>\n<p style=\"text-align: justify;\">Eyy\u00fcpo\u011flu, &#8221;\u0130\u00e7erideki ortam\u0131 tarif eder misiniz?&#8221; \u015feklindeki soruya \u015f\u00f6yle yan\u0131tlad\u0131:<\/p>\n<p style=\"text-align: justify;\">&#8221;Tatl\u0131ses&#8217;in \u015fuuru yerinde, kendisiyle konu\u015ftuk. Elden selamla\u015ft\u0131k. Biraz da uzak durdum. Biliyorsunuz bu gibi vakalarda enfeksiyon kapma konusunda \u00f6zen g\u00f6sterilmeli. Her \u015fey yerinde. Tatl\u0131ses&#8217;in son d\u00f6nemde i\u00e7inde hep siyaset vard\u0131. Say\u0131n Ba\u015fbakan\u0131m\u0131za da bir mesaj g\u00f6ndermi\u015fti. \u0130n\u015fallah onu Urfal\u0131lar, bizler, sevenleri milletvekili olarak g\u00f6rmek istiyoruz.&#8221;<\/p>\n<p style=\"text-align: justify;\">&#8221;AK Parti&#8217;den milletvekili olmas\u0131 y\u00f6n\u00fcnde bir s\u00f6ylenti vard\u0131. Ba\u015fvurusu olmu\u015f muydu?&#8221; \u015feklindeki soruya Eyy\u00fcpo\u011flu, &#8221;\u0130n\u015fallah olacak. Onu bekliyoruz. Zaten bu olay olmasayd\u0131 m\u00fcracaat ediyordu&#8221; dedi.<\/p>\n<p style=\"text-align: justify;\">\u00d6te yandan, hastane giri\u015finde bir polis arac\u0131n\u0131n n\u00f6bet tuttu\u011fu ve \u00e7ok say\u0131da \u00f6zel koruman\u0131n bulundu\u011fu g\u00f6r\u00fcld\u00fc.<\/p>\n<p style=\"text-align: justify;\"><strong>&#8220;\u015eARKI S\u00d6YLEYEB\u0130LECEK&#8221;<\/strong><\/p>\n<p style=\"text-align: justify;\">Akupunktur uzman\u0131 Faruk \u00d6ncel, silahl\u0131 sald\u0131r\u0131 sonucu yaralanarak Maslak Ac\u0131badem Hastanesi&#8217;nde yo\u011fun bak\u0131m \u00fcnitesinde tedavisi s\u00fcren \u0130brahim Tatl\u0131ses&#8217;i ziyaret etti.<\/p>\n<p style=\"text-align: justify;\">Hastane \u00e7\u0131k\u0131\u015f\u0131nda a\u00e7\u0131klama yapan \u00d6ncel, &#8220;Tatl\u0131eses yeniden sa\u011fl\u0131\u011f\u0131na kavu\u015fuyor. Bilinci a\u00e7\u0131k. Konu\u015fmas\u0131nda ve \u015fark\u0131 s\u00f6ylemesinde sorun olmayacak. Tam iyile\u015fti denemez. Enfekte olmas\u0131 \u00f6nleniyor. Gelecekte bu riskte s\u0131f\u0131ra inecektir. \u00d6n\u00fcm\u00fczdeki 24 saat i\u00e7inde yeni tetkikler yap\u0131lacak&#8221; diye konu\u015ftu.<\/p>\n<p style=\"text-align: justify;\">\u00d6ncel, heyecanlanmas\u0131 gereken Tatl\u0131ses&#8217;in, o\u011flu Ahmet Tatl\u0131 taraf\u0131ndan ailesiyle bile g\u00f6r\u00fc\u015ft\u00fcr\u00fclmedi\u011fini s\u00f6yledi. Gazetecilerin yurt d\u0131\u015f\u0131ndan doktor getirilip getirilmeyece\u011fi ile ilgili sorulara, doktor \u00d6ncel, &#8220;D\u00fcnyaya sa\u011fl\u0131k sat\u0131yoruz, doktor ihra\u00e7 ediyoruz. B\u00f6yle bir \u015fey s\u00f6z konusu de\u011fil.&#8221; diye konu\u015ftu.<\/p>\n<p style=\"text-align: justify;\"><a href=\"http:\/\/www.gazeteport.com.tr\/GUNCEL\/NEWS\/GP_870133\">Kaynak : GAZETEPORT<\/a><\/p>\n","protected":false},"excerpt":{"rendered":"<p style=\"text-align: justify;\">\n<p style=\"text-align: justify;\">Maslak Ac\u0131badem Hastanesi doktorlar\u0131 silahl\u0131 sald\u0131r\u0131ya u\u011frayan \u0130brahim Tatl\u0131ses&#8217;in solunum cihaz\u0131ndan ayr\u0131ld\u0131\u011f\u0131n\u0131 ve sa\u011fl\u0131k durumunun iyiye gitti\u011fini a\u00e7\u0131klad\u0131.<\/p>\n<p style=\"text-align: justify;\">Eski DYP \u015eanl\u0131urfa Milletvekili Sedat Edip Bucak\u2019\u0131n karde\u015fi Fatih Bucak ise daha \u00f6nce u\u011frad\u0131\u011f\u0131 silahl\u0131 sald\u0131r\u0131da kafas\u0131ndan vurulan Amerikal\u0131 kongre \u00fcyesi Gabrielle Giffords\u2019u ya\u015fama d\u00f6nd\u00fcren Dr. Michael Lemole\u2019la, Tatl\u0131ses\u2019e de <\/p>\n","protected":false},"author":1,"featured_media":0,"comment_status":"open","ping_status":"closed","sticky":false,"template":"","format":"standard","meta":{"footnotes":""},"categories":[105],"tags":[],"class_list":["post-29406","post","type-post","status-publish","format-standard","hentry","category-gundem","odd"],"_links":{"self":[{"href":"http:\/\/www.korhanyilmaz.com\/index.php?rest_route=\/wp\/v2\/posts\/29406","targetHints":{"allow":["GET"]}}],"collection":[{"href":"http:\/\/www.korhanyilmaz.com\/index.php?rest_route=\/wp\/v2\/posts"}],"about":[{"href":"http:\/\/www.korhanyilmaz.com\/index.php?rest_route=\/wp\/v2\/types\/post"}],"author":[{"embeddable":true,"href":"http:\/\/www.korhanyilmaz.com\/index.php?rest_route=\/wp\/v2\/users\/1"}],"replies":[{"embeddable":true,"href":"http:\/\/www.korhanyilmaz.com\/index.php?rest_route=%2Fwp%2Fv2%2Fcomments&post=29406"}],"version-history":[{"count":0,"href":"http:\/\/www.korhanyilmaz.com\/index.php?rest_route=\/wp\/v2\/posts\/29406\/revisions"}],"wp:attachment":[{"href":"http:\/\/www.korhanyilmaz.com\/index.php?rest_route=%2Fwp%2Fv2%2Fmedia&parent=29406"}],"wp:term":[{"taxonomy":"category","embeddable":true,"href":"http:\/\/www.korhanyilmaz.com\/index.php?rest_route=%2Fwp%2Fv2%2Fcategories&post=29406"},{"taxonomy":"post_tag","embeddable":true,"href":"http:\/\/www.korhanyilmaz.com\/index.php?rest_route=%2Fwp%2Fv2%2Ftags&post=29406"}],"curies":[{"name":"wp","href":"https:\/\/api.w.org\/{rel}","templated":true}]}}