{"id":29402,"date":"2011-03-16T08:11:07","date_gmt":"2011-03-16T06:11:07","guid":{"rendered":"http:\/\/www.korhanyilmaz.com\/?p=29402"},"modified":"2011-03-16T08:11:07","modified_gmt":"2011-03-16T06:11:07","slug":"emniyette-bocek-skandali","status":"publish","type":"post","link":"http:\/\/www.korhanyilmaz.com\/?p=29402","title":{"rendered":"Emniyette b\u00f6cek skandal\u0131"},"content":{"rendered":"<p style=\"text-align: justify;\"><a href=\"http:\/\/www.korhanyilmaz.com\/wp-content\/uploads\/2011\/03\/302.jpg\"  class=\"lightview\"><img loading=\"lazy\" decoding=\"async\" class=\"aligncenter size-full wp-image-29403\" src=\"http:\/\/www.korhanyilmaz.com\/wp-content\/uploads\/2011\/03\/302.jpg\" alt=\"\" width=\"336\" height=\"224\" \/><\/a><\/p>\n<p style=\"text-align: justify;\">Emniyet Genel M\u00fcd\u00fcrl\u00fc\u011f\u00fc&#8217;nde &#8216;dinleme cihaz\u0131&#8217; bulundu. Aktif haldeki cihaz\u0131n en az 2 y\u0131l \u00f6nce odaya yerle\u015ftirildi\u011fi san\u0131l\u0131yor.<\/p>\n<p style=\"text-align: justify;\">ANKARA &#8211;  Emniyet Genel M\u00fcd\u00fcrl\u00fc\u011f\u00fc&#8217;n\u00fcn ana hizmet binas\u0131ndaki bir odada, &#8216;b\u00f6cek&#8217; olarak bilinen &#8216;ortam dinleme cihaz\u0131&#8217; bulundu.<!--more--><\/p>\n<p style=\"text-align: justify;\"><strong>POLNET ARIZALANINCA&#8230;<\/strong><\/p>\n<p style=\"text-align: justify;\">B\u00f6cek skandal\u0131, Dikmen&#8217;deki binan\u0131n 4. kat\u0131nda yer alan Koruma Daire Ba\u015fkanl\u0131\u011f\u0131&#8217;na ait bir odada, bilgisayar ar\u0131zas\u0131yla patlak verdi. Daha \u00f6nce Ba\u015fkanl\u0131\u011fa ba\u011fl\u0131 bir \u015fube m\u00fcd\u00fcr\u00fcn\u00fcn makam\u0131 olan, m\u00fcd\u00fcr de\u011fi\u015ftikten sonra \u015fubeye ba\u011fl\u0131 polislere b\u00fcro olarak verilen odada, Emniyet&#8217;in kapal\u0131 devre bilgisayar a\u011f\u0131na (Polnet) ba\u011fl\u0131 bilgisayarlardan biri bozuldu. Bilgisayar sisteme ba\u011flanamay\u0131nca, memurlar ar\u0131zan\u0131n kablo hatt\u0131ndan kaynakland\u0131\u011f\u0131n\u0131 d\u00fc\u015f\u00fcnd\u00fc.<\/p>\n<p style=\"text-align: justify;\"><strong>KUTUYA &#8216;B\u00d6CEK&#8217; KA\u00c7MI\u015e<\/strong><\/p>\n<p style=\"text-align: justify;\">Ak\u015fam gazetesinin haberine g\u00f6re, Polnet ve internet hatlar\u0131n\u0131n ge\u00e7ti\u011fi kablo kutusunun kapa\u011f\u0131n\u0131 a\u00e7an polisler, ar\u0131za yerine kutu \u015feklinde ve anteni bulunan yabanc\u0131 bir cihazla kar\u015f\u0131la\u015ft\u0131. Kablo kutusunun i\u00e7ine gizlenmi\u015f aletin dinleme cihaz\u0131 olabilece\u011finden ku\u015fkulanan polisler, durumu hemen amirlerine bildirdi.<\/p>\n<p style=\"text-align: justify;\"><strong>P\u0130LLER\u0130 HALA DOLU<\/strong><\/p>\n<p style=\"text-align: justify;\">\u0130lk incelemede, d\u00fczene\u011fin iki pille \u00e7al\u0131\u015fan ve alg\u0131lad\u0131\u011f\u0131 sesleri radyo dalgalar\u0131yla uzaktaki bir al\u0131c\u0131ya ileten ortam dinleme cihaz\u0131 oldu\u011fu anla\u015f\u0131ld\u0131. Pilleri bulundu\u011funda dolu olan cihaz\u0131n, hala aktif oldu\u011fu saptand\u0131. Yakla\u015f\u0131k 250 metre menzilli radyo dalgalar\u0131 yayan b\u00f6ce\u011fin, g\u00f6nderdi\u011fi sinyalleri kaydeden al\u0131c\u0131 ise t\u00fcm aramalara ra\u011fmen bulunamad\u0131. Skandal bir tutanakla kay\u0131t alt\u0131na al\u0131nd\u0131. Emniyet Genel M\u00fcd\u00fcrl\u00fc\u011f\u00fc, idari soru\u015fturma ba\u015flatt\u0131. Emniyet, dinleme cihaz\u0131n\u0131n odaya kim ya da kimler taraf\u0131ndan yerle\u015ftirildi\u011fini soru\u015fturmak \u00fczere bir polis ba\u015fm\u00fcfetti\u015fi g\u00f6revlendirdi. Olay\u0131n m\u00fcfetti\u015f raporu do\u011frultusunda yarg\u0131ya intikal ettirilece\u011fi de \u00f6\u011frenildi.<\/p>\n<p style=\"text-align: justify;\"><strong>\u015e\u00dcPHEL\u0130LER DE POL\u0130S<\/strong><\/p>\n<p style=\"text-align: justify;\">Dinleme cihaz\u0131n\u0131n, daha \u00f6nce oday\u0131 makam odas\u0131 olarak kulanan  \u015fube m\u00fcd\u00fcr\u00fcn\u00fc dinlemek amac\u0131yla \u0130stihbarat ya da Ka\u00e7ak\u00e7\u0131l\u0131k ve Organize Su\u00e7larla M\u00fccadele (KOM) Daire Ba\u015fkanl\u0131\u011f\u0131 taraf\u0131ndan yerle\u015ftirildi\u011fi iddia ediliyor.<\/p>\n<p style=\"text-align: justify;\"><strong>NEDEN AKT\u0130F?<\/strong><\/p>\n<p style=\"text-align: justify;\">Kablo kutusuna en az iki y\u0131l \u00f6nce konuldu\u011fu tahmin edilen cihaz\u0131n aktif halde bulunmas\u0131, dinleme faaliyetinin, hedefteki \u015fube m\u00fcd\u00fcr\u00fcn\u00fcn ayr\u0131lmas\u0131ndan sonra da s\u00fcrd\u00fc\u011f\u00fc ihtimalini g\u00fc\u00e7lendirdi. Sadece hedefteki m\u00fcd\u00fcr de\u011fil, daha  sonra oday\u0131 kullanan polislerin de telekulak ma\u011fduru oldu\u011fu san\u0131l\u0131yor.<\/p>\n<p style=\"text-align: justify;\"><strong>\u00d6NLEMLER ARTMI\u015e<\/strong><\/p>\n<p style=\"text-align: justify;\">EMN\u0130YET ge\u00e7en ay telekulak ma\u011fduru olmamak i\u00e7in g\u00fcvenli telefon hatlar\u0131n\u0131 yenilemi\u015fti. \u0130\u00e7i\u015fleri Bakan\u0131, M\u00fcste\u015far\u0131, Emniyet Genel M\u00fcd\u00fcr\u00fc gibi 44 \u00fcst d\u00fczey ismin odalar\u0131na, g\u00fcvenli, kriptolu dahili telefonlar ba\u011flanm\u0131\u015ft\u0131.<\/p>\n<p style=\"text-align: justify;\"><a href=\"http:\/\/www.gazeteport.com.tr\/GUNCEL\/NEWS\/GP_870044\" target=\"_blank\">Kaynak : GAZETEPORT<\/a><\/p>\n","protected":false},"excerpt":{"rendered":"<p style=\"text-align: justify;\">\n<p style=\"text-align: justify;\">Emniyet Genel M\u00fcd\u00fcrl\u00fc\u011f\u00fc&#8217;nde &#8216;dinleme cihaz\u0131&#8217; bulundu. Aktif haldeki cihaz\u0131n en az 2 y\u0131l \u00f6nce odaya yerle\u015ftirildi\u011fi san\u0131l\u0131yor.<\/p>\n<p style=\"text-align: justify;\">ANKARA &#8211; Emniyet Genel M\u00fcd\u00fcrl\u00fc\u011f\u00fc&#8217;n\u00fcn ana hizmet binas\u0131ndaki bir odada, &#8216;b\u00f6cek&#8217; olarak bilinen &#8216;ortam dinleme cihaz\u0131&#8217; bulundu.<\/p>\n","protected":false},"author":1,"featured_media":0,"comment_status":"open","ping_status":"closed","sticky":false,"template":"","format":"standard","meta":{"footnotes":""},"categories":[105],"tags":[],"class_list":["post-29402","post","type-post","status-publish","format-standard","hentry","category-gundem","odd"],"_links":{"self":[{"href":"http:\/\/www.korhanyilmaz.com\/index.php?rest_route=\/wp\/v2\/posts\/29402","targetHints":{"allow":["GET"]}}],"collection":[{"href":"http:\/\/www.korhanyilmaz.com\/index.php?rest_route=\/wp\/v2\/posts"}],"about":[{"href":"http:\/\/www.korhanyilmaz.com\/index.php?rest_route=\/wp\/v2\/types\/post"}],"author":[{"embeddable":true,"href":"http:\/\/www.korhanyilmaz.com\/index.php?rest_route=\/wp\/v2\/users\/1"}],"replies":[{"embeddable":true,"href":"http:\/\/www.korhanyilmaz.com\/index.php?rest_route=%2Fwp%2Fv2%2Fcomments&post=29402"}],"version-history":[{"count":0,"href":"http:\/\/www.korhanyilmaz.com\/index.php?rest_route=\/wp\/v2\/posts\/29402\/revisions"}],"wp:attachment":[{"href":"http:\/\/www.korhanyilmaz.com\/index.php?rest_route=%2Fwp%2Fv2%2Fmedia&parent=29402"}],"wp:term":[{"taxonomy":"category","embeddable":true,"href":"http:\/\/www.korhanyilmaz.com\/index.php?rest_route=%2Fwp%2Fv2%2Fcategories&post=29402"},{"taxonomy":"post_tag","embeddable":true,"href":"http:\/\/www.korhanyilmaz.com\/index.php?rest_route=%2Fwp%2Fv2%2Ftags&post=29402"}],"curies":[{"name":"wp","href":"https:\/\/api.w.org\/{rel}","templated":true}]}}