{"id":29399,"date":"2011-03-16T10:53:43","date_gmt":"2011-03-16T08:53:43","guid":{"rendered":"http:\/\/www.korhanyilmaz.com\/?p=29399"},"modified":"2011-03-16T10:53:43","modified_gmt":"2011-03-16T08:53:43","slug":"rusvet-degil-rica","status":"publish","type":"post","link":"http:\/\/www.korhanyilmaz.com\/?p=29399","title":{"rendered":"R\u00fc\u015fvet de\u011fil, rica!"},"content":{"rendered":"<p style=\"text-align: justify;\"><a href=\"http:\/\/www.korhanyilmaz.com\/wp-content\/uploads\/2011\/03\/301.jpg\"  class=\"lightview\"><img loading=\"lazy\" decoding=\"async\" class=\"aligncenter size-full wp-image-29400\" src=\"http:\/\/www.korhanyilmaz.com\/wp-content\/uploads\/2011\/03\/301.jpg\" alt=\"\" width=\"414\" height=\"220\" \/><\/a><\/p>\n<p style=\"text-align: justify;\">&#8220;Y\u00fcksek yarg\u0131da r\u00fc\u015fvet&#8221; davas\u0131n\u0131n san\u0131klar\u0131ndan Avukat Necdet Ok\u00e7u, D\u00fcnya Ticaret Merkezi&#8217;nin Yarg\u0131tay&#8217;daki davalar\u0131yla ilgili r\u00fc\u015fvet vermedi\u011fini, sadece dosyalar\u0131 dikkatli okunmalar\u0131 i\u00e7in kimi Yarg\u0131tay mensuplar\u0131na ricada bulundu\u011funu s\u00f6yledi.<\/p>\n<p style=\"text-align: justify;\">ANKARA &#8211; Y\u00fcksek yarg\u0131daki r\u00fc\u015fvet iddialar\u0131 kapsam\u0131nda, \u0130stanbul Ticaret Odas\u0131 (\u0130TO) Ba\u015fkan\u0131 Murat Yal\u00e7\u0131nta\u015f&#8217;\u0131n da aralar\u0131nda bulundu\u011fu 58 san\u0131\u011f\u0131n yarg\u0131lanmas\u0131na Ankara 9. A\u011f\u0131r Ceza Mahkemesinde ba\u015fland\u0131. <!--more--><\/p>\n<p style=\"text-align: justify;\">Y\u00fcksek yarg\u0131daki r\u00fc\u015fvet iddialar\u0131 kapsam\u0131nda g\u00f6r\u00fclen davan\u0131n san\u0131klar\u0131ndan avukat Necdet Ok\u00e7u, &#8221;r\u00fc\u015fvet verdi\u011fi iddias\u0131n\u0131n, hayal \u00fcr\u00fcn\u00fc ve ger\u00e7ek d\u0131\u015f\u0131 oldu\u011funu&#8221; savundu.<\/p>\n<p style=\"text-align: justify;\">Ankara 9. A\u011f\u0131r Ceza Mahkemesinde g\u00f6r\u00fclmeye ba\u015flanan davan\u0131n ilk duru\u015fmas\u0131na, tutuklu san\u0131klar ile tutuksuz san\u0131klardan baz\u0131lar\u0131 ve avukatlar\u0131 kat\u0131ld\u0131. San\u0131klardan \u0130stanbul Ticaret Odas\u0131 (\u0130TO) Ba\u015fkan\u0131 Murat Yal\u00e7\u0131nta\u015f ilk celse haz\u0131r bulunmad\u0131. Mahkeme Ba\u015fkan\u0131 \u0130brahim Kozan, duru\u015fman\u0131n ba\u015f\u0131nda, davan\u0131n iddianamesini k\u0131saca \u00f6zetleyerek okudu.<\/p>\n<p style=\"text-align: justify;\"><strong>&#8220;DEL\u0130LLER YOK H\u00dcKM\u00dcNDE&#8221;<\/strong><\/p>\n<p style=\"text-align: justify;\">\u0130TO Ba\u015fkan\u0131 Yal\u00e7\u0131nta\u015f&#8217;\u0131n avukat\u0131 Cavit \u00d6zt\u00fcrk, iddianamede teknik takip ve ileti\u015fimin dinlenmesine ili\u015fkin kararlar\u0131n hukuka ayk\u0131r\u0131 \u015fekilde al\u0131nd\u0131klar\u0131n\u0131 savunarak, bu nedenle s\u00f6z konusu delillerin yok h\u00fckm\u00fcnde say\u0131lmalar\u0131n\u0131 talep etti.<\/p>\n<p style=\"text-align: justify;\">Duru\u015fmada ilk olarak san\u0131k Avukat Necdet Ok\u00e7u savunmas\u0131n\u0131 yapt\u0131. Ok\u00e7u, mesle\u011finde 36 y\u0131l\u0131 doldurdu\u011funu belirterek, g\u00f6revi nedeniyle birlikte yarg\u0131land\u0131\u011f\u0131 Yarg\u0131tay \u00e7al\u0131\u015fanlar\u0131n\u0131 tan\u0131d\u0131\u011f\u0131n\u0131, ama bu ki\u015filerin soyadlar\u0131n\u0131 dahi bilmedi\u011fini s\u00f6yledi.<\/p>\n<p style=\"text-align: justify;\">Su\u00e7 i\u015flemek amac\u0131yla \u00f6rg\u00fct kurmad\u0131\u011f\u0131n\u0131 savunan Ok\u00e7u, &#8221;\u00d6rg\u00fct ad\u0131na bir faaliyetim tespit edilmi\u015f de\u011fildir. Hi\u00e7 kimseye g\u00f6rev vermi\u015f de\u011filim. \u0130ddianamede yer verilmeyen ki\u015filerle yapt\u0131\u011f\u0131m g\u00f6r\u00fc\u015fmeler, delil olarak iddianameye konulmu\u015ftur&#8221; dedi. Yarg\u0131tay \u00e7al\u0131\u015fanlar\u0131yla da murafaas\u0131 (duru\u015fma) biten dosyalarla ilgili bilgi almak amac\u0131yla telefonda g\u00f6r\u00fc\u015ft\u00fc\u011f\u00fcn\u00fc kaydeden Ok\u00e7u, iddianamede, bu konu\u015fmalar\u0131n su\u00e7 unsuruymu\u015f gibi lanse edildiklerini belirtti. \u00c7al\u0131\u015fanlardan zaman zaman Yarg\u0131tay kararlar\u0131n\u0131n suretlerini istedi\u011fini ifade eden Ok\u00e7u, ancak bundan \u00e7\u0131kar sa\u011flamad\u0131\u011f\u0131n\u0131 ileri s\u00fcrd\u00fc.<\/p>\n<p style=\"text-align: justify;\"><strong>&#8220;CNR&#8217;IN DOSYALARINI \u0130NCELED\u0130M&#8221;<\/strong><\/p>\n<p style=\"text-align: justify;\">\u0130ddianamedeki b\u00fct\u00fcn su\u00e7lamalar\u0131n sadece 4 avukat b\u00fcrosuyla ilgili oldu\u011funu kaydeden Ok\u00e7u, &#8221;\u00d6rg\u00fct iddias\u0131, sadece bizim tutuklanmam\u0131z i\u00e7in kullan\u0131lan bir su\u00e7lama&#8221; diye konu\u015ftu. \u0130stanbul D\u00fcnya Ticaret Merkezi&#8217;nin (\u0130DTM), Yarg\u0131tayda bekleyen iki dosyas\u0131 bulundu\u011funu belirten Ok\u00e7u, merkez yetkililerinden bu dosyalar\u0131n numaralar\u0131n\u0131 ald\u0131\u011f\u0131n\u0131 ve Yarg\u0131tay 6. Hukuk Dairesinde olan bu dosyalar\u0131 inceledi\u011fini s\u00f6yledi.<\/p>\n<p style=\"text-align: justify;\"><strong>&#8220;250 B\u0130N L\u0130RA ALDIM&#8221;<\/strong><\/p>\n<p style=\"text-align: justify;\">Bu dosyalar\u0131n ikisinin de tahliye davalar\u0131 oldu\u011funu ifade eden Ok\u00e7u, yerel mahkemelerce bunlardan birinin kabul, di\u011ferinin ise reddedildi\u011fini; kendisinden, kabul edilen dosyan\u0131n onanmas\u0131, reddedilen dosyan\u0131n ise karar d\u00fczeltme ba\u015fvurusunun yap\u0131lmas\u0131 konusunda hukuki yard\u0131m istendi\u011fini aktard\u0131. Bu dosyalarla ilgilenmesi kar\u015f\u0131l\u0131\u011f\u0131nda 250 bin lira ald\u0131\u011f\u0131n\u0131 belirten Ok\u00e7u, karar d\u00fczeltme taleplerinin reddedildi\u011fini, onama karar\u0131 verilen di\u011fer dosyayla ilgili olarak ise davan\u0131n di\u011fer taraf\u0131 CNR Fuarc\u0131l\u0131k firmas\u0131n\u0131n karar d\u00fczeltme talebinin kabul edilerek, bozma karar\u0131 \u00e7\u0131kt\u0131\u011f\u0131n\u0131 an\u0131msatt\u0131.<\/p>\n<p style=\"text-align: justify;\">Ok\u00e7u, karar\u0131n aleyhlerine \u00e7\u0131kmas\u0131n\u0131n ard\u0131ndan, \u0130DTM yetkililerinin, kendisine verdi\u011fi 250 bin liray\u0131 geri istediklerini ve bunun \u00fczerine 180 bin liray\u0131 iade etti\u011fini anlatt\u0131. &#8221;S\u00f6z konusu dava dosyalar\u0131n\u0131n dikkatli okunmalar\u0131 i\u00e7in kimi Yarg\u0131tay mensuplar\u0131na ricada bulundu\u011funu&#8221; kaydeden Ok\u00e7u, &#8221;r\u00fc\u015fvet verdi\u011fi iddias\u0131n\u0131n, hayal \u00fcr\u00fcn\u00fc ve ger\u00e7ek d\u0131\u015f\u0131 oldu\u011funu&#8221; ileri s\u00fcrd\u00fc.<\/p>\n<p style=\"text-align: justify;\">Ok\u00e7u, ba\u015fka bir dava dosyas\u0131na hukuki g\u00f6r\u00fc\u015f haz\u0131rlamas\u0131 i\u00e7in eski Yarg\u0131tay 12. Hukuk Dairesi Ba\u015fkan\u0131 Mustafa Oskay&#8217;a 5 bin lira verdi\u011fini de s\u00f6yledi.<\/p>\n<p style=\"text-align: justify;\"><strong>&#8220;SADECE B\u0130R K\u0130\u015e\u0130Y\u0130 TANIYORUM&#8221;<\/strong><\/p>\n<p style=\"text-align: justify;\">Eski Yarg\u0131tay 12. Hukuk Dairesi Ba\u015fkan\u0131 Mustafa Oskay ise \u00fczerine at\u0131l\u0131 su\u00e7lamalar\u0131 reddetti. \u0130ddianamede, &#8221;\u00f6rg\u00fct kurucusu&#8221; oldu\u011fu iddia edilen 6 san\u0131ktan biri oldu\u011funu an\u0131msatan Oskay, &#8221;\u00d6rg\u00fct kurucusu oldu\u011fu ileri s\u00fcr\u00fclen ki\u015filerden Necdet Ok\u00e7u d\u0131\u015f\u0131ndakileri tan\u0131mam&#8221; dedi.<\/p>\n<p style=\"text-align: justify;\">Oskay&#8217;a tek tek iddianamede ad\u0131n\u0131n ge\u00e7ti\u011fi olaylar y\u00f6neltildi. Oskay, bu iddialara kar\u015f\u0131 ayr\u0131 ayr\u0131 savunmas\u0131n\u0131 yapt\u0131. Yarg\u0131tay a\u015famas\u0131ndaki baz\u0131 dosyalarla ilgili olarak, aras\u0131nda bu davan\u0131n san\u0131klar\u0131n\u0131n da bulundu\u011fu kimi ki\u015filerin hukuki g\u00f6r\u00fc\u015f sordu\u011funu anlatan Oskay, hukuki g\u00f6r\u00fc\u015fler haz\u0131rlayarak sundu\u011funu, bunun sonucunda bazen dan\u0131\u015fmanl\u0131k \u00fccreti ald\u0131\u011f\u0131n\u0131 ifade etti.<\/p>\n<p style=\"text-align: justify;\">Birka\u00e7 dosyayla ilgili Yarg\u0131taydaki baz\u0131 yetkililerle konu\u015ftu\u011funu kaydeden Oskay, ancak hi\u00e7bir yarg\u0131 mensubunu kararlarla ilgili olarak etkilemeye \u00e7al\u0131\u015fmad\u0131\u011f\u0131n\u0131 s\u00f6yledi. Duru\u015fmaya, Oskay&#8217;\u0131n savunmas\u0131n\u0131n ard\u0131ndan ara verildi.<\/p>\n<p style=\"text-align: justify;\"><strong>\u0130DD\u0130ANAME<\/strong><\/p>\n<p style=\"text-align: justify;\">Dava iddianamesinde, &#8221;San\u0131klar\u0131n, su\u00e7 \u00f6rg\u00fct\u00fc kurmak, \u00fcye olmak, Yarg\u0131tayda temyiz ve karar d\u00fczeltme incelemeleri s\u0131ras\u0131nda y\u00fcksek yarg\u0131 mensubuna r\u00fc\u015fvet vermek, yarg\u0131 g\u00f6revini yapanlar\u0131 etkilemek, nitelikli doland\u0131r\u0131c\u0131l\u0131k, yetkili olmad\u0131klar\u0131 bir i\u015f i\u00e7in yarar sa\u011flamak, \u00f6rg\u00fcte \u00fcye olmamakla birlikte \u00f6rg\u00fct ad\u0131na su\u00e7 i\u015flemek ve r\u00fc\u015fvet su\u00e7una i\u015ftirak etmek&#8221; gibi bir dizi su\u00e7 i\u015fledikleri \u00f6ne s\u00fcr\u00fcl\u00fcyor.<\/p>\n<p style=\"text-align: justify;\">\u0130TO Ba\u015fkan\u0131 Yal\u00e7\u0131nta\u015f&#8217;\u0131n &#8221;\u00d6rg\u00fcte \u00fcye olmamakla birlikte \u00f6rg\u00fct ad\u0131na su\u00e7 i\u015flemek&#8221; ve &#8221;R\u00fc\u015fvet su\u00e7una i\u015ftirak etmek&#8221; su\u00e7lamalar\u0131yla 6 y\u0131l 4 aydan 21 y\u0131la kadar hapis cezas\u0131na \u00e7arpt\u0131r\u0131lmas\u0131 istenen iddianamede, eski Dan\u0131\u015ftay 12. Hukuk Dairesi Ba\u015fkan\u0131 Mustafa Oskay, Avukat Necdet Okcu, Yarg\u0131tay 6. Hukuk Dairesi memuru Bekir Akbal, G\u00fclhan\u0131m K\u0131z\u0131lta\u015f, Yavuz \u00c7ay ve eski Yarg\u0131tay \u00e7al\u0131\u015fan\u0131 H\u00fcseyin Uysal &#8221;\u00f6rg\u00fct kurucusu&#8221; olarak yer al\u0131yor.<\/p>\n<p style=\"text-align: justify;\"><a href=\"http:\/\/www.gazeteport.com.tr\/GUNCEL\/NEWS\/GP_870193\" target=\"_blank\"><span style=\"color: #888888;\">Kaynak : GAZETEPORT<\/span><\/a><\/p>\n","protected":false},"excerpt":{"rendered":"<p style=\"text-align: justify;\">\n<p style=\"text-align: justify;\">&#8220;Y\u00fcksek yarg\u0131da r\u00fc\u015fvet&#8221; davas\u0131n\u0131n san\u0131klar\u0131ndan Avukat Necdet Ok\u00e7u, D\u00fcnya Ticaret Merkezi&#8217;nin Yarg\u0131tay&#8217;daki davalar\u0131yla ilgili r\u00fc\u015fvet vermedi\u011fini, sadece dosyalar\u0131 dikkatli okunmalar\u0131 i\u00e7in kimi Yarg\u0131tay mensuplar\u0131na ricada bulundu\u011funu s\u00f6yledi.<\/p>\n<p style=\"text-align: justify;\">ANKARA &#8211; Y\u00fcksek yarg\u0131daki r\u00fc\u015fvet iddialar\u0131 kapsam\u0131nda, \u0130stanbul Ticaret Odas\u0131 (\u0130TO) Ba\u015fkan\u0131 Murat Yal\u00e7\u0131nta\u015f&#8217;\u0131n da aralar\u0131nda bulundu\u011fu 58 san\u0131\u011f\u0131n yarg\u0131lanmas\u0131na Ankara <\/p>\n","protected":false},"author":1,"featured_media":0,"comment_status":"open","ping_status":"closed","sticky":false,"template":"","format":"standard","meta":{"footnotes":""},"categories":[105],"tags":[],"class_list":["post-29399","post","type-post","status-publish","format-standard","hentry","category-gundem","odd"],"_links":{"self":[{"href":"http:\/\/www.korhanyilmaz.com\/index.php?rest_route=\/wp\/v2\/posts\/29399","targetHints":{"allow":["GET"]}}],"collection":[{"href":"http:\/\/www.korhanyilmaz.com\/index.php?rest_route=\/wp\/v2\/posts"}],"about":[{"href":"http:\/\/www.korhanyilmaz.com\/index.php?rest_route=\/wp\/v2\/types\/post"}],"author":[{"embeddable":true,"href":"http:\/\/www.korhanyilmaz.com\/index.php?rest_route=\/wp\/v2\/users\/1"}],"replies":[{"embeddable":true,"href":"http:\/\/www.korhanyilmaz.com\/index.php?rest_route=%2Fwp%2Fv2%2Fcomments&post=29399"}],"version-history":[{"count":0,"href":"http:\/\/www.korhanyilmaz.com\/index.php?rest_route=\/wp\/v2\/posts\/29399\/revisions"}],"wp:attachment":[{"href":"http:\/\/www.korhanyilmaz.com\/index.php?rest_route=%2Fwp%2Fv2%2Fmedia&parent=29399"}],"wp:term":[{"taxonomy":"category","embeddable":true,"href":"http:\/\/www.korhanyilmaz.com\/index.php?rest_route=%2Fwp%2Fv2%2Fcategories&post=29399"},{"taxonomy":"post_tag","embeddable":true,"href":"http:\/\/www.korhanyilmaz.com\/index.php?rest_route=%2Fwp%2Fv2%2Ftags&post=29399"}],"curies":[{"name":"wp","href":"https:\/\/api.w.org\/{rel}","templated":true}]}}