{"id":29386,"date":"2011-03-14T19:06:51","date_gmt":"2011-03-14T17:06:51","guid":{"rendered":"http:\/\/www.korhanyilmaz.com\/?p=29386"},"modified":"2011-03-14T19:06:51","modified_gmt":"2011-03-14T17:06:51","slug":"sik-ve-sener-altin-vurus","status":"publish","type":"post","link":"http:\/\/www.korhanyilmaz.com\/?p=29386","title":{"rendered":"&#8216;\u015e\u0131k ve \u015eener alt\u0131n vuru\u015f&#8217;"},"content":{"rendered":"<p style=\"text-align: justify;\"><a href=\"http:\/\/www.korhanyilmaz.com\/wp-content\/uploads\/2011\/03\/201.jpg\"  class=\"lightview\"><img loading=\"lazy\" decoding=\"async\" class=\"aligncenter size-full wp-image-29387\" src=\"http:\/\/www.korhanyilmaz.com\/wp-content\/uploads\/2011\/03\/201.jpg\" alt=\"\" width=\"320\" height=\"100\" \/><\/a><\/p>\n<p style=\"text-align: justify;\">Savc\u0131l\u0131ktan ayr\u0131l\u0131p milletvekili aday\u0131 olan \u0130lhan Cihaner, CHP&#8217;yi i\u015faret etti. Cihaner, Nedim \u015eener ve Ahmet \u015e\u0131k&#8217;\u0131n tutuklanmalar\u0131n\u0131 &#8220;Bu adamlar\u0131n alt\u0131n vuru\u015fu. Tutuklayanlarla faili me\u00e7hulleri i\u015fleyenler ayn\u0131 adamlar. Her kim kurguluyorsa&#8230;&#8221; dedi. <!--more--><\/p>\n<p style=\"text-align: justify;\">T\u00fcrkiye onu Erzincan Cumhuriyet Ba\u015fsavc\u0131s\u0131 olarak tan\u0131d\u0131, \u0130smaila\u011fa Cemaati soru\u015fturmas\u0131yla g\u00fcndeme geldi. Hakk\u0131nda soru\u015fturmalar a\u00e7\u0131ld\u0131, cezaevinde ge\u00e7en birka\u00e7 aydan sonra yine \u00f6zg\u00fcrl\u00fc\u011f\u00fcn\u00fc kazand\u0131. Y\u00fcksek yarg\u0131da davalar\u0131 s\u00fcr\u00fcyor. Adana Cumhuriyet Savc\u0131s\u0131 oldu ancak se\u00e7imler \u00f6ncesinde yarg\u0131dan siyasete ge\u00e7me karar\u0131 ald\u0131. Eski Cumhuriyet Ba\u015fsavc\u0131s\u0131 \u0130lhan Cihaner, Banu G\u00fcven&#8217;le Art\u0131 program\u0131nda sorular\u0131 yan\u0131tlad\u0131.<\/p>\n<p style=\"text-align: justify;\"><strong>Banu G\u00fcven:<\/strong> Neden yarg\u0131y\u0131 b\u0131rak\u0131p siyasete ge\u00e7iyorsunuz?<\/p>\n<p style=\"text-align: justify;\"><strong>\u0130lhan Cihaner:<\/strong> Bu karar\u0131m\u0131 dokunulmazl\u0131k z\u0131rh\u0131 kazanmak i\u00e7in ald\u0131\u011f\u0131m\u0131 s\u00f6yl\u00fcyor belli bir kesim taraf\u0131ndan, kesinlikle b\u00f6yle bir \u015fey yok. Dokunulmazl\u0131k z\u0131rh\u0131na s\u0131\u011f\u0131nacak olanlar ba\u015fkalar\u0131 olacak. Kald\u0131 ki benimle ilgili su\u00e7lama anayasa ve yasalar gere\u011fi dokunulmazl\u0131k kapsam\u0131nda olan su\u00e7lardan de\u011fil.<\/p>\n<p style=\"text-align: justify;\">Her \u015feyden \u00f6nce ben mesle\u011fini \u00e7ok seven bir cumhuriyet savc\u0131s\u0131yd\u0131m. Yarg\u0131daki dizaynlar, hakk\u0131mdaki tasarruflar bu mesle\u011fi art\u0131k yapamaz hale getirdi beni. D\u00fc\u015f\u00fcn\u00fcn d\u00fcnyan\u0131n en pahal\u0131 elektri\u011finin sat\u0131ld\u0131\u011f\u0131 bir \u00fclkede ben 60 ya\u015f\u0131ndaki bir kad\u0131n\u0131 cezaevine g\u00f6nderen bir mekanizman\u0131n par\u00e7as\u0131 olmak istemiyorum.<\/p>\n<p style=\"text-align: justify;\">Niye siyaset? \u00dclke bir komplo, bir yalan\u0131 ya\u015far hale geldi her alanda. D\u0131\u015f politikadan tutun \u00f6\u011frencilerin temel haklar\u0131na kadar inan\u0131lmaz bir hukuksuzluk denizi i\u00e7erisinde y\u00fcz\u00fcyoruz. Bununla m\u00fccadele etmenin en keskin yolu da siyaset.<\/p>\n<p style=\"text-align: justify;\">T\u00fcm hukuk sisteminden \u015fikayet\u00e7iyim, t\u00fcm yap\u0131dan \u015fikayet\u00e7iyim.<\/p>\n<p style=\"text-align: justify;\"><strong>Banu G\u00fcven:<\/strong> HSYK&#8217;n\u0131n yap\u0131s\u0131ndan daha \u00f6nce de \u015fikayet\u00e7i miydiniz?<\/p>\n<p style=\"text-align: justify;\"><strong>\u0130lhan Cihaner:<\/strong> Tabi ki, tabi ki&#8230; HSYK&#8217;n\u0131n yap\u0131s\u0131 eskiden de \u00e7ok s\u0131k\u0131nt\u0131l\u0131yd\u0131. Ancak yeni yap\u0131yla d\u00fczeltilmek istenilen her ne idiyse onu daha da k\u00f6t\u00fcle\u015ftiren bir yap\u0131 ortaya \u00e7\u0131kt\u0131. Art\u0131k \u00f6yle bir \u015fey ki eskinin \u00fcst\u00fcne bir de r\u00f6van\u015fist yakla\u015f\u0131mlar geldi.<\/p>\n<p style=\"text-align: justify;\">\u0130ki t\u00fcrl\u00fc haks\u0131zl\u0131k olmaya ba\u015flad\u0131. En somut \u00f6rne\u011fini vereyim: 211 tane y\u00fcksek yarg\u0131\u00e7 se\u00e7ildi, bunlar\u0131n yaln\u0131zca 6 tanesi kad\u0131n. D\u00fc\u015f\u00fcnebiliyor musunuz Dan\u0131\u015ftay&#8217;\u0131n y\u00fczde 30 oran\u0131nda kad\u0131n hakimleri var. \u00dcstelik bu uygulama &#8216;anayasaya kad\u0131nlara pozitif ayr\u0131mc\u0131l\u0131k yap\u0131lacak&#8217; h\u00fckm\u00fc getirildikten sonra hayata ge\u00e7irildi.<\/p>\n<p style=\"text-align: justify;\">Asl\u0131na bakarsan\u0131z yarg\u0131ya dair t\u00fcm doneler ve veriler haz\u0131r. Defalarca incelemeler ve \u00e7al\u0131\u015fmalar yap\u0131ld\u0131. Yeter ki bu sorunlar\u0131 dert edinip giderecek bir siyasi irade olsun.<\/p>\n<p style=\"text-align: justify;\"><strong>Banu G\u00fcven:<\/strong> Ge\u00e7ti\u011fimiz g\u00fcnlerde duru\u015fman\u0131z vard\u0131, nas\u0131l gidiyor s\u00fcre\u00e7? \u0130sterseniz bir hat\u0131rlat\u0131n, nelerle su\u00e7lan\u0131yorsunuz?<\/p>\n<p style=\"text-align: justify;\"><strong>\u0130lhan Cihaner:<\/strong> \u0130ki t\u00fcrl\u00fc su\u00e7lama var. Birincisi \u0130mar Kanunu&#8217;na ayk\u0131r\u0131 kamelya yapt\u0131\u011f\u0131m.. . Di\u011ferleri \u0130smaila\u011fa ve Fethullah G\u00fclen cemaatiyle ilgili yetkim olmad\u0131\u011f\u0131 halde soru\u015fturma yapt\u0131\u011f\u0131m ve izin d\u00f6n\u00fc\u015f\u00fc yanl\u0131\u015f tarih bildirdi\u011fim gibi ak\u0131l d\u0131\u015f\u0131, hukuk d\u0131\u015f\u0131 su\u00e7lamalarla kar\u015f\u0131 kar\u015f\u0131ya kald\u0131m.<\/p>\n<p style=\"text-align: justify;\">Hi\u00e7birinin tek bir delili yok. Kesinlikle beraat edece\u011fime inan\u0131yorum, bir an \u00f6nce yarg\u0131lanmak istiyorum.<\/p>\n<p style=\"text-align: justify;\"><strong>Banu G\u00fcven: <\/strong>Sizi \u0130smaila\u011fa Cemaati soru\u015fturmas\u0131 nedeniyle 2007 tarihli \u0130rtica ile M\u00fccadele Eylem Plan\u0131&#8217;ndan da sorumlu tuttular ve Ergenekon soru\u015fturmas\u0131na dahil edildiniz.<\/p>\n<p style=\"text-align: justify;\"><strong>\u0130lhan Cihaner:<\/strong> Bu soru\u015fturma y\u00fcr\u00fcmez \u00e7\u00fcnk\u00fc ben \u0130smaila\u011fa ve Fethullah G\u00fclen cemaati soru\u015fturmas\u0131n\u0131 2007 y\u0131l\u0131nda ba\u015flatt\u0131m. Bahsedilen belge ise -ger\u00e7ekli\u011fi hususunda hala yarg\u0131sal bir karar yok ve benim de \u015f\u00fcphelerim var- 2009&#8217;un ortalar\u0131nda olu\u015fturuldu\u011fu s\u00f6yleniyor. Birilerinin bunu kalk\u0131p a\u00e7\u0131klamas\u0131 laz\u0131m. Ben zaman makinesiyle mi gidip g\u00f6r\u00fcp y\u00fcr\u00fcrl\u00fc\u011fe koydum, Dursun \u00c7i\u00e7ek dediler olmad\u0131\u011f\u0131 anla\u015f\u0131ld\u0131. O davaya ba\u011flayan tek bir delil yok.<\/p>\n<p style=\"text-align: justify;\">\u00dcstelik bir \u015fey daha s\u00f6yleyeyim, bana atfedilen eylemlerin yap\u0131ld\u0131\u011f\u0131 s\u0131rada beni \u0130stanbul Ba\u015fsavc\u0131l\u0131\u011f\u0131 m\u00fcfetti\u015fleri dinliyorlarm\u0131\u015f, takip ediyorlarm\u0131\u015f. O s\u00fcre\u00e7te dinlenen ve takip edilen adam\u0131m. Bereket b\u00f6yle bir \u015fey olmu\u015f. Birbirlerinden habersiz olduklar\u0131 i\u00e7in komplo \u00e7ok iyi kurgulanamad\u0131 herhalde. O kay\u0131tlar\u0131n hi\u00e7birinde dediklerini do\u011frulayan ne bir telefon g\u00f6r\u00fc\u015fmesi, ne bir temas var.<\/p>\n<p style=\"text-align: justify;\">Dava art\u0131k devam etmeyecek, Yarg\u0131tay Ceza Kurulu bu su\u00e7lamalar\u0131n g\u00f6rev su\u00e7u oldu\u011funa ve g\u00f6rev su\u00e7u oldu\u011fu i\u00e7in de Adalet Bakan\u0131&#8217;n\u0131n iznine tabi oldu\u011funa karar verdi. Biz ba\u015f\u0131ndan beri bunu savunuyorduk. Hukuksuz muamelelere maruz kald\u0131k, tart\u0131\u015fmalar ya\u015fand\u0131, bu konu \u00fczerinden yarg\u0131 yeniden dizayn edildi ama Yarg\u0131tay dedi ki &#8216;Bu adamlar hakl\u0131ym\u0131\u015f, bu g\u00f6rev su\u00e7u. Belki bakan izin vermeyecek.&#8217;<\/p>\n<p style=\"text-align: justify;\">\u015eu anda hen\u00fcz yarg\u0131lama ba\u015flayamad\u0131 bile, bunu anlatmaya \u00e7al\u0131\u015f\u0131yoruz hep. Bizim talebimiz bir an \u00f6nce bu davan\u0131n yetkili bir mercide g\u00f6r\u00fclmeye ba\u015flanmas\u0131. \u00c7\u00fcnk\u00fc g\u00f6r\u00fclmeye ba\u015fland\u0131\u011f\u0131 zaman komplo, kurgu a\u00e7\u0131\u011fa \u00e7\u0131kacak ve roller de\u011fi\u015fecek. Hukuk sistemi i\u00e7erisinde bu da ger\u00e7ekle\u015fecek.<\/p>\n<p style=\"text-align: justify;\"><strong>Banu G\u00fcven: <\/strong>Milletvekili olursan\u0131z yarg\u0131lanabilecek misiniz?<\/p>\n<p style=\"text-align: justify;\"><strong>\u0130lhan Cihaner:<\/strong> Tabi ki, anayasan\u0131n milletvekili dokunulmazl\u0131\u011f\u0131n\u0131 belirleyen h\u00fckm\u00fc devlet g\u00fcvenli\u011fi aleyhine i\u015flenen su\u00e7lar\u0131, s\u00f6ylemeyi bile zul addediyorum, dokunulmazl\u0131k kapsam\u0131nda g\u00f6rm\u00fcyor. Soru\u015fturmas\u0131 dokunulmazl\u0131ktan \u00f6nce olmu\u015fsa&#8230; \u00dcstelik bu su\u00e7lamay\u0131 getirenlerin neredeyse tamam\u0131 daha y\u00fcz k\u0131zart\u0131c\u0131 su\u00e7lardan dokunulmazl\u0131\u011fa s\u0131\u011f\u0131nm\u0131\u015f&#8230; Bunu ahlaks\u0131zca buluyorum. Ka\u00e7mam, ka\u00e7mayaca\u011f\u0131m, \u00f6yle bir yere s\u0131\u011f\u0131nmaya ihtiyac\u0131m yok. Ba\u015fkalar\u0131 ka\u00e7acak.<\/p>\n<p style=\"text-align: justify;\"><strong>Banu G\u00fcven:<\/strong> Siyasete at\u0131lma fikri sizden mi \u00e7\u0131kt\u0131 yoksa sizi CHP mi se\u00e7ti? Siz nas\u0131l karar verdiniz?<\/p>\n<p style=\"text-align: justify;\"><strong>\u0130lhan Cihaner:<\/strong> \u015eimdiye kadar buna CHP de dahil herhangi bir partiyle temas\u0131m olmad\u0131. Herhangi bir partiden bir davet de gelmedi.<\/p>\n<p style=\"text-align: justify;\">Ben d\u00fcnyay\u0131 elden geldi\u011fince soldan alg\u0131lamaya ve soldan de\u011ferlendirmeye \u00e7al\u0131\u015fan biriyim. Bunun siyasi yelpazedeki yeri de belli ama hen\u00fcz bir temas\u0131m yok.<\/p>\n<p style=\"text-align: justify;\">Ancak yeni bir kurgu oldu\u011fu anla\u015f\u0131l\u0131yor. Belli bir medyada -\u00fcstelik ben Adana&#8217;dayken- benim CHP lideriyle, belli polis \u015fefleriyle g\u00f6r\u00fc\u015ft\u00fc\u011f\u00fcm y\u00f6n\u00fcnde haberler \u00e7\u0131kt\u0131 karalama ama\u00e7l\u0131. S\u00f6yledi\u011fim gibi ben o tarihte Adana&#8217;day\u0131m. Bir \u015feyler engellenmeye \u00e7al\u0131\u015f\u0131l\u0131yor ya da kurgulanmaya \u00e7al\u0131\u015f\u0131l\u0131yor. \u00c7\u00fcnk\u00fc ba\u015fka bir tak\u0131m olaylarda da ismim ge\u00e7irilmeye ba\u015fland\u0131. Muhtemeldir ki bir kurgu var. Ama hi\u00e7bir dokunulmazl\u0131\u011f\u0131m, korumalar\u0131m, \u00f6zel ara\u00e7lar\u0131m, Jammer&#8217;lar\u0131m yok, \u00e7\u0131r\u0131l\u00e7\u0131plak kar\u015f\u0131s\u0131nday\u0131m sistemin, buyursunlar.<\/p>\n<p style=\"text-align: justify;\"><strong>Banu G\u00fcven:<\/strong> Kars do\u011fumlusunuz, kendinizi hangi \u015fehre ait hissediyorsunuz?<\/p>\n<p style=\"text-align: justify;\"><strong>\u0130lhan Cihaner:<\/strong> G\u00f6rev gere\u011fi iki \u00fc\u00e7 y\u0131lda bir yer de\u011fi\u015ftiriyoruz, o y\u00fczden g\u00f6rev yapt\u0131\u011f\u0131m\u0131z yere ait hissettik kendimizi. Hepsiyle bir ba\u011f\u0131m\u0131z var.<\/p>\n<p style=\"text-align: justify;\">Nereden aday olaca\u011f\u0131m\u0131 Ergenekon&#8217;un aile aya\u011f\u0131 olan e\u015fim ve k\u0131z\u0131mla bir g\u00f6r\u00fc\u015fmem laz\u0131m, sonra karar\u0131 verece\u011fim. Ergenekon&#8217;un her aya\u011f\u0131 \u00e7\u0131kt\u0131, bir de aile aya\u011f\u0131 olsa gerek. Yani hen\u00fcz netle\u015fmedi.<\/p>\n<p style=\"text-align: justify;\"><strong>Banu G\u00fcven:<\/strong> Nas\u0131l oluyor da her yerde CHP&#8217;den aday diye isminiz \u00e7\u0131k\u0131yor?<\/p>\n<p style=\"text-align: justify;\"><strong>\u0130lhan Cihaner: <\/strong>Bunu da ben \u00e7ok anlamland\u0131ram\u0131yorum asl\u0131nda. Niye \u00f6yle oluyor? Asl\u0131nda di\u011fer bir tak\u0131m insanlar\u0131n da, \u00f6rnek veriyorum siyasi iktidar\u0131n tetik\u00e7ili\u011fini yapm\u0131\u015f bir tak\u0131m hukuk\u00e7ular\u0131n herhalde AKP&#8217;den aday olaca\u011f\u0131 \u00e7ok a\u00e7\u0131kt\u0131r, herhalde gidip TKP&#8217;den aday olacaklar\u0131 kesin de\u011fildir onlar a\u00e7\u0131s\u0131ndan. \u00c7\u00fcnk\u00fc o t\u00fcr tav\u0131rlar\u0131n\u0131 \u00e7ok\u00e7a koymu\u015flard\u0131r net olarak. Ancak benimle ilgili b\u00f6yle bir tav\u0131r olmad\u0131\u011f\u0131 halde&#8230; Bu \u00e7ok net ortadaysa. Ha bu \u00e7ok da rahats\u0131z oldu\u011fum bir \u015fey de\u011fil, onu da s\u00f6yleyeyim.<\/p>\n<p style=\"text-align: justify;\"><strong>Banu G\u00fcven: <\/strong>Ergenekon&#8217;daki son tutuklamalar\u0131 sormak istiyorum. Nedim \u015eener ve Ahmet \u015e\u0131k&#8217;\u0131n Ergenekon&#8217;a kar\u015f\u0131 pozisyon al\u0131rken tutuklan\u0131yor olmalar\u0131, \u00f6rg\u00fct \u00fcyeli\u011fiyle su\u00e7lanmalar\u0131 dikkat \u00e7ekti. Ahmet \u015e\u0131k&#8217;la sizin \u015e\u0131rnak&#8217;ta faili me\u00e7hullerle ilgili bir ileti\u015fiminiz var. Siz faili me\u00e7hullerle ilgili bir soru\u015fturmaya ba\u015flamak istemi\u015ftiniz \u015e\u0131rnak&#8217;ta.<\/p>\n<p style=\"text-align: justify;\"><strong>\u0130lhan Cihaner: <\/strong>Hemen a\u00e7\u0131klayay\u0131m. Soru\u015fturmaya ba\u015flam\u0131\u015ft\u0131m, \u00f6nemli bir noktaya da getirmi\u015ftim. Hala bence T\u00fcrkiye&#8217;de faili me\u00e7huller, kontrgerilla ve benzeri konularla ilgili yap\u0131lm\u0131\u015f do\u011fru d\u00fcr\u00fcst tek soru\u015fturmad\u0131r.<\/p>\n<p style=\"text-align: justify;\">\u015e\u0131rnak ikinci g\u00f6rev yerimdi. Orada kimli\u011fi belli olmadan g\u00f6m\u00fclm\u00fc\u015f bir faili me\u00e7hulun soru\u015fturmas\u0131 vard\u0131. O soru\u015fturmay\u0131 Ahmet \u015e\u0131k&#8217;\u0131n Radikal gazetesinde yazd\u0131\u011f\u0131 \u00e7ok cesur bir haberi referans alarak ba\u015flatt\u0131m. \u0130ki \u00fc\u00e7 tane ayr\u0131 faili me\u00e7hul soru\u015fturmas\u0131 ba\u015flatt\u0131m, \u00e7ok \u00f6nemli dellilere ula\u015ft\u0131m. Ancak g\u00f6rev s\u00fcrem yetmedi\u011fi i\u00e7in fezlekeye ba\u011flay\u0131p Diyarbak\u0131r Devlet G\u00fcvenlik Mahkemesi&#8217;ne g\u00f6nderdim.<\/p>\n<p style=\"text-align: justify;\">Ayr\u0131ca Adalet Bakanl\u0131\u011f\u0131&#8217;na da orada olan olaylar\u0131 ve \u00e7\u00f6z\u00fcm yollar\u0131n\u0131 bir rapor \u015feklinde g\u00f6nderdim. Raporda sorunlar\u0131 belirttim, ya\u015fanan faili me\u00e7hullerin \u00fclkeyi \u00e7ok k\u00f6t\u00fc bir noktaya g\u00f6t\u00fcrd\u00fc\u011f\u00fcn\u00fc aktard\u0131m, \u00e7\u00f6z\u00fclmesi i\u00e7in kendi \u00f6nerilerimi s\u0131ralad\u0131m. Bu rapor Adalet Bakanl\u0131\u011f\u0131&#8217;nda ya g\u00f6zard\u0131 edildi ya tozlu raflara kald\u0131r\u0131ld\u0131.<\/p>\n<p style=\"text-align: justify;\">Sonu\u00e7 trajik. Trajik olan \u015fey \u015fu, orada her g\u00fcn neredeyse her k\u00f6\u015fe ba\u015f\u0131nda bir gazeteci \u00f6ld\u00fcr\u00fcl\u00fcrken -cesaretle, yani bug\u00fcn\u00fcn iktidara yaman\u0131p, terkisine binip yap\u0131lan gazetecilik de\u011fildi o zaman- bunlar\u0131n \u00fczerine giden gazetecinin \u015fu anda Ergenekon&#8217;dan tutuklanm\u0131\u015f olmas\u0131, s\u00f6ylerken bile ay\u0131p geliyor, deh\u015fet verici.<\/p>\n<p style=\"text-align: justify;\">Bunu yapanlarla oradaki adamlar ayn\u0131. Ayn\u0131 \u015fey Nedim \u015eener i\u00e7in de ge\u00e7erli bence. \u015eener, Hrant Dink olay\u0131ndaki ger\u00e7e\u011fi ortaya \u00e7\u0131karmak i\u00e7in \u00e7ok b\u00fcy\u00fck riskler alm\u0131\u015f bir gazeteci. Bu adamlar\u0131n bu su\u00e7lamayla tutuklanmalar\u0131, -hele belli bir risk alt\u0131nda olup delil b\u0131rakmalar\u0131- yakla\u015f\u0131k iki y\u0131ld\u0131r s\u00fcrd\u00fcr\u00fclen bir soru\u015fturman\u0131n \u015f\u00fcphelisi olacaks\u0131n\u0131z, bilgisayar\u0131n\u0131zda veya sa\u011f\u0131n\u0131zda solunuzda belgeler kalacak, bu kadar salak\u00e7a olmaz herhalde.<\/p>\n<p style=\"text-align: justify;\">O anlamda Nedim ve Ahmet&#8217;in tutuklanmas\u0131 bu adamlar\u0131n alt\u0131n vuru\u015fu. Her kim kurguluyorsa bunu&#8230; Bu benzetmeyi benim i\u00e7in de yapm\u0131\u015flard\u0131.<\/p>\n<p style=\"text-align: justify;\">Nedim ve Ahmet&#8217;in d\u00fcnya g\u00f6r\u00fc\u015fleri biliniyor, ikisi su\u00e7lamalar\u0131 yapmam\u0131\u015ft\u0131r da di\u011ferleri bunu yapm\u0131\u015ft\u0131r sonucuna da var\u0131lmamas\u0131 laz\u0131m. Mesela bizim davam\u0131zda bir astsubay sadece \u015fununla su\u00e7lan\u0131yor, dikkatinizi \u00e7ekerim: Bilgisayar\u0131n\u0131n hard diskinde halen ulusal gazetelerin web sitelerinde olan haberler \u00e7\u0131kt\u0131\u011f\u0131 i\u00e7in. H\u00fcrriyet&#8217;in internet sitesinde olan bir haber \u00fczerine deniliyor ki &#8216;Sen fi\u015fleme yapt\u0131n ve Ergenekon&#8217;un \u00fcyesisin.&#8217; Bu \u015faka de\u011fil. B\u00f6yle bir iddia var ve iddianameye yaz\u0131lm\u0131\u015f durumda.<\/p>\n<p style=\"text-align: justify;\">Bize toplumun tamam\u0131na inand\u0131r\u0131lmak istendi\u011fi gibi bir soru\u015fturma de\u011fil. F\u0131rsat varken muhalifleri, ele\u015ftirenleri katal\u0131m denilmi\u015ftir. Denildi\u011fi gibi bir soru\u015fturma olsayd\u0131 T\u00fcrkiye&#8217;yi 12 Eyl\u00fcl&#8217;e g\u00f6t\u00fcren bir \u015fey \u00e7\u0131kard\u0131. Oraya yamanmak istendi\u011fim \u00e7ok a\u00e7\u0131k.<\/p>\n<p style=\"text-align: justify;\">\u0130smaila\u011fa Cemaati ve Fethullah G\u00fclen cemaatiyle ilgili soru\u015fturmalar didik didik edildi. Att\u0131\u011f\u0131m her imza kontrol edildi. Takip edildim, telefonlar\u0131m dinlendi, hi\u00e7bir \u015fey \u00e7\u0131kmad\u0131. Hukuk d\u0131\u015f\u0131 dinleme yapanlar s\u0131zd\u0131rma yapanlard\u0131r. Ahmet \u015e\u0131k&#8217;ta yap\u0131lan kay\u0131tlar konu\u015fmalar\u0131n d\u00f6k\u00fcmleri \u00e7\u0131km\u0131\u015f. Bunlar\u0131n d\u00f6k\u00fcmleri Yeni \u015eafak Gazetesi&#8217;nde de yay\u0131nland\u0131. Bir kurgunun bile\u015fenlerinden biri bu olabilir.<\/p>\n<p style=\"text-align: justify;\">Herkes \u0130smaila\u011fa Cemaati soru\u015fturmas\u0131na odakland\u0131. Ben soru\u015fturmay\u0131 y\u00fcr\u00fct\u00fcyorken, nihai karar\u0131 vermemi\u015fken m\u00fcfetti\u015fler m\u00fcdahale ettiler. Bir\u00e7ok soru\u015fturmay\u0131 kendi soru\u015fturmama dahil edip y\u00fcr\u00fct\u00fcyorken, m\u00fcfetti\u015fler bunu kendi g\u00f6revsizliklerine yazd\u0131lar. Bir alt\u0131n madeniyle ilgili siyasilerin yak\u0131n\u0131n ad\u0131n\u0131n ge\u00e7ti\u011fi r\u00fc\u015fvet soru\u015fturmas\u0131n\u0131n \u00fcst\u00fc kapat\u0131ld\u0131. Sivas olaylar\u0131 sonras\u0131 birilerinin i\u00e7 sava\u015f i\u00e7in silah da\u011f\u0131tt\u0131\u011f\u0131na ili\u015fkin verilere ula\u015fm\u0131\u015ft\u0131m, ihbarlar geliyordu. Bu soru\u015fturmalara da Erzurum Savc\u0131l\u0131\u011f\u0131 el koymu\u015f. Sadece \u0130smaila\u011fa Cemaati soru\u015fturmas\u0131ndan gitmemek laz\u0131m. Bakanlar\u0131n ad\u0131n\u0131n ge\u00e7ti\u011fi bir tak\u0131m soru\u015fturmalar vard\u0131. Bir ba\u015fka bakan\u0131n vergi ka\u00e7\u0131rd\u0131\u011f\u0131na dair konu\u015fmalar vard\u0131. Benim soru\u015fturdu\u011fum yoksul M\u00fcsl\u00fcmanlar\u0131n paralar\u0131 toparlay\u0131p bunlar\u0131 kendi \u00e7\u0131karlar\u0131na harcayan din bezirganlar\u0131na y\u00f6nelik. \u0130\u015fin daha s\u0131k\u0131nt\u0131l\u0131 taraf\u0131 bu yap\u0131larla medya \u00e7ok i\u00e7 i\u00e7e ge\u00e7mi\u015f durumda. Bu adamlar ellerindeki medya g\u00fcc\u00fcn\u00fc \u00e7ok ahlaks\u0131zca kullan\u0131yorlar.<\/p>\n<p style=\"text-align: justify;\">Temeldeki sorun T\u00fcrkiye&#8217;nin neoliberal bir sald\u0131r\u0131 alt\u0131nda yeniden dizayn edilmesi. Bunlar\u0131n hepsi bunun alt semptomlar\u0131.<\/p>\n<p style=\"text-align: justify;\"><a href=\"http:\/\/haber.gazetevatan.com\/sik-ve-sener-altin-vurus\/365132\/1\/Gundem\" target=\"_blank\">Kaynak : VATAN<\/a><\/p>\n","protected":false},"excerpt":{"rendered":"<p style=\"text-align: justify;\">\n<p style=\"text-align: justify;\">Savc\u0131l\u0131ktan ayr\u0131l\u0131p milletvekili aday\u0131 olan \u0130lhan Cihaner, CHP&#8217;yi i\u015faret etti. Cihaner, Nedim \u015eener ve Ahmet \u015e\u0131k&#8217;\u0131n tutuklanmalar\u0131n\u0131 &#8220;Bu adamlar\u0131n alt\u0131n vuru\u015fu. Tutuklayanlarla faili me\u00e7hulleri i\u015fleyenler ayn\u0131 adamlar. Her kim kurguluyorsa&#8230;&#8221; dedi. <\/p>\n","protected":false},"author":1,"featured_media":0,"comment_status":"open","ping_status":"closed","sticky":false,"template":"","format":"standard","meta":{"footnotes":""},"categories":[105],"tags":[],"class_list":["post-29386","post","type-post","status-publish","format-standard","hentry","category-gundem","odd"],"_links":{"self":[{"href":"http:\/\/www.korhanyilmaz.com\/index.php?rest_route=\/wp\/v2\/posts\/29386","targetHints":{"allow":["GET"]}}],"collection":[{"href":"http:\/\/www.korhanyilmaz.com\/index.php?rest_route=\/wp\/v2\/posts"}],"about":[{"href":"http:\/\/www.korhanyilmaz.com\/index.php?rest_route=\/wp\/v2\/types\/post"}],"author":[{"embeddable":true,"href":"http:\/\/www.korhanyilmaz.com\/index.php?rest_route=\/wp\/v2\/users\/1"}],"replies":[{"embeddable":true,"href":"http:\/\/www.korhanyilmaz.com\/index.php?rest_route=%2Fwp%2Fv2%2Fcomments&post=29386"}],"version-history":[{"count":0,"href":"http:\/\/www.korhanyilmaz.com\/index.php?rest_route=\/wp\/v2\/posts\/29386\/revisions"}],"wp:attachment":[{"href":"http:\/\/www.korhanyilmaz.com\/index.php?rest_route=%2Fwp%2Fv2%2Fmedia&parent=29386"}],"wp:term":[{"taxonomy":"category","embeddable":true,"href":"http:\/\/www.korhanyilmaz.com\/index.php?rest_route=%2Fwp%2Fv2%2Fcategories&post=29386"},{"taxonomy":"post_tag","embeddable":true,"href":"http:\/\/www.korhanyilmaz.com\/index.php?rest_route=%2Fwp%2Fv2%2Ftags&post=29386"}],"curies":[{"name":"wp","href":"https:\/\/api.w.org\/{rel}","templated":true}]}}