{"id":29377,"date":"2011-03-13T21:40:12","date_gmt":"2011-03-13T19:40:12","guid":{"rendered":"http:\/\/www.korhanyilmaz.com\/?p=29377"},"modified":"2011-03-13T21:40:12","modified_gmt":"2011-03-13T19:40:12","slug":"haydan-gelen-huya-gider","status":"publish","type":"post","link":"http:\/\/www.korhanyilmaz.com\/?p=29377","title":{"rendered":"&#8220;Haydan gelen huya gider&#8221;"},"content":{"rendered":"<p style=\"text-align: justify;\"><a href=\"http:\/\/www.korhanyilmaz.com\/wp-content\/uploads\/2011\/03\/199.jpg\"  class=\"lightview\"><img loading=\"lazy\" decoding=\"async\" class=\"aligncenter size-full wp-image-29378\" src=\"http:\/\/www.korhanyilmaz.com\/wp-content\/uploads\/2011\/03\/199.jpg\" alt=\"\" width=\"449\" height=\"231\" \/><\/a><\/p>\n<p style=\"text-align: justify;\">Devlet Bakan\u0131 ve Ba\u015fbakan Yard\u0131mc\u0131s\u0131 B\u00fclent Ar\u0131n\u00e7, &#8221;Bir genel ba\u015fkan kasetle gitti. Kasetle gelenin de ba\u015f\u0131nda \u015fimdi ba\u015fka i\u015fler var. Hani, &#8216;haydan gelen huya gider&#8217; diye bir s\u00f6z vard\u0131r. Kasetle gelen kasetle mi gidecek bilmem&#8221; dedi.<!--more--><\/p>\n<p style=\"text-align: justify;\">SAMSUN &#8211; Devlet Bakan\u0131 ve Ba\u015fbakan Yard\u0131mc\u0131s\u0131 B\u00fclent Ar\u0131n\u00e7, &#8221;AK Parti&#8217;nin 8 y\u0131ll\u0131k h\u00fck\u00fcmeti d\u00f6neminde \u00e7\u00f6kerti\u011fimiz \u00e7ete ve mafya \u00f6rg\u00fct\u00fc 55 tanedir, hepsisinin kibrit suyu ektik k\u00f6k\u00fcne. \u00c7ete ve mafya ile milleti soyan b\u00fct\u00fcn \u00f6rg\u00fctleri, mahkemelerin \u00f6n\u00fcne \u00e7\u0131kard\u0131k, \u015fimdi de siyasi ama\u00e7l\u0131 \u00f6rg\u00fctler hesap vermeye ba\u015flad\u0131&#8221; dedi.<\/p>\n<p style=\"text-align: justify;\">Ar\u0131n\u00e7, Hasan Do\u011fan Spor ve E\u011fitim Merkezi&#8217;nde AK Parti \u0130l Ba\u015fkanl\u0131\u011f\u0131nca d\u00fczenlenen T\u00fcrkiye Bulu\u015fmalar\u0131 Konferans\u0131&#8217;nda partililere seslendi.<\/p>\n<p style=\"text-align: justify;\">AK Parti&#8217;nin g\u00fc\u00e7l\u00fc bir parti oldu\u011funu ifade eden Ar\u0131n\u00e7, &#8221;Bizim ya\u015fad\u0131\u011f\u0131m\u0131z veya bize kar\u015f\u0131 d\u00fc\u015f\u00fcn\u00fclen baz\u0131 komplolar\u0131n e\u011fer r\u00fczgarlar\u0131 ba\u015fka h\u00fck\u00fcmetlere dokunsa yerde serilmi\u015f yatarlard\u0131. Biz ayakta kald\u0131k ve her g\u00fcn daha da g\u00fc\u00e7lendik&#8221; diye konu\u015ftu.<\/p>\n<p style=\"text-align: justify;\">\u0130ktidarlar\u0131 d\u00f6neminde yapt\u0131klar\u0131 \u00e7al\u0131\u015fmalara de\u011finen Ar\u0131n\u00e7, 8 senede 13 bin 500 kilometre b\u00f6l\u00fcnm\u00fc\u015f yol yap\u0131ld\u0131\u011f\u0131n\u0131, y\u00fcksek h\u0131zl\u0131 tren hatlar\u0131, otobanlar ve havaalanlar\u0131 in\u015fa edildi\u011fini anlatt\u0131.<\/p>\n<p style=\"text-align: justify;\">AK Parti&#8217;nin tek ba\u015f\u0131na iktidar olmas\u0131n\u0131n, \u00fclke y\u00f6netiminde istikrar\u0131 sa\u011flad\u0131\u011f\u0131n\u0131 belirten Ar\u0131n\u00e7, &#8221;Bu \u00e7ok \u00f6nemli bir \u015fey. Ak\u015fam d\u00fc\u015f\u00fcn\u00fcyoruz, akl\u0131m\u0131za bir \u015fey geliyor, &#8216;\u015funu yapsak ne kadar iyi olur&#8217; diyoruz, sabah yap\u0131yoruz. Neden? G\u00fc\u00e7 elimizde, imkan elimizde. Hemen isti\u015fare ediyoruz, &#8216;bu do\u011fruysa bunu yapal\u0131m&#8217; diyoruz. Eskiden bu m\u00fcmk\u00fcn de\u011fildi. Onun i\u00e7in hizmet olmuyordu. T\u00fcrkiye&#8217;de belli yerlerde \u00fcniversiteler vard\u0131. \u015eimdi her ile \u00fcniversite kurduk&#8221; dedi.<\/p>\n<p style=\"text-align: justify;\"><strong>\u00c7ETE VE MAFYA \u00d6RG\u00dcTLER\u0130N\u0130N K\u00d6K\u00dcNE K\u0130BR\u0130T SUYU<\/strong><\/p>\n<p style=\"text-align: justify;\">\u0130ktidarda olduklar\u0131 s\u00fcre i\u00e7inde her zaman \u00e7ete ve mafyalarla m\u00fccadele ettiklerini vurgulayan Ar\u0131n\u00e7, \u015f\u00f6yle konu\u015ftu:<\/p>\n<p style=\"text-align: justify;\">&#8221;AK Parti&#8217;nin 8 y\u0131ll\u0131k h\u00fck\u00fcmeti d\u00f6neminde \u00e7\u00f6kertti\u011fimiz \u00e7ete ve mafya \u00f6rg\u00fct\u00fc 55 tanedir, hepsinin kibrit suyu ektik k\u00f6k\u00fcne. \u00c7ete ve mafyayla milleti soyan b\u00fct\u00fcn \u00f6rg\u00fctleri mahkemelerin \u00f6n\u00fcne \u00e7\u0131kard\u0131k, \u015fimdi de siyasi ama\u00e7l\u0131 \u00f6rg\u00fctler hesap vermeye ba\u015flad\u0131. &#8216;H\u00fck\u00fcmetleri nas\u0131l deviririz, camileri nas\u0131l bombalar\u0131z, planlar\u0131 nas\u0131l toplar\u0131z, kimin evinin i\u00e7inde han\u0131m\u0131n\u0131n ba\u015f\u0131 \u00f6rt\u00fcl\u00fc, kim hangi TV&#8217;yi izliyor, kimin evine hangi gazete giriyor. Siyasi d\u00fc\u015f\u00fcncesi nedir, hangi inan\u00e7 grubunda, hangi tarikatta&#8217; diye milleti fi\u015flemekten ba\u015fka i\u015f yapmayan zalimlerden hesap soruyoruz. Millet ad\u0131na hesap soruyoruz.<\/p>\n<p style=\"text-align: justify;\">T\u00fcrkiye mafya cenneti olmu\u015ftu. 4 tane adam bir araya geliyor, kimisi \u00e7ek senet mafyas\u0131, kimisi sauna mafyas\u0131, kimisi rekt\u00f6r mafyas\u0131, kimisi bilmem ne mafyas\u0131 milleti soyup so\u011fana \u00e7eviriyordu. Ba\u015f\u0131m\u0131z dik, aln\u0131m\u0131z a\u00e7\u0131k hepsiyle ba\u015far\u0131yla m\u00fccadele ediyoruz. Yasaklarla m\u00fccadele ediyoruz. K\u0131yafetlerinden dolay\u0131 han\u0131m karde\u015flerimize, \u00f6\u011frenci olsun, ev han\u0131m\u0131 olsun \u00fc\u00e7\u00fcnc\u00fc, d\u00f6rd\u00fcnc\u00fc s\u0131n\u0131f vatanda\u015f muamelesi yapan, onlar\u0131 tehlikeli mahluklar olarak g\u00f6ren al\u00e7ak zihniyetle m\u00fccadele ediyoruz. Biz han\u0131mlar\u0131m\u0131z\u0131 k\u0131yafetlerinden dolay\u0131 hi\u00e7bir zaman kategorize etmedik. Ba\u015f\u0131 a\u00e7\u0131kt\u0131r, kapal\u0131d\u0131r. Bizim nazar\u0131m\u0131zda hi\u00e7bir ayr\u0131m\u0131 yoktur. Kendi k\u0131yafetini \u00f6zg\u00fcr iradesiyle se\u00e7mi\u015f bir han\u0131mefendiye kar\u015f\u0131, &#8216;sen \u015funu yapacaks\u0131n&#8217; diyemeyiz. O onun karar\u0131d\u0131r. Ba\u015f \u00f6rt\u00fcl\u00fcye nas\u0131l sayg\u0131 duyuyorsak, ba\u015f\u0131 a\u00e7\u0131k han\u0131mefendiye kar\u015f\u0131 da ayn\u0131 sayg\u0131y\u0131 duyuyoruz. Ayn\u0131 derecede toplumun e\u015fit yurtta\u015flar\u0131 olarak g\u00f6r\u00fcyoruz. Bu \u00fclke maalesef tam tersini ya\u015fad\u0131.&#8221;<\/p>\n<p style=\"text-align: justify;\"><strong>&#8221;B\u00dcT\u00dcN TUZAKLARI, M\u0130LLET\u0130M\u0130Z\u0130N B\u0130Z\u0130 KORUMASI \u00dcZER\u0130NE BOZDUK&#8221;<\/strong><\/p>\n<p style=\"text-align: justify;\">AK Parti iktidar\u0131n\u0131n bug\u00fcne kadar sab\u0131rla hareket etti\u011fini ifade eden Ar\u0131n\u00e7, &#8221;Neler g\u00f6rd\u00fck, neler ya\u015fad\u0131k. S\u00f6ylemeye dilim varm\u0131yor, ama hep sabrettik. B\u00fct\u00fcn tuzaklar\u0131 ve hileleri, milletimizin bizi korumas\u0131 \u00fczerine bozduk. Allah korusun, ne planlar, ne d\u00fczenler, ne entrikalar, ne yalanlar, ne suikastlar, ne komplolar. Her g\u00fcn sayfa sayfa gazetelerde yay\u0131nland\u0131. Her g\u00fcn iddianamelerden pasajlar al\u0131nd\u0131. Biz bunlar\u0131n hepsinden dimdik ayaktay\u0131z. \u00c7ok \u015f\u00fck\u00fcr d\u00fc\u015fe kalka ama dosdo\u011fru gittik ve bug\u00fcnlere geldik. \u015eimdi de yolumuzdan sapmayaca\u011f\u0131z. Millet zaten bizi b\u00f6yle oldu\u011fumuz i\u00e7in seviyor. Yalpa yapmad\u0131\u011f\u0131m\u0131z i\u00e7in seviyor. Milletin emanetini, ona buna pe\u015fke\u015f \u00e7ekmedi\u011fimiz i\u00e7in seviyor, g\u00fcveniyor&#8221; diye konu\u015ftu.<\/p>\n<p style=\"text-align: justify;\">Demokrasiden, milletin iradesinden yana olduklar\u0131n\u0131, milletin birlik ve b\u00fct\u00fcnl\u00fc\u011f\u00fc i\u00e7in \u00e7ok \u00e7aba sarf ettiklerini vurgulayan Ar\u0131n\u00e7, \u015funlar\u0131 kaydetti:<\/p>\n<p style=\"text-align: justify;\">&#8221;3. d\u00f6nem iktidar\u0131m\u0131zda yapt\u0131klar\u0131m\u0131z\u0131n 10 mislini daha yapaca\u011f\u0131z, hi\u00e7 endi\u015feniz olmas\u0131n. T\u00fcrkiye&#8217;nin ba\u015far\u0131s\u0131 birlik ve beraberliktedir. Ayr\u0131mc\u0131l\u0131k olmayacak, tepeden bakma olmayacak. Herkes kendi kimli\u011fini rahatl\u0131kla ifade edecek, d\u00fc\u015f\u00fcncesini \u00f6zg\u00fcrce s\u00f6yleyebilecek, ama hi\u00e7 kimse kimseyi tahrik etmeyecek. Ter\u00f6rle m\u00fccadele edece\u011fiz. Ter\u00f6r \u00f6rg\u00fct\u00fcn\u00fc \u00e7\u00f6kertece\u011fiz. Eylem yapamaz hale getirece\u011fiz. Hepsinin plan\u0131, projesi elimizde. Yap\u0131yoruz ve in\u015fallah \u00f6n\u00fcm\u00fczdeki se\u00e7imlerden sonra bunun somut neticelerine hep beraber ula\u015faca\u011f\u0131z.&#8221;<\/p>\n<p style=\"text-align: justify;\"><strong>&#8221;YEN\u0130 VE S\u0130V\u0130L B\u0130R ANAYASA YAPMAK \u0130\u00c7\u0130N YOLA \u00c7IKIYORUZ&#8221;<\/strong><\/p>\n<p style=\"text-align: justify;\">T\u00fcrkiye&#8217;nin yeni bir sivil anayasaya kavu\u015faca\u011f\u0131n\u0131 ifade eden Ar\u0131n\u00e7, &#8221;Bizim s\u00f6zlerimiz birilerine odun gibi geldi, ama vallahi odundan ba\u015fkas\u0131 da kar etmedi. Ancak odun yak\u0131\u015f\u0131r o birilerine. Art\u0131k hi\u00e7 kimse sorgusuz sualsiz i\u015finden at\u0131lmayacak&#8221; dedi.<\/p>\n<p style=\"text-align: justify;\">Toplumsal mutabakatla yeni ve sivil bir anayasa yapmak i\u00e7in yola \u00e7\u0131kt\u0131klar\u0131n\u0131 belirten Ar\u0131n\u00e7, &#8221;Hala darbe anayasalar\u0131yla yola devam etmekten utanmal\u0131y\u0131z. Yepyeni s\u0131f\u0131r model bir anayasa yapaca\u011f\u0131z&#8221; g\u00f6r\u00fc\u015f\u00fcn\u00fc dile getirdi.<\/p>\n<p style=\"text-align: justify;\"><strong>&#8221;KASETLE GELEN KASETLE M\u0130 G\u0130DECEK B\u0130LMEM&#8221;<\/strong><\/p>\n<p style=\"text-align: justify;\">Oda TV muhabiri \u0130klim Bayraktar&#8217;\u0131n taciz iddialar\u0131na da de\u011finen Ar\u0131n\u00e7, \u015f\u00f6yle konu\u015ftu:<\/p>\n<p style=\"text-align: justify;\">&#8221;Bir genel ba\u015fkan kasetle gitti. Kasetle gelenin de ba\u015f\u0131nda \u015fimdi ba\u015fka i\u015fler var. Hani, &#8216;haydan gelen huya gider&#8217; diye bir s\u00f6z vard\u0131r. Kasetle gelen kasetle mi gidecek bilmem. \u015eimdi Oda Tv diye bir yere bask\u0131n yapm\u0131\u015flar, gazeteci k\u0131l\u0131kl\u0131 birka\u00e7 ki\u015fiyi de baz\u0131 iddialarla g\u00f6zalt\u0131na alm\u0131\u015flar. Soru\u015fturma devam ediyor. CHP aya\u011fa kalkt\u0131, &#8216;gazetecilerin \u00f6zg\u00fcrl\u00fc\u011f\u00fc gitti, bas\u0131n sans\u00fcrleniyor, h\u00fck\u00fcmeti ele\u015ftirenlere \u00fczerine gidiliyor.&#8217; Dur karde\u015fim a\u011f\u0131r ol biraz.&#8221;<\/p>\n<p style=\"text-align: justify;\">T\u00fcrkiye&#8217;de, iktidarlar\u0131 d\u00f6neminde hi\u00e7 kimsenin yaz\u0131 yazd\u0131\u011f\u0131, kitap \u00e7\u0131kard\u0131\u011f\u0131 i\u00e7in yarg\u0131lan\u0131p, mahkum olmad\u0131\u011f\u0131n\u0131 kaydeden Ar\u0131n\u00e7, \u015fu anda cezaevlerinde bulunan 27 gazeteci hakk\u0131nda, &#8221;ter\u00f6r \u00f6rg\u00fct\u00fc \u00fcyesi olmak, \u00f6rg\u00fct lehinde silahl\u0131 eylem yapmak, evrakta sahtecilik, kad\u0131n ve k\u0131z ka\u00e7\u0131rmak&#8221; gibi su\u00e7lamalar bulundu\u011funu s\u00f6yledi.<\/p>\n<p style=\"text-align: justify;\">&#8221;Ne yani mesle\u011fi gazeteci olanlar, bunlar\u0131 yapacak m\u0131&#8221; diye soran Ar\u0131n\u00e7, adli su\u00e7 i\u015fleyen herkesin, kim olursa olsun sorgulan\u0131p, yarg\u0131lanaca\u011f\u0131n\u0131 kaydetti. Ar\u0131n\u00e7, s\u00f6zlerine \u015f\u00f6yle devam etti:<\/p>\n<p style=\"text-align: justify;\">&#8221;\u015eimdi Oda Tv bask\u0131n\u0131ndan sonra birileri zannediyor ki gazeteci bir haber yazd\u0131 ondan sonra olmu\u015f. Bir bayan gazeteci var K\u0131l\u0131\u00e7daro\u011flu&#8217;na gidiyor, &#8216;ben birisinin hakk\u0131nda belge topluyorum bana alet edevat ver, onu, b\u00fcy\u00fck bal\u0131\u011f\u0131 sana getireyim&#8217;. O da, &#8216;Sen kendin yap benden bir \u015fey isteme&#8217; diyor. &#8216;Yapma&#8217; demiyor, &#8216;sen kendin yap&#8217; diyor. &#8216;Foto\u011fraf makinesi, teyp filan veririm&#8217; diyor. \u00d6b\u00fcr\u00fcne gidiyor odas\u0131nda yar\u0131m saat bir saat konu\u015fuyor, &#8216;bana \u015funu teklif etti, bana \u015funu yapt\u0131&#8217;ya getiriyor. Daha \u00f6nce ili\u015fki kurdu\u011fu bir ba\u015fka CHP ba\u015fkanvekili arabaya atl\u0131yor, yar\u0131m saat dola\u015f\u0131yorlar, onun ifadesiyle, &#8216;AK Partili bir y\u00f6neticiye komplo yap\u0131lacakm\u0131\u015f onun mal\u0131n\u0131 da ona getirecekmi\u015f.&#8217; Ne kadar \u00e7irkin ili\u015fkiler, siyaset\u00e7i bunlara alet olur mu, bir siyaset\u00e7i bunlarla me\u015fgul olur mu? S\u0131rf b\u00f6yle ahlak d\u0131\u015f\u0131 i\u015f yapmaya \u00e7al\u0131\u015fan insanlara cesaret vermek, onlarla ili\u015fki kurmak siyasette \u00e7ok b\u00fcy\u00fck yanl\u0131\u015fl\u0131kt\u0131r.&#8221;<\/p>\n<p style=\"text-align: justify;\"><strong>&#8221;SGK&#8217;YI BATIRDI\u011eIN G\u0130B\u0130&#8221;<\/strong><\/p>\n<p style=\"text-align: justify;\">CHP Genel Ba\u015fkan\u0131 K\u0131l\u0131\u00e7daro\u011flu&#8217;nun se\u00e7im vaatlerini de ele\u015ftiren Devlet Bakan\u0131 ve Ba\u015fbakan Yard\u0131mc\u0131s\u0131 B\u00fclent Ar\u0131n\u00e7, \u015funlar\u0131 kaydetti:<\/p>\n<p style=\"text-align: justify;\">&#8221;S\u0131rf g\u00fcndem de\u011fi\u015ftirmek i\u00e7in genel ba\u015fkanlar\u0131 milletin \u00f6n\u00fcne \u00e7\u0131k\u0131yor, &#8216;herkese 600 lira verece\u011fiz.&#8217; \u015eimdi bir de yaz tatillerinde askerlik modas\u0131 \u00e7\u0131kard\u0131lar. Yaz tatillerinde \u00e7ocuklar\u0131m\u0131z har\u00e7l\u0131k \u00e7\u0131karmak i\u00e7in staj yaparlar, staj yapar gibi askerlik yapacaklar. Hava, su vaat etmedi\u011fine \u015f\u00fckretmek laz\u0131m. Bu se\u00e7imlerde oy alabilmek i\u00e7in kayna\u011f\u0131n\u0131 a\u00e7\u0131klamad\u0131\u011f\u0131 b\u00fcy\u00fck balonlar ortaya \u00e7\u0131k\u0131yor. 180 katrilyonluk yard\u0131m yapacaks\u0131n vaatlerinde, sormas\u0131 ay\u0131p nereden yapacaks\u0131n bunu? &#8216;Benim ad\u0131m Kemal&#8217; diyor. Ad\u0131n\u0131n Kemal olmas\u0131 bir \u015fey ifade etmiyor. SGK&#8217;y\u0131 bat\u0131rd\u0131\u011f\u0131n gibi, \u00fclkeyi bat\u0131racaks\u0131n. Do\u011fru projelerle ne yapacaksan s\u00f6yle.&#8221;<\/p>\n<p style=\"text-align: justify;\"><a href=\"http:\/\/www.gazeteport.com.tr\/SIYASET\/NEWS\/GP_868671\" target=\"_blank\"><span style=\"color: #888888;\">Kaynak : GAZETEPORT<\/span><\/a><\/p>\n","protected":false},"excerpt":{"rendered":"<p style=\"text-align: justify;\">\n<p style=\"text-align: justify;\">Devlet Bakan\u0131 ve Ba\u015fbakan Yard\u0131mc\u0131s\u0131 B\u00fclent Ar\u0131n\u00e7, &#8221;Bir genel ba\u015fkan kasetle gitti. Kasetle gelenin de ba\u015f\u0131nda \u015fimdi ba\u015fka i\u015fler var. Hani, &#8216;haydan gelen huya gider&#8217; diye bir s\u00f6z vard\u0131r. Kasetle gelen kasetle mi gidecek bilmem&#8221; dedi.<\/p>\n","protected":false},"author":1,"featured_media":0,"comment_status":"open","ping_status":"closed","sticky":false,"template":"","format":"standard","meta":{"footnotes":""},"categories":[105],"tags":[],"class_list":["post-29377","post","type-post","status-publish","format-standard","hentry","category-gundem","odd"],"_links":{"self":[{"href":"http:\/\/www.korhanyilmaz.com\/index.php?rest_route=\/wp\/v2\/posts\/29377","targetHints":{"allow":["GET"]}}],"collection":[{"href":"http:\/\/www.korhanyilmaz.com\/index.php?rest_route=\/wp\/v2\/posts"}],"about":[{"href":"http:\/\/www.korhanyilmaz.com\/index.php?rest_route=\/wp\/v2\/types\/post"}],"author":[{"embeddable":true,"href":"http:\/\/www.korhanyilmaz.com\/index.php?rest_route=\/wp\/v2\/users\/1"}],"replies":[{"embeddable":true,"href":"http:\/\/www.korhanyilmaz.com\/index.php?rest_route=%2Fwp%2Fv2%2Fcomments&post=29377"}],"version-history":[{"count":0,"href":"http:\/\/www.korhanyilmaz.com\/index.php?rest_route=\/wp\/v2\/posts\/29377\/revisions"}],"wp:attachment":[{"href":"http:\/\/www.korhanyilmaz.com\/index.php?rest_route=%2Fwp%2Fv2%2Fmedia&parent=29377"}],"wp:term":[{"taxonomy":"category","embeddable":true,"href":"http:\/\/www.korhanyilmaz.com\/index.php?rest_route=%2Fwp%2Fv2%2Fcategories&post=29377"},{"taxonomy":"post_tag","embeddable":true,"href":"http:\/\/www.korhanyilmaz.com\/index.php?rest_route=%2Fwp%2Fv2%2Ftags&post=29377"}],"curies":[{"name":"wp","href":"https:\/\/api.w.org\/{rel}","templated":true}]}}