{"id":29373,"date":"2011-03-14T08:45:32","date_gmt":"2011-03-14T06:45:32","guid":{"rendered":"http:\/\/www.korhanyilmaz.com\/?p=29373"},"modified":"2011-03-14T08:45:32","modified_gmt":"2011-03-14T06:45:32","slug":"ibrahim-tatlises-silahli-saldiriya-ugradi","status":"publish","type":"post","link":"http:\/\/www.korhanyilmaz.com\/?p=29373","title":{"rendered":"\u0130brahim Tatl\u0131ses silahl\u0131 sald\u0131r\u0131ya u\u011frad\u0131"},"content":{"rendered":"<p style=\"text-align: center;\"><a href=\"http:\/\/www.korhanyilmaz.com\/wp-content\/uploads\/2011\/03\/198.jpg\"  class=\"lightview\"><img loading=\"lazy\" decoding=\"async\" class=\"aligncenter size-full wp-image-29374\" src=\"http:\/\/www.korhanyilmaz.com\/wp-content\/uploads\/2011\/03\/198.jpg\" alt=\"\" width=\"307\" height=\"236\" \/><\/a><\/p>\n<p style=\"text-align: justify;\">Sanat\u00e7\u0131 \u0130brahim Tatl\u0131ses, \u0130stanbul \u015ei\u015fli&#8217;de silahl\u0131 sald\u0131r\u0131ya u\u011frad\u0131. Ba\u015f\u0131ndan vurulan Tatl\u0131ses&#8217;in durumu ciddiyetini koruyor. Yo\u011fun bak\u0131ma al\u0131nan sanat\u00e7\u0131 yar\u0131na kadar uyutulacak. Doktorlar\u0131 Tatl\u0131ses&#8217;in v\u00fccudunun bir k\u0131sm\u0131n\u0131n fel\u00e7 olabilece\u011fini aktard\u0131.<\/p>\n<p style=\"text-align: justify;\">Tatl\u0131ses, asistan\u0131 Buket \u00c7ak\u0131c\u0131 ile birlikte Beyaz TV&#8217;deki \u0130bo \u015eov program\u0131n\u0131n \u00e7\u0131k\u0131\u015f\u0131nda sald\u0131r\u0131ya u\u011frad\u0131. <!--more--><\/p>\n<p style=\"text-align: justify;\">Uzun namlulu silahlarla d\u00fczenlendi\u011fi iddia edilen sald\u0131r\u0131da, Tatl\u0131ses ba\u015f\u0131ndan yaralan\u0131rken, asistan\u0131 omzundan yara ald\u0131.<\/p>\n<p style=\"text-align: justify;\">\u00d6zel Levent Hastanesi&#8217;ne kald\u0131r\u0131lan \u00fcnl\u00fc sanat\u00e7\u0131 daha sonra Maslak Ac\u0131badem Hastanesi&#8217;ne sevk edildi.<\/p>\n<p style=\"text-align: justify;\">5 saat s\u00fcren ameliyat\u0131n ard\u0131ndan sanat\u00e7\u0131 yo\u011fun bak\u0131ma al\u0131nd\u0131.<\/p>\n<p style=\"text-align: justify;\"><strong>Tatl\u0131ses fel\u00e7 kalabilir! <\/strong><\/p>\n<p style=\"text-align: justify;\">Maslak Ac\u0131badem Hastanesi Ba\u015fhekimi \u00c7a\u011flar \u00c7uhadaro\u011flu, Tatl\u0131ses&#8217;in hayati tehlikesinin devam etti\u011fini ancak sanat\u00e7\u0131n\u0131n, hastaneye ilk geldi\u011fi noktadan daha iyi durumda oldu\u011funu bildirdi.<\/p>\n<p style=\"text-align: justify;\">Tatl\u0131ses&#8217;in beyin zar\u0131nda ve beyninin i\u00e7inde yaralanmadan dolay\u0131 kanama meydana geldi\u011fini belirten \u00c7uhadaro\u011flu, ilk \u00f6nce bu kanamay\u0131 durdurduklar\u0131n\u0131, daha sonra da bir b\u00fct\u00fcn halinde operasyon ger\u00e7ekle\u015ftirdiklerini s\u00f6yledi.<\/p>\n<p style=\"text-align: justify;\">Kur\u015funun, Tatl\u0131ses&#8217;in ba\u015f\u0131na arkadan girip \u00f6nden \u00e7\u0131kt\u0131\u011f\u0131n\u0131 ve sa\u011f kafa kemi\u011finde k\u0131r\u0131k olu\u015fturdu\u011funu kaydeden \u00c7uhadaro\u011flu, sanat\u00e7\u0131n\u0131n v\u00fccudunun bir b\u00f6l\u00fcm\u00fcn\u00fcn fel\u00e7 kalabilece\u011fini belirtti.<\/p>\n<p style=\"text-align: justify;\">\u00c7uhadaro\u011flu, sanat\u00e7\u0131n\u0131n son durumunun de\u011ferlendirilmesi i\u00e7in ilerleyen zamanda tomografisinin \u00e7ekilece\u011fini ifade ederek, \u015fu anda kesin bir \u015fey s\u00f6ylemenin m\u00fcmk\u00fcn olmad\u0131\u011f\u0131n\u0131 kaydetti.<\/p>\n<p style=\"text-align: justify;\">Sanat\u00e7\u0131ya ka\u00e7 kur\u015fun isabet etti\u011finin Adli T\u0131p\u0131n incelemesinin ard\u0131ndan ortaya \u00e7\u0131kaca\u011f\u0131n\u0131 dile getiren \u00c7uhadaro\u011flu, Tatl\u0131ses&#8217;in 24 saat s\u00fcreyle uyutulaca\u011f\u0131n\u0131, durumunun bu \u015fekilde de\u011ferlendirilece\u011fini s\u00f6yledi.<\/p>\n<p style=\"text-align: justify;\">\u00c7uhadaro\u011flu, Tatl\u0131ses&#8217;in burun b\u00f6lgesinde de kur\u015fun izleri oldu\u011funu kaydetti.<\/p>\n<p style=\"text-align: justify;\">Tatl\u0131ses ile ayn\u0131 ara\u00e7ta bulunan bas\u0131n dan\u0131\u015fman\u0131 Buket \u00c7ak\u0131c\u0131&#8217;n\u0131n da ameliyat edildi\u011fini belirten \u00c7uhadaro\u011flu, \u00c7ak\u0131c\u0131&#8217;n\u0131n sa\u011fl\u0131k durumunun Tatl\u0131ses&#8217;e oranla \u00e7ok daha iyi oldu\u011funu bildirdi.<\/p>\n<p style=\"text-align: justify;\">Kur\u015funun, \u00c7ak\u0131c\u0131&#8217;n\u0131n bo\u011faz\u0131ndan girdi\u011fini belirten \u00c7uhadaro\u011flu, y\u00fcz k\u0131sm\u0131nda da yaralar\u0131n oldu\u011funu anlatt\u0131.<\/p>\n<p style=\"text-align: justify;\">Tatl\u0131ses ve \u00c7ak\u0131c\u0131&#8217;ya plastik cerrahi m\u00fcdahale yap\u0131ld\u0131\u011f\u0131n\u0131 ifade eden \u00c7uhadaro\u011flu, ikisinin de sa\u011fl\u0131k durumlar\u0131n\u0131n izlendi\u011fini s\u00f6zlerine ekledi.<\/p>\n<p style=\"text-align: justify;\"><strong>Sevenleri hastaneye ko\u015ftu <\/strong><\/p>\n<p style=\"text-align: justify;\">Sanat\u00e7\u0131n\u0131n yak\u0131nlar\u0131 ve dostlar\u0131 da hastaneye ak\u0131n etti.<\/p>\n<p style=\"text-align: justify;\">Polis, siyah bir ara\u00e7 i\u00e7inden ate\u015f ederek olay yerinden ka\u00e7an sald\u0131rganlar\u0131 yakalama \u00e7al\u0131\u015fmas\u0131 ba\u015flatt\u0131.<\/p>\n<p style=\"text-align: justify;\">Olayla ilgili soru\u015fturma s\u00fcr\u00fcyor.<\/p>\n<p style=\"text-align: justify;\"><a href=\"http:\/\/www.cnnturk.com\/2011\/turkiye\/03\/14\/ibrahim.tatlises.silahli.saldiriya.ugradi\/609845.0\/index.html\" target=\"_blank\"><span style=\"color: #888888;\">CNN T\u00dcRK<\/span><\/a><\/p>\n","protected":false},"excerpt":{"rendered":"<p style=\"text-align: center;\">\n<p style=\"text-align: justify;\">Sanat\u00e7\u0131 \u0130brahim Tatl\u0131ses, \u0130stanbul \u015ei\u015fli&#8217;de silahl\u0131 sald\u0131r\u0131ya u\u011frad\u0131. Ba\u015f\u0131ndan vurulan Tatl\u0131ses&#8217;in durumu ciddiyetini koruyor. Yo\u011fun bak\u0131ma al\u0131nan sanat\u00e7\u0131 yar\u0131na kadar uyutulacak. Doktorlar\u0131 Tatl\u0131ses&#8217;in v\u00fccudunun bir k\u0131sm\u0131n\u0131n fel\u00e7 olabilece\u011fini aktard\u0131.<\/p>\n<p style=\"text-align: justify;\">Tatl\u0131ses, asistan\u0131 Buket \u00c7ak\u0131c\u0131 ile birlikte Beyaz TV&#8217;deki \u0130bo \u015eov program\u0131n\u0131n \u00e7\u0131k\u0131\u015f\u0131nda sald\u0131r\u0131ya u\u011frad\u0131. <\/p>\n","protected":false},"author":1,"featured_media":0,"comment_status":"open","ping_status":"closed","sticky":false,"template":"","format":"standard","meta":{"footnotes":""},"categories":[105],"tags":[],"class_list":["post-29373","post","type-post","status-publish","format-standard","hentry","category-gundem","odd"],"_links":{"self":[{"href":"http:\/\/www.korhanyilmaz.com\/index.php?rest_route=\/wp\/v2\/posts\/29373","targetHints":{"allow":["GET"]}}],"collection":[{"href":"http:\/\/www.korhanyilmaz.com\/index.php?rest_route=\/wp\/v2\/posts"}],"about":[{"href":"http:\/\/www.korhanyilmaz.com\/index.php?rest_route=\/wp\/v2\/types\/post"}],"author":[{"embeddable":true,"href":"http:\/\/www.korhanyilmaz.com\/index.php?rest_route=\/wp\/v2\/users\/1"}],"replies":[{"embeddable":true,"href":"http:\/\/www.korhanyilmaz.com\/index.php?rest_route=%2Fwp%2Fv2%2Fcomments&post=29373"}],"version-history":[{"count":0,"href":"http:\/\/www.korhanyilmaz.com\/index.php?rest_route=\/wp\/v2\/posts\/29373\/revisions"}],"wp:attachment":[{"href":"http:\/\/www.korhanyilmaz.com\/index.php?rest_route=%2Fwp%2Fv2%2Fmedia&parent=29373"}],"wp:term":[{"taxonomy":"category","embeddable":true,"href":"http:\/\/www.korhanyilmaz.com\/index.php?rest_route=%2Fwp%2Fv2%2Fcategories&post=29373"},{"taxonomy":"post_tag","embeddable":true,"href":"http:\/\/www.korhanyilmaz.com\/index.php?rest_route=%2Fwp%2Fv2%2Ftags&post=29373"}],"curies":[{"name":"wp","href":"https:\/\/api.w.org\/{rel}","templated":true}]}}