{"id":29352,"date":"2011-03-13T12:56:34","date_gmt":"2011-03-13T10:56:34","guid":{"rendered":"http:\/\/www.korhanyilmaz.com\/?p=29352"},"modified":"2011-03-13T12:56:34","modified_gmt":"2011-03-13T10:56:34","slug":"gazetecilerden-protesto-yuruyusu","status":"publish","type":"post","link":"http:\/\/www.korhanyilmaz.com\/?p=29352","title":{"rendered":"Gazetecilerden protesto y\u00fcr\u00fcy\u00fc\u015f\u00fc"},"content":{"rendered":"<p style=\"text-align: center;\"><a href=\"http:\/\/www.korhanyilmaz.com\/wp-content\/uploads\/2011\/03\/195.jpg\"  class=\"lightview\"><img loading=\"lazy\" decoding=\"async\" class=\"aligncenter size-full wp-image-29361\" src=\"http:\/\/www.korhanyilmaz.com\/wp-content\/uploads\/2011\/03\/195.jpg\" alt=\"\" width=\"414\" height=\"220\" \/><\/a><\/p>\n<p style=\"text-align: justify;\">Gazetecilere \u00d6zg\u00fcrl\u00fck Platformu (G\u00d6P) D\u00f6nem Ba\u015fkan\u0131 Ercan \u0130pek\u00e7i, son d\u00f6nemlerde en az 98 gazetecinin cezaevi ko\u015fullar\u0131n\u0131 g\u00f6rm\u00fc\u015f durumda oldu\u011funu ve tutuksuz yarg\u0131lanan en az 45 gazeteci hakk\u0131nda verilmi\u015f mahkumiyet kararlar\u0131 bulundu\u011funu belirterek, &#8221;B\u00fct\u00fcn bunlar dikkate al\u0131nd\u0131\u011f\u0131nda 150&#8217;ye yak\u0131n gazeteci yak\u0131n d\u00f6nemde cezaevine girme tehdidi alt\u0131nda bulunuyor&#8221; dedi.<!--more--><\/p>\n<p style=\"text-align: justify;\">\u0130STANBUL-Beyo\u011flu&#8217;nda \u0130stiklal Caddesi&#8217;nde toplanan G\u00d6P \u00fcyeleri, &#8221;Gazetecilere \u00f6zg\u00fcrl\u00fck, hemen \u015fimdi&#8221; yaz\u0131l\u0131 pankartlar ta\u015f\u0131yarak, &#8221;\u00d6zg\u00fcr bas\u0131n, \u00f6zg\u00fcr toplum&#8221;, &#8221;\u00c7eteler d\u0131\u015farda gazeteciler i\u00e7erde&#8221;, &#8221;Dokunan yansa da dokunaca\u011f\u0131z&#8221; sloganlar\u0131 atarak, Taksim Meydan\u0131&#8217;na do\u011fru y\u00fcr\u00fcy\u00fc\u015fe ge\u00e7ti.<\/p>\n\n<p style=\"text-align: justify;\">\u00dczerlerinde gazete man\u015fetleri, ellerinde zincirler, a\u011f\u0131zlar\u0131nda siyah bantlar bulunan grup \u00fcyelerine, y\u00fcr\u00fcy\u00fc\u015f g\u00fczergah\u0131 \u00fczerinde bulunan esnaf, yapt\u0131\u011f\u0131 m\u00fczik yay\u0131nlar\u0131yla destek verirken, CHP Beyo\u011flu \u0130l\u00e7e Te\u015fkilat\u0131&#8217;ndan da konfetiler at\u0131ld\u0131.<\/p>\n<p style=\"text-align: justify;\">Grubun Taksim Meydan\u0131&#8217;na ula\u015fmas\u0131n\u0131n ard\u0131ndan, 92 meslek \u00f6rg\u00fct\u00fcn\u00fcn olu\u015fturdu\u011fu G\u00d6P ad\u0131na D\u00f6nem Ba\u015fkan\u0131 Ercan \u0130pek\u00e7i bir a\u00e7\u0131klama yapt\u0131. Hi\u00e7bir fikir ayr\u0131l\u0131\u011f\u0131 g\u00f6zetmeden t\u00fcm yay\u0131n kurulu\u015flar\u0131 ve gazeteciler i\u00e7in topland\u0131klar\u0131n\u0131 ifade eden \u0130pek\u00e7i, gazetecilerin kendi \u00f6zl\u00fck haklar\u0131 i\u00e7in de\u011fil, halk\u0131n haber alma hakk\u0131n\u0131 kullanabilmesi i\u00e7in burada olduklar\u0131n\u0131 s\u00f6yledi.<\/p>\n<p style=\"text-align: justify;\">\u0130pek\u00e7i, gazetecilerin yarg\u0131lanmaktan ve tutuklanmaktan korkmad\u0131klar\u0131n\u0131 vurgulayarak, gazetecilerin halk\u0131n sesinin k\u0131s\u0131lmas\u0131ndan, bilgi edinme hakk\u0131n\u0131n engellenmesinden derin endi\u015fe duyduklar\u0131 i\u00e7in sokaklarda hayk\u0131rd\u0131klar\u0131n\u0131 belirtti.<\/p>\n<p style=\"text-align: justify;\">Halka ger\u00e7ekleri anlatan, ara\u015ft\u0131ran, soran, ele\u015ftiren, meslek ilkelerine uygun nitelikli yay\u0131nc\u0131l\u0131\u011f\u0131n \u00f6n\u00fcndeki engellerin kald\u0131r\u0131lmas\u0131n\u0131 istediklerini vurgulayan \u0130pek\u00e7i, &#8221;Yarg\u0131s\u0131z infazlara, hakaretlere, yalan ve iftiralarla de\u011fil, do\u011frulara, ger\u00e7eklere, ba\u011f\u0131ms\u0131z ve tarafs\u0131z yay\u0131nc\u0131l\u0131\u011fa \u00f6zg\u00fcrl\u00fck istiyoruz&#8221; dedi.<\/p>\n<p style=\"text-align: justify;\">\u0130pek\u00e7i, gazetecilerin g\u00f6revlerinin \u00f6zelli\u011fi itibar\u0131yla her zaman devlet bask\u0131s\u0131na muhatap olduklar\u0131n\u0131 ifade ederek, &#8221;O nedenle gazeteciler, mesleki faaliyetlerini \u00f6zg\u00fcrce yapabilmeleri i\u00e7in, halk\u0131 ger\u00e7ekleri korkmadan anlatabilmeleri i\u00e7in yasalarla \u00f6zel olarak korunmal\u0131d\u0131r. Gazeteciler, yaln\u0131z devlet g\u00fc\u00e7lerinin m\u00fcdahalesine kar\u015f\u0131 de\u011fil, di\u011fer silahl\u0131 \u00f6rg\u00fctlerin ya da \u00e7\u0131kar gruplar\u0131n\u0131n tehditlerine kar\u015f\u0131 da koruma alt\u0131nda olmal\u0131d\u0131r&#8221; diye konu\u015ftu.<\/p>\n<p style=\"text-align: justify;\">\u0130pek\u00e7i, a\u00e7\u0131klamas\u0131na, \u015f\u00f6yle devam etti: &#8221;Gizli ve yasa d\u0131\u015f\u0131 telefon dinlemeleriyle, a\u011f\u0131r ithamlar i\u00e7eren su\u00e7lamalarla, hukuka ayk\u0131r\u0131 arama ve delil toplama faaliyetleriyle, infaza d\u00f6n\u00fc\u015ft\u00fcr\u00fclen tutuklamalarla, yarg\u0131lama s\u00fcrerken kamuoyu g\u00f6z\u00fcnde itibars\u0131zla\u015ft\u0131rma niyetiyle yap\u0131lan bilgi kirlili\u011fiyle yarat\u0131lan korku ortam\u0131nda ne bas\u0131n \u00f6zg\u00fcrl\u00fc\u011f\u00fc kal\u0131r, ne de halk\u0131n ger\u00e7ekleri \u00f6\u011frenme hakk\u0131.&#8221;<\/p>\n<p style=\"text-align: justify;\">Gazetecilerin hala soluk alabildi\u011fi dar bir alan\u0131n mevcut oldu\u011funu dile getiren \u0130pek\u00e7i, ancak bu ko\u015fullar\u0131n devam etmesi halinde nefeslerinin kesilece\u011fini, yazamaz, d\u00fc\u015f\u00fcnemez, d\u00fc\u015f\u00fcnd\u00fc\u011f\u00fcn\u00fc ifade edemez hale geleceklerini s\u00f6yledi.<\/p>\n<p style=\"text-align: justify;\">Gazetecilerin mesleki faaliyetlerinin, kamu otoritelerince tart\u0131\u015f\u0131l\u0131r hale getirilmesinin bir m\u00fcdahale oldu\u011funa i\u015faret eden \u0130pek\u00e7i, &#8221;Bu m\u00fcdahaleleri reddediyoruz. Bu manip\u00fclasyonun bir par\u00e7as\u0131 olmayaca\u011f\u0131z. Kanunlara sayg\u0131l\u0131y\u0131z. Ancak meslek ilkelerine uygun gazetecilik faaliyetlerinin, bu kanunlarla engellenmesine kar\u015f\u0131 yine meslek ilkeleri \u00e7er\u00e7evesinde direnece\u011fimizi ve susmayaca\u011f\u0131m\u0131z\u0131 bir kez daha ilan ediyoruz&#8221; diye konu\u015ftu.<\/p>\n<p style=\"text-align: justify;\">Cezaevlerinde halen 68 bas\u0131n emek\u00e7isinin oldu\u011funa dikkati \u00e7eken \u0130pek\u00e7i, \u015funlar\u0131 kaydetti: &#8221;Sadece 2009 y\u0131l\u0131ndan bug\u00fcne kadar 30 gazeteci cezaevlerinden tahliye edildi. Ancak haklar\u0131ndaki davalar devam ediyor. Son d\u00f6nemlerde en az 98 gazeteci cezaevi ko\u015fullar\u0131n\u0131 g\u00f6rm\u00fc\u015f durumda. Tutuksuz olarak yarg\u0131lanan en az 45 gazeteci hakk\u0131nda verilmi\u015f mahkumiyet kararlar\u0131 var. B\u00fct\u00fcn bunlar dikkate al\u0131nd\u0131\u011f\u0131nda 150&#8217;ye yak\u0131n gazeteci yak\u0131n d\u00f6nemde cezaevine girme tehdidi alt\u0131nda bulunuyor. Ayr\u0131ca \u00e7ok say\u0131da gazeteci ve medya kurulu\u015fu hakk\u0131nda a\u00e7\u0131lm\u0131\u015f 2 binden fazla dava, 4 binden fazla soru\u015fturma devam etmektedir. Bu durum bu \u00fclkeyi y\u00f6netenlerin eseridir. Bu bir utan\u00e7 tablosudur.&#8221;<\/p>\n<p style=\"text-align: justify;\">\u0130pek\u00e7i, konu\u015fmas\u0131n\u0131n sonunda h\u00fck\u00fcmete seslenerek, taleplerini \u015f\u00f6yle s\u0131ralad\u0131:<\/p>\n<p style=\"text-align: justify;\">&#8221;Gazeteciler cezaevlerine her girdi\u011finde tam 67 kere hayk\u0131rd\u0131k. 67 gazetecinin yaratt\u0131\u011f\u0131 dalgalanmaya kar\u015f\u0131 sessiz kald\u0131n\u0131z. Ama 68&#8217;inci dalga sab\u0131rlar\u0131 ta\u015f\u0131ran son darbeyi vurdu. Bu tepkilere kulak t\u0131kayamazs\u0131n\u0131z. Halk\u0131n\u0131z\u0131n sesine kulak verin. Halk\u0131n\u0131z\u0131n demokratik taleplerine kulak verin. Cezaevlerindeki t\u00fcm gazetecileri \u00f6zg\u00fcr b\u0131rak\u0131n. Ceza kanunlar\u0131n\u0131, ceza muhakemesi kanunlar\u0131n\u0131, telefon dinlemelerine olanak vererek haberle\u015fme \u00f6zg\u00fcrl\u00fc\u011f\u00fcn\u00fc ortadan kald\u0131ran kanunlar\u0131, internet eri\u015fimini engellemeye gerek\u00e7e olu\u015fturan kanunlar\u0131 acilen de\u011fi\u015ftirin. Gazetecileri ter\u00f6rist ve ter\u00f6r \u00f6rg\u00fct\u00fc \u00fcyesi ilan etmekten vazge\u00e7in.&#8221;<\/p>\n<p style=\"text-align: justify;\">T\u00fcnel&#8217;de toplanan CHP \u0130stanbul il ve il\u00e7e \u00f6rg\u00fctleri \u00fcyeleri de ta\u015f\u0131d\u0131klar\u0131 &#8221;Hizbullah\u00e7\u0131lar, d\u0131\u015far\u0131da gazeteciler hapiste&#8221; pankartlar\u0131yla birlikte sloganlar atarak Galatasaray Lisesi&#8217;nde grup \u00fcyelerine kat\u0131ld\u0131.<\/p>\n<p style=\"text-align: justify;\">Y\u00fcr\u00fcy\u00fc\u015fe ayr\u0131ca, CHP milletvekilleri Mehmet Sevigen, \u00c7etin Soysal, CHP Parti Meclisi \u00dcyesi Ercan Karaka\u015f, sanat\u00e7\u0131 Arif Sa\u011f, aralar\u0131nda Sedat Ergin, Y\u0131lmaz \u00d6zdil, Ahmet Hakan, Kanat Atkaya, U\u011fur D\u00fcndar, Tufan T\u00fcren\u00e7, Oktay Ek\u015fi&#8217;nin de bulundu\u011fu \u00e7ok say\u0131da gazeteci kat\u0131ld\u0131.<\/p>\n<p style=\"text-align: justify;\"><a href=\"http:\/\/www.gazeteport.com.tr\/GUNCEL\/NEWS\/GP_868486\" target=\"_blank\"><span style=\"color: #888888;\">Kaynak : GAZETEPORT<\/span><\/a><\/p>\n","protected":false},"excerpt":{"rendered":"<p style=\"text-align: center;\">\n<p style=\"text-align: justify;\">Gazetecilere \u00d6zg\u00fcrl\u00fck Platformu (G\u00d6P) D\u00f6nem Ba\u015fkan\u0131 Ercan \u0130pek\u00e7i, son d\u00f6nemlerde en az 98 gazetecinin cezaevi ko\u015fullar\u0131n\u0131 g\u00f6rm\u00fc\u015f durumda oldu\u011funu ve tutuksuz yarg\u0131lanan en az 45 gazeteci hakk\u0131nda verilmi\u015f mahkumiyet kararlar\u0131 bulundu\u011funu belirterek, &#8221;B\u00fct\u00fcn bunlar dikkate al\u0131nd\u0131\u011f\u0131nda 150&#8217;ye yak\u0131n gazeteci yak\u0131n d\u00f6nemde cezaevine girme tehdidi alt\u0131nda bulunuyor&#8221; dedi.<\/p>\n","protected":false},"author":1,"featured_media":0,"comment_status":"open","ping_status":"closed","sticky":false,"template":"","format":"standard","meta":{"footnotes":""},"categories":[105],"tags":[],"class_list":["post-29352","post","type-post","status-publish","format-standard","hentry","category-gundem","odd"],"_links":{"self":[{"href":"http:\/\/www.korhanyilmaz.com\/index.php?rest_route=\/wp\/v2\/posts\/29352","targetHints":{"allow":["GET"]}}],"collection":[{"href":"http:\/\/www.korhanyilmaz.com\/index.php?rest_route=\/wp\/v2\/posts"}],"about":[{"href":"http:\/\/www.korhanyilmaz.com\/index.php?rest_route=\/wp\/v2\/types\/post"}],"author":[{"embeddable":true,"href":"http:\/\/www.korhanyilmaz.com\/index.php?rest_route=\/wp\/v2\/users\/1"}],"replies":[{"embeddable":true,"href":"http:\/\/www.korhanyilmaz.com\/index.php?rest_route=%2Fwp%2Fv2%2Fcomments&post=29352"}],"version-history":[{"count":0,"href":"http:\/\/www.korhanyilmaz.com\/index.php?rest_route=\/wp\/v2\/posts\/29352\/revisions"}],"wp:attachment":[{"href":"http:\/\/www.korhanyilmaz.com\/index.php?rest_route=%2Fwp%2Fv2%2Fmedia&parent=29352"}],"wp:term":[{"taxonomy":"category","embeddable":true,"href":"http:\/\/www.korhanyilmaz.com\/index.php?rest_route=%2Fwp%2Fv2%2Fcategories&post=29352"},{"taxonomy":"post_tag","embeddable":true,"href":"http:\/\/www.korhanyilmaz.com\/index.php?rest_route=%2Fwp%2Fv2%2Ftags&post=29352"}],"curies":[{"name":"wp","href":"https:\/\/api.w.org\/{rel}","templated":true}]}}