{"id":29348,"date":"2011-03-13T12:29:41","date_gmt":"2011-03-13T10:29:41","guid":{"rendered":"http:\/\/www.korhanyilmaz.com\/?p=29348"},"modified":"2011-03-13T12:29:41","modified_gmt":"2011-03-13T10:29:41","slug":"manseti-degistir-fatih","status":"publish","type":"post","link":"http:\/\/www.korhanyilmaz.com\/?p=29348","title":{"rendered":"Man\u015feti de\u011fi\u015ftir Fatih"},"content":{"rendered":"<p style=\"text-align: justify;\"><a href=\"http:\/\/www.korhanyilmaz.com\/wp-content\/uploads\/2011\/03\/191.jpg\"  class=\"lightview\"><img loading=\"lazy\" decoding=\"async\" class=\"aligncenter size-full wp-image-29349\" src=\"http:\/\/www.korhanyilmaz.com\/wp-content\/uploads\/2011\/03\/191.jpg\" alt=\"\" width=\"414\" height=\"221\" \/><\/a><\/p>\n<p style=\"text-align: justify;\">Ba\u015fbakan&#8217;\u0131n &#8216;Man\u015fetine kar\u0131\u015ft\u0131\u011f\u0131m\u0131z gazete var m\u0131?&#8217; sorusu \u00fczerine Fatih Altayl\u0131, Erdo\u011fan&#8217;\u0131n eski dan\u0131\u015fman\u0131 Beki&#8217;nin Sabah&#8217;\u0131n haberine nas\u0131l m\u00fcdahale etti\u011fini yazd\u0131. Beki &#8216;Evet oldu&#8217; dedi.<\/p>\n<p style=\"text-align: justify;\">Ba\u015fbakan Recep Tayyip Erdo\u011fan&#8217;\u0131n &#8220;Sekiz y\u0131ld\u0131r hangi gazetenin man\u015fetine kar\u0131\u015ft\u0131k&#8221; s\u00f6zlerine Habert\u00fcrk Gazetesi Genel Yay\u0131n Y\u00f6netmeni Fatih Altayl\u0131, ba\u015f\u0131ndan ge\u00e7en bir olay\u0131 yazarak yan\u0131t verdi. <!--more--><\/p>\n<p style=\"text-align: justify;\">Taraf gazetesinin haberine g\u00f6re, Altayl\u0131 d\u00f6nemin Ba\u015fbakanl\u0131k S\u00f6zc\u00fcs\u00fc Akif Beki&#8217;nin kendisini arayarak gazetenin man\u015fetine m\u00fcdahale etmek istedi\u011fini yazd\u0131.<\/p>\n<p style=\"text-align: justify;\">Fatih Altayl\u0131, Habert\u00fcrk&#8217;te yay\u0131mlanan d\u00fcnk\u00fc k\u00f6\u015fesinde \u015funlar\u0131 anlatt\u0131: &#8220;Ba\u015fbakan Erdo\u011fan, &#8216;Man\u015fetine kar\u0131\u015ft\u0131\u011f\u0131m\u0131z gazete var m\u0131?&#8217; dedi, gazetelerin man\u015fetlerine kar\u0131\u015fmad\u0131klar\u0131n\u0131 s\u00f6ylemek i\u00e7in.<\/p>\n<p style=\"text-align: justify;\">Kemal K\u0131l\u0131\u00e7daro\u011flu, benim bir yaz\u0131mla yan\u0131t verdi d\u00fcn. &#8216;Fatih Altayl\u0131 yazd\u0131, 21 Nisan 2007&#8217;de. Okuyun&#8217; diyerek.<\/p>\n<p style=\"text-align: justify;\">Hi\u00e7 sevmem b\u00f6yle malzeme olmay\u0131 ama olduk bir kere. Kemal Bey&#8217;in bahsetti\u011fi d\u00f6nemden bahsetmem farz oldu.<\/p>\n<p style=\"text-align: justify;\">1 Nisan 2007&#8217;de TMSF Sabah&#8217;a el koydu. Ben de yarg\u0131 s\u00fcrecinin sonuna kadar \u00e7al\u0131\u015fma arkada\u015flar\u0131mdan ayr\u0131lmamak i\u00e7in istifa etmedim.<\/p>\n<p style=\"text-align: justify;\">Ancak 17 g\u00fcn dayanabildim ve 17 Nisan g\u00fcn\u00fc istifam\u0131 verdim TMSF y\u00f6netimine, hat\u0131rlad\u0131\u011f\u0131m kadar\u0131yla da son yaz\u0131m\u0131 19 Nisan&#8217;da yazd\u0131m.<\/p>\n<p style=\"text-align: justify;\">Kemal K\u0131l\u0131\u00e7daro\u011flu&#8217;nun bahsetti\u011fi olay i\u015fte bu 17 g\u00fcnl\u00fck s\u00fcrecin son g\u00fcnlerinde meydana geldi.<\/p>\n<p style=\"text-align: justify;\">Hat\u0131rlayan hat\u0131rlar, o g\u00fcnlerde Cumhurba\u015fkan\u0131 Ahmet Necdet Sezer Harp Akademileri&#8217;nde iktidar\u0131 hedef alan \u00e7ok a\u011f\u0131r bir konu\u015fma yapt\u0131.<\/p>\n<p style=\"text-align: justify;\">Bu konu\u015fmadan birka\u00e7 g\u00fcn sonra da D\u0131\u015fi\u015fleri Bakan\u0131 Abdullah G\u00fcl, Sezer&#8217;e a\u011f\u0131r bir yan\u0131t verdi.<\/p>\n<p style=\"text-align: justify;\">Yaz\u0131 i\u015fleri toplant\u0131s\u0131nda gazeteyi yap\u0131yoruz. Masan\u0131n etraf\u0131nda 10 ki\u015fi falan var\u0131z, hepsi \u015fahit.<\/p>\n<p style=\"text-align: justify;\">Arayan d\u00f6nemin Ba\u015fbakanl\u0131k S\u00f6zc\u00fcs\u00fc Akif Beki.<\/p>\n<p style=\"text-align: justify;\">Selam sabahtan sonra Beki ricas\u0131n\u0131 iletti. &#8216;Abi&#8217; dedi, &#8216;Bir ricam olacak. Cumhurba\u015fkan\u0131&#8217;n\u0131n s\u00f6zleriin fazla b\u00fcy\u00fctmezseniz memnuz oluruz.&#8217;<\/p>\n<p style=\"text-align: justify;\">&#8216;Akif Cumhurba\u015fkan\u0131 bu kadar sert konu\u015fmu\u015f. Nas\u0131l b\u00fcy\u00fctmeyiz? Man\u015fet yap\u0131yoruz&#8217; dedim.<\/p>\n<p style=\"text-align: justify;\">&#8216;Anl\u0131yorum abi, tabi ki haberi vereceksiniz. Ama Abdullah Bey&#8217;i b\u00fcy\u00fck verip Cumhurba\u015fkan\u0131&#8217;n\u0131 daha k\u00fc\u00e7\u00fck vermenizi rica etsem&#8217; dedi.<\/p>\n<p style=\"text-align: justify;\">&#8216;Akifcim \u00f6yle \u015fey olmaz. Ben b\u00fcy\u00fctmesem b\u00fct\u00fcn gazeteler b\u00fcy\u00fck verecek. Olmaz, yapamam&#8217; dedim.<\/p>\n<p style=\"text-align: justify;\">Bunun \u00fczerine Akif Beki, &#8216;Ertu\u011frul&#8217;la konu\u015ftum. Onlar \u00e7ok b\u00fcy\u00fctmeyecek. Yandan 3 s\u00fctun verecekler. Siz de \u00f6yle yapsan\u0131z&#8217; dedi. Telefonu kapatt\u0131k. Haberi 9 s\u00fctun man\u015fet yapt\u0131k.<\/p>\n<p style=\"text-align: justify;\"><strong>BASKIYI DURDURDULAR<\/strong><\/p>\n<p style=\"text-align: justify;\">Ak\u015fam yemekteyim. Matbaa M\u00fcd\u00fcr\u00fc Selim arad\u0131. &#8216;Fatih Bey, Yavuz Onursal arad\u0131. Bask\u0131y\u0131 durdurttu. Bu man\u015feti de\u011fi\u015ftirmenizi istiyor&#8217; dedi.<\/p>\n<p style=\"text-align: justify;\">Yavuz Onursal dedi\u011fi, TMSF&#8217;nin atad\u0131\u011f\u0131 Medya Grup Ba\u015fkan\u0131.<\/p>\n<p style=\"text-align: justify;\">&#8216;Yavuz&#8217;a s\u00f6yle, bir derdi varsa beni aras\u0131n&#8217; dedim. Aramad\u0131. Matbaa durmu\u015f, gazete d\u00f6nm\u00fcyor.<\/p>\n<p style=\"text-align: justify;\">Ben, Yavuz Onursal&#8217;\u0131 arad\u0131m.<\/p>\n<p style=\"text-align: justify;\">&#8216;O man\u015feti de\u011fi\u015ftireceksiniz&#8217; dedi.<\/p>\n<p style=\"text-align: justify;\">Ben de buraya yazamayaca\u011f\u0131m bir yan\u0131t verdim. Sabah, ertesi g\u00fcn o man\u015fetle \u00e7\u0131kt\u0131.<\/p>\n<p style=\"text-align: justify;\">Ama Akif Beki hakl\u0131yd\u0131. H\u00fcrriyet&#8217;te haber aynen Akif Beki&#8217;nin s\u00f6yledi\u011fi gibi k\u00fc\u00e7\u00fck \u00e7\u0131km\u0131\u015ft\u0131.<\/p>\n<p style=\"text-align: justify;\">Bir y\u0131l iki ay Sabah&#8217;\u0131 y\u00f6nettim. \u0130ki y\u0131l bir ayd\u0131r da Habert\u00fcrk&#8217;\u00fcn ba\u015f\u0131nday\u0131m. Ba\u015f\u0131mdan ge\u00e7en tek olay budur.&#8221;<\/p>\n<p style=\"text-align: justify;\"><strong>BEK\u0130: ONLAR DA BEN\u0130 ARARDI<\/strong><\/p>\n<p style=\"text-align: justify;\">Fatih Altayl\u0131&#8217;n\u0131n yaz\u0131s\u0131ndaki iddialara ili\u015fkin Taraf&#8217;a konu\u015fan Akif Beki ise \u015funlar\u0131 s\u00f6yledi:<\/p>\n<p style=\"text-align: justify;\">&#8220;Buna benzer \u00e7ok olay ya\u015fand\u0131 benim g\u00f6rev d\u00f6nemimde. Ama \u015f\u00f6yle olurdu: Memlekette \u00f6nemli bir siyasi geli\u015fme ya\u015fand\u0131\u011f\u0131nda Ba\u015fbakanl\u0131k&#8217;\u0131n perspektifini almak i\u00e7in yaz\u0131lmak veya yaz\u0131lmamak kayd\u0131yla \u00e7o\u011fu zaman yay\u0131n y\u00f6netmenleri beni arard\u0131. Benim arad\u0131\u011f\u0131m da olurdu.<\/p>\n<p style=\"text-align: justify;\">Fatih Altayl\u0131 da buna dahildir. Ben onlara Ba\u015fbakanl\u0131k&#8217;\u0131n bak\u0131\u015f a\u00e7\u0131s\u0131n\u0131 aktar\u0131rd\u0131m. Gerisi onlar\u0131n takdirine ve tasarrufuna ait kal\u0131rd\u0131.<\/p>\n<p style=\"text-align: justify;\">Ne ben man\u015fetlere m\u00fcdahale anlam\u0131na gelecek buyurgan bir dil kulland\u0131m ne de onlardan biri Fatih&#8217;in aktard\u0131\u011f\u0131 \u015fekilde posta koydu.<\/p>\n<p style=\"text-align: justify;\">Dolay\u0131s\u0131yla Fatih Altayl\u0131&#8217;n\u0131n kendisine fazladan \u015fahsi paye \u00e7\u0131kard\u0131\u011f\u0131 yaz\u0131s\u0131n\u0131 fazla ciddiye almaman\u0131z\u0131 \u00f6neririm.&#8221;<\/p>\n<p style=\"text-align: justify;\"><strong>G\u00d6REVDEN ALINMASINI DURDURDUM<\/strong><\/p>\n<p style=\"text-align: justify;\">Altayl\u0131&#8217;n\u0131n TMSF&#8217;nin Sabah gazetesine el koymas\u0131ndan 17 g\u00fcn sonra g\u00f6revinden istifa etti\u011fini anlatmas\u0131na ili\u015fkin de konu\u015fan Beki, &#8220;O istifa etmedi benim bildi\u011fim kadar\u0131yla. TMSF y\u00f6netimi onu g\u00f6revinden al\u0131rd\u0131, o da m\u00fcdahale etmem i\u00e7in beni arard\u0131. Ben de devreye girer durdururdum. Son g\u00f6revden almam ger\u00e7ekle\u015finceye kadar b\u00f6yle oldu&#8221; dedi.<\/p>\n<p style=\"text-align: justify;\"><a href=\"http:\/\/www.gazeteport.com.tr\/GUNCEL\/NEWS\/GP_868463\" target=\"_blank\"><span style=\"color: #888888;\">Kaynak : GAZETEPORT<\/span><\/a><\/p>\n","protected":false},"excerpt":{"rendered":"<p style=\"text-align: justify;\">\n<p style=\"text-align: justify;\">Ba\u015fbakan&#8217;\u0131n &#8216;Man\u015fetine kar\u0131\u015ft\u0131\u011f\u0131m\u0131z gazete var m\u0131?&#8217; sorusu \u00fczerine Fatih Altayl\u0131, Erdo\u011fan&#8217;\u0131n eski dan\u0131\u015fman\u0131 Beki&#8217;nin Sabah&#8217;\u0131n haberine nas\u0131l m\u00fcdahale etti\u011fini yazd\u0131. Beki &#8216;Evet oldu&#8217; dedi.<\/p>\n<p style=\"text-align: justify;\">Ba\u015fbakan Recep Tayyip Erdo\u011fan&#8217;\u0131n &#8220;Sekiz y\u0131ld\u0131r hangi gazetenin man\u015fetine kar\u0131\u015ft\u0131k&#8221; s\u00f6zlerine Habert\u00fcrk Gazetesi Genel Yay\u0131n Y\u00f6netmeni Fatih Altayl\u0131, ba\u015f\u0131ndan ge\u00e7en bir olay\u0131 yazarak yan\u0131t <\/p>\n","protected":false},"author":1,"featured_media":0,"comment_status":"open","ping_status":"closed","sticky":false,"template":"","format":"standard","meta":{"footnotes":""},"categories":[105],"tags":[],"class_list":["post-29348","post","type-post","status-publish","format-standard","hentry","category-gundem","odd"],"_links":{"self":[{"href":"http:\/\/www.korhanyilmaz.com\/index.php?rest_route=\/wp\/v2\/posts\/29348","targetHints":{"allow":["GET"]}}],"collection":[{"href":"http:\/\/www.korhanyilmaz.com\/index.php?rest_route=\/wp\/v2\/posts"}],"about":[{"href":"http:\/\/www.korhanyilmaz.com\/index.php?rest_route=\/wp\/v2\/types\/post"}],"author":[{"embeddable":true,"href":"http:\/\/www.korhanyilmaz.com\/index.php?rest_route=\/wp\/v2\/users\/1"}],"replies":[{"embeddable":true,"href":"http:\/\/www.korhanyilmaz.com\/index.php?rest_route=%2Fwp%2Fv2%2Fcomments&post=29348"}],"version-history":[{"count":0,"href":"http:\/\/www.korhanyilmaz.com\/index.php?rest_route=\/wp\/v2\/posts\/29348\/revisions"}],"wp:attachment":[{"href":"http:\/\/www.korhanyilmaz.com\/index.php?rest_route=%2Fwp%2Fv2%2Fmedia&parent=29348"}],"wp:term":[{"taxonomy":"category","embeddable":true,"href":"http:\/\/www.korhanyilmaz.com\/index.php?rest_route=%2Fwp%2Fv2%2Fcategories&post=29348"},{"taxonomy":"post_tag","embeddable":true,"href":"http:\/\/www.korhanyilmaz.com\/index.php?rest_route=%2Fwp%2Fv2%2Ftags&post=29348"}],"curies":[{"name":"wp","href":"https:\/\/api.w.org\/{rel}","templated":true}]}}