{"id":29345,"date":"2011-03-13T00:31:53","date_gmt":"2011-03-12T22:31:53","guid":{"rendered":"http:\/\/www.korhanyilmaz.com\/?p=29345"},"modified":"2011-03-13T00:31:53","modified_gmt":"2011-03-12T22:31:53","slug":"2-numarayi-deviren-adam-chp-adayi","status":"publish","type":"post","link":"http:\/\/www.korhanyilmaz.com\/?p=29345","title":{"rendered":"2 numaray\u0131 deviren adam CHP aday\u0131&#8230;"},"content":{"rendered":"<p style=\"text-align: center;\"><a href=\"http:\/\/www.korhanyilmaz.com\/wp-content\/uploads\/2011\/03\/190.jpg\"  class=\"lightview\"><img loading=\"lazy\" decoding=\"async\" class=\"aligncenter size-full wp-image-29346\" src=\"http:\/\/www.korhanyilmaz.com\/wp-content\/uploads\/2011\/03\/190.jpg\" alt=\"\" width=\"420\" height=\"210\" \/><\/a><\/p>\n<p style=\"text-align: justify;\">AK Partili Dengir Mir Mehmet F\u0131rat hakk\u0131nda \u2018\u2019Hayali ihracat\u2019\u2019 raporu haz\u0131rlayan G\u00fcmr\u00fck Ba\u015fkontrol\u00f6r\u00fc Bayram \u00c7olak, CHP\u2019den milletvekili aday\u0131 oldu. \u00c7olak\u2019\u0131n raporu K\u0131l\u0131\u00e7daro\u011flu taraf\u0131ndan a\u00e7\u0131klanm\u0131\u015f ve F\u0131rat Genel Ba\u015fkan yard\u0131mc\u0131l\u0131\u011f\u0131 g\u00f6revinden ayr\u0131lm\u0131\u015ft\u0131. <!--more--><\/p>\n<p style=\"text-align: justify;\">AK Partili Dengir Mir Mehmet F\u0131rat\u2019\u0131n orta\u011f\u0131 oldu\u011fu Menas \u015firketi hakk\u0131nda \u2018\u2018Hayali ihracat\u2019\u2019 su\u00e7lamas\u0131nda bulunarak, rapor haz\u0131rlayan G\u00fcmr\u00fck M\u00fcste\u015farl\u0131\u011f\u0131 Ba\u015fkontrol\u00f6r\u00fc Bayram \u00c7olak CHP\u2019den milletvekili aday\u0131 oldu. \u00c7olak\u2019\u0131n raporu CHP lideri Kemal K\u0131l\u0131\u00e7daro\u011flu taraf\u0131ndan a\u00e7\u0131klanm\u0131\u015f ve F\u0131rat Genel Ba\u015fkan yard\u0131mc\u0131l\u0131\u011f\u0131 g\u00f6revinden ayr\u0131lm\u0131\u015ft\u0131.<\/p>\n<p style=\"text-align: justify;\">\u00c7olak, K\u0131l\u0131\u00e7daro\u011flu&#8217;nun siyasetteki y\u0131ld\u0131z\u0131n\u0131 parlatan b\u00fcrokrat oldu. K\u0131l\u0131\u00e7daro\u011flu, grup ba\u015fkan vekili oldu\u011fu 2007\u2019de AK Parti Genel Ba\u015fkan Yard\u0131mc\u0131s\u0131 Dengir Mir Mehmet F\u0131rat&#8217;\u0131n Menas adl\u0131 \u015firketini \u2019Uluslararas\u0131 organizasyonla hayali ihracat yapmak, kamu kurumlar\u0131na ait sahte m\u00fch\u00fcrler kullanmak ve kamu g\u00f6revlileri yerine sahte imza atmak\u2019 ile su\u00e7lam\u0131\u015ft\u0131.<\/p>\n<p style=\"text-align: justify;\"><strong>U\u011eUR D\u00dcNDAR\u2019LI D\u00dcELLO<\/strong><\/p>\n<p style=\"text-align: justify;\">K\u0131l\u0131\u00e7daro\u011flu ile F\u0131rat, U\u011fur D\u00fcndar y\u00f6netimindeki a\u00e7\u0131k oturumda kozlar\u0131n\u0131 payla\u015ft\u0131. K\u0131l\u0131\u00e7daro\u011flu bu d\u00fcello s\u0131ras\u0131nda Ba\u015fkontrol\u00f6r Bayram \u00c7olak\u2019\u0131n Mersin Cumhuriyet Savc\u0131l\u0131\u011f\u0131\u2019na g\u00f6nderdi\u011fi raporu a\u00e7\u0131klam\u0131\u015ft\u0131. Raporda, firman\u0131n T\u00fcrk g\u00fcmr\u00fc\u011f\u00fc ve Ukrayna g\u00fcmr\u00fc\u011f\u00fcne verdi\u011fi faturalar aras\u0131nda \u2018\u2019K\u0131ymet fark\u0131\u2019\u2019 bulundu\u011fu, m\u00fch\u00fcrler ile kamu g\u00f6revlilerinin imzalar\u0131n\u0131n da sahte oldu\u011fu vurgulanm\u0131\u015ft\u0131.<\/p>\n<p style=\"text-align: justify;\">F\u0131rat ise, raporun kas\u0131tl\u0131 yaz\u0131ld\u0131\u011f\u0131n\u0131 savunarak \u2018\u2019Raporu yazan ki\u015fi ge\u00e7mi\u015fte CHP\u2019nin Diyarbak\u0131r milletvekili aday\u0131 olmu\u015ftu. \u015eirketteki g\u00f6revimden ayr\u0131ld\u0131m ortakl\u0131\u011f\u0131m s\u00fcr\u00fcyor. Ortada al\u0131nm\u0131\u015f bir KDV iadesi yok\u2019\u2019 demi\u015fti. Bir s\u00fcre sonra da Genel Ba\u015fkan yard\u0131mc\u0131l\u0131\u011f\u0131 g\u00f6revinden ayr\u0131lm\u0131\u015ft\u0131.<\/p>\n<p style=\"text-align: justify;\"><a href=\"http:\/\/www.gazeteport.com.tr\/SIYASET\/NEWS\/GP_868307\" target=\"_blank\"><span style=\"color: #888888;\">Kaynak : GAZETEPORT<\/span><\/a><\/p>\n","protected":false},"excerpt":{"rendered":"<p style=\"text-align: center;\">\n<p style=\"text-align: justify;\">AK Partili Dengir Mir Mehmet F\u0131rat hakk\u0131nda \u2018\u2019Hayali ihracat\u2019\u2019 raporu haz\u0131rlayan G\u00fcmr\u00fck Ba\u015fkontrol\u00f6r\u00fc Bayram \u00c7olak, CHP\u2019den milletvekili aday\u0131 oldu. \u00c7olak\u2019\u0131n raporu K\u0131l\u0131\u00e7daro\u011flu taraf\u0131ndan a\u00e7\u0131klanm\u0131\u015f ve F\u0131rat Genel Ba\u015fkan yard\u0131mc\u0131l\u0131\u011f\u0131 g\u00f6revinden ayr\u0131lm\u0131\u015ft\u0131. <\/p>\n","protected":false},"author":1,"featured_media":0,"comment_status":"open","ping_status":"closed","sticky":false,"template":"","format":"standard","meta":{"footnotes":""},"categories":[105],"tags":[],"class_list":["post-29345","post","type-post","status-publish","format-standard","hentry","category-gundem","odd"],"_links":{"self":[{"href":"http:\/\/www.korhanyilmaz.com\/index.php?rest_route=\/wp\/v2\/posts\/29345","targetHints":{"allow":["GET"]}}],"collection":[{"href":"http:\/\/www.korhanyilmaz.com\/index.php?rest_route=\/wp\/v2\/posts"}],"about":[{"href":"http:\/\/www.korhanyilmaz.com\/index.php?rest_route=\/wp\/v2\/types\/post"}],"author":[{"embeddable":true,"href":"http:\/\/www.korhanyilmaz.com\/index.php?rest_route=\/wp\/v2\/users\/1"}],"replies":[{"embeddable":true,"href":"http:\/\/www.korhanyilmaz.com\/index.php?rest_route=%2Fwp%2Fv2%2Fcomments&post=29345"}],"version-history":[{"count":0,"href":"http:\/\/www.korhanyilmaz.com\/index.php?rest_route=\/wp\/v2\/posts\/29345\/revisions"}],"wp:attachment":[{"href":"http:\/\/www.korhanyilmaz.com\/index.php?rest_route=%2Fwp%2Fv2%2Fmedia&parent=29345"}],"wp:term":[{"taxonomy":"category","embeddable":true,"href":"http:\/\/www.korhanyilmaz.com\/index.php?rest_route=%2Fwp%2Fv2%2Fcategories&post=29345"},{"taxonomy":"post_tag","embeddable":true,"href":"http:\/\/www.korhanyilmaz.com\/index.php?rest_route=%2Fwp%2Fv2%2Ftags&post=29345"}],"curies":[{"name":"wp","href":"https:\/\/api.w.org\/{rel}","templated":true}]}}