{"id":29325,"date":"2011-03-13T00:32:22","date_gmt":"2011-03-12T22:32:22","guid":{"rendered":"http:\/\/www.korhanyilmaz.com\/?p=29325"},"modified":"2011-03-13T00:32:22","modified_gmt":"2011-03-12T22:32:22","slug":"cerkesler-anadilde-egitim-ve-tv-istedi","status":"publish","type":"post","link":"http:\/\/www.korhanyilmaz.com\/?p=29325","title":{"rendered":"\u00c7erkesler anadilde e\u011fitim ve TV istedi"},"content":{"rendered":"<p style=\"text-align: center;\"><a href=\"http:\/\/www.korhanyilmaz.com\/wp-content\/uploads\/2011\/03\/181.jpg\"  class=\"lightview\"><img loading=\"lazy\" decoding=\"async\" class=\"aligncenter size-full wp-image-29326\" src=\"http:\/\/www.korhanyilmaz.com\/wp-content\/uploads\/2011\/03\/181.jpg\" alt=\"\" width=\"414\" height=\"219\" \/><\/a><\/p>\n<p style=\"text-align: justify;\">\u00c7erkesler ilk kez meydanlara indi. At \u00fczerinde g\u00f6steri yap\u0131p, ana dilde e\u011fitim ve TV kanal\u0131 istediler.<\/p>\n<p style=\"text-align: justify;\">ANKARA- \u00c7erkes Haklar\u0131 \u0130nisiyatifi taraf\u0131ndan d\u00fczenlenen mitingde g\u00f6stericiler Ankara sokaklar\u0131nda at \u00fczerinde y\u00fcr\u00fcy\u00fc\u015f yapt\u0131. \u0130lk defa alanlara inen \u00c7erkesler, \u201cT\u00fcrkiye\u2019de K\u00fcrtlerden sonra en kalabal\u0131k etnik n\u00fcfus bizde. Ba\u015fbakan Erdo\u011fan\u2019dan \u00c7erkes kimli\u011fini tan\u0131yoruz a\u00e7\u0131klamas\u0131 bekliyoruz\u201d dediler. <!--more--><\/p>\n<p style=\"text-align: justify;\">Anadilde e\u011fitim hakk\u0131 da isteyen \u00c7erkesler, \u201cCumhuriyet kurulmadan \u00f6nce T\u00fcrkiyeli \u00c7erkeslerin \u00c7erkesce e\u011fitim veren okullar\u0131 ve \u00c7erkesce yay\u0131nlanan gazeteleri vard\u0131\u201d dediler. Devlet imkanlar\u0131yla \u00c7erkes dilinin \u00f6\u011fretim ve e\u011fitimi ile, 24 saat \u00c7erkes dilinde yay\u0131n yapan radyo ve TV kanal\u0131 kurulmas\u0131 da istendi.<\/p>\n\n<p style=\"text-align: justify;\"><strong>&#8220;AS\u0130M\u0130LASYON PRANGASINI S\u00d6K\u00dcYORUZ&#8221;<\/strong><\/p>\n<p style=\"text-align: justify;\">T\u00fcrkiye\u2019nin d\u00f6rt bir yan\u0131nda gelerek Abdi \u0130pek\u00e7i Park\u0131\u2019nda toplanan g\u00f6stericilere di\u011fer Kafkas kavimleri de destek verdi. \u0130lk kez meydanlara \u00e7\u0131kan ve taleplerini dille getiren grup \u201c\u00c7erkes Haklar\u0131 Y\u00fcr\u00fcy\u00fc\u015f\u00fc\u201d de yapt\u0131. Y\u00fcr\u00fcy\u00fc\u015f sonras\u0131 \u2018\u2018Art\u0131k aya\u011f\u0131m\u0131za ba\u011flanan asimilasyon prangas\u0131n\u0131 s\u00f6k\u00fcp at\u0131yor, dilimizi, k\u00fclt\u00fcr\u00fcm\u00fcz\u00fc, kimli\u011fimizi korumak ve geli\u015ftirmek i\u00e7in ne gerekiyorsa yapaca\u011f\u0131m\u0131z\u0131 belirtiyoruz\u201d a\u00e7\u0131klamas\u0131 yap\u0131ld\u0131.<\/p>\n<p style=\"text-align: justify;\">T\u00fcrkiye\u2019de Kafkasya k\u00f6kenli olan ve \u00c7erkes ad\u0131 verilen etnik yap\u0131 i\u00e7inde, Adige, Abhaz, Abaza, \u00c7e\u00e7en, Oset, Da\u011f\u0131stanl\u0131, Kara\u00e7ay, gibi alt kimlikler de bulunuyor. Cerkes k\u00f6kenli \u00fcnl\u00fcler aras\u0131nda, eski Cumhurba\u015fkanlar\u0131 Fahri Korut\u00fcrk ve Ahmet Necdet Sezer, CHP eski lideri, Deniz Baykal, T\u00fcrkiye Partisi Genel Ba\u015fkan\u0131 Abd\u00fcllatif \u015eener, Genelkurmay eski Ba\u015fkan\u0131 Do\u011fan G\u00fcre\u015f, futbolcu Can Bartu, sanat\u00e7\u0131lar T\u00fcrkan \u015eoray, Deniz Akkaya,  Derya Arba\u015f, Ediz Hun, Kenan I\u015f\u0131k, Mehmet Aslantu\u011f, Meltem Cumbul, Rutkay Aziz de bulunuyor.<\/p>\n<p style=\"text-align: justify;\"><a href=\"http:\/\/www.gazeteport.com.tr\/GUNCEL\/NEWS\/GP_868299\" target=\"_blank\"><span style=\"color: #888888;\">Kaynak : Yavuz ALATAN &#8211; GAZETEPORT<\/span><\/a><\/p>\n","protected":false},"excerpt":{"rendered":"<p style=\"text-align: center;\">\n<p style=\"text-align: justify;\">\u00c7erkesler ilk kez meydanlara indi. At \u00fczerinde g\u00f6steri yap\u0131p, ana dilde e\u011fitim ve TV kanal\u0131 istediler.<\/p>\n<p style=\"text-align: justify;\">ANKARA- \u00c7erkes Haklar\u0131 \u0130nisiyatifi taraf\u0131ndan d\u00fczenlenen mitingde g\u00f6stericiler Ankara sokaklar\u0131nda at \u00fczerinde y\u00fcr\u00fcy\u00fc\u015f yapt\u0131. \u0130lk defa alanlara inen \u00c7erkesler, \u201cT\u00fcrkiye\u2019de K\u00fcrtlerden sonra en kalabal\u0131k etnik n\u00fcfus bizde. Ba\u015fbakan Erdo\u011fan\u2019dan \u00c7erkes kimli\u011fini tan\u0131yoruz <\/p>\n","protected":false},"author":1,"featured_media":0,"comment_status":"open","ping_status":"closed","sticky":false,"template":"","format":"standard","meta":{"footnotes":""},"categories":[105],"tags":[],"class_list":["post-29325","post","type-post","status-publish","format-standard","hentry","category-gundem","odd"],"_links":{"self":[{"href":"http:\/\/www.korhanyilmaz.com\/index.php?rest_route=\/wp\/v2\/posts\/29325","targetHints":{"allow":["GET"]}}],"collection":[{"href":"http:\/\/www.korhanyilmaz.com\/index.php?rest_route=\/wp\/v2\/posts"}],"about":[{"href":"http:\/\/www.korhanyilmaz.com\/index.php?rest_route=\/wp\/v2\/types\/post"}],"author":[{"embeddable":true,"href":"http:\/\/www.korhanyilmaz.com\/index.php?rest_route=\/wp\/v2\/users\/1"}],"replies":[{"embeddable":true,"href":"http:\/\/www.korhanyilmaz.com\/index.php?rest_route=%2Fwp%2Fv2%2Fcomments&post=29325"}],"version-history":[{"count":0,"href":"http:\/\/www.korhanyilmaz.com\/index.php?rest_route=\/wp\/v2\/posts\/29325\/revisions"}],"wp:attachment":[{"href":"http:\/\/www.korhanyilmaz.com\/index.php?rest_route=%2Fwp%2Fv2%2Fmedia&parent=29325"}],"wp:term":[{"taxonomy":"category","embeddable":true,"href":"http:\/\/www.korhanyilmaz.com\/index.php?rest_route=%2Fwp%2Fv2%2Fcategories&post=29325"},{"taxonomy":"post_tag","embeddable":true,"href":"http:\/\/www.korhanyilmaz.com\/index.php?rest_route=%2Fwp%2Fv2%2Ftags&post=29325"}],"curies":[{"name":"wp","href":"https:\/\/api.w.org\/{rel}","templated":true}]}}