{"id":29320,"date":"2011-03-12T14:45:44","date_gmt":"2011-03-12T12:45:44","guid":{"rendered":"http:\/\/www.korhanyilmaz.com\/?p=29320"},"modified":"2011-03-12T14:45:44","modified_gmt":"2011-03-12T12:45:44","slug":"kilicdaroglundan-askerlik-mujdesi","status":"publish","type":"post","link":"http:\/\/www.korhanyilmaz.com\/?p=29320","title":{"rendered":"K\u0131l\u0131\u00e7daro\u011flu&#8217;ndan askerlik m\u00fcjdesi"},"content":{"rendered":"<p style=\"text-align: center;\"><a href=\"http:\/\/www.korhanyilmaz.com\/wp-content\/uploads\/2011\/03\/180.jpg\"  class=\"lightview\"><img loading=\"lazy\" decoding=\"async\" class=\"aligncenter size-full wp-image-29321\" src=\"http:\/\/www.korhanyilmaz.com\/wp-content\/uploads\/2011\/03\/180.jpg\" alt=\"\" width=\"322\" height=\"241\" \/><\/a><\/p>\n<p style=\"text-align: justify;\">CHP, bedelli askerlik i\u00e7in yasa teklifi vermeye haz\u0131rlan\u0131yor. A\u00e7\u0131klamay\u0131 yapan CHP lideri Kemal K\u0131l\u0131\u00e7daro\u011flu ayr\u0131ca iktidara gelmeleri durumunda ordunun profesyonelle\u015ftirip k\u00fc\u00e7\u00fclt\u00fclece\u011fini ve \u00fcniversiteli gen\u00e7lerin isterlerse yaz tatillerinde askerlik yapabileceklerini anlatt\u0131.<!--more--><\/p>\n<p style=\"text-align: justify;\">\u0130stanbul- CHP Genel Ba\u015fkan\u0131 Kemal K\u0131l\u0131\u00e7daro\u011flu, partisince Ahmet Taner K\u0131\u015flal\u0131 Spor Salonu&#8217;nda d\u00fczenlenecek geni\u015fletilmi\u015f il ba\u015fkanlar\u0131 toplant\u0131s\u0131nda konu\u015ftu.<\/p>\n<p style=\"text-align: justify;\">\u0130\u015fte K\u0131l\u0131\u00e7daro\u011flu&#8217;nun konu\u015fmas\u0131ndan sat\u0131r ba\u015flar\u0131:<\/p>\n<p style=\"text-align: justify;\">-Ac\u0131lar\u0131 y\u00fcre\u011fimizde unutmas\u0131nlar diyoruz. Vefakar s\u00f6zc\u00fc\u011f\u00fcn\u00fcn i\u00e7inde biraz h\u00fcz\u00fcn var. Art\u0131k i\u00e7imizdeki h\u00fczn\u00fcm\u00fcz\u00fc d\u0131\u015far\u0131 \u00e7\u0131karmam\u0131z laz\u0131m. B\u00fct\u00fcn her \u015feyi tak tak s\u00f6yleyebilen bir duru\u015f i\u00e7erisinde olmal\u0131y\u0131z. Hedefimiz \u00e7\u00f6z\u00fcm, mazeret \u00fcretmeyece\u011fiz. Se\u00e7imlere az kald\u0131. En haz\u0131rl\u0131kl\u0131 parti biziz. &#8220;T\u00fcrkiye \u00e7ok iyi y\u00f6netiliyor&#8221; diye ba\u011f\u0131r\u0131yorlar inanmay\u0131n. Sizin inanaca\u011f\u0131n\u0131z d\u0131\u015far\u0131daki esnaf, yan\u0131n\u0131zdaki kom\u015fu. Hayat\u0131n\u0131zdan memnun musunuz? Herkes bir aray\u0131\u015f i\u00e7erisinde, kimse hayat\u0131ndan memnun de\u011fil. \u00dc\u00e7 Y ile iktidara geldiler. Yoksulluk, yolsuzluk, yasaklar bitecekti. Bitti mi? Yolsuzluklar\u0131n adresi neresi? AKP. Yurtta\u015f telefonla bile konu\u015fam\u0131yor. Korkunun adresi neresi AKP.<\/p>\n<p style=\"text-align: justify;\">-Unutmay\u0131n korkunun ecele faydas\u0131 yok. O g\u00fcne\u015fi bir g\u00fcn do\u011furaca\u011f\u0131z biz.<\/p>\n<p style=\"text-align: justify;\">-Bunlar iktidara geldiklerinde devletin borcu 148 milyar dolar. 2010&#8217;da devletin borcu 306 milyar dolara \u00e7\u0131km\u0131\u015f. Y\u00fczde y\u00fcz\u00fcn \u00fczerinde art\u0131\u015f var. \u00d6nce kad\u0131nlardan ba\u015flayal\u0131m kad\u0131n karde\u015flerimizden. B\u00fct\u00fcn kad\u0131n karde\u015flerimiz \u015funu unutmas\u0131nlar. Onlara se\u00e7me ve se\u00e7ilme hakk\u0131n\u0131 veren il parti CHP&#8217;dir. Kad\u0131n karde\u015flerimiz oy kullan\u0131yorsa se\u00e7ime kat\u0131l\u0131yorlarsa bu olana\u011f\u0131 onlara CHP sa\u011flam\u0131\u015ft\u0131r. Onlar\u0131n evi CHP&#8217;dir. CHP \u015fimdi onlara ekonomik gelir de verecek.<\/p>\n<p style=\"text-align: justify;\">-Her ailenin geliri en az 600 lira olacak. Kad\u0131nda memur gibi \u00e7al\u0131\u015fan gibi her ay gidip maa\u015f\u0131n\u0131 alacak. Paray\u0131 nereden bulacaks\u0131n diyor. Kay\u0131p yoksul var onun hesab\u0131n\u0131 da bilmiyorsunuz diyor.<\/p>\n<p style=\"text-align: justify;\">-\u0130tirafa bak. Yoksul say\u0131s\u0131n\u0131 gizliyorsun. Biz \u00e7\u00f6z\u00fcm \u00fcretiyoruz. Bundan utanmas\u0131 gereken sensin. \u0130\u015fsizli\u011fi de yoksullu\u011fu da yenece\u011fiz. Biz \u00e7\u00f6z\u00fcm \u00fcretece\u011fiz. Bizi ele\u015ftirdiler ayaklar\u0131 yere basm\u0131yor dediler. Aile sigortas\u0131n\u0131 uzun s\u00fcredir \u00e7al\u0131\u015f\u0131yoruz. Biz hesaba \u015fmyle ba\u015flad\u0131k. 14 kurulu\u015f yard\u0131m yap\u0131yor. Bu 14 kurulu\u015fun b\u00fct\u00e7esini onlar bilmez biz biliriz. &#8220;Biz de yard\u0131m yap\u0131yoruz&#8221; diyorlar. Senin yapt\u0131\u011f\u0131n yard\u0131m insanl\u0131kla ba\u011fda\u015fm\u0131yor. Sa\u011f elin verdi\u011fi sol el g\u00f6rmez bizim kitab\u0131m\u0131zda bu yazmaz. Kad\u0131nlar o kadar g\u00fc\u00e7l\u00fc olacak ki. Erkek sabah kalkt\u0131\u011f\u0131nda &#8220;han\u0131m bana para verir misin kahvede \u00e7ay i\u00e7ece\u011fim&#8221; diyecek.<\/p>\n<p style=\"text-align: justify;\">-Emeklilerden en \u00e7ok bahseden genel ba\u015fkan benim. Onlar\u0131 en \u00e7ok d\u00fc\u015f\u00fcnen benim. Emekliler i\u00e7in \u00e7\u00f6z\u00fcm\u00fcm\u00fcz var. Emekli milli gelir art\u0131\u015f\u0131ndan pay alacak ve birinci s\u0131n\u0131f vatanda\u015f olacak. Biz bu \u00fclkenin birinci s\u0131n\u0131f vatanda\u015f\u0131y\u0131z diyorsan\u0131z s\u0131rt\u0131n\u0131z\u0131 AKP&#8217; ye d\u00f6n\u00fcn. B\u00fct\u00fcn CHP&#8217;nin \u00f6n\u00fcnde s\u00f6yl\u00fcyorum ve s\u00f6z veriyorum. Sosyal sigortalar destek primini kald\u0131raca\u011f\u0131z.<\/p>\n<p style=\"text-align: justify;\">-Mardin&#8217;e gitti\u011fimiz g\u00fcn bir sendika kad\u0131nlar\u0131 \u00e7a\u011f\u0131rm\u0131\u015f, Ba\u015fbakan&#8217;\u0131 da \u00e7a\u011f\u0131rm\u0131\u015f. Ben o sendikac\u0131y\u0131 \u00e7ok merak ediyorum. Kad\u0131n erkek e\u015fit de\u011fildir diyen birini oraya \u00e7a\u011f\u0131r\u0131p ne anlatt\u0131rd\u0131 acaba orada. O sendikac\u0131ya sormak isterim ka\u00e7 i\u015f\u00e7inin eme\u011fi s\u00f6m\u00fcr\u00fcl\u00fcyor haberin var m\u0131? Ba\u015fbakan&#8217;\u0131 \u00e7a\u011f\u0131r\u0131yorlar, bir de ka\u011f\u0131t da\u011f\u0131t\u0131yorlar \u015furada \u015fu slogan\u0131 at\u0131n diye. Sendikac\u0131 yalaka olmaz, sendikac\u0131 dedi\u011fin y\u00fcrekli olur.<\/p>\n<p style=\"text-align: justify;\">-Ba\u015fbakan&#8217;\u0131 \u00e7a\u011f\u0131r yalakal\u0131k yap. Onun ad\u0131 belli liteat\u00fcrde belli &#8220;Sar\u0131 sendikac\u0131&#8221;. Bir ba\u015fbakan neden hapishane vaat eder. \u00d6zg\u00fcrl\u00fck varken neden hapishane vaat eder. \u00c7\u00fcnk\u00fc kafas\u0131nda o var. Herkesi hapishaneye t\u0131kmak niyeti. Zaten sayende \u00fclke hapishaneye d\u00f6nd\u00fc. Elimizde sihirlik de\u011fnek yok. Hemen geldik yar\u0131n i\u015fsizli\u011fi \u00e7\u00f6zece\u011fiz diye bir \u015fey yok. Kimseyi kand\u0131rm\u0131yoruz. \u0130\u015fsizli\u011fi \u00e7\u00f6zece\u011fiz. Hesaplarla, zamanla. Tutarl\u0131 projelerle\u2026<\/p>\n<p style=\"text-align: justify;\">-Mardin&#8217;e gitti\u011fimiz g\u00fcn bir sendika kad\u0131nlar\u0131 \u00e7a\u011f\u0131rm\u0131\u015f, Ba\u015fbakan&#8217;\u0131 da \u00e7a\u011f\u0131rm\u0131\u015f. Ben o sendikac\u0131y\u0131 \u00e7ok merak ediyorum. Kad\u0131n erkek e\u015fit de\u011fildir diyen birini oraya \u00e7a\u011f\u0131r\u0131p ne anlatt\u0131rd\u0131 acaba orada. O sendikac\u0131ya sormak isterim ka\u00e7 i\u015f\u00e7inin eme\u011fi s\u00f6m\u00fcr\u00fcl\u00fcyor haberin var m\u0131? Ba\u015fbakan&#8217;\u0131 \u00e7a\u011f\u0131r\u0131yorlar, bir de ka\u011f\u0131t da\u011f\u0131t\u0131yorlar \u015furada \u015fu slogan\u0131 at\u0131n diye. Sendikac\u0131 yalaka olmaz, sendikac\u0131 dedi\u011fin y\u00fcrekli olur.<\/p>\n<p style=\"text-align: justify;\">-Ba\u015fbakan&#8217;\u0131 \u00e7a\u011f\u0131r yalakal\u0131k yap. Onun ad\u0131 belli liteat\u00fcrde belli &#8220;Sar\u0131 sendikac\u0131&#8221;. Bir ba\u015fbakan neden hapishane vaat eder. \u00d6zg\u00fcrl\u00fck varken neden hapishane vaat eder. \u00c7\u00fcnk\u00fc kafas\u0131nda o var. Herkesi hapishaneye t\u0131kmak niyeti. Zaten sayende \u00fclke hapishaneye d\u00f6nd\u00fc. Elimizde sihirlik de\u011fnek yok. Hemen geldik yar\u0131n i\u015fsizli\u011fi \u00e7\u00f6zece\u011fiz diye bir \u015fey yok. Kimseyi kand\u0131rm\u0131yoruz. \u0130\u015fsizli\u011fi \u00e7\u00f6zece\u011fiz. Hesaplarla, zamanla. Tutarl\u0131 projelerle\u2026<\/p>\n<p style=\"text-align: justify;\">-1 defaya mahsus olarak bedelli askeri kanun tasar\u0131s\u0131n\u0131 verece\u011fiz. Askerlik s\u00fcresini 9 aya indirece\u011fiz, a\u015famal\u0131 olarak 6 aya indirece\u011fiz. Daha profesyonel ordu olacak. \u00c7ocuklar\u0131m\u0131z okurken askerlik yapabilecek. Mezun olduklar\u0131nda i\u015fleri haz\u0131r olacak. Arzu edenlere 18 ya\u015f\u0131nda askerli\u011fini yapt\u0131raca\u011f\u0131z. Gitsin gelsin askere. \u00c7ocu\u011funuz \u00fcniversitede okurken yaz tatillerinde gidecek askerli\u011fini yapacak mezun olunca da askerli\u011fi bitmi\u015f olacak. Arzu eden de erkenden yapacak. Orduyu ter\u00f6rle m\u00fccadelenin d\u0131\u015f\u0131na \u00e7\u0131karaca\u011f\u0131z. Ordu k\u0131\u015flas\u0131nda onurlu g\u00f6rev yapacak..<\/p>\n<p style=\"text-align: justify;\">-Ge\u00e7en g\u00fcn bir gazetede man\u015fet. Libya&#8217;dan vatanda\u015flar\u0131m\u0131z getirilmi\u015f, Marmaris&#8217;te otellere yerle\u015ftirilmi\u015f. Man\u015fet: AKP gelenleri otele yerle\u015ftiriyor, CHP \u00e7\u0131kart\u0131yor. A\u00e7t\u0131m ba\u015fkana nedir bu i\u015f dedim. Yurtd\u0131\u015f\u0131nday\u0131m dedi. O gazeteye soruyorum siz de hi\u00e7 utanma yok mu? Elbette bizi ele\u015ftirecekler \u00f6zg\u00fcr medya diyoruz. Ama medyan\u0131n yalakal\u0131\u011f\u0131na tahamm\u00fcl edemiyoruz. Yalaka medya de\u011fil, \u00f6zg\u00fcr medya istiyoruz. Bunlar\u0131n bir de televizyonlar\u0131 var. Bak\u0131yorsunuz ayn\u0131 tipler 15 ki\u015fi TV TV dola\u015f\u0131yoruz. Mesela kardan bahsediliyor. Oradan buradan dola\u015f\u0131yorlar CHP. Bunlar neden \u00fcst\u00fcm\u00fcze geliyorlar. Diyorlar ki y\u00fczde 58-60&#8217;la alaca\u011f\u0131z. Y\u00fczde 60&#8217;la kazanacaklarsa neden korkuyorlar. Korkuyorlar. Korksunlar gelece\u011fiz.<\/p>\n<p style=\"text-align: justify;\">-D\u00fcn Anadolu bas\u0131n\u0131yla beraberdik. H\u00fck\u00fcmetin ba\u015f\u0131ndaki zat demi\u015f ki; &#8220;Biz hangi man\u015fete m\u00fcdahale ettik.&#8221; Bir mektupta diyor ki; k\u00f6\u015fe yazarlar\u0131n\u0131n yaz\u0131lar\u0131na m\u00fcdahale ediliyor, gece man\u015fete m\u00fcdahale edildi. De\u011fi\u015ftirmeyece\u011fiz dedik, makinelerimiz durduruldu. Bir de utanmadan s\u0131k\u0131lmadan biz m\u00fcdahale etmiyoruz diye bir adam var. Belgeleri var d\u00f6k\u00fcmanlar\u0131 var bunlar\u0131n. Maskelerini indirece\u011fiz. Yalaka medyan\u0131n haberlerinden etkilenmeyin.<\/p>\n<p style=\"text-align: justify;\">-Siyasi partiler yasas\u0131n\u0131 da de\u011fi\u015ftirece\u011fiz. Y\u00fczde 10 baraj\u0131 teklif edemezsiniz dediler, ettik. Milletin iradesine kimse baraj koymamal\u0131 hedefimiz bu. Bize yapt\u0131klar\u0131 su\u00e7lama \u015fu: CHP statiko\u00e7uymu\u015f, AKP de\u011fi\u015fimciymi\u015f. A\u00e7\u0131klamaya bak\u0131n. Kim se\u00e7im kanunu de\u011fi\u015fsin diyor CHP, hay\u0131r diyen AKP. Kim statiko\u00e7u AKP. \u0130\u00e7 hizmet kanunu 35. madde teklif bile edemezsiniz dediler. Tak teklif ettik, ka\u00e7t\u0131lar.<\/p>\n<p style=\"text-align: justify;\">-Dersim ar\u015fivlerini a\u00e7\u0131klarsam dedi. Dedim ki adam gibi adamsan \u00e7\u0131kar Dersim ar\u015fivlerini a\u00e7\u0131klars\u0131n. \u00d6yle bir alg\u0131 yaratt\u0131lar ki sanki biz hep her \u015feye kar\u015f\u0131y\u0131z. Bunlar\u0131 sak\u0131n unutmay\u0131n her yerde s\u00f6yleyin. De\u011fi\u015fimin adresi biziz, \u00f6zg\u00fcrl\u00fc\u011f\u00fcn adresi biziz. Toplumu geriye g\u00f6t\u00fcrme adresi ise AKP&#8217;dir. Y\u00d6K&#8217;\u00fc de\u011fi\u015ftirelim dedik yana\u015fmad\u0131lar. 12 Eyl\u00fcl darbecilerinden hesap soraca\u011f\u0131z demi\u015flerdi. Bir de maa\u015flar\u0131n\u0131 y\u00fckselttiler.<\/p>\n<p style=\"text-align: justify;\"><a href=\"http:\/\/www.cumhuriyet.com.tr\/?hn=224328&amp;kw=K%FDl%FD%E7daro%F0lu%27ndan+askerlik+m%FCjdesi\" target=\"_blank\"><span style=\"color: #888888;\">Kaynak : Cumhuriyet Haber Portal\u0131<\/span><\/a><\/p>\n","protected":false},"excerpt":{"rendered":"<p style=\"text-align: center;\">\n<p style=\"text-align: justify;\">CHP, bedelli askerlik i\u00e7in yasa teklifi vermeye haz\u0131rlan\u0131yor. A\u00e7\u0131klamay\u0131 yapan CHP lideri Kemal K\u0131l\u0131\u00e7daro\u011flu ayr\u0131ca iktidara gelmeleri durumunda ordunun profesyonelle\u015ftirip k\u00fc\u00e7\u00fclt\u00fclece\u011fini ve \u00fcniversiteli gen\u00e7lerin isterlerse yaz tatillerinde askerlik yapabileceklerini anlatt\u0131.<\/p>\n","protected":false},"author":1,"featured_media":0,"comment_status":"open","ping_status":"closed","sticky":false,"template":"","format":"standard","meta":{"footnotes":""},"categories":[105],"tags":[],"class_list":["post-29320","post","type-post","status-publish","format-standard","hentry","category-gundem","odd"],"_links":{"self":[{"href":"http:\/\/www.korhanyilmaz.com\/index.php?rest_route=\/wp\/v2\/posts\/29320","targetHints":{"allow":["GET"]}}],"collection":[{"href":"http:\/\/www.korhanyilmaz.com\/index.php?rest_route=\/wp\/v2\/posts"}],"about":[{"href":"http:\/\/www.korhanyilmaz.com\/index.php?rest_route=\/wp\/v2\/types\/post"}],"author":[{"embeddable":true,"href":"http:\/\/www.korhanyilmaz.com\/index.php?rest_route=\/wp\/v2\/users\/1"}],"replies":[{"embeddable":true,"href":"http:\/\/www.korhanyilmaz.com\/index.php?rest_route=%2Fwp%2Fv2%2Fcomments&post=29320"}],"version-history":[{"count":0,"href":"http:\/\/www.korhanyilmaz.com\/index.php?rest_route=\/wp\/v2\/posts\/29320\/revisions"}],"wp:attachment":[{"href":"http:\/\/www.korhanyilmaz.com\/index.php?rest_route=%2Fwp%2Fv2%2Fmedia&parent=29320"}],"wp:term":[{"taxonomy":"category","embeddable":true,"href":"http:\/\/www.korhanyilmaz.com\/index.php?rest_route=%2Fwp%2Fv2%2Fcategories&post=29320"},{"taxonomy":"post_tag","embeddable":true,"href":"http:\/\/www.korhanyilmaz.com\/index.php?rest_route=%2Fwp%2Fv2%2Ftags&post=29320"}],"curies":[{"name":"wp","href":"https:\/\/api.w.org\/{rel}","templated":true}]}}