{"id":29312,"date":"2011-03-12T11:39:20","date_gmt":"2011-03-12T09:39:20","guid":{"rendered":"http:\/\/www.korhanyilmaz.com\/?p=29312"},"modified":"2011-03-12T11:39:20","modified_gmt":"2011-03-12T09:39:20","slug":"kozinoglu-ne-cakiciyi-ne-de-yalcini-tanirim","status":"publish","type":"post","link":"http:\/\/www.korhanyilmaz.com\/?p=29312","title":{"rendered":"Kozino\u011flu: Ne \u00c7ak\u0131c\u0131&#8217;y\u0131 ne de Yal\u00e7\u0131n&#8217;\u0131 tan\u0131r\u0131m"},"content":{"rendered":"<p style=\"text-align: justify;\"><a href=\"http:\/\/www.korhanyilmaz.com\/wp-content\/uploads\/2011\/03\/178.jpg\"  class=\"lightview\"><img loading=\"lazy\" decoding=\"async\" class=\"aligncenter size-full wp-image-29313\" src=\"http:\/\/www.korhanyilmaz.com\/wp-content\/uploads\/2011\/03\/178.jpg\" alt=\"\" width=\"360\" height=\"240\" \/><\/a><\/p>\n<p style=\"text-align: justify;\">Ergenekon soru\u015fturmas\u0131 kapsam\u0131nda &#8216;ter\u00f6r \u00f6rg\u00fct\u00fc \u00fcyesi olmak&#8217; ve &#8216;devletin g\u00fcvenli\u011fine ili\u015fkin gizli belgeleri temin etmek ve a\u00e7\u0131klamak&#8217; su\u00e7lamalar\u0131yla tutuklanan M\u0130T mensubu Ka\u015fif Kozino\u011flu&#8217;nun savc\u0131l\u0131k sorgusunda Soner Yal\u00e7\u0131n&#8217;\u0131 tan\u0131mad\u0131\u011f\u0131n\u0131 belirtti\u011fi ve su\u00e7lamalar\u0131 reddetti\u011fi \u00f6\u011frenildi.<!--more--><\/p>\n<p style=\"text-align: justify;\">\u0130STANBUL &#8211; Ergenekon soru\u015fturmas\u0131 kapsam\u0131nda yap\u0131lan son operasyonlarda ele ge\u00e7ti\u011fi belirtilen \u2018Koz.doc\u2019 isimli Word dosyas\u0131n\u0131n i\u00e7eri\u011finde \u201cRusya ve \u00d6zbekistan\u2019daki cemaat operasyonlar\u0131 hakk\u0131nda Kozino\u011flu\u2019ndan gelen belgeleri mutlaka g\u00fcndeme ta\u015f\u0131yal\u0131m. Kozino\u011flu\u2019ndan gelen di\u011fer belgeleri de de\u011ferlendirelim\u201d \u015feklinde notlar\u0131n yaz\u0131l\u0131 oldu\u011fu iddia edilmi\u015fti.<\/p>\n<p style=\"text-align: justify;\"><strong>\u2018Belge s\u0131zd\u0131rmad\u0131m\u2019<\/strong><\/p>\n<p style=\"text-align: justify;\">Ergenekon savc\u0131s\u0131 Zekeriya \u00d6z\u2019e ifade veren Ka\u015fif Kozino\u011flu\u2019nun Odatv\u2019de bulundu\u011fu iddia edilen M\u0130T\u2019e ait gizli belgelerden haberi olup olmad\u0131\u011f\u0131 y\u00f6n\u00fcndeki soruyu \u201cSoner Yal\u00e7\u0131n\u2019\u0131 tan\u0131m\u0131yorum. Hatta hi\u00e7bir gazeteci tan\u0131d\u0131\u011f\u0131m yok. Beni Alaattin \u00c7ak\u0131c\u0131\u2019y\u0131 yurtd\u0131\u015f\u0131na \u00e7\u0131karmak ile de su\u00e7lad\u0131lar. Onu bile (Alaattin \u00c7ak\u0131c\u0131) tan\u0131m\u0131yorum\u201d diye yan\u0131tlad\u0131\u011f\u0131 \u00f6\u011frenildi. Kozino\u011flu belge s\u0131zd\u0131rd\u0131\u011f\u0131 iddialar\u0131na \u015f\u00f6yle yan\u0131t verdi: \u201cBen devlet g\u00f6revlisiyim. B\u00f6yle bir \u015fey yapmam s\u00f6z konusu olamaz.\u201d Kozino\u011flu\u2019nun M\u0130T M\u00fcste\u015far\u0131 Hakan Fidan ile AKP\u2019li vekillere ait fi\u015flemeleri Odatv\u2019de verdi\u011fi \u00f6ne s\u00fcr\u00fclm\u00fc\u015ft\u00fc. Sorguda bu konu sorulmad\u0131.<\/p>\n<p style=\"text-align: justify;\"><a href=\"http:\/\/www.radikal.com.tr\/Radikal.aspx?aType=RadikalDetayV3&amp;ArticleID=1042686&amp;Date=12.03.2011&amp;CategoryID=77\" target=\"_blank\"><span style=\"color: #888888;\">Kaynak : Radikal<\/span><\/a><\/p>\n","protected":false},"excerpt":{"rendered":"<p style=\"text-align: justify;\">\n<p style=\"text-align: justify;\">Ergenekon soru\u015fturmas\u0131 kapsam\u0131nda &#8216;ter\u00f6r \u00f6rg\u00fct\u00fc \u00fcyesi olmak&#8217; ve &#8216;devletin g\u00fcvenli\u011fine ili\u015fkin gizli belgeleri temin etmek ve a\u00e7\u0131klamak&#8217; su\u00e7lamalar\u0131yla tutuklanan M\u0130T mensubu Ka\u015fif Kozino\u011flu&#8217;nun savc\u0131l\u0131k sorgusunda Soner Yal\u00e7\u0131n&#8217;\u0131 tan\u0131mad\u0131\u011f\u0131n\u0131 belirtti\u011fi ve su\u00e7lamalar\u0131 reddetti\u011fi \u00f6\u011frenildi.<\/p>\n","protected":false},"author":1,"featured_media":0,"comment_status":"open","ping_status":"closed","sticky":false,"template":"","format":"standard","meta":{"footnotes":""},"categories":[105],"tags":[],"class_list":["post-29312","post","type-post","status-publish","format-standard","hentry","category-gundem","odd"],"_links":{"self":[{"href":"http:\/\/www.korhanyilmaz.com\/index.php?rest_route=\/wp\/v2\/posts\/29312","targetHints":{"allow":["GET"]}}],"collection":[{"href":"http:\/\/www.korhanyilmaz.com\/index.php?rest_route=\/wp\/v2\/posts"}],"about":[{"href":"http:\/\/www.korhanyilmaz.com\/index.php?rest_route=\/wp\/v2\/types\/post"}],"author":[{"embeddable":true,"href":"http:\/\/www.korhanyilmaz.com\/index.php?rest_route=\/wp\/v2\/users\/1"}],"replies":[{"embeddable":true,"href":"http:\/\/www.korhanyilmaz.com\/index.php?rest_route=%2Fwp%2Fv2%2Fcomments&post=29312"}],"version-history":[{"count":0,"href":"http:\/\/www.korhanyilmaz.com\/index.php?rest_route=\/wp\/v2\/posts\/29312\/revisions"}],"wp:attachment":[{"href":"http:\/\/www.korhanyilmaz.com\/index.php?rest_route=%2Fwp%2Fv2%2Fmedia&parent=29312"}],"wp:term":[{"taxonomy":"category","embeddable":true,"href":"http:\/\/www.korhanyilmaz.com\/index.php?rest_route=%2Fwp%2Fv2%2Fcategories&post=29312"},{"taxonomy":"post_tag","embeddable":true,"href":"http:\/\/www.korhanyilmaz.com\/index.php?rest_route=%2Fwp%2Fv2%2Ftags&post=29312"}],"curies":[{"name":"wp","href":"https:\/\/api.w.org\/{rel}","templated":true}]}}