{"id":29308,"date":"2011-03-12T12:53:13","date_gmt":"2011-03-12T10:53:13","guid":{"rendered":"http:\/\/www.korhanyilmaz.com\/?p=29308"},"modified":"2011-03-12T12:53:13","modified_gmt":"2011-03-12T10:53:13","slug":"kimseyi-ifadeye-cagirmamis","status":"publish","type":"post","link":"http:\/\/www.korhanyilmaz.com\/?p=29308","title":{"rendered":"Kimseyi ifadeye \u00e7a\u011f\u0131rmam\u0131\u015f!"},"content":{"rendered":"<div id=\"attachment_29309\" style=\"width: 370px\" class=\"wp-caption aligncenter\"><a title=\"Ergenekon soru\u015fturmas\u0131n\u0131 y\u00fcr\u00fcten Savc\u0131 Zekeriya \u00d6z\" href=\"http:\/\/www.korhanyilmaz.com\/wp-content\/uploads\/2011\/03\/177.jpg\"  class=\"lightview\"><img loading=\"lazy\" decoding=\"async\" aria-describedby=\"caption-attachment-29309\" class=\"size-full wp-image-29309 \" src=\"http:\/\/www.korhanyilmaz.com\/wp-content\/uploads\/2011\/03\/177.jpg\" alt=\"\" width=\"360\" height=\"240\" \/><\/a><p id=\"caption-attachment-29309\" class=\"wp-caption-text\">Ergenekon soru\u015fturmas\u0131n\u0131 y\u00fcr\u00fcten Savc\u0131 Zekeriya \u00d6z<\/p><\/div>\n<p style=\"text-align: justify;\">Ergenekon soru\u015fturmas\u0131n\u0131 y\u00fcr\u00fcten Savc\u0131 Zekeriya \u00d6z, CHP Genel Ba\u015fkan\u0131 Kemal K\u0131l\u0131\u00e7daro\u011flu, Deniz Baykal ve G\u00fcrsel Tekin&#8217;i &#8216;taciz&#8217; iddialar\u0131yla ilgili olarak ifadeye \u00e7a\u011f\u0131rd\u0131\u011f\u0131 y\u00f6n\u00fcndeki haberleri yalanlad\u0131.<!--more--><\/p>\n<p style=\"text-align: justify;\">\u0130STANBUL &#8211; \u201cErgenekon\u201d soru\u015fturmas\u0131n\u0131 y\u00fcr\u00fcten Cumhuriyet Savc\u0131s\u0131 Zekeriya \u00d6z, adliye \u00e7\u0131k\u0131\u015f\u0131 gazetecilerin sorular\u0131n\u0131 yant\u0131lad\u0131. Savc\u0131 \u00d6z, Odatv muhabiri \u0130klim Bayraktar\u2019\u0131n taciz iddialar\u0131yla ilgili \u00e7a\u011fr\u0131da bulundu\u011fu haberleriyle ilgili olarak, \u201cBenim b\u00f6yle bir \u00e7a\u011fr\u0131m yok&#8221; dedi. Ankara Cumhuriyet Ba\u015fsavc\u0131l\u0131\u011f\u0131 da kendilerine talimatla ifade al\u0131nmas\u0131 y\u00f6n\u00fcnde bir tebligat ula\u015fmad\u0131\u011f\u0131n\u0131 bildirdi. CHP lideri Kemal K\u0131l\u0131\u00e7daro\u011flu, konuyla ilgili bir soru \u00fczerine, b\u00f6yle bir durumda kendisinin gitmeyece\u011fini, avukat\u0131n\u0131 g\u00f6nderece\u011fini s\u00f6yledi.<\/p>\n<p style=\"text-align: justify;\">Kemal K\u0131l\u0131\u00e7daro\u011flu, &#8220;Ne istiyorsa avukat\u0131m ona yan\u0131t\u0131n\u0131 verecektir&#8217; ifadesini kulland\u0131. Eski CHP lideri Deniz Baykal ve CHP Genel Ba\u015fkan Yard\u0131mc\u0131s\u0131 G\u00fcrsel Tekin de &#8220;Kendilerine bir tebligat ula\u015fmad\u0131\u011f\u0131n\u0131\u201d s\u00f6yledi.<\/p>\n<p style=\"text-align: justify;\"><a href=\"http:\/\/www.radikal.com.tr\/Radikal.aspx?aType=RadikalDetayV3&amp;ArticleID=1042690&amp;Date=12.03.2011&amp;CategoryID=77\" target=\"_blank\"><span style=\"color: #888888;\">Kaynak : Radikal<\/span><\/a><\/p>\n","protected":false},"excerpt":{"rendered":"<p id=\"caption-attachment-29309\" class=\"wp-caption-text\">Ergenekon soru\u015fturmas\u0131n\u0131 y\u00fcr\u00fcten Savc\u0131 Zekeriya \u00d6z<\/p>\n<p style=\"text-align: justify;\">Ergenekon soru\u015fturmas\u0131n\u0131 y\u00fcr\u00fcten Savc\u0131 Zekeriya \u00d6z, CHP Genel Ba\u015fkan\u0131 Kemal K\u0131l\u0131\u00e7daro\u011flu, Deniz Baykal ve G\u00fcrsel Tekin&#8217;i &#8216;taciz&#8217; iddialar\u0131yla ilgili olarak ifadeye \u00e7a\u011f\u0131rd\u0131\u011f\u0131 y\u00f6n\u00fcndeki haberleri yalanlad\u0131.<\/p>\n","protected":false},"author":1,"featured_media":0,"comment_status":"open","ping_status":"closed","sticky":false,"template":"","format":"standard","meta":{"footnotes":""},"categories":[105],"tags":[],"class_list":["post-29308","post","type-post","status-publish","format-standard","hentry","category-gundem","odd"],"_links":{"self":[{"href":"http:\/\/www.korhanyilmaz.com\/index.php?rest_route=\/wp\/v2\/posts\/29308","targetHints":{"allow":["GET"]}}],"collection":[{"href":"http:\/\/www.korhanyilmaz.com\/index.php?rest_route=\/wp\/v2\/posts"}],"about":[{"href":"http:\/\/www.korhanyilmaz.com\/index.php?rest_route=\/wp\/v2\/types\/post"}],"author":[{"embeddable":true,"href":"http:\/\/www.korhanyilmaz.com\/index.php?rest_route=\/wp\/v2\/users\/1"}],"replies":[{"embeddable":true,"href":"http:\/\/www.korhanyilmaz.com\/index.php?rest_route=%2Fwp%2Fv2%2Fcomments&post=29308"}],"version-history":[{"count":0,"href":"http:\/\/www.korhanyilmaz.com\/index.php?rest_route=\/wp\/v2\/posts\/29308\/revisions"}],"wp:attachment":[{"href":"http:\/\/www.korhanyilmaz.com\/index.php?rest_route=%2Fwp%2Fv2%2Fmedia&parent=29308"}],"wp:term":[{"taxonomy":"category","embeddable":true,"href":"http:\/\/www.korhanyilmaz.com\/index.php?rest_route=%2Fwp%2Fv2%2Fcategories&post=29308"},{"taxonomy":"post_tag","embeddable":true,"href":"http:\/\/www.korhanyilmaz.com\/index.php?rest_route=%2Fwp%2Fv2%2Ftags&post=29308"}],"curies":[{"name":"wp","href":"https:\/\/api.w.org\/{rel}","templated":true}]}}