{"id":29304,"date":"2011-03-12T15:55:28","date_gmt":"2011-03-12T13:55:28","guid":{"rendered":"http:\/\/www.korhanyilmaz.com\/?p=29304"},"modified":"2011-03-12T15:55:28","modified_gmt":"2011-03-12T13:55:28","slug":"ergenekonculari-cezaevinden-kurtariyorlar","status":"publish","type":"post","link":"http:\/\/www.korhanyilmaz.com\/?p=29304","title":{"rendered":"&#8220;Ergenekoncular\u0131 cezaevinden kurtar\u0131yorlar&#8221;"},"content":{"rendered":"<p style=\"text-align: justify;\"><a href=\"http:\/\/www.korhanyilmaz.com\/wp-content\/uploads\/2011\/03\/176.jpg\"  class=\"lightview\"><img loading=\"lazy\" decoding=\"async\" class=\"aligncenter size-full wp-image-29305\" src=\"http:\/\/www.korhanyilmaz.com\/wp-content\/uploads\/2011\/03\/176.jpg\" alt=\"\" width=\"403\" height=\"208\" \/><\/a><\/p>\n<p style=\"text-align: justify;\">Ba\u015fbakan Yard\u0131mc\u0131s\u0131 Ar\u0131n\u00e7, &#8216;Ergenekon&#8221; davas\u0131 san\u0131\u011f\u0131 baz\u0131 tutuklular\u0131n CHP ve MHP&#8217;den milletvekili aday\u0131 g\u00f6sterilece\u011fi y\u00f6n\u00fcndeki a\u00e7\u0131klamalara sert \u00e7\u0131kt\u0131.<\/p>\n<p style=\"text-align: justify;\">SARUHANLI- Devlet Bakan\u0131 ve Ba\u015fbakan Yard\u0131mc\u0131s\u0131 B\u00fclent Ar\u0131n\u00e7, &#8221;Ergenekon&#8221; davas\u0131 san\u0131\u011f\u0131 baz\u0131 tutuklular\u0131n CHP ve MHP&#8217;den milletvekili aday\u0131 g\u00f6sterilece\u011fi y\u00f6n\u00fcndeki a\u00e7\u0131klamalara ili\u015fkin &#8221;Tahliye talepleri reddedilen pek \u00e7ok ki\u015finin sadece i\u00e7eriden kurtulmas\u0131, kurtar\u0131lmas\u0131 amac\u0131na y\u00f6nelik b\u00f6yle bir siyasi operasyon yap\u0131l\u0131rsa bu, o partiler i\u00e7in de eksiklik olur. Onlar\u0131n bu tavr\u0131 kar\u015f\u0131s\u0131nda milletimiz sand\u0131kta hak ettikleri cevab\u0131 verir&#8221; dedi. <!--more--><\/p>\n<p style=\"text-align: justify;\">Manisa&#8217;n\u0131n Saruhanl\u0131 il\u00e7esine ba\u011fl\u0131 G\u00f6k\u00e7ek\u00f6y beldesinde toplu a\u00e7\u0131l\u0131\u015f t\u00f6renine kat\u0131lan Ar\u0131n\u00e7, gazetecilerin sorular\u0131n\u0131 yan\u0131tlad\u0131.<\/p>\n<p style=\"text-align: justify;\">&#8221;Ergenekon&#8221; davas\u0131 san\u0131\u011f\u0131 baz\u0131 tutuklular\u0131n CHP ve MHP&#8217;den milletvekili aday\u0131 g\u00f6sterilece\u011fi y\u00f6n\u00fcndeki haberlerin an\u0131msat\u0131lmas\u0131 \u00fczerine Ar\u0131n\u00e7, se\u00e7imlerin yakla\u015ft\u0131\u011f\u0131n\u0131, baz\u0131 partilerin aday adayl\u0131klar\u0131yla ilgili s\u00fcreyi ilan etti\u011fini, milletvekili se\u00e7ilme yeterlili\u011finin kanunlarda g\u00f6sterildi\u011fini kaydetti. Bu yeterlili\u011fe sahip her T\u00fcrkiye Cumhuriyeti vatanda\u015f\u0131n\u0131n istedi\u011fi siyasi partiden adayl\u0131\u011f\u0131n\u0131 koyabilece\u011fini, ba\u011f\u0131ms\u0131z aday olabilece\u011fini vurgulayan Ar\u0131n\u00e7, \u015f\u00f6yle konu\u015ftu:<\/p>\n<p style=\"text-align: justify;\"><strong>&#8220;BUNUN S\u0130YAS\u0130 FATURASINI \u00d6NLER\u0130NDE BULURLAR&#8221;<\/strong><\/p>\n<p style=\"text-align: justify;\">&#8221;Dolay\u0131s\u0131yla kanunda se\u00e7ilme yeterlili\u011fine sahip herkesin, her yerden aday olmas\u0131 hukuken m\u00fcmk\u00fcnd\u00fcr. \u015e\u00fcphesiz bu ki\u015filer adayl\u0131klar\u0131n\u0131 koyabilirler, ancak onlar\u0131n adayl\u0131klar\u0131n\u0131 kabul edip etmeme konusu siyasi partilere d\u00fc\u015fer. Bazen merkez yoklamas\u0131yla, bazen \u00f6n se\u00e7imle bu liste konusunda karara varabilirler. Do\u011frusu onlar\u0131n istedi\u011finden daha \u00e7ok, onlar\u0131 kabul edecek siyasi partilerin bu konuda bir karar vermesi gerekir. &#8216;Kanunda yaz\u0131lan \u015fartlar\u0131 ta\u015f\u0131yorlar, hangi su\u00e7un san\u0131\u011f\u0131 olmu\u015flar, beni ilgilendirmiyor&#8217; diyebilirler. Kar\u015f\u0131l\u0131\u011f\u0131nda hem siyasi parti olarak, hem de halktan alacaklar\u0131 destek bak\u0131m\u0131ndan, bunun siyasi faturas\u0131n\u0131 \u00f6nlerinde bulurlar. \u00c7\u00fcnk\u00fc etik olan \u015fey bildi\u011fim kadar\u0131yla, milletimizin \u00f6n\u00fcne en iyi adaylar\u0131 koymalar\u0131d\u0131r. \u00dczerlerinde herhangi bir yarg\u0131 s\u00fcreci olmayan veya siyasi ve hukuki bak\u0131m\u0131ndan herhangi bir \u015faibe ta\u015f\u0131mayan ki\u015filerle aday listelerini s\u00fcslemeleridir. Ancak bunun d\u0131\u015f\u0131nda her parti mutlaka kendi siyasi gelece\u011fine uygun bir aday listesi de tanzim edebilir.&#8221;<\/p>\n<p style=\"text-align: justify;\"><strong>&#8220;DOKUNULMAZLIK ZIRHINDAN YARARLANAMAZLAR&#8221;<\/strong><\/p>\n<p style=\"text-align: justify;\">Kendisinin de gazetelerden konuyu takip etti\u011fini, kamuoyunda baz\u0131 ismi ge\u00e7en ve Silivri&#8217;deki duru\u015fmalarla, davalarla yak\u0131ndan ilgili olan ki\u015filerin CHP&#8217;den ve MHP&#8217;den adayl\u0131klar\u0131n\u0131 koyabileceklerinin s\u00f6ylendi\u011fini dile getiren Bakan Ar\u0131n\u00e7 \u015f\u00f6yle devam etti:<\/p>\n<p style=\"text-align: justify;\">&#8221;Tabii Anayasam\u0131zda se\u00e7imden \u00f6nce ba\u015flam\u0131\u015f yarg\u0131 s\u00fcrecinin, yarg\u0131lamay\u0131 kesmeyece\u011fi \u015feklinde 83. maddede bir h\u00fck\u00fcm var. Yani bu ki\u015filer yarg\u0131lama sonucunda h\u00fck\u00fcm giyerlerse, dokunulmazl\u0131k z\u0131rh\u0131ndan yararlanamazlar. Dolay\u0131s\u0131yla Meclisin alaca\u011f\u0131 kararla da e\u011fer mahkum olurlarsa, h\u00fck\u00fcml\u00fcl\u00fck s\u00fcresi ba\u015flayabilir, beraat ederlerse \u015f\u00fcphesiz rahat ederler. B\u00fct\u00fcn bu s\u00fcreci \u00e7ok iyi bilerek, siyasi partilerin demokrasiden yana tav\u0131r almalar\u0131 ve \u00f6zellikle siyasi ama\u00e7la su\u00e7 i\u015fleyen, yani TBMM&#8217;yi ortadan kald\u0131rmaya y\u00f6nelik, anayasay\u0131 cebren de\u011fi\u015ftirmeye y\u00f6nelik veya milletimize kar\u015f\u0131 bir tak\u0131m plan ve projelerle milletimizin iradesini ortadan kald\u0131rmaya y\u00f6nelik su\u00e7 i\u015fledi\u011fi iddia edilen ki\u015filer e\u011fer aday g\u00f6sterilirse, bu siyasi parti i\u00e7in mutlaka \u00e7eli\u015fki olur. \u00c7\u00fcnk\u00fc siyasi partiler demokratik hayat\u0131n vazge\u00e7ilmez unsurlar\u0131d\u0131r.<\/p>\n<p style=\"text-align: justify;\">Bug\u00fcn haklar\u0131nda iddianameyle dava a\u00e7\u0131lm\u0131\u015f, tutuklu bulunan, tahliye talepleri de reddedilen pek \u00e7ok ki\u015finin sadece i\u00e7eriden kurtulmas\u0131, kurtar\u0131lmas\u0131 amac\u0131na y\u00f6nelik b\u00f6yle bir siyasi operasyon yap\u0131l\u0131rsa bu, o partiler i\u00e7in de eksiklik olur ve onlar\u0131n bu tavr\u0131 kar\u015f\u0131s\u0131nda milletimiz sand\u0131kta hak ettikleri cevab\u0131 verir. Ben \u015fahsen, Adalet ve Kalk\u0131nma Partisinin bu ama\u00e7la bir ki\u015fiyi aday yapaca\u011f\u0131n\u0131 veya aday g\u00f6sterece\u011fini d\u00fc\u015f\u00fcnm\u00fcyorum. Di\u011fer partilerin ne karar verece\u011fini de hep birlikte g\u00f6rece\u011fiz.&#8221;<\/p>\n<p style=\"text-align: justify;\"><a href=\"http:\/\/www.gazeteport.com.tr\/SIYASET\/NEWS\/GP_868227\" target=\"_blank\"><span style=\"color: #888888;\">Kaynak : GAZETEPORT<\/span><\/a><\/p>\n","protected":false},"excerpt":{"rendered":"<p style=\"text-align: justify;\">\n<p style=\"text-align: justify;\">Ba\u015fbakan Yard\u0131mc\u0131s\u0131 Ar\u0131n\u00e7, &#8216;Ergenekon&#8221; davas\u0131 san\u0131\u011f\u0131 baz\u0131 tutuklular\u0131n CHP ve MHP&#8217;den milletvekili aday\u0131 g\u00f6sterilece\u011fi y\u00f6n\u00fcndeki a\u00e7\u0131klamalara sert \u00e7\u0131kt\u0131.<\/p>\n<p style=\"text-align: justify;\">SARUHANLI- Devlet Bakan\u0131 ve Ba\u015fbakan Yard\u0131mc\u0131s\u0131 B\u00fclent Ar\u0131n\u00e7, &#8221;Ergenekon&#8221; davas\u0131 san\u0131\u011f\u0131 baz\u0131 tutuklular\u0131n CHP ve MHP&#8217;den milletvekili aday\u0131 g\u00f6sterilece\u011fi y\u00f6n\u00fcndeki a\u00e7\u0131klamalara ili\u015fkin &#8221;Tahliye talepleri reddedilen pek \u00e7ok ki\u015finin sadece i\u00e7eriden <\/p>\n","protected":false},"author":1,"featured_media":0,"comment_status":"open","ping_status":"closed","sticky":false,"template":"","format":"standard","meta":{"footnotes":""},"categories":[105],"tags":[],"class_list":["post-29304","post","type-post","status-publish","format-standard","hentry","category-gundem","odd"],"_links":{"self":[{"href":"http:\/\/www.korhanyilmaz.com\/index.php?rest_route=\/wp\/v2\/posts\/29304","targetHints":{"allow":["GET"]}}],"collection":[{"href":"http:\/\/www.korhanyilmaz.com\/index.php?rest_route=\/wp\/v2\/posts"}],"about":[{"href":"http:\/\/www.korhanyilmaz.com\/index.php?rest_route=\/wp\/v2\/types\/post"}],"author":[{"embeddable":true,"href":"http:\/\/www.korhanyilmaz.com\/index.php?rest_route=\/wp\/v2\/users\/1"}],"replies":[{"embeddable":true,"href":"http:\/\/www.korhanyilmaz.com\/index.php?rest_route=%2Fwp%2Fv2%2Fcomments&post=29304"}],"version-history":[{"count":0,"href":"http:\/\/www.korhanyilmaz.com\/index.php?rest_route=\/wp\/v2\/posts\/29304\/revisions"}],"wp:attachment":[{"href":"http:\/\/www.korhanyilmaz.com\/index.php?rest_route=%2Fwp%2Fv2%2Fmedia&parent=29304"}],"wp:term":[{"taxonomy":"category","embeddable":true,"href":"http:\/\/www.korhanyilmaz.com\/index.php?rest_route=%2Fwp%2Fv2%2Fcategories&post=29304"},{"taxonomy":"post_tag","embeddable":true,"href":"http:\/\/www.korhanyilmaz.com\/index.php?rest_route=%2Fwp%2Fv2%2Ftags&post=29304"}],"curies":[{"name":"wp","href":"https:\/\/api.w.org\/{rel}","templated":true}]}}