{"id":29297,"date":"2011-03-12T12:30:10","date_gmt":"2011-03-12T10:30:10","guid":{"rendered":"http:\/\/www.korhanyilmaz.com\/?p=29297"},"modified":"2011-03-12T12:30:10","modified_gmt":"2011-03-12T10:30:10","slug":"erdogan-akpnin-kapatma-davasinda-avrupanin-destegini-unuttu","status":"publish","type":"post","link":"http:\/\/www.korhanyilmaz.com\/?p=29297","title":{"rendered":"Erdo\u011fan, AKP&#8217;nin kapatma davas\u0131nda Avrupa&#8217;n\u0131n deste\u011fini unuttu"},"content":{"rendered":"<p style=\"text-align: center;\"><a href=\"http:\/\/www.korhanyilmaz.com\/wp-content\/uploads\/2011\/03\/174.jpg\"  class=\"lightview\"><img loading=\"lazy\" decoding=\"async\" class=\"aligncenter size-full wp-image-29298\" src=\"http:\/\/www.korhanyilmaz.com\/wp-content\/uploads\/2011\/03\/174.jpg\" alt=\"\" width=\"356\" height=\"240\" \/><\/a><\/p>\n<p style=\"text-align: justify;\">Ergenekon soru\u015fturmas\u0131 kapsam\u0131nda tutuklanan gazeteciler i\u00e7in &#8220;T\u00fcrkiye&#8217;de bas\u0131n ve ifade \u00f6zg\u00fcrl\u00fc\u011f\u00fcn\u00fcn yeterince garanti alt\u0131na al\u0131nmad\u0131\u011f\u0131 hissini ta\u015f\u0131d\u0131\u011f\u0131n\u0131&#8221; yaz\u0131ld\u0131\u011f\u0131 Avrupa Parlamentosu (AP) raporu hakk\u0131nda &#8220;dengesiz, \u0131smarlama&#8221; ifadesini kullanan Ba\u015fbakan Recep Tayyip Erdo\u011fan, AKP&#8217;nin kapat\u0131lmas\u0131na y\u00f6nelik dava s\u00fcrecinde AP\u2019den destek ald\u0131\u011f\u0131n\u0131 unuttu. <!--more--><\/p>\n<p style=\"text-align: justify;\">Bas\u0131n \u00f6zg\u00fcrl\u00fc\u011f\u00fc konusunda T\u00fcrkiye\u2019ye y\u00f6nelik sert ele\u015ftirilerin yer ald\u0131\u011f\u0131 Avrupa Parlamentosu raporu i\u00e7in, \u201cBir defa denge diye bir\u015fey s\u00f6z konusu de\u011fil. Kusura bakmas\u0131nlar, haz\u0131rlayanlar\u0131n da dengeli oldu\u011funa inanm\u0131yorum\u201d diyen Ba\u015fbakan Recep Tayyip Erdo\u011fan, d\u00fcn de bu \u00e7\u0131k\u0131\u015f\u0131n\u0131 s\u00fcrd\u00fcrd\u00fc.<\/p>\n<p style=\"text-align: justify;\">AKP Genel Merkezi\u2019nde, Gen\u00e7lik Kollar\u0131 Ba\u015fkanl\u0131\u011f\u0131\u2019n\u0131n d\u00fczenledi\u011fi \u201cVizyon 2023\u201d konulu 3. Gen\u00e7lik Sempozyumu\u2019nda konu\u015fan Erdo\u011fan, Avrupa Parlamentosu\u2019nun haz\u0131rlad\u0131\u011f\u0131 raporun \u201csiyasi\u201d oldu\u011funu savundu.<\/p>\n<p style=\"text-align: justify;\"><strong>Ismarlama bir rapor <\/strong><\/p>\n<p style=\"text-align: justify;\">Erdo\u011fan \u015funlar\u0131 s\u00f6yledi: \u201cSanki T\u00fcrkiye\u2019deki muhalefet. Bir defa incele, T\u00fcrkiye\u2019de ne var ne yok? Yani bu kadar T\u00fcrkiye\u2019nin olanlar\u0131ndan uzak, ne oluyor, ne bitiyor bunlardan uzak, b\u00f6yle bir rapor, \u0131smarlama, sipari\u015f \u00fczerine haz\u0131rlanm\u0131\u015f rapor olamaz. Tabii g\u00f6nl\u00fcm\u00fcz adil bir rapor beklerdi. Ama adaletten tamam\u0131yla uzak bir rapor haz\u0131rlanm\u0131\u015f. T\u00fcrkiye de\u011fi\u015fiyor, gen\u00e7lik de\u011fi\u015fiyor, demokrasi ileri standartlara ula\u015f\u0131yor. AB, bug\u00fcn T\u00fcrkiye\u2019nin de\u011fi\u015fimini ele\u015ftirecek de\u011fil, T\u00fcrkiye\u2018deki de\u011fi\u015fimi \u00f6rnek almas\u0131 gereken bir noktaya gelmi\u015ftir.<\/p>\n<p style=\"text-align: justify;\"><strong>\u201cBat\u0131, Libya\u2019dan para al\u0131yor\u201d diyorlar <\/strong><\/p>\n<p style=\"text-align: justify;\">Bak\u0131n\u0131z Libya\u2019daki son geli\u015fmelerden sonra hava enteresan de\u011fi\u015fiyor. Bat\u0131l\u0131 \u00fclkelerin bak\u0131yorsunuz ki Libya\u2019dan parasal destek ald\u0131\u011f\u0131 \u015fu anda konu\u015fulmaya ba\u015fland\u0131. Bunun dedikodusu var ne olacak? \u015eimdi bu i\u015fin belgelerini, delilerini a\u00e7\u0131klarsa ne olacak?<\/p>\n<p style=\"text-align: justify;\"><strong>T\u00fcrkiye\u2019yi belli bir medyadan izliyorlar <\/strong><\/p>\n<p style=\"text-align: justify;\">Kat\u0131l\u0131m m\u00fczakerelerinde bizim h\u0131z\u0131m\u0131za dahi yeti\u015femiyorlar asl\u0131nda.\u2018T\u00fcrkiye\u2019de bas\u0131n \u00f6zg\u00fcrl\u00fc\u011f\u00fc yok\u2019 diyenler, kendi gazetecilerinin nas\u0131l istihbarat \u00f6rg\u00fctlerine \u00e7anak tuttu\u011funu g\u00f6rm\u00fcyor, g\u00f6remiyorlar. Onun i\u00e7in Avrupa Parlamentosu\u2019nun son raporu, tarafs\u0131z de\u011fildir, objektif de\u011fildir, hakkaniyetli de\u011fildir. T\u00fcrkiye\u2019yi belli medya kurulu\u015flar\u0131n\u0131n sayfalar\u0131ndan izliyor. Asla ve asla objektif olamazlar. Avrupa Parlamentosu\u2019nu, T\u00fcrkiye\u2019de ve T\u00fcrkiye d\u0131\u015f\u0131nda y\u00fcr\u00fct\u00fclen kampanyalar\u0131 de\u011fil, T\u00fcrkiye\u2019yi g\u00f6rmeye ve anlamaya davet ediyoruz.\u201d<\/p>\n<p style=\"text-align: justify;\"><strong>\u2018Dengesizler\u2019 AKP\u2019ye sahip \u00e7\u0131km\u0131\u015flard\u0131 <\/strong><\/p>\n<p style=\"text-align: justify;\">Ba\u015fbakan Erdo\u011fan\u2019\u0131n \u201cdengeli de\u011filler\u201d diye ele\u015ftirdi\u011fi Avrupa Parlamentosu, a\u00e7\u0131lan kapatma davas\u0131 s\u0131ras\u0131nda AKP\u2019ye sahip \u00e7\u0131km\u0131\u015ft\u0131. AP T\u00fcrkiye Raport\u00f6r\u00fc Hollandal\u0131 H\u0131ristiyan Demokrat Ria Oomen-Ruijten 2008 y\u0131l\u0131nda T\u00fcrkiye\u2019deki olaylara de\u011finirken, \u201cOrdu ve yarg\u0131dan olu\u015fan elit tabakas\u0131 var. TBMM \u00fc\u00e7te iki \u00e7o\u011funlukla (\u00fcniversitelerde t\u00fcrban\u0131n serbest b\u0131rak\u0131lmas\u0131na) karar veriyor fakat uygulanm\u0131yor. Ben d\u00fcnyada b\u00f6yle ba\u015fka bir \u00fclke bilmiyorum. Bunun \u00f6rne\u011fi yok. Yarg\u0131 ba\u011f\u0131ms\u0131zl\u0131\u011f\u0131ndan yanay\u0131m. Ama T\u00fcrkiye\u2019de herkesin g\u00fcvenebilece\u011fi bir yarg\u0131 maalesef yok. Bu T\u00fcrkiye\u2019nin eksi\u011fi. Bu konuda \u00e7al\u0131\u015fma yap\u0131lmas\u0131 gerekiyor\u201d demi\u015fti. AKP ve DTP\u2019ye kapatma davalar\u0131 a\u00e7\u0131lmas\u0131n\u0131n b\u00fct\u00fcn\u00fcyle kar\u015f\u0131s\u0131nda oldu\u011funu vurgulayan Oomen-Ruijten, \u201cSadece yarg\u0131yla ilgili h\u0131zl\u0131 reformlar yap\u0131larak bu sorunun \u00fcstesinden gelinebilece\u011fini\u201d vurgulam\u0131\u015ft\u0131.<\/p>\n<p style=\"text-align: justify;\"><strong>\u2018Yarg\u0131 darbesi\u2019 demi\u015flerdi <\/strong><\/p>\n<p style=\"text-align: justify;\">D\u00f6nemin T\u00fcrkiye-AB Karma Parlamento Komisyonu E\u015fba\u015fkan\u0131 Joost Lagendijk ise \u015funlar\u0131 s\u00f6ylemi\u015fti: \u201cAKP\u2019ye ve DTP\u2019ye a\u00e7\u0131lan davalar h\u00e2l\u00e2 beklemede. Bu konuda \u00e7ok a\u00e7\u0131k olmal\u0131y\u0131z. T\u00fcrkiye\u2019de siyasi s\u00fcrece yarg\u0131 darbesi yap\u0131l\u0131yor. Yarg\u0131, halk\u0131n \u00e7o\u011funlu\u011funun se\u00e7imine \u2018yanl\u0131\u015f\u2019 diyor. Bu hi\u00e7bir \u015fekilde kabul edilemez. Yarg\u0131n\u0131n verdi\u011fi imaj \u00e7ok k\u00f6t\u00fc. T\u00fcrkiye\u2019de yarg\u0131 reformu talebi konusunda tutumumuz sert olmal\u0131.\u201d<\/p>\n<p style=\"text-align: justify;\"><a href=\"http:\/\/www.t24.com.tr\/erdogan-kapatilma-davasinda-avrupa-destegini-unuttu\/haber\/132474.aspx\" target=\"_blank\">Kaynak : T24<\/a><\/p>\n","protected":false},"excerpt":{"rendered":"<p style=\"text-align: center;\">\n<p style=\"text-align: justify;\">Ergenekon soru\u015fturmas\u0131 kapsam\u0131nda tutuklanan gazeteciler i\u00e7in &#8220;T\u00fcrkiye&#8217;de bas\u0131n ve ifade \u00f6zg\u00fcrl\u00fc\u011f\u00fcn\u00fcn yeterince garanti alt\u0131na al\u0131nmad\u0131\u011f\u0131 hissini ta\u015f\u0131d\u0131\u011f\u0131n\u0131&#8221; yaz\u0131ld\u0131\u011f\u0131 Avrupa Parlamentosu (AP) raporu hakk\u0131nda &#8220;dengesiz, \u0131smarlama&#8221; ifadesini kullanan Ba\u015fbakan Recep Tayyip Erdo\u011fan, AKP&#8217;nin kapat\u0131lmas\u0131na y\u00f6nelik dava s\u00fcrecinde AP\u2019den destek ald\u0131\u011f\u0131n\u0131 unuttu. <\/p>\n","protected":false},"author":1,"featured_media":0,"comment_status":"open","ping_status":"closed","sticky":false,"template":"","format":"standard","meta":{"footnotes":""},"categories":[105],"tags":[],"class_list":["post-29297","post","type-post","status-publish","format-standard","hentry","category-gundem","odd"],"_links":{"self":[{"href":"http:\/\/www.korhanyilmaz.com\/index.php?rest_route=\/wp\/v2\/posts\/29297","targetHints":{"allow":["GET"]}}],"collection":[{"href":"http:\/\/www.korhanyilmaz.com\/index.php?rest_route=\/wp\/v2\/posts"}],"about":[{"href":"http:\/\/www.korhanyilmaz.com\/index.php?rest_route=\/wp\/v2\/types\/post"}],"author":[{"embeddable":true,"href":"http:\/\/www.korhanyilmaz.com\/index.php?rest_route=\/wp\/v2\/users\/1"}],"replies":[{"embeddable":true,"href":"http:\/\/www.korhanyilmaz.com\/index.php?rest_route=%2Fwp%2Fv2%2Fcomments&post=29297"}],"version-history":[{"count":0,"href":"http:\/\/www.korhanyilmaz.com\/index.php?rest_route=\/wp\/v2\/posts\/29297\/revisions"}],"wp:attachment":[{"href":"http:\/\/www.korhanyilmaz.com\/index.php?rest_route=%2Fwp%2Fv2%2Fmedia&parent=29297"}],"wp:term":[{"taxonomy":"category","embeddable":true,"href":"http:\/\/www.korhanyilmaz.com\/index.php?rest_route=%2Fwp%2Fv2%2Fcategories&post=29297"},{"taxonomy":"post_tag","embeddable":true,"href":"http:\/\/www.korhanyilmaz.com\/index.php?rest_route=%2Fwp%2Fv2%2Ftags&post=29297"}],"curies":[{"name":"wp","href":"https:\/\/api.w.org\/{rel}","templated":true}]}}