{"id":29291,"date":"2011-03-12T08:47:42","date_gmt":"2011-03-12T06:47:42","guid":{"rendered":"http:\/\/www.korhanyilmaz.com\/?p=29291"},"modified":"2011-03-12T08:47:42","modified_gmt":"2011-03-12T06:47:42","slug":"turkiyeyi-de-tetikler-mi","status":"publish","type":"post","link":"http:\/\/www.korhanyilmaz.com\/?p=29291","title":{"rendered":"T\u00fcrkiye&#8217;yi de tetikler mi?"},"content":{"rendered":"<p style=\"text-align: justify;\"><a href=\"http:\/\/www.korhanyilmaz.com\/wp-content\/uploads\/2011\/03\/172.jpg\"  class=\"lightview\"><img loading=\"lazy\" decoding=\"async\" class=\"aligncenter size-full wp-image-29292\" src=\"http:\/\/www.korhanyilmaz.com\/wp-content\/uploads\/2011\/03\/172.jpg\" alt=\"\" width=\"336\" height=\"223\" \/><\/a><\/p>\n<p style=\"text-align: justify;\">Uzmanlar, g\u00fcn boyu Japonya&#8217;daki mega depremin T\u00fcrkiye&#8217;deki olas\u0131 bir depremi tetikleyip tetiklemeyece\u011fi sorusuna yan\u0131t arad\u0131.<\/p>\n<p style=\"text-align: justify;\">\u0130STANBUL &#8211; Depremin T\u00fcrkiye\u2019yi etkilemeyece\u011fini belirten Kandilli Rasathanesi ve Deprem Ara\u015ft\u0131rma Enstit\u00fcs\u00fc M\u00fcd\u00fcr Yard\u0131mc\u0131s\u0131 Do\u00e7. Dr. Nurcan Meral \u00d6zel \u201cJaponya\u2019daki deprem t\u00fcrleri ve mekanizmalar\u0131 T\u00fcrkiye\u2019den farkl\u0131. Aram\u0131zda 9 bin kilometre var\u201d dedi. \u201cJaponya\u2019daki 8.9 b\u00fcy\u00fckl\u00fc\u011f\u00fcndeki depremin T\u00fcrkiye\u2019ye etki etmesine imk\u00e2n yok. \u00c7\u00fcnk\u00fc T\u00fcrkiye\u2019nin i\u00e7inde bulundu\u011fu fay hatt\u0131 tamamen farkl\u0131 bir hat\u201d diyen Prof. Dr. Ahmet Mete I\u015f\u0131kara, \u201c19 Mart\u2019ta Ay\u2019\u0131n D\u00fcnya\u2019ya en yak\u0131n konumuna gelmesi baz\u0131lar\u0131 taraf\u0131ndan deprem ve tsunamiye neden olabilece\u011fi \u015feklinde a\u00e7\u0131klamalar\u0131n yap\u0131lmas\u0131na neden oldu, bu tip a\u00e7\u0131klamalar\u0131n hi\u00e7bir ger\u00e7ekli\u011fi yok. \u00dclkeye k\u00f6t\u00fcl\u00fck\u201d diye vurgulad\u0131. <!--more--><\/p>\n<p style=\"text-align: justify;\"><strong>Yerkabu\u011fu zang\u0131r zang\u0131r <\/strong><\/p>\n<p style=\"text-align: justify;\">\u0130T\u00dc Maden Fak\u00fcltesi Jeofizik B\u00f6l\u00fcm\u00fc \u00d6\u011fretim \u00dcyesi Prof. Dr. Ahmet Ercan\u2019a g\u00f6re sars\u0131nt\u0131 T\u00fcrkiye\u2019yi etkileyebilir: \u201cBu ola\u011fan\u00fcst\u00fc, Marmara Depremi\u2019nden 50-60 kat daha b\u00fcy\u00fck bir deprem. Yakla\u015f\u0131k 500-600 atom bombas\u0131 patlamas\u0131na denk bir enerji ortaya \u00e7\u0131kard\u0131. Yeryuvarla\u011f\u0131 zang\u0131r zang\u0131r titriyor. Bu enerji b\u00fct\u00fcn \u00fclkelere do\u011fru yay\u0131l\u0131yor. Yak\u0131n etkide, 150-200 kilometre yar\u0131\u00e7apl\u0131 alanda bulunan yerlerde depremler bekleyece\u011fiz. Uzak etki ise b\u00fct\u00fcn yerkabu\u011funda \u015fi\u015fme, b\u00fcz\u00fclme hareketi, mekik, vurulma hareketi yerkabu\u011funun 10 kilometrelik gevrek b\u00f6l\u00fcm\u00fcnde g\u0131c\u0131rdama, gerginlik, bo\u015falma ve ek gerginlik bindirmeleri vard\u0131r. E\u011fer \u00fclkelerin gerginli\u011fi ta\u015fma noktas\u0131 boyunca diri k\u0131r\u0131klar varsa T\u00fcrkiye\u2019de bunun pay\u0131 y\u00fczde 3 olur. T\u00fcrkiye\u2019de e\u011fer uzak etki nedeniyle deprem beklenirse y\u00fczde 52\u2019si Kuzey Anadolu, y\u00fczde 33\u2019\u00fc Bat\u0131 Anadolu, y\u00fczde 12\u2019si Do\u011fu Anadolu k\u0131r\u0131\u011f\u0131nda beklenebilir. B\u00fcy\u00fckl\u00fckleri 4, 6, 6.5\u2019e kadar olabilir. 10 g\u00fcn i\u00e7inde d\u00fcnyada deprem beklenebilir.\u201d<\/p>\n","protected":false},"excerpt":{"rendered":"<p style=\"text-align: justify;\">\n<p style=\"text-align: justify;\">Uzmanlar, g\u00fcn boyu Japonya&#8217;daki mega depremin T\u00fcrkiye&#8217;deki olas\u0131 bir depremi tetikleyip tetiklemeyece\u011fi sorusuna yan\u0131t arad\u0131.<\/p>\n<p style=\"text-align: justify;\">\u0130STANBUL &#8211; Depremin T\u00fcrkiye\u2019yi etkilemeyece\u011fini belirten Kandilli Rasathanesi ve Deprem Ara\u015ft\u0131rma Enstit\u00fcs\u00fc M\u00fcd\u00fcr Yard\u0131mc\u0131s\u0131 Do\u00e7. Dr. Nurcan Meral \u00d6zel \u201cJaponya\u2019daki deprem t\u00fcrleri ve mekanizmalar\u0131 T\u00fcrkiye\u2019den farkl\u0131. Aram\u0131zda 9 bin kilometre var\u201d dedi. \u201cJaponya\u2019daki <\/p>\n","protected":false},"author":1,"featured_media":0,"comment_status":"open","ping_status":"closed","sticky":false,"template":"","format":"standard","meta":{"footnotes":""},"categories":[105],"tags":[],"class_list":["post-29291","post","type-post","status-publish","format-standard","hentry","category-gundem","odd"],"_links":{"self":[{"href":"http:\/\/www.korhanyilmaz.com\/index.php?rest_route=\/wp\/v2\/posts\/29291","targetHints":{"allow":["GET"]}}],"collection":[{"href":"http:\/\/www.korhanyilmaz.com\/index.php?rest_route=\/wp\/v2\/posts"}],"about":[{"href":"http:\/\/www.korhanyilmaz.com\/index.php?rest_route=\/wp\/v2\/types\/post"}],"author":[{"embeddable":true,"href":"http:\/\/www.korhanyilmaz.com\/index.php?rest_route=\/wp\/v2\/users\/1"}],"replies":[{"embeddable":true,"href":"http:\/\/www.korhanyilmaz.com\/index.php?rest_route=%2Fwp%2Fv2%2Fcomments&post=29291"}],"version-history":[{"count":0,"href":"http:\/\/www.korhanyilmaz.com\/index.php?rest_route=\/wp\/v2\/posts\/29291\/revisions"}],"wp:attachment":[{"href":"http:\/\/www.korhanyilmaz.com\/index.php?rest_route=%2Fwp%2Fv2%2Fmedia&parent=29291"}],"wp:term":[{"taxonomy":"category","embeddable":true,"href":"http:\/\/www.korhanyilmaz.com\/index.php?rest_route=%2Fwp%2Fv2%2Fcategories&post=29291"},{"taxonomy":"post_tag","embeddable":true,"href":"http:\/\/www.korhanyilmaz.com\/index.php?rest_route=%2Fwp%2Fv2%2Ftags&post=29291"}],"curies":[{"name":"wp","href":"https:\/\/api.w.org\/{rel}","templated":true}]}}