{"id":29283,"date":"2011-03-11T13:26:44","date_gmt":"2011-03-11T11:26:44","guid":{"rendered":"http:\/\/www.korhanyilmaz.com\/?p=29283"},"modified":"2011-03-11T13:26:44","modified_gmt":"2011-03-11T11:26:44","slug":"osman-yildirimdan-sasirtan-ifadeler","status":"publish","type":"post","link":"http:\/\/www.korhanyilmaz.com\/?p=29283","title":{"rendered":"Osman Y\u0131ld\u0131r\u0131m&#8217;dan \u015fa\u015f\u0131rtan ifadeler"},"content":{"rendered":"<p style=\"text-align: justify;\"><a href=\"http:\/\/www.korhanyilmaz.com\/wp-content\/uploads\/2011\/03\/170.jpg\"  class=\"lightview\"><img loading=\"lazy\" decoding=\"async\" class=\"aligncenter size-full wp-image-29284\" src=\"http:\/\/www.korhanyilmaz.com\/wp-content\/uploads\/2011\/03\/170.jpg\" alt=\"\" width=\"414\" height=\"222\" \/><\/a><\/p>\n<p style=\"text-align: justify;\">Ergenekon san\u0131\u011f\u0131 Mehmet Zekeriya \u00d6zt\u00fcrk: Art\u0131k yeter noktas\u0131nday\u0131m. Onur ve \u015ferefim i\u00e7in art\u0131k her t\u00fcrl\u00fc fiziksel kar\u015f\u0131 koymay\u0131, birey hakk\u0131m olan hayat\u0131ma son vermeyi hi\u00e7 teredd\u00fcts\u00fcz uygulayabilirim.<\/p>\n<p style=\"text-align: justify;\">&#8220;Benimle dalga ge\u00e7meyin&#8221; diyen Veli K\u00fc\u00e7\u00fck ile mahkeme ba\u015fkan\u0131 aras\u0131nda da tart\u0131\u015fma ya\u015fand\u0131. <!--more--><\/p>\n<p style=\"text-align: justify;\">Daha \u00f6nce Cumhuriyet gazetesine at\u0131lan bombalar\u0131 Ata\u015fehir\u2019deki bir evde Muzaffer Tekin\u2019den ve sald\u0131r\u0131n\u0131n emrini de Veli K\u00fc\u00e7\u00fck\u2019ten ald\u0131\u011f\u0131n\u0131 \u00f6ne s\u00fcren Osman Y\u0131ld\u0131r\u0131m da duru\u015fmada \u015fok a\u00e7\u0131klamalarda bulundu.<\/p>\n<p style=\"text-align: justify;\">\u0130STANBUL &#8211; Birinci &#8221;Ergenekon&#8221; davas\u0131n\u0131n 177. duru\u015fmas\u0131 ba\u015flad\u0131. \u0130stanbul 13. A\u011f\u0131r Ceza Mahkemesince Silivri Ceza \u0130nfaz Kurumlar\u0131 Yerle\u015fkesinde olu\u015fturulan salonda yap\u0131lan duru\u015fmaya, emekli Tu\u011fgeneral Veli K\u00fc\u00e7\u00fck, \u0130\u015f\u00e7i Partisi Genel Ba\u015fkan\u0131 Do\u011fu Perin\u00e7ek, Alparslan Arslan ve Osman Y\u0131ld\u0131r\u0131m&#8217;\u0131n da aralar\u0131nda bulundu\u011fu 19 tutuklu san\u0131k kat\u0131ld\u0131.<\/p>\n<p style=\"text-align: justify;\">Duru\u015fmada, ba\u015fka su\u00e7tan tutuklu Semih Tufan G\u00fclaltay da haz\u0131r bulundu. Tutuklu san\u0131klardan Erg\u00fcn Poyraz ve Sevgi Erenerol ise duru\u015fmaya gelmedi.<\/p>\n<p style=\"text-align: justify;\">Duru\u015fma, san\u0131klar\u0131n taleplerinin al\u0131nmas\u0131yla devam ediyor. Tutuklu san\u0131klardan Mehmet Zekeriya \u00d6zt\u00fcrk, mahkemeye verdi\u011fi dilek\u00e7esinde, 28 \u015eubat 2011 tarihinde 1 No&#8217;lu cezaevindeki F-1 ko\u011fu\u015funa nakledildi\u011fini, bu ko\u011fu\u015ftaki boya, \u00e7imento gibi at\u0131klar\u0131n temizli\u011fini kendisinin yapt\u0131\u011f\u0131n\u0131, ancak bu ko\u011fu\u015ftan da ba\u015fka bir ko\u011fu\u015fa nakledilece\u011finin bildirildi\u011fini kaydetti.<\/p>\n<p style=\"text-align: justify;\">Tutuklu olarak yarg\u0131land\u0131\u011f\u0131n\u0131, bu durumun hayat\u0131n\u0131n son 39 ayl\u0131k d\u00f6nemini ceza ve eziyet haline d\u00f6n\u00fc\u015ft\u00fcrd\u00fc\u011f\u00fcn\u00fc ifade eden \u00d6zt\u00fcrk, ko\u011fu\u015funun de\u011fi\u015ftirilmesinin fiziki eziyetin yan\u0131 s\u0131ra psikolojik eziyet haline geldi\u011fini \u00f6ne s\u00fcrd\u00fc.<\/p>\n<p style=\"text-align: justify;\">Ge\u00e7en y\u0131l Haziran ay\u0131nda kaybetti\u011fi annesine son g\u00f6revini yerine getiremedi\u011fini dile getiren \u00d6zt\u00fcrk, dilek\u00e7esinde \u015fu ifadelere yer verdi:<\/p>\n<p style=\"text-align: justify;\">&#8221;Art\u0131k yeter noktas\u0131nday\u0131m. Acaba her t\u00fcrl\u00fc onar\u0131m ve temizli\u011fini yapt\u0131\u011f\u0131m ko\u011fu\u015f benden sonra hangi ayr\u0131cal\u0131kl\u0131 tutukluya verilecektir. Onur ve \u015ferefim i\u00e7in art\u0131k her t\u00fcrl\u00fc fiziksel kar\u015f\u0131 koymay\u0131, birey hakk\u0131m olan hayat\u0131ma son vermeyi hi\u00e7 teredd\u00fcts\u00fcz uygulayabilirim. Bunun ba\u015flang\u0131\u00e7 noktas\u0131nda a\u00e7l\u0131k grevi gibi pasif uygulama de\u011fil, do\u011frudan \u00f6l\u00fcm\u00fc g\u00f6ren bir oru\u00e7 ve son a\u015famada hayat\u0131ma son verme eylemidir. Beni mahkemenizde yarg\u0131lay\u0131n, ba\u015fka yerlerin intikam al\u0131nacak \u00f6znesi haline gelmemize m\u00fcsaade etmeyin.&#8221;<\/p>\n<p style=\"text-align: justify;\">\u00d6zt\u00fcrk, dilek\u00e7esinin ilgili savc\u0131l\u0131\u011fa ve Adalet Bakanl\u0131\u011f\u0131na da g\u00f6nderilmesini istedi.<\/p>\n<p style=\"text-align: justify;\"><strong>9 G\u00dcNL\u00dcK S\u00dcRE\u00c7TEK\u0130 \u0130HMAL \u0130DD\u0130ASI<\/strong><\/p>\n<p style=\"text-align: justify;\">Tutuklu san\u0131klardan Sevgi Erenerol&#8217;un avukat\u0131 Vural Erg\u00fcl de mahkemeye verdi\u011fi dilek\u00e7esinde, \u0130stanbul Emniyet M\u00fcd\u00fcrl\u00fc\u011f\u00fcnden g\u00f6nderilen 10 klas\u00f6r \u00fczerinde inceleme yapt\u0131\u011f\u0131n\u0131 belirterek, Ter\u00f6rle M\u00fccadele \u015eube M\u00fcd\u00fcrl\u00fc\u011f\u00fc Sa\u011f B\u00fcro Amirli\u011finin Cumhuriyet Gazetesinin bombalanmas\u0131 eylemlerinin ard\u0131ndan Dan\u0131\u015ftay suikastine kadar uzanan tam 9 g\u00fcnl\u00fck s\u00fcre\u00e7te ihmali oldu\u011funu savundu.<\/p>\n<p style=\"text-align: justify;\">Sa\u011f B\u00fcro Amirli\u011finin gazeteye at\u0131lan 5 ve 10 May\u0131s 2006 tarihindeki bombalama eylemine ili\u015fkin MOBESE kayd\u0131 istemedi\u011fini, civardaki i\u015f yerlerinden kamera kayd\u0131 aramad\u0131\u011f\u0131n\u0131, olay mahallinde bulunan telefonlar\u0131, sinyal tarama suretiyle tespite \u00e7al\u0131\u015fmad\u0131\u011f\u0131n\u0131 ileri s\u00fcren Erg\u00fcl, olay mahallinde olanlar\u0131n 3 bombalama eylemine ra\u011fmen, ancak 19 May\u0131s g\u00fcn\u00fc yani Dan\u0131\u015ftay cinayetinden 2 g\u00fcn sonra belirlendi\u011fini ifade etti.<\/p>\n<p style=\"text-align: justify;\">\u00dc\u00e7\u00fcnc\u00fc bombalama olay\u0131ndan 5 g\u00fcn sonra robot resim \u00e7izdirildi\u011fini kaydeden Erg\u00fcl, mahkemeden ilgili emniyet g\u00f6revlileri hakk\u0131nda su\u00e7 duyurusunda bulunulmas\u0131n\u0131 talep etti. Erg\u00fcl, mahkemenin bu konuda bir karar vermemesi durumunda ise cevap verilmesini istedi\u011fi sorular\u0131n\u0131 \u015f\u00f6yle s\u0131ralad\u0131:<\/p>\n<p style=\"text-align: justify;\">&#8221;3 ayr\u0131 bombalama eylemine ra\u011fmen ni\u00e7in derhal su\u00e7 mahallinde sinyal veren telefonlardan abone kimlik bilgileri tespiti y\u00f6ntemi ile olay mahallinde bulunanlar\u0131 tespit etmek amac\u0131yla teknik istihbarat \u00e7al\u0131\u015fmas\u0131 yap\u0131lmam\u0131\u015ft\u0131r? Su\u00e7 mahallinden ka\u00e7\u0131\u015f istikametine ili\u015fkin MOBESE kay\u0131tlar\u0131 istenirken ni\u00e7in olas\u0131 geli\u015f istikametine ili\u015fkin olarak B\u00fcy\u00fckdere Caddesi \u00fczerindeki MOBESE kay\u0131tlar\u0131 istenilmemi\u015ftir?<\/p>\n<p style=\"text-align: justify;\">Olay mahalli civar\u0131nda temin edilmeye \u00e7al\u0131\u015f\u0131ld\u0131\u011f\u0131 s\u00f6ylenilen i\u015f yeri kamera kay\u0131tlar\u0131n\u0131n bulunmad\u0131\u011f\u0131na ili\u015fkin tanzim edilen bilgi notunun dayand\u0131\u011f\u0131 kamera kay\u0131tlar\u0131 istenilen i\u015f yerleri hangileridir? Bu i\u015f yerlerinden hangi tarihte kamera kay\u0131tlar\u0131 istenilmi\u015ftir? \u0130lgili tutanak yahut tanzim edilen evrak nerededir? 11 May\u0131s 2006 tarihinde ger\u00e7ekle\u015ftirilen bombalama eylemine ili\u015fkin olarak g\u00f6rg\u00fc \u015fahitlerinden ni\u00e7in derhal robot resim \u00e7izilmesi i\u00e7in yard\u0131m istenilmeyerek, Dan\u0131\u015ftay suikastinin bir g\u00fcn \u00f6ncesine de\u011fin tam 5 g\u00fcn beklenilmi\u015ftir?&#8221;<\/p>\n<p style=\"text-align: justify;\"><strong>&#8220;\u0130\u015e GELD\u0130 ORDUYA DAYANDI&#8221;<\/strong><\/p>\n<p style=\"text-align: justify;\">Duru\u015fmada s\u00f6z alan tutuklu san\u0131k emekli Tu\u011fgeneral Veli K\u00fc\u00e7\u00fck, bug\u00fcne kadar yapt\u0131\u011f\u0131 taleplerden sonu\u00e7 alamad\u0131\u011f\u0131n\u0131 bu y\u00fczden konu\u015fmas\u0131n\u0131 k\u0131sa kesece\u011fini belirtti.<\/p>\n<p style=\"text-align: justify;\">Ordunun pasifize edilmesi i\u00e7in b\u00f6yle bir operasyonun yap\u0131ld\u0131\u011f\u0131n\u0131 s\u00f6yledi\u011fini ve bunun do\u011fru \u00e7\u0131kt\u0131\u011f\u0131n\u0131 savunan K\u00fc\u00e7\u00fck, &#8220;\u0130\u015f geldi orduya dayand\u0131. Onlarla beraber ne kadar vatansever, milliyet\u00e7i, Kemalist varsa hepsinin kula\u011f\u0131ndan \u00e7ekip al\u0131yorlar. Ancak T\u00fcrk Ordusu 2 bin 200 senelik bir ordudur. Bunlara boyun e\u011fmez&#8221; diye konu\u015ftu.<\/p>\n<p style=\"text-align: justify;\"><strong>&#8220;BURASI 20. TAY\u0130N YER\u0130M&#8221;<\/strong><\/p>\n<p style=\"text-align: justify;\">Kendisine &#8220;Neden T\u00fcrk ordusu?&#8221; diye sorduklar\u0131n\u0131 ifade eden K\u00fc\u00e7\u00fck, bu sorunun cevab\u0131n\u0131 ise, &#8220;\u00c7\u00fcnk\u00fc bu co\u011frafyada g\u00fc\u00e7l\u00fc ordu istemiyor kimse. Bu co\u011frafya tarihi olaylara tan\u0131k ve gebe bir co\u011frafya. Ama ba\u015far\u0131l\u0131 olamayacaklar. Buna alet olanlar ba\u015faramayacaklar. Ben 3 y\u0131ld\u0131r yat\u0131yorum. Yatar\u0131m ne olacak. 19 tayin yeri g\u00f6rd\u00fcm meslek hayat\u0131m boyunca. Buras\u0131 20. tayin yerim&#8221; s\u00f6zleriyle a\u00e7\u0131klad\u0131.<\/p>\n<p style=\"text-align: justify;\"><strong>&#8220;KORKU \u0130\u00c7\u0130NDES\u0130N\u0130Z&#8221;<\/strong><\/p>\n<p style=\"text-align: justify;\">Davan\u0131n y\u00fcr\u00fct\u00fclmesinde mahkemenin panik ve korku i\u00e7inde oldu\u011funu \u00f6ne s\u00fcren K\u00fc\u00e7\u00fck, &#8220;Bunu kabul edin, korku i\u00e7indesiniz. Ben yarg\u0131lanmak istiyorum. Ama yarg\u0131lam\u0131yorsunuz. Bu yarg\u0131lanmay\u0131\u015f\u0131n nedeni mahkemenizin tutumudur. Korktu\u011funuzdan yarg\u0131lam\u0131yorsunuz. Biz de hakk\u0131m\u0131zda onursuzca, \u015ferefsizce olu\u015fturulan komplolardan korkuyoruz&#8221; dedi. Veli K\u00fc\u00e7\u00fck\u2019\u00fcn bu s\u00f6zleri \u00fczerine Mahkeme Ba\u015fkan\u0131 \u00d6zese ve K\u00fc\u00e7\u00fck aras\u0131nda tart\u0131\u015fma ya\u015fand\u0131. Tart\u0131\u015fma ise \u015f\u00f6yle geli\u015fti:<\/p>\n<p style=\"text-align: justify;\">\u00d6zese: Mahkeme kimseden korkmaz.<\/p>\n<p style=\"text-align: justify;\">K\u00fc\u00e7\u00fck: Korkuyorsunuz.<\/p>\n<p style=\"text-align: justify;\">\u00d6zese: Mahkeme heyetine kar\u015f\u0131 b\u00f6yle s\u00f6yleyemezsiniz.<\/p>\n<p style=\"text-align: justify;\">K\u00fc\u00e7\u00fck: Ben s\u00f6yl\u00fcyorum. Korkuyorsunuz. Beni yarg\u0131lay\u0131n diyorum. Neden yarg\u0131lanm\u0131yorsunuz? Yapmay\u0131n etmeyin. Ben 70 ya\u015f\u0131ma ayak dayad\u0131m. Benimle dalga ge\u00e7meyin.<\/p>\n<p style=\"text-align: justify;\">\u00d6zese: Dalga ge\u00e7miyoruz. Ciddi bir yarg\u0131lama yap\u0131yoruz.<\/p>\n<p style=\"text-align: justify;\">K\u00fc\u00e7\u00fck: Tabii can\u0131m \u00f6yledir.<\/p>\n<p style=\"text-align: justify;\"><strong>&#8220;B\u0130Z HAYS\u0130YETS\u0130Z \u0130NSANLAR MIYIZ?&#8221;<\/strong><\/p>\n<p style=\"text-align: justify;\">K\u00fc\u00e7\u00fck ya\u015fanan bu tart\u0131\u015fman\u0131n ard\u0131ndan &#8220;Benimle dalga ge\u00e7meyin&#8221; s\u00f6zlerini \u015fu \u015fekilde a\u00e7\u0131klad\u0131:<\/p>\n<p style=\"text-align: justify;\">&#8220;Ben size diyorum ki benle dalga ge\u00e7meyin. Burada Esra Feride G\u00f6k\u00e7imen diye birisinin ifadesi al\u0131nd\u0131. Orada Veli K\u0131l\u0131\u00e7 diye bir isim ge\u00e7iyor. O ifadeleri bize okurken Veli K\u0131l\u0131\u00e7 yerine, 3 defa Veli K\u00fc\u00e7\u00fck, dediniz. O kadar yer etmi\u015f ki Veli K\u00fc\u00e7\u00fck akl\u0131n\u0131zda. Ben size bu y\u00fczden benle dalga ge\u00e7meyin, diyorum. Tuncay G\u00fcney\u2019in haz\u0131rlad\u0131\u011f\u0131 Ergenekon \u015femas\u0131nda ben k\u00f6pr\u00fc g\u00f6revi \u00fcstleniyormu\u015fum. \u00dcst\u00fcmdeki ve alt\u0131mdaki ki\u015filerin isimleri kapal\u0131. \u00c7\u00fcnk\u00fc onlar itibarl\u0131 ki\u015filer. Biz haysiyetsiz insanlar m\u0131y\u0131z? Bana bu ki\u015filerle irtibat\u0131m\u0131 g\u00f6sterin. E\u011fer bu \u015fema ger\u00e7ek de\u011fil diyorsan\u0131z bana elinizdeki \u015femay\u0131 g\u00f6sterin. Ben size bu y\u00fczden benlimle dalga ge\u00e7meyin diyorum.&#8221;<\/p>\n<p style=\"text-align: justify;\"><strong>OSMAN YILDIRIM&#8217;DAN \u015eOK \u0130FADELER<\/strong><\/p>\n<p style=\"text-align: justify;\">Daha \u00f6nce Cumhuriyet gazetesine at\u0131lan bombalar\u0131 Ata\u015fehir\u2019deki bir evde Muzaffer Tekin\u2019den ve sald\u0131r\u0131n\u0131n emrini de Veli K\u00fc\u00e7\u00fck\u2019ten ald\u0131\u011f\u0131n\u0131 \u00f6ne s\u00fcren Osman Y\u0131ld\u0131r\u0131m duru\u015fmada \u015fok a\u00e7\u0131klamalarda bulundu.<\/p>\n<p style=\"text-align: justify;\"><strong>&#8220;ERGENEKON SANIKLARI MASUMDUR&#8221;<\/strong><\/p>\n<p style=\"text-align: justify;\">Y\u0131ld\u0131r\u0131m, &#8220;Cumhuriyet gazetesine bomba at\u0131lmas\u0131 olay\u0131n\u0131 ve Dan\u0131\u015ftay sald\u0131r\u0131s\u0131n\u0131 ben ger\u00e7ekle\u015ftirdim. Alparslan Arslan \u00fcstlendi. El bombalar\u0131 ve glok tabancalar da bana ait. En a\u011f\u0131r cezay\u0131 talep ediyorum. Gazi Mahallesi&#8217;ndeki kahvehaneyi de ben tarad\u0131m. Necip Hablemito\u011flu\u2019nu ben \u00f6ld\u00fcrd\u00fcm. Ergenekon\u2019un t\u00fcm san\u0131kar\u0131 masumdur. Do\u011fu Perin\u00e7ek\u2019in tespitleri do\u011frudur. Kendisinden \u00f6z\u00fcr diliyorum. Herkese sevgi ve sayg\u0131lar\u0131m\u0131 sunuyorum&#8221; diye konu\u015ftu. \u0130\u015f\u00e7i Partisi Genel Ba\u015fkan\u0131 Do\u011fu Perin\u00e7ek de Dan\u0131\u015ftay sald\u0131r\u0131s\u0131yla ilgili olarak bir\u00e7ok sorunun yan\u0131ts\u0131z kald\u0131\u011f\u0131n\u0131 ifade ederek, soru\u015fturman\u0131n yanl\u0131\u015f y\u00f6nlendirildi\u011fini belirtti.<\/p>\n<p style=\"text-align: justify;\"><strong>&#8220;ALPARSLAN ARSLAN\u2019IN BULGAR\u0130STAN BA\u011eI ARA\u015eTIRILMADI&#8221;<\/strong><\/p>\n<p style=\"text-align: justify;\">Dan\u0131\u015ftay sald\u0131r\u0131s\u0131ndan sadece 9 g\u00fcn sonra Alpaslan Aslan\u2019\u0131n Bulgarsitan ba\u011f\u0131n\u0131 a\u00e7\u0131klad\u0131\u011f\u0131n\u0131 hat\u0131rlatan Perin\u00e7ek, M\u0130T\u2019in de kay\u0131tlar\u0131nda yer alan bu bilginin ara\u015ft\u0131r\u0131lmad\u0131\u011f\u0131n\u0131 s\u00f6yledi. Perin\u00e7ek, &#8220;Biz Bulgaristan ba\u011f\u0131n\u0131 2006 y\u0131l\u0131nda a\u00e7\u0131klad\u0131k. M\u0130T 2007 Temmuz\u2019unda Ba\u015fbakanl\u0131k&#8217;a bildiriyor. Peki, M\u0130T daha \u00f6nce neden bildirmiyor? Peki M\u0130T bu bilgiyi neden 1 y\u0131l 2 ay sakl\u0131yor?&#8221; dedi.<\/p>\n<p style=\"text-align: justify;\"><strong>JOW\u0130CA H\u0130\u00c7 ARA\u015eTIRILMIYOR<\/strong><\/p>\n<p style=\"text-align: justify;\">Perin\u00e7ek konu\u015fmas\u0131na \u015f\u00f6yle devam etti:<\/p>\n<p style=\"text-align: justify;\">&#8220;Ankara Emniyeti Ter\u00f6rle M\u00fccadele \u015eubesinde yap\u0131lan m\u00fclakatta Alpaslan Aslan\u2019\u0131n Bulgaristan ba\u011f\u0131 tespit ediliyor. O m\u00fclakat dava dosyas\u0131nda yok. Baz\u0131 M\u0130T g\u00f6revlileri, yasa d\u0131\u015f\u0131 \u015fekilde Alpaslan Aslan\u2019\u0131n Ankara TEM\u2019deki sorgusuna kat\u0131l\u0131yor. Kay\u0131tlar kripto ile \u0130stanbul Emniyet M\u00fcd\u00fcrl\u00fc\u011f\u00fc\u2019ne g\u00f6nderiliyor. Peki neden? Bas\u0131nda Jowica adl\u0131 bir kad\u0131ndan bahsediliyor. Jowica sald\u0131r\u0131n\u0131n \u015f\u00fcphelilerinden Osman Mutlu ile 304 kez g\u00f6r\u00fc\u015fm\u00fc\u015f. Son g\u00f6r\u00fc\u015fme sald\u0131r\u0131dan 1 g\u00fcn \u00f6nce yap\u0131lm\u0131\u015f. Bu kad\u0131n hi\u00e7 ara\u015ft\u0131r\u0131lm\u0131yor&#8221;<\/p>\n<p style=\"text-align: justify;\">&#8220;Bu sald\u0131r\u0131 sadece t\u00fcrban i\u00e7in yap\u0131lm\u0131\u015f bir sald\u0131r\u0131 de\u011fildir.&#8221; diyen Do\u011fu Perin\u00e7ek as\u0131l \u00f6rg\u00fct\u00fcn karart\u0131lmak istendi\u011fini \u00f6ne s\u00fcrd\u00fc.<\/p>\n<p style=\"text-align: justify;\">Duru\u015fma taleplerin al\u0131nmas\u0131yla devam ediyor.<\/p>\n<p style=\"text-align: justify;\"><a href=\"http:\/\/www.gazeteport.com.tr\/GUNCEL\/NEWS\/GP_867734\" target=\"_blank\"><span style=\"color: #888888;\">Kaynak : GAZETEPORT<\/span><\/a><\/p>\n","protected":false},"excerpt":{"rendered":"<p style=\"text-align: justify;\">\n<p style=\"text-align: justify;\">Ergenekon san\u0131\u011f\u0131 Mehmet Zekeriya \u00d6zt\u00fcrk: Art\u0131k yeter noktas\u0131nday\u0131m. Onur ve \u015ferefim i\u00e7in art\u0131k her t\u00fcrl\u00fc fiziksel kar\u015f\u0131 koymay\u0131, birey hakk\u0131m olan hayat\u0131ma son vermeyi hi\u00e7 teredd\u00fcts\u00fcz uygulayabilirim.<\/p>\n<p style=\"text-align: justify;\">&#8220;Benimle dalga ge\u00e7meyin&#8221; diyen Veli K\u00fc\u00e7\u00fck ile mahkeme ba\u015fkan\u0131 aras\u0131nda da tart\u0131\u015fma ya\u015fand\u0131. <\/p>\n","protected":false},"author":1,"featured_media":0,"comment_status":"open","ping_status":"closed","sticky":false,"template":"","format":"standard","meta":{"footnotes":""},"categories":[105],"tags":[],"class_list":["post-29283","post","type-post","status-publish","format-standard","hentry","category-gundem","odd"],"_links":{"self":[{"href":"http:\/\/www.korhanyilmaz.com\/index.php?rest_route=\/wp\/v2\/posts\/29283","targetHints":{"allow":["GET"]}}],"collection":[{"href":"http:\/\/www.korhanyilmaz.com\/index.php?rest_route=\/wp\/v2\/posts"}],"about":[{"href":"http:\/\/www.korhanyilmaz.com\/index.php?rest_route=\/wp\/v2\/types\/post"}],"author":[{"embeddable":true,"href":"http:\/\/www.korhanyilmaz.com\/index.php?rest_route=\/wp\/v2\/users\/1"}],"replies":[{"embeddable":true,"href":"http:\/\/www.korhanyilmaz.com\/index.php?rest_route=%2Fwp%2Fv2%2Fcomments&post=29283"}],"version-history":[{"count":0,"href":"http:\/\/www.korhanyilmaz.com\/index.php?rest_route=\/wp\/v2\/posts\/29283\/revisions"}],"wp:attachment":[{"href":"http:\/\/www.korhanyilmaz.com\/index.php?rest_route=%2Fwp%2Fv2%2Fmedia&parent=29283"}],"wp:term":[{"taxonomy":"category","embeddable":true,"href":"http:\/\/www.korhanyilmaz.com\/index.php?rest_route=%2Fwp%2Fv2%2Fcategories&post=29283"},{"taxonomy":"post_tag","embeddable":true,"href":"http:\/\/www.korhanyilmaz.com\/index.php?rest_route=%2Fwp%2Fv2%2Ftags&post=29283"}],"curies":[{"name":"wp","href":"https:\/\/api.w.org\/{rel}","templated":true}]}}