{"id":29273,"date":"2011-03-10T19:50:05","date_gmt":"2011-03-10T17:50:05","guid":{"rendered":"http:\/\/www.korhanyilmaz.com\/?p=29273"},"modified":"2011-03-10T19:50:05","modified_gmt":"2011-03-10T17:50:05","slug":"rapor-da-hazirlayanlar-da-dengeli-degil","status":"publish","type":"post","link":"http:\/\/www.korhanyilmaz.com\/?p=29273","title":{"rendered":"&#8216;Rapor da haz\u0131rlayanlar da dengeli de\u011fil&#8217;"},"content":{"rendered":"<div id=\"attachment_29274\" style=\"width: 288px\" class=\"wp-caption aligncenter\"><a href=\"http:\/\/www.korhanyilmaz.com\/wp-content\/uploads\/2011\/03\/169.jpg\"  class=\"lightview\"><img loading=\"lazy\" decoding=\"async\" aria-describedby=\"caption-attachment-29274\" class=\"size-full wp-image-29274\" src=\"http:\/\/www.korhanyilmaz.com\/wp-content\/uploads\/2011\/03\/169.jpg\" alt=\"\" width=\"278\" height=\"160\" \/><\/a><p id=\"caption-attachment-29274\" class=\"wp-caption-text\">Ba\u015fbakan Erdo\u011fan, AP raporuyla ilgili a\u00e7\u0131klamay\u0131, S\u0131rbistan Ba\u015fbakan\u0131 Mirko Cvetkovic ile ger\u00e7ekle\u015ftirdi\u011fi g\u00f6r\u00fc\u015fme sonras\u0131 d\u00fczenlenen bas\u0131n toplant\u0131s\u0131nda yapt\u0131.<\/p><\/div>\n<p style=\"text-align: justify;\">Ba\u015fbakan Erdo\u011fan\u2019dan, \u00f6zellikle bas\u0131n \u00f6zg\u00fcrl\u00fc\u011f\u00fcne ili\u015fkin sert ele\u015ftirileriyle g\u00fcndeme gelen Avrupa Parlamentosu\u2019nun T\u00fcrkiye raporuna, ayn\u0131 sertlikte yan\u0131t geldi.<!--more--><\/p>\n<p style=\"text-align: justify;\">ANKARA &#8211; Ba\u015fbakan Erdo\u011fan, Avrupa Parlamentosu\u2019nun haz\u0131rlad\u0131\u011f\u0131 son T\u00fcrkiye raporunu ve haz\u0131rlayanlar\u0131 dengeli bulmad\u0131\u011f\u0131n\u0131 s\u00f6yledi.<\/p>\n<p style=\"text-align: justify;\">Odatv bask\u0131n\u0131 ve gazeteciler Nedim \u015eener ile Ahmet \u015e\u0131k\u2019\u0131n tutukland\u0131klar\u0131 d\u00f6neme denk gelmesi nedeniyle T\u00fcrkiye\u2019deki bas\u0131n \u00f6zg\u00fcrl\u00fc\u011f\u00fcne sert ele\u015ftirler getiren raporu de\u011ferlendiren Erdo\u011fan, raporu haz\u0131rlayanlar\u0131 T\u00fcrkiye&#8217;yi ve ger\u00e7ekleri bilmemekle su\u00e7lad\u0131.<\/p>\n<p style=\"text-align: justify;\">&#8220;Raporun ve haz\u0131rlayanlar\u0131n dengeli oldu\u011funa inanm\u0131yorum&#8221; diyen Erdo\u011fan, &#8216;herhangi bir ad\u0131m atacak m\u0131s\u0131n\u0131z?\u2019 sorusuna da, &#8220;Ad\u0131m atmam\u0131za gerek yok, onlar rapor haz\u0131rlamakla biz de bildi\u011fimizi okumakla g\u00f6revliyiz&#8221; yan\u0131t\u0131n\u0131 verdi.<\/p>\n<p style=\"text-align: justify;\">Ba\u015fbakan Erdo\u011fan\u2019\u0131n, bas\u0131n mensuplar\u0131n\u0131n sorular\u0131 \u00fczerine AP raporuyla ilgili a\u00e7\u0131klamalar\u0131 \u015f\u00f6yle:<\/p>\n<p style=\"text-align: justify;\">&#8220;Nas\u0131l cevap versem diye d\u00fc\u015f\u00fcn\u00fcyorum&#8230;<\/p>\n<p style=\"text-align: justify;\">T\u00fcrkiye\u2019den uzak, tan\u0131mayan, bilmeyen ki\u015filerin, tamamen sipari\u015f \u00fczerine haz\u0131rlad\u0131\u011f\u0131 bir rapor olarak g\u00f6r\u00fcyorum.<\/p>\n<p style=\"text-align: justify;\">Denge diye bir \u015fey s\u00f6z konusu de\u011fil, raporun da haz\u0131rlayanlar\u0131n da dengeli oldu\u011funu d\u00fc\u015f\u00fcnm\u00fcyorum&#8230;<\/p>\n<p style=\"text-align: justify;\">T\u00fcrkiye\u2019deki bas\u0131n \u00f6zg\u00fcrl\u00fc\u011f\u00fcn\u00fc o ifadeler ortaya koyamaz. \u00dclkedeki bas\u0131n \u00f6zg\u00fcrl\u00fc\u011f\u00fcn\u00fc anlatm\u0131yor o ifadeler. Zira \u015fu anda T\u00fcrkiye\u2019de bas\u0131n mensubu olup da i\u00e7eride olanlar\u0131n say\u0131s\u0131 27 ve bunlardan hi\u00e7birisi yazd\u0131klar\u0131 ve haberleri nedeniyle i\u00e7eriye girmemi\u015flerdir.<\/p>\n<p style=\"text-align: justify;\">Tamam\u0131n\u0131n da i\u00e7eriye giri\u015f nedenleri, ter\u00f6r \u00f6rg\u00fctleriyle ili\u015fkileri ve h\u00fck\u00fcmeti y\u0131kmaya y\u00f6nelik att\u0131klar\u0131 ad\u0131mlard\u0131r. Yazd\u0131klar\u0131yla hi\u00e7bir alakas\u0131 yoktur; organize su\u00e7lara y\u00f6nelik ad\u0131mlar \u00e7er\u00e7evesinde i\u00e7erideler.<\/p>\n<p style=\"text-align: justify;\">\u00dclkemizin ger\u00e7eklerini yans\u0131tmaktan olduk\u00e7a uzak olan AP raporuyla ilgili \u00e7ok \u00e7ok \u00fczg\u00fcn\u00fcm. Adil ve objektif bir rapor oldu\u011funu s\u00f6ylemek m\u00fcmk\u00fcn de\u011fil.&#8221;<\/p>\n<p style=\"text-align: justify;\">Ba\u015fbakan Erdo\u011fan, bir soru \u00fczerine de, &#8220;<strong>Ad\u0131m atmam\u0131za gerek yok, onlar rapor haz\u0131rlamakla biz de bildi\u011fimizi okumakla g\u00f6revliyiz<\/strong>&#8221; \u015feklinde konu\u015ftu.<\/p>\n<p style=\"text-align: justify;\"><a href=\"http:\/\/www.ntvmsnbc.com\/id\/25191099\/\" target=\"_blank\">Kaynak : ntvmsnbc<\/a><\/p>\n","protected":false},"excerpt":{"rendered":"<p id=\"caption-attachment-29274\" class=\"wp-caption-text\">Ba\u015fbakan Erdo\u011fan, AP raporuyla ilgili a\u00e7\u0131klamay\u0131, S\u0131rbistan Ba\u015fbakan\u0131 Mirko Cvetkovic ile ger\u00e7ekle\u015ftirdi\u011fi g\u00f6r\u00fc\u015fme sonras\u0131 d\u00fczenlenen bas\u0131n toplant\u0131s\u0131nda yapt\u0131.<\/p>\n<p style=\"text-align: justify;\">Ba\u015fbakan Erdo\u011fan\u2019dan, \u00f6zellikle bas\u0131n \u00f6zg\u00fcrl\u00fc\u011f\u00fcne ili\u015fkin sert ele\u015ftirileriyle g\u00fcndeme gelen Avrupa Parlamentosu\u2019nun T\u00fcrkiye raporuna, ayn\u0131 sertlikte yan\u0131t geldi.<\/p>\n","protected":false},"author":1,"featured_media":0,"comment_status":"open","ping_status":"closed","sticky":false,"template":"","format":"standard","meta":{"footnotes":""},"categories":[105],"tags":[],"class_list":["post-29273","post","type-post","status-publish","format-standard","hentry","category-gundem","odd"],"_links":{"self":[{"href":"http:\/\/www.korhanyilmaz.com\/index.php?rest_route=\/wp\/v2\/posts\/29273","targetHints":{"allow":["GET"]}}],"collection":[{"href":"http:\/\/www.korhanyilmaz.com\/index.php?rest_route=\/wp\/v2\/posts"}],"about":[{"href":"http:\/\/www.korhanyilmaz.com\/index.php?rest_route=\/wp\/v2\/types\/post"}],"author":[{"embeddable":true,"href":"http:\/\/www.korhanyilmaz.com\/index.php?rest_route=\/wp\/v2\/users\/1"}],"replies":[{"embeddable":true,"href":"http:\/\/www.korhanyilmaz.com\/index.php?rest_route=%2Fwp%2Fv2%2Fcomments&post=29273"}],"version-history":[{"count":0,"href":"http:\/\/www.korhanyilmaz.com\/index.php?rest_route=\/wp\/v2\/posts\/29273\/revisions"}],"wp:attachment":[{"href":"http:\/\/www.korhanyilmaz.com\/index.php?rest_route=%2Fwp%2Fv2%2Fmedia&parent=29273"}],"wp:term":[{"taxonomy":"category","embeddable":true,"href":"http:\/\/www.korhanyilmaz.com\/index.php?rest_route=%2Fwp%2Fv2%2Fcategories&post=29273"},{"taxonomy":"post_tag","embeddable":true,"href":"http:\/\/www.korhanyilmaz.com\/index.php?rest_route=%2Fwp%2Fv2%2Ftags&post=29273"}],"curies":[{"name":"wp","href":"https:\/\/api.w.org\/{rel}","templated":true}]}}