{"id":29269,"date":"2011-03-10T14:16:52","date_gmt":"2011-03-10T12:16:52","guid":{"rendered":"http:\/\/www.korhanyilmaz.com\/?p=29269"},"modified":"2011-03-10T14:16:52","modified_gmt":"2011-03-10T12:16:52","slug":"istihbarat-depreminde-yaniti-aranan-soru","status":"publish","type":"post","link":"http:\/\/www.korhanyilmaz.com\/?p=29269","title":{"rendered":"\u0130stihbarat depreminde yan\u0131t\u0131 aranan soru"},"content":{"rendered":"<p style=\"text-align: justify;\"><a href=\"http:\/\/www.korhanyilmaz.com\/wp-content\/uploads\/2011\/03\/168.jpg\"  class=\"lightview\"><img loading=\"lazy\" decoding=\"async\" class=\"aligncenter size-full wp-image-29270\" src=\"http:\/\/www.korhanyilmaz.com\/wp-content\/uploads\/2011\/03\/168.jpg\" alt=\"\" width=\"300\" height=\"220\" \/><\/a><\/p>\n<p style=\"text-align: justify;\">Ergenekon, Balyoz, \u015eantaj ve Casusluk \u00c7etesi gibi operasyonlar\u0131 y\u00f6neten Ali Fuat Y\u0131lmazer&#8217;in g\u00f6revden al\u0131nmas\u0131 deprem etkisi yaratt\u0131. Y\u0131lmazer&#8217;in yolu Nedim \u015eener&#8217;le ka\u00e7 kez kesi\u015fti? Yeni atamas\u0131 Ergenekon soru\u015fturmas\u0131n\u0131 etkiler mi?<!--more--><\/p>\n<p style=\"text-align: justify;\">\u0130STANBUL &#8211; \u0130stanbul Emniyeti&#8217;nde \u0130stihbarattan Sorumlu Emniyet M\u00fcd\u00fcr Yard\u0131mc\u0131l\u0131\u011f\u0131 yapan Ali Fuat Y\u0131lmazer&#8217;in g\u00f6revden al\u0131nmas\u0131 g\u00f6zlerin Ergenekon soru\u015fturmas\u0131na \u00e7evrilmesine neden oldu.<\/p>\n<p style=\"text-align: justify;\">Ba\u015fbakan Recep Tayyip Erdo\u011fan&#8217;\u0131n \u0130stanbul&#8217;a her geldi\u011finde g\u00f6r\u00fc\u015ft\u00fc\u011f\u00fc, &#8216;Ergenekon, Balyoz, Kafes, Poyrazk\u00f6y, \u015eantaj ve Casusluk \u00c7etesi&#8217; gibi operasyonlar\u0131n ba\u015f\u0131ndaki Ali Fuat Y\u0131lmazer&#8217;in ismi ilk kez Nedim \u015eener&#8217;in &#8220;Hrant Dink Cinayeti ve \u0130stihbarat Yalanlar\u0131&#8221; adl\u0131 kitab\u0131ndan sonra duyuldu.<\/p>\n<p style=\"text-align: justify;\">Son Ergenekon dalgas\u0131nda tutuklanan gazeteci Nedim \u015eener, kitab\u0131nda Ali Fuat Y\u0131lmazer&#8217;in Hrant Dink suikastinde ihmali oldu\u011funu Ba\u015fbakanl\u0131k Tefti\u015f Kurulu raporuna dayanarak yazd\u0131. O d\u00f6nemde az\u0131nl\u0131klara bakan Emniyet \u0130stihbarat Dairesi C \u015eubesi&#8217;nin ba\u015f\u0131nda bulunan Y\u0131lmazer&#8217;in, kendisine gelen 17 \u015eubat 2006 tarihli &#8220;Yasin Hayal ne pahas\u0131na olursa olsun Hrant Dink\u2019i \u00f6ld\u00fcrecek&#8221; bilgisini \u00fcstlerine de\u011fi\u015ftirerek bildirdi\u011fi iddia edilmi\u015fti.<\/p>\n<p style=\"text-align: justify;\">Ali Fuat Y\u0131lmazer, Nedim \u015eener&#8217;den \u015fikayet\u00e7i oldu ve dava a\u00e7t\u0131. Kitapla ilgili a\u00e7\u0131lan davada Nedim \u015eener&#8217;in 8 y\u0131l hapsi isteniyordu ve gazeteci \u015eener dava sonucunda beraat etti.<\/p>\n<p style=\"text-align: justify;\">Y\u0131lmazer&#8217;in ismi Hanefi Avc\u0131&#8217;n\u0131n yazd\u0131\u011f\u0131 &#8216;Hali\u00e7&#8217;te Ya\u015fayan Simonlar&#8217; adl\u0131 kitapta ise &#8216;Emniyet imam\u0131&#8217; olarak ge\u00e7ti. Kitapta, cemaatin Emniyet&#8217;teki temsilcisinin Ali Fuat Y\u0131lmazer oldu\u011fu belirtiliyordu. Avc\u0131 hakk\u0131nda iftira ve hakaretten dava a\u00e7\u0131ld\u0131.<\/p>\n<p style=\"text-align: justify;\"><strong>ERDO\u011eAN HER GELD\u0130\u011e\u0130NDE G\u00d6R\u00dc\u015e\u00dcR<\/strong><\/p>\n<p style=\"text-align: justify;\">&#8216;Hali\u00e7&#8217;te Ya\u015fayan Simonlar&#8217;la ilgili tart\u0131\u015fmalar s\u00fcrerken Taraf gazetesinde yazan Emre Uslu Ali Fuat Y\u0131lmazer&#8217;in ne kadar g\u00fc\u00e7l\u00fc oldu\u011funa dair bir yaz\u0131 kaleme ald\u0131. Nedim \u015eener&#8217;le gazete k\u00f6\u015felerinden polemi\u011fe giren Uslu, Ali Fuat Y\u0131lmazer&#8217;in cemaatin Emniyet&#8217;teki temsilcisi oldu\u011fu y\u00f6n\u00fcndeki iddialarla ilgili \u015f\u00f6yle yazd\u0131: &#8220;Hat\u0131rlanaca\u011f\u0131 gibi bundan bir s\u00fcre \u00f6nce Nedim \u015eener\u2019in Dink cinayetini anlatt\u0131\u011f\u0131 kitab\u0131 nedeniyle yarg\u0131land\u0131\u011f\u0131 davada ifade veren eski \u0130stihbarat Daire Ba\u015fkan\u0131 Sabri Uzun Emniyet\u2019teki C Masas\u0131\u2019n\u0131 kendisine bilgi vermemekle su\u00e7lad\u0131. C Masas\u0131\u2019n\u0131n o d\u00f6nem sorumlusu Ali Fuat Y\u0131lmazer\u2019di. Y\u0131lmazer bug\u00fcn \u0130stanbul \u0130stihbarat \u015eube M\u00fcd\u00fcr\u00fc&#8230; Hanefi Avc\u0131\u2019n\u0131n da kitab\u0131nda Ali Fuat Y\u0131lmazer\u2019i hedef almas\u0131 \u00e7ok \u015fa\u015f\u0131rt\u0131c\u0131 de\u011fil&#8230; \u0130stanbul Emniyet M\u00fcd\u00fcr\u00fc&#8217;n\u00fcn alenen muhalefet etmesine ra\u011fmen Avc\u0131\u2019ya g\u00f6re yetersiz olan Y\u0131lmazer\u2019in g\u00f6reve getirilmesini engelleyememi\u015f, \u00e7\u00fcnk\u00fc Y\u0131lmazer\u2019in arkas\u0131nda cemaat varm\u0131\u015f. Ben Y\u0131lmazer\u2019in Cemaat\u2019le bir ili\u015fkisinin olup olmad\u0131\u011f\u0131n\u0131 bilmiyorum ama onun neden g\u00fc\u00e7l\u00fc oldu\u011funu bildi\u011fim \u00e7ok net bir bilgiye sahibim. O, bu g\u00f6reve getirildi \u00e7\u00fcnk\u00fc onu Ba\u015fbakan Tayyip Erdo\u011fan istedi. \u0130stanbul\u2019a her geldi\u011finde de onunla mutlaka g\u00f6r\u00fc\u015f\u00fcyor Erdo\u011fan.&#8221;<\/p>\n<p style=\"text-align: justify;\"><strong>BA\u015eBAKANLIK RAPORUNA G\u0130RD\u0130<\/strong><\/p>\n<p style=\"text-align: justify;\">Nedim \u015eener, Uslu&#8217;nun yazd\u0131klar\u0131na k\u00f6\u015fesinden \u015fu yan\u0131t\u0131 verdi: &#8220;Hrant Dink cinayetinde sorumlulu\u011funa dikkat \u00e7ekti\u011fim ki\u015fi yaln\u0131zca d\u00f6nemin Emniyet \u0130stihbarat Daire Ba\u015fkanl\u0131\u011f\u0131 C \u015eube M\u00fcd\u00fcr\u00fc, \u015fimdinin \u0130stanbul Emniyet M\u00fcd\u00fcr Yard\u0131mc\u0131s\u0131 Ali Fuat Y\u0131lmazer de\u011fil. D\u00f6nemin Emniyet \u0130stihbarat Daire Ba\u015fkan\u0131 Ramazan Aky\u00fcrek de var. Ayr\u0131ca d\u00f6nemin \u0130stanbul Emniyet M\u00fcd\u00fcr\u00fc Celalettin Cerrah ba\u015fta olmak \u00fczere \u0130stanbul polisi, d\u00f6nemin Trabzon Emniyet M\u00fcd\u00fcr\u00fc Re\u015fat Altay ve d\u00f6nemin Trabzon \u0130stihbarat \u015eube M\u00fcd\u00fcr\u00fc Faruk Sar\u0131 ba\u015fta olmak \u00fczere Trabzon polisi de ayn\u0131 klasmanda. Hrant Dink\u2019i 2004\u2019te \u0130stanbul Valili\u011fi\u2019ne \u00e7a\u011f\u0131r\u0131p \u2018uyaran\u2019 M\u0130T\u2019\u00e7i \u00d6zer Y\u0131lmaz ba\u015fta olmak \u00fczere bu cinayetle ilgili olarak k\u0131l\u0131n\u0131 k\u0131p\u0131rdatmayan M\u0130T de bu listenin i\u00e7inde. Dolay\u0131s\u0131yla tek ba\u015f\u0131na Ali Fuat Y\u0131lmazer\u2019i hedef ald\u0131\u011f\u0131m iddias\u0131 asla do\u011fru de\u011fil. Ayr\u0131ca, Ali Fuat Y\u0131lmazer\u2019in (Ramazan Aky\u00fcrek ile beraber) Dink cinayetindeki sorumlulu\u011fu hakk\u0131ndaki en \u00f6nemli imza Ba\u015fbakan Erdo\u011fan\u2019a ait. Ba\u015fbakan Erdo\u011fan\u2019\u0131n imzas\u0131n\u0131 ta\u015f\u0131yan Ba\u015fbakanl\u0131k Tefti\u015f Kurulu raporu ortada duruyor. Bu rapor ve di\u011fer tespitlere ra\u011fmen Ali Fuat Y\u0131lmazer\u2019in, \u0130stanbul Emniyet M\u00fcd\u00fcr Yard\u0131mc\u0131l\u0131\u011f\u0131 g\u00f6revinde halen tutuluyor olmas\u0131 T\u00fcrkiye gibi \u00fclkelere has tuhaf bir durum. Korkar\u0131m; Emre Uslu ve onun gibi d\u00fc\u015f\u00fcnenler, Ramazan Aky\u00fcrek ve Ali Fuat Y\u0131lmazer\u2019i sorumlu g\u00f6steren bu raporu yazanlar\u0131 da, Ba\u015fbakanl\u0131k Tefti\u015f Kurulu Ba\u015fkan\u0131\u2019n\u0131 da ve o raporun alt\u0131na imza atan Ba\u015fbakan\u2019\u0131 da \u2018Ergenekoncu\u2019 diye yaftalayabilirler!!!&#8221;<\/p>\n<p style=\"text-align: justify;\">Nedim \u015eener&#8217;in s\u00f6z\u00fcn\u00fc etti\u011fi Ba\u015fbakanl\u0131k raporu 10 Ekim 2008 tarihini ta\u015f\u0131yordu. Ba\u015fbakanl\u0131k Tefti\u015f Kurulu&#8217;nun haz\u0131rlad\u0131\u011f\u0131 raporda, Ali Fuat Y\u0131lmazer hakk\u0131nda &#8220;Trabzon Emniyeti\u2019nden g\u00f6nderilen istihbarat raporunda Dink ile ilgili \u00f6l\u00fcm ihbar\u0131 bulunmas\u0131na ra\u011fmen, &#8216;Hedef \u015eah\u0131slar Program\u0131&#8217; ba\u015fl\u0131kl\u0131 emre ayk\u0131r\u0131 bi\u00e7imde Dink\u2019in korunmas\u0131yla ilgili i\u015flemleri yapmad\u0131\u011f\u0131&#8221; gerek\u00e7esiyle inceleme isteniyordu.<\/p>\n<p style=\"text-align: justify;\"><strong>\u015eENER VE YILMAZER B\u0130R KEZ DAHA KAR\u015eI KAR\u015eIYA<\/strong><\/p>\n<p style=\"text-align: justify;\">Kitap ve a\u00e7\u0131lan davada kar\u015f\u0131 kar\u015f\u0131ya gelen Nedim \u015eener ve Ali Fuat Y\u0131lmazer&#8217;in aras\u0131ndaki gerginlik s\u00fcrd\u00fc ve ikilinin yollar\u0131 bir kez daha kesi\u015fti. Nedim \u015eener, Ergenekon soru\u015fturmas\u0131nda g\u00f6zalt\u0131na al\u0131nd\u0131 ve tutukland\u0131. \u0130kili aras\u0131ndaki gerginli\u011fin son g\u00f6zalt\u0131lara yans\u0131y\u0131p yans\u0131mad\u0131\u011f\u0131 \u015fu an bilinmiyor.<\/p>\n<p style=\"text-align: justify;\"><strong>\u00c7APKIN KONTROL\u00dc ALTINDA TUTMAK \u0130ST\u0130YOR<\/strong><\/p>\n<p style=\"text-align: justify;\">Emniyet kaynaklar\u0131na g\u00f6re, \u0130stanbul Emniyet M\u00fcd\u00fcr\u00fc H\u00fcseyin \u00c7apk\u0131n son atama operasyonunu istihbarat\u0131 kendine ba\u011flamak i\u00e7in yapt\u0131. \u0130ddialara g\u00f6re \u00c7apk\u0131n, Y\u0131lmazer&#8217;i g\u00f6revden alarak istihbarat\u0131 kendi kontrol\u00fc alt\u0131nda tutmak istiyor.<\/p>\n<p style=\"text-align: justify;\"><strong>BA\u015eKA ATAMALAR OLURSA&#8230;<\/strong><\/p>\n<p style=\"text-align: justify;\">Peki Y\u0131lmazer&#8217;in g\u00f6revden al\u0131nmas\u0131 Ergenekon soru\u015fturmas\u0131n\u0131 etkiler mi? Yorumlara g\u00f6re Ali Fuat Y\u0131lmazer&#8217;in ba\u015fka birime atanmas\u0131 yeterli de\u011fil. \u0130stihbaratta ba\u015fka atamalar ger\u00e7ekle\u015firse ve kritik konumdaki isimlerin g\u00f6rev yerleri de\u011fi\u015firse Ergenekon operasyonlar\u0131ndan bir rahats\u0131zl\u0131k oldu\u011fu yorumu g\u00fc\u00e7lenebilir.<\/p>\n<p style=\"text-align: justify;\"><strong>ARTIK TANIK KORUMA VE BOMBA \u0130MHAYA BAKACAK<\/strong><\/p>\n<p style=\"text-align: justify;\">2005 ile 2007 y\u0131llar\u0131 aras\u0131nda Ankara&#8217;da \u0130stihbarat Daire Ba\u015fkanl\u0131\u011f\u0131 C \u015eube M\u00fcd\u00fcr\u00fc olarak g\u00f6rev yapan Ali Fuat Y\u0131lmazer, Dink cinayetiyle ilgili kusurlu bulunan \u0130stanbul \u0130stihbarat \u015eube M\u00fcd\u00fcr\u00fc Ahmet \u0130lhan G\u00fcler&#8217;in yerine bu \u015fubeye m\u00fcd\u00fcr olarak atand\u0131.<\/p>\n<p style=\"text-align: justify;\">\u0130stihbarat \u015eube M\u00fcd\u00fcr\u00fc g\u00f6revindeyken terfi edip 2. s\u0131n\u0131f emniyet m\u00fcd\u00fcr\u00fc olan Ali Fuat Y\u0131lmazer, \u0130stihbarat\u2019tan Sorumlu Emniyet M\u00fcd\u00fcr Yard\u0131mc\u0131l\u0131\u011f\u0131\u2019na getirildi. D\u00fcn ak\u015fam yap\u0131lan yeni atamalarla Y\u0131lmazer&#8217;in sorumluluk alan\u0131 yaln\u0131zca &#8216;tan\u0131k koruma&#8217; ve &#8216;bomba imha&#8217; \u015fubeleriyle s\u0131n\u0131rland\u0131r\u0131ld\u0131.<\/p>\n<p style=\"text-align: justify;\"><a href=\"http:\/\/www.ntvmsnbc.com\/id\/25190958\/\" target=\"_blank\"><span style=\"color: #888888;\">Kaynak : ntvmsnbc<\/span><\/a><\/p>\n","protected":false},"excerpt":{"rendered":"<p style=\"text-align: justify;\">\n<p style=\"text-align: justify;\">Ergenekon, Balyoz, \u015eantaj ve Casusluk \u00c7etesi gibi operasyonlar\u0131 y\u00f6neten Ali Fuat Y\u0131lmazer&#8217;in g\u00f6revden al\u0131nmas\u0131 deprem etkisi yaratt\u0131. Y\u0131lmazer&#8217;in yolu Nedim \u015eener&#8217;le ka\u00e7 kez kesi\u015fti? Yeni atamas\u0131 Ergenekon soru\u015fturmas\u0131n\u0131 etkiler mi?<\/p>\n","protected":false},"author":1,"featured_media":0,"comment_status":"open","ping_status":"closed","sticky":false,"template":"","format":"standard","meta":{"footnotes":""},"categories":[105],"tags":[],"class_list":["post-29269","post","type-post","status-publish","format-standard","hentry","category-gundem","odd"],"_links":{"self":[{"href":"http:\/\/www.korhanyilmaz.com\/index.php?rest_route=\/wp\/v2\/posts\/29269","targetHints":{"allow":["GET"]}}],"collection":[{"href":"http:\/\/www.korhanyilmaz.com\/index.php?rest_route=\/wp\/v2\/posts"}],"about":[{"href":"http:\/\/www.korhanyilmaz.com\/index.php?rest_route=\/wp\/v2\/types\/post"}],"author":[{"embeddable":true,"href":"http:\/\/www.korhanyilmaz.com\/index.php?rest_route=\/wp\/v2\/users\/1"}],"replies":[{"embeddable":true,"href":"http:\/\/www.korhanyilmaz.com\/index.php?rest_route=%2Fwp%2Fv2%2Fcomments&post=29269"}],"version-history":[{"count":0,"href":"http:\/\/www.korhanyilmaz.com\/index.php?rest_route=\/wp\/v2\/posts\/29269\/revisions"}],"wp:attachment":[{"href":"http:\/\/www.korhanyilmaz.com\/index.php?rest_route=%2Fwp%2Fv2%2Fmedia&parent=29269"}],"wp:term":[{"taxonomy":"category","embeddable":true,"href":"http:\/\/www.korhanyilmaz.com\/index.php?rest_route=%2Fwp%2Fv2%2Fcategories&post=29269"},{"taxonomy":"post_tag","embeddable":true,"href":"http:\/\/www.korhanyilmaz.com\/index.php?rest_route=%2Fwp%2Fv2%2Ftags&post=29269"}],"curies":[{"name":"wp","href":"https:\/\/api.w.org\/{rel}","templated":true}]}}