{"id":29264,"date":"2011-03-10T18:35:16","date_gmt":"2011-03-10T16:35:16","guid":{"rendered":"http:\/\/www.korhanyilmaz.com\/?p=29264"},"modified":"2011-03-10T18:35:16","modified_gmt":"2011-03-10T16:35:16","slug":"kacmaz-tarhan-cihaner-avci-meclis-yolunda","status":"publish","type":"post","link":"http:\/\/www.korhanyilmaz.com\/?p=29264","title":{"rendered":"Ka\u00e7maz, Tarhan, Cihaner, Avc\u0131 Meclis yolunda"},"content":{"rendered":"<p style=\"text-align: justify;\"><a href=\"http:\/\/www.korhanyilmaz.com\/wp-content\/uploads\/2011\/03\/167.jpg\"  class=\"lightview\"><img loading=\"lazy\" decoding=\"async\" class=\"aligncenter size-full wp-image-29265\" src=\"http:\/\/www.korhanyilmaz.com\/wp-content\/uploads\/2011\/03\/167.jpg\" alt=\"\" width=\"307\" height=\"236\" \/><\/a><\/p>\n<p style=\"text-align: justify;\">Milletvekili genel se\u00e7imlerinde aday olacak kamu g\u00f6revlileri istifa ediyor. Sincan Hakimi Osman Ka\u00e7maz, YARSAV Ba\u015fkan\u0131 Emine \u00dclker Tarhan, Savc\u0131 \u0130lhan Cihaner ve Hanefi Avc\u0131 milletvekilli\u011fine aday olmak i\u00e7in istifa etti. ATO Ba\u015fkan\u0131 Sinan Ayg\u00fcn, Yalova Valisi Yusuf Erbay, TOK\u0130 Ba\u015fkan\u0131 Erdo\u011fan Bayraktar ve D\u0130SK Ba\u015fkan\u0131 S\u00fcleyman \u00c7elebi de istifa eden di\u011fer isimler.<!--more--><\/p>\n<p style=\"text-align: justify;\">Ba\u015fbakan Recep Tayyip Erdo\u011fan&#8217;\u0131n Ba\u015fdan\u0131\u015fmanlar\u0131 Prof. Dr. Nabi Avc\u0131 ve Do\u00e7ent Dr. Yal\u00e7\u0131n Akdo\u011fan ile Ba\u015fbakanl\u0131k M\u00fc\u015faviri Y\u0131ld\u0131r\u0131m Ramazano\u011flu, milletvekili se\u00e7imlerinde aday aday\u0131 olmak i\u00e7in g\u00f6revlerinden istifa etti.<\/p>\n<p style=\"text-align: justify;\">Al\u0131nan bilgiye g\u00f6re, Ba\u015fbakan Erdo\u011fan&#8217;\u0131n medyadan sorumlu ba\u015fdan\u0131\u015fman\u0131 Nabi Avc\u0131 ve siyasi dan\u0131\u015fman\u0131 Yal\u00e7\u0131n Akdo\u011fan ile doktoru Y\u0131ld\u0131r\u0131m Ramazano\u011flu milletvekili aday aday\u0131 olmak i\u00e7in g\u00f6revlerinden ayr\u0131ld\u0131.<\/p>\n<p style=\"text-align: justify;\">Bu istifalarla birlikte Ba\u015fbakan Erdo\u011fan&#8217;\u0131n ekibinden toplam 5 ki\u015fi milletvekili aday aday\u0131 olmak i\u00e7in g\u00f6revlerinden ayr\u0131lm\u0131\u015f oldu.<\/p>\n<p style=\"text-align: justify;\">Bu isimler \u015funlar: &#8220;Nabi Avc\u0131 (Ba\u015fdan\u0131\u015fman), Yal\u00e7\u0131n Akdo\u011fan (Ba\u015fdan\u0131\u015fman), Emrullah \u0130\u015fler (Ba\u015fm\u00fc\u015favir), \u00c7a\u011fatay K\u0131l\u0131\u00e7 (\u00d6zel Kalem M\u00fcd\u00fcr Yard\u0131mc\u0131s\u0131), Y\u0131ld\u0131r\u0131m Ramazano\u011flu (doktor-m\u00fc\u015favir).<\/p>\n<p style=\"text-align: justify;\">Hakim Osman Ka\u00e7maz, t\u00fcm ya\u015fananlardan sonra tarafs\u0131z ve ba\u011f\u0131ms\u0131z bir yarg\u0131\u00e7 olarak g\u00f6rev yapma imkan\u0131n\u0131n kalmad\u0131\u011f\u0131n\u0131 ifade ederek, Sincan 1. A\u011f\u0131r Ceza Mahkemesi Ba\u015fkanl\u0131\u011f\u0131 ve Sincan Adalet Komisyonu Ba\u015fkanl\u0131\u011f\u0131 g\u00f6revlerinden istifa etti\u011fini a\u00e7\u0131klad\u0131.<\/p>\n<p style=\"text-align: justify;\">Ka\u00e7maz &#8220;Tam ba\u011f\u0131ms\u0131z bir yarg\u0131 ve hukuk devleti i\u00e7in bu a\u015famadan sonra siyaset arenas\u0131nda m\u00fccadele etmek d\u0131\u015f\u0131nda bir se\u00e7im kalmad\u0131\u011f\u0131ndan genel ba\u015fkan ve te\u015fkilat uygun g\u00f6rd\u00fc\u011f\u00fc takdirde, Milliyet\u00e7i Hareket Partisi&#8217;nden milletvekili se\u00e7imlerine kat\u0131larak, m\u00fccadeleye devam etme karar\u0131 alm\u0131\u015f bulunuyorum&#8221; dedi.<\/p>\n<p style=\"text-align: justify;\">Savc\u0131 \u0130lhan Cihaner de milletvekilli\u011fi adayl\u0131\u011f\u0131 i\u00e7in g\u00f6revinden istifa etti.<\/p>\n<p style=\"text-align: justify;\">Erzincan Cumhuriyet Ba\u015fsavc\u0131s\u0131 \u0130lhan Cihaner, milletvekili aday aday\u0131 olmak \u00fczere g\u00f6revden ayr\u0131lma dilek\u00e7esi verdi.<\/p>\n<p style=\"text-align: justify;\">Cihaner, gazetecilere yapt\u0131\u011f\u0131 a\u00e7\u0131klamada, &#8220;Milletvekili Se\u00e7imi Kanunu&#8221; gere\u011fi Cumhuriyet savc\u0131l\u0131\u011f\u0131 g\u00f6revinden ayr\u0131lma ba\u015fvurusu yapt\u0131\u011f\u0131n\u0131 ifade etti. \u0130lhan Cihaner, &#8220;hangi partiden ve hangi ilden milletvekili aday aday\u0131 olaca\u011f\u0131na&#8221; dair a\u00e7\u0131klama yapmad\u0131.<\/p>\n<p style=\"text-align: justify;\">Yalova Valisi Yusuf Erbay da istifas\u0131n\u0131 verdi. Erbay&#8217;\u0131n CHP&#8217;den aday aday\u0131 olmas\u0131 bekleniyor.<\/p>\n<p style=\"text-align: justify;\">TOK\u0130 Ba\u015fkan\u0131 Erdo\u011fan Bayraktar da AK Parti&#8217;den milletvekili aday\u0131 olmak i\u00e7in istifa etti.<\/p>\n<p style=\"text-align: justify;\">Bayraktar, se\u00e7imde aday olaca\u011f\u0131 b\u00f6lgenin hen\u00fcz belli olmad\u0131\u011f\u0131n\u0131 belirtirken, 8 y\u0131ld\u0131r \u00e7ok yo\u011fun bir \u00e7al\u0131\u015fma y\u00fcr\u00fctt\u00fcklerini, bir\u00e7ok sorunu a\u015farak ve devlete y\u00fck olmadan kaynak yaratarak vatanda\u015f\u0131n konut sorununu \u00e7\u00f6zmeye \u00e7al\u0131\u015ft\u0131klar\u0131n\u0131 s\u00f6yledi.<\/p>\n<p style=\"text-align: justify;\">TOK\u0130&#8217;nin art\u0131k belli bir yol haritas\u0131n\u0131n bulundu\u011funu, halen kentsel yenileme ba\u015fta olmak \u00fczere yap\u0131lacak \u00e7ok i\u015f oldu\u011funu anlatan Bayraktar, &#8220;Se\u00e7ilemezsem TOK\u0130&#8217;ye d\u00f6nerim. TOK\u0130&#8217;ye d\u00f6nmezsem bir emekli gibi ya\u015fay\u0131p, torunlar\u0131ma vakit ay\u0131rmak istiyorum&#8221; dedi.<\/p>\n<p style=\"text-align: justify;\">D\u0130SK Ba\u015fkan\u0131 S\u00fcleyman \u00c7elebi de, CHP\u2019den milletvekili aday aday\u0131 olmak i\u00e7in g\u00f6revinden ayr\u0131ld\u0131\u011f\u0131n\u0131 a\u00e7\u0131klad\u0131.<\/p>\n<p style=\"text-align: justify;\">\u00c7elebi a\u00e7\u0131klamas\u0131nda, \u201c\u00dclkemizin gelece\u011fi a\u00e7\u0131s\u0131ndan \u00e7ok tehlikeli bir konuyu dile getirece\u011fim. Bug\u00fcn T\u00fcrkiye \u2018Tek parti\u2019 ve hatta \u2018Tek lider\u2019 sultas\u0131 alt\u0131nda bir felakete do\u011fru s\u00fcr\u00fcklenmektedir. Bask\u0131, korku, tedirginlik, endi\u015fe ve g\u00fcvensizlik had safhadad\u0131r. Sanki askeri darbe yap\u0131lm\u0131\u015ft\u0131r da, toplum onun tedirginli\u011fi i\u00e7erisindedir.Gazete sayfalar\u0131 iktidar korkusu ile d\u00fczenleniyor. Buna bir tepki olarak kimi gazeteciler k\u00f6\u015felerini bo\u015f b\u0131rakarak veya karartarak veya \u2018itidal\u2019 \u00e7a\u011fr\u0131s\u0131 yaparak gidi\u015fattan en basit ifadeyle \u2018endi\u015felerini\u2019 dile getirmektedirler. En son tutuklanan gazeteci arkada\u015flar\u0131m\u0131z Nedim \u015eener ve Ahmet \u015e\u0131k\u2019\u0131n ya\u015fad\u0131klar\u0131 \u015fey bu gidi\u015fat\u0131n turnusol ka\u011f\u0131d\u0131 olmu\u015ftur&#8221; \u015feklinde konu\u015ftu.<\/p>\n<p style=\"text-align: justify;\">\u00c7elebi, &#8220;Eme\u011fin sorunlar\u0131n\u0131n siyasal alanda ve mecliste \u00e7\u00f6z\u00fcm\u00fc i\u00e7in \u00e7aba harcayaca\u011f\u0131m. Bu sorunlar\u0131n \u00e7\u00f6z\u00fcm yerini ben ki\u015fisel olarak iktidara aday CHP saflar\u0131 olarak g\u00f6r\u00fcyorum. CHP\u2019den aday olmak i\u00e7in buradaki g\u00f6revimden hukuken ayr\u0131l\u0131yorum&#8221; diye konu\u015ftu.<\/p>\n<p style=\"text-align: justify;\">Bir soru \u00fczerine \u00c7elebi, CHP organlar\u0131 taraf\u0131ndan uygun g\u00f6r\u00fclmesi halinde oturdu\u011fu yer olan \u0130stanbul Beylikd\u00fcz\u00fc\u2019n\u00fcn oldu\u011fu \u00fc\u00e7\u00fcnc\u00fc b\u00f6lgeden aday olmak istedi\u011fi ifade etti.<\/p>\n<p style=\"text-align: justify;\">ATO Ba\u015fkan\u0131 Sinan Ayg\u00fcn, de g\u00f6revinden istifa etti. Ayg\u00fcn, &#8220;14 y\u0131ld\u0131r y\u00fcr\u00fctt\u00fc\u011f\u00fcm Y\u00f6netim Kurulu Ba\u015fkanl\u0131\u011f\u0131 g\u00f6revimden, \u00fclkeme Cumhuriyet Halk Partisi \u00e7at\u0131s\u0131 alt\u0131nda, siyasi alanda hizmet vermek i\u00e7in ayr\u0131l\u0131yorum&#8221; dedi.<\/p>\n<p style=\"text-align: justify;\">Ayg\u00fcn, Ankara Ticaret Odas\u0131 tarihinde en uzun s\u00fcre g\u00f6rev yapan ikinci ba\u015fkan olma \u00fcnvan\u0131n\u0131 kendisine veren \u00fcyelere de te\u015fekk\u00fcrlerini iletirken, &#8220;Vehbi Ko\u00e7&#8217;lar\u0131n gelene\u011finden gelen Ankara Ticaret Odas\u0131;n\u0131n bundan sonra da \u015fan\u0131na yak\u0131\u015f\u0131r bir \u015fekilde \u00e7al\u0131\u015fmalar\u0131n\u0131 s\u00fcrd\u00fcrece\u011fine inanc\u0131m tamd\u0131r&#8221; dedi.<\/p>\n<p style=\"text-align: justify;\">Ey\u00fcp Cumhuriyet Savc\u0131s\u0131 Ali \u00d6zg\u00fcnd\u00fcz de istifa etti. Ba\u015fsavc\u0131l\u0131\u011fa istifa dilek\u00e7esini verdikten sonra adliyeden ayr\u0131lan \u00d6zg\u00fcnd\u00fcz, &#8220;Bug\u00fcn itibariyle istifa dilek\u00e7emi verdim. Az \u00f6nce ba\u015fsavc\u0131 vekilimiz onaylayarak, HSYK&#8217;ya g\u00f6nderdi. 12 Haziran\u2019da yap\u0131lacak genel se\u00e7imlerde milletvekilli\u011fi adayl\u0131\u011f\u0131 i\u00e7in, \u00e7ok onurlu \u00fcnvan\u0131 ta\u015f\u0131maktan gurur duydu\u011fum Cumhuriyet savc\u0131l\u0131\u011f\u0131 g\u00f6revini bug\u00fcn itibariyle 25 y\u0131l\u0131 doldurmama yakla\u015f\u0131k 3 ay kala b\u0131rak\u0131yorum&#8221; dedi.<\/p>\n<p style=\"text-align: justify;\">Ba\u015fbakan&#8217;\u0131n yarg\u0131 mensuplar\u0131n\u0131nn yapt\u0131\u011f\u0131 a\u00e7\u0131klamalardan sonra, &#8216;Siyaset yapmak istiyorlarsa c\u00fcbbelerini \u00e7\u0131kars\u0131nlar&#8217; \u015feklindeki a\u00e7\u0131klamas\u0131na at\u0131fta bulunan Ali \u00d6zg\u00fcnd\u00fcz, &#8220;Say\u0131n Ba\u015fbakan\u0131m\u0131z yarg\u0131 ile ilgili, yarg\u0131 mensuplar\u0131, YARSAV\u2019daki arkada\u015flar\u0131m\u0131z a\u00e7\u0131klama yapt\u0131\u011f\u0131 zaman, hakim ve savc\u0131lar siyaset yapmak istiyorsa c\u00fcbbelerini \u00e7\u0131kart\u0131p gelsinler demi\u015fti. Ben de onurla ta\u015f\u0131d\u0131\u011f\u0131m Cumhuriyet Savc\u0131s\u0131 c\u00fcbbemi \u00e7\u0131kard\u0131m. An\u0131 olarak da yan\u0131ma al\u0131p, \u015fu anda g\u00f6rd\u00fc\u011f\u00fcn\u00fcz gibi adliyeden \u00e7\u0131kt\u0131m.1991 y\u0131l\u0131ndan beri \u015ferefimle ta\u015f\u0131d\u0131m. Bug\u00fcne kadar laik-demokratik rejim ad\u0131na Cumhuriyet Savc\u0131l\u0131\u011f\u0131 g\u00f6revini yapt\u0131m. Cumhuriyet kelimesi sadece biliyorsunuz, Cumhuriyet Savc\u0131s\u0131&#8217;n\u0131n unvan\u0131nda yer almaktad\u0131r. Bu saatten sonra da yine ad\u0131nda Cumhuriyet kelimesi bulunan Cumhuriyet Halk Partisi\u2019nde siyaset yapmaya karar verdim ve aday aday\u0131 olarak ba\u015fvurumu yapaca\u011f\u0131m&#8221; \u015feklinde konu\u015ftu.<\/p>\n<p style=\"text-align: justify;\">Avrupa Birli\u011fi Genel Sekreteri B\u00fcy\u00fckel\u00e7i Volkan Bozk\u0131r da g\u00f6revinden istifa etti.<\/p>\n<p style=\"text-align: justify;\">Emniyet Genel M\u00fcd\u00fcr\u00fc O\u011fuz Ka\u011fan K\u00f6ksal ve Ankara Cumhuriyet Savc\u0131s\u0131 Mehmet Y\u00fccesoy, AK Parti&#8217;den milletvekilli\u011fi aday adayl\u0131\u011f\u0131 ba\u015fvurusunda bulunmak \u00fczere g\u00f6revlerinden istifa etti.<\/p>\n<p style=\"text-align: justify;\">Erzurum Milli E\u011fitim M\u00fcd\u00fcr\u00fc Fevzi Budak da, MHP&#8217;den milletvekili aday aday\u0131 olmak i\u00e7in g\u00f6revinden ayr\u0131ld\u0131.<\/p>\n<p style=\"text-align: justify;\">Merkez Valisi Muammer Mu\u015fmal ile Van Vali Yard\u0131mc\u0131s\u0131 Atay Uslu da milletvekili se\u00e7imlerinde AK Parti aday aday\u0131 olmak i\u00e7in g\u00f6revlerinden istifa ettiler.<\/p>\n<p style=\"text-align: justify;\">Denizli Belediye Ba\u015fkan\u0131 Nihat Zeybekci, \u0130stanbul Vali Yard\u0131mc\u0131s\u0131 Ali Kazgan ile Antalya Vali Yard\u0131mc\u0131lar\u0131 Mestan Deniz ve Hakk\u0131 Lo\u011fo\u011flu da milletvekili aday adayl\u0131\u011f\u0131 i\u00e7in g\u00f6revlerinden ayr\u0131ld\u0131lar.<\/p>\n<p style=\"text-align: justify;\">Ba\u015fbakan Ba\u015fm\u00fc\u015faviri ve Gazi \u00dcniversitesi \u00f6\u011fretim \u00fcyesi Prof. Dr. Emrullah \u0130\u015fler, milletvekili se\u00e7imlerinde aday aday\u0131 olmak i\u00e7in g\u00f6revlerinden istifa etti.<\/p>\n<p style=\"text-align: justify;\">T\u00fcrkiye&#8217;nin Melburn Ba\u015fkonsoloslu\u011fu&#8217;nda g\u00f6revli Konsolos Vahit \u00d6zdemir de istifa edenler aras\u0131nda.<\/p>\n<p style=\"text-align: justify;\">K\u0131rklareli Valisi Ali Haydar \u00d6ner de, g\u00f6revinden istifa etti.<\/p>\n<p style=\"text-align: justify;\"><strong>Neden istifa ediyorlar? <\/strong><\/p>\n<p style=\"text-align: justify;\">Milletvekili Se\u00e7imi Kanunu&#8217;na g\u00f6re, hakim, savc\u0131, y\u00fcksek yarg\u0131 organlar\u0131 mensuplar\u0131, y\u00fcksek \u00f6\u011fretim kurumlar\u0131ndaki \u00f6\u011fretim elemanlar\u0131, Y\u00fcksek\u00f6\u011fretim Kurulu, Radyo ve Televizyon \u00dcst Kurulu \u00fcyeleri, kamu kurumu ve kurulu\u015flar\u0131n\u0131n memur stat\u00fcs\u00fcndeki g\u00f6revlileri ile yapt\u0131klar\u0131 hizmet bak\u0131m\u0131ndan i\u015f\u00e7i niteli\u011fi ta\u015f\u0131mayan di\u011fer kamu g\u00f6revlileri, belediye ba\u015fkanlar\u0131, subaylar ile astsubaylar, siyasi partilerin il ve il\u00e7e y\u00f6netim kurulu ba\u015fkan ve \u00fcyeleri, belediye meclisi \u00fcyeleri, il genel meclisi \u00fcyeleri, kamu kurumu niteli\u011findeki meslek kurulu\u015flar\u0131 ile sendikalar, kamu bankalar\u0131 ile \u00fcst birliklerin ve bunlar\u0131n \u00fcst kurulu\u015flar\u0131n\u0131n ve kat\u0131ld\u0131klar\u0131 te\u015febb\u00fcs veya ortakl\u0131klar\u0131n y\u00f6netim ve denetim kurullar\u0131nda g\u00f6rev alanlar\u0131n istifa veya emeklilik dilek\u00e7elerini vermeleri gerekiyor.<\/p>\n<p style=\"text-align: justify;\"><strong>Bug\u00fcn son g\u00fcn <\/strong><\/p>\n<p style=\"text-align: justify;\">Y\u00fcksek Se\u00e7im Kurulu, aday olacak kamu g\u00f6revlilerinin bug\u00fcn saat 17.00&#8217;ye kadar emeklilik veya istifa dilek\u00e7elerini kurumlar\u0131na vermeleri gerekti\u011fi y\u00f6n\u00fcnde karar alm\u0131\u015ft\u0131.<\/p>\n<p style=\"text-align: justify;\">YSK&#8217;n\u0131n karar\u0131 do\u011frultusunda milletvekili se\u00e7imlerinde aday aday\u0131 olmak \u00fczere kurumlar\u0131na istifa veya emeklilik dilek\u00e7esi veren kamu g\u00f6revlileri \u015f\u00f6yle:<\/p>\n<p style=\"text-align: justify;\">&#8220;Emniyet Genel M\u00fcd\u00fcr\u00fc O\u011fuz Ka\u011fan K\u00f6ksal, Radyo ve Televizyon \u00dcst Kurulu (RT\u00dcK) Ba\u015fkan Vekili Prof. Dr. \u0130lhan Yerlikaya, Orman Genel M\u00fcd\u00fcr\u00fc Osman Kahveci, Ankara Cumhuriyet Savc\u0131s\u0131 Mehmet Y\u00fccesoy, Ankara Emniyet M\u00fcd\u00fcrl\u00fc\u011f\u00fcnde \u015eube M\u00fcd\u00fcr\u00fc Alparslan G\u00fcrgen\u00e7,<\/p>\n<p style=\"text-align: justify;\">Sa\u011fl\u0131k Bakanl\u0131\u011f\u0131 \u0130leti\u015fim Koordinat\u00f6r\u00fc\/Daire Ba\u015fkan\u0131 Osman G\u00fczelg\u00f6z, Atat\u00fcrk E\u011fitim ve Ara\u015ft\u0131rma Hastanesi Ba\u015fhekim Yard\u0131mc\u0131s\u0131 Dr. \u015eanal Tosun, Ba\u015fbakanl\u0131k Atat\u00fcrk K\u00fclt\u00fcr, Dil ve Tarih Y\u00fcksek Kurumunda Personel Daire Ba\u015fkan\u0131 Dr. \u0130dris Karaku\u015f, T\u00fcrkiye Kamu-Sen Genel Ba\u015fkan\u0131 Bircan Aky\u0131ld\u0131z, TBMM Personel ve Muhasebe Dairesi Ba\u015fkan\u0131 Fatih U\u011furlu, TBMM Destek Hizmetleri Dairesi Ba\u015fkan\u0131 Nedim K\u00fc\u00e7\u00fcker,<\/p>\n<p style=\"text-align: justify;\">D\u0131\u015f Ticaret M\u00fcste\u015farl\u0131\u011f\u0131 \u0130thalat Genel M\u00fcd\u00fcr\u00fc Mustafa Sever, DTM M\u00fcste\u015farl\u0131k M\u00fc\u015faviri Selahattin Arma\u011fan Vurdu, Maden Tetkik ve Arama Genel M\u00fcd\u00fcr Yard\u0131mc\u0131s\u0131 Abdullah Tombul, Ankara B\u00fcy\u00fck\u015fehir Belediyesi EGO Genel M\u00fcd\u00fcr\u00fc \u00d6mer Ulu, EGO Genel M\u00fcd\u00fcr Yard\u0131mc\u0131 Cenap A\u015f\u00e7\u0131, Ankara B\u00fcy\u00fck\u015fehir Belediyesi Hukuk M\u00fc\u015faviri Nazl\u0131 Erg\u00fcl, Ankara B\u00fcy\u00fck\u015fehir Belediyesi Bas\u0131n Yay\u0131n Daire Ba\u015fkan\u0131 Ahmet Recep Tekcan, Ankara \u0130l Tar\u0131m M\u00fcd\u00fcr\u00fc Ruknettin Ceyhun,<\/p>\n<p style=\"text-align: justify;\">\u015eanl\u0131urfa Belediye Ba\u015fkan Yard\u0131mc\u0131s\u0131 Emin \u0130zol, Bal\u0131kl\u0131g\u00f6l Devlet Hastanesi Ba\u015fhekimi Dr. \u0130zzet Korkmaz, Harran \u00dcniversitesi Fen-Edebiyat Fak\u00fcltesi Do\u011fu Dilleri B\u00f6l\u00fcm\u00fc \u00d6\u011fretim \u00dcyesi Yrd Do\u00e7. Dr. Halil \u00d6zcan, Ondokuz May\u0131s \u00dcniversitesi T\u0131p Fak\u00fcltesi Dahili Anabilim Dal\u0131 \u00d6\u011fretim \u00dcyesi Prof. Dr. T\u00fclay Bak\u0131r, Enerji, Sanayi ve Maden Kamu Emek\u00e7ileri Sendikas\u0131 Samsun \u015eube Ba\u015fkan\u0131 M\u00fc\u015ffik Veysel Erdo\u011fan, Samsun G\u00f6\u011f\u00fcs Hastal\u0131klar\u0131 Hastanesi Ba\u015fhem\u015firesi Ay\u015fe Keskin, Amasya \u00c7evre ve Orman \u0130l M\u00fcd\u00fcr\u00fc Ya\u015far Kayata\u015f.&#8221;<\/p>\n<p style=\"text-align: justify;\"><a href=\"http:\/\/www.cnnturk.com\/2011\/turkiye\/03\/10\/kacmaz.tarhan.cihaner.avci.meclis.yolunda\/609458.0\/index.html\" target=\"_blank\"><span style=\"color: #888888;\">CNN T\u00dcRK<\/span><\/a><\/p>\n","protected":false},"excerpt":{"rendered":"<p style=\"text-align: justify;\">\n<p style=\"text-align: justify;\">Milletvekili genel se\u00e7imlerinde aday olacak kamu g\u00f6revlileri istifa ediyor. Sincan Hakimi Osman Ka\u00e7maz, YARSAV Ba\u015fkan\u0131 Emine \u00dclker Tarhan, Savc\u0131 \u0130lhan Cihaner ve Hanefi Avc\u0131 milletvekilli\u011fine aday olmak i\u00e7in istifa etti. ATO Ba\u015fkan\u0131 Sinan Ayg\u00fcn, Yalova Valisi Yusuf Erbay, TOK\u0130 Ba\u015fkan\u0131 Erdo\u011fan Bayraktar ve D\u0130SK Ba\u015fkan\u0131 S\u00fcleyman \u00c7elebi de istifa eden <\/p>\n","protected":false},"author":1,"featured_media":0,"comment_status":"open","ping_status":"closed","sticky":false,"template":"","format":"standard","meta":{"footnotes":""},"categories":[105],"tags":[],"class_list":["post-29264","post","type-post","status-publish","format-standard","hentry","category-gundem","odd"],"_links":{"self":[{"href":"http:\/\/www.korhanyilmaz.com\/index.php?rest_route=\/wp\/v2\/posts\/29264","targetHints":{"allow":["GET"]}}],"collection":[{"href":"http:\/\/www.korhanyilmaz.com\/index.php?rest_route=\/wp\/v2\/posts"}],"about":[{"href":"http:\/\/www.korhanyilmaz.com\/index.php?rest_route=\/wp\/v2\/types\/post"}],"author":[{"embeddable":true,"href":"http:\/\/www.korhanyilmaz.com\/index.php?rest_route=\/wp\/v2\/users\/1"}],"replies":[{"embeddable":true,"href":"http:\/\/www.korhanyilmaz.com\/index.php?rest_route=%2Fwp%2Fv2%2Fcomments&post=29264"}],"version-history":[{"count":0,"href":"http:\/\/www.korhanyilmaz.com\/index.php?rest_route=\/wp\/v2\/posts\/29264\/revisions"}],"wp:attachment":[{"href":"http:\/\/www.korhanyilmaz.com\/index.php?rest_route=%2Fwp%2Fv2%2Fmedia&parent=29264"}],"wp:term":[{"taxonomy":"category","embeddable":true,"href":"http:\/\/www.korhanyilmaz.com\/index.php?rest_route=%2Fwp%2Fv2%2Fcategories&post=29264"},{"taxonomy":"post_tag","embeddable":true,"href":"http:\/\/www.korhanyilmaz.com\/index.php?rest_route=%2Fwp%2Fv2%2Ftags&post=29264"}],"curies":[{"name":"wp","href":"https:\/\/api.w.org\/{rel}","templated":true}]}}