{"id":29254,"date":"2011-03-10T09:50:55","date_gmt":"2011-03-10T07:50:55","guid":{"rendered":"http:\/\/www.korhanyilmaz.com\/?p=29254"},"modified":"2011-03-10T09:50:55","modified_gmt":"2011-03-10T07:50:55","slug":"kozinoglu-adliyede","status":"publish","type":"post","link":"http:\/\/www.korhanyilmaz.com\/?p=29254","title":{"rendered":"Kozino\u011flu adliyede"},"content":{"rendered":"<p style=\"text-align: justify;\"><a href=\"http:\/\/www.korhanyilmaz.com\/wp-content\/uploads\/2011\/03\/162.jpg\"  class=\"lightview\"><img loading=\"lazy\" decoding=\"async\" class=\"aligncenter size-full wp-image-29255\" src=\"http:\/\/www.korhanyilmaz.com\/wp-content\/uploads\/2011\/03\/162.jpg\" alt=\"\" width=\"414\" height=\"222\" \/><\/a><\/p>\n<p style=\"text-align: justify;\">Ergenekon soru\u015fturmas\u0131 kapsam\u0131nda hakk\u0131nda yakalama karar\u0131 \u00e7\u0131kar\u0131lan M\u0130T G\u00f6revlisi Ka\u015fif Kozino\u011flu, Afganistan\u2019dan d\u00fcn d\u00f6nd\u00fckten sonra bug\u00fcn ifade vermek \u00fczere \u0130stanbul Adliyesi\u2019ne geldi.<!--more--><\/p>\n<p style=\"text-align: justify;\">\u0130STANBUL- Ergenekon ter\u00f6r \u00f6rg\u00fct\u00fc soru\u015fturmas\u0131 kapsam\u0131nda Oda TV&#8217;ye yap\u0131lan operasyonda evinde arama yap\u0131lan, hakk\u0131nda yakalama karar\u0131 bulunan M\u0130T mensubu Ka\u015fif Kozino\u011flu&#8217;nun d\u00fcn Afganistan&#8217;dan T\u00fcrkiye&#8217;ye d\u00f6nd\u00fc.<\/p>\n<p style=\"text-align: justify;\">Kozino\u011flu, T\u00fcrk Hava Kuvvetleri&#8217;ne ait kargo u\u00e7a\u011f\u0131 ile getirildi. M\u0130T Afganistan sorumlusu R.T&#8217;nin e\u015flik etti\u011fi Kozino\u011flu&#8217;nu getiren u\u00e7ak d\u00fcn saat 18.00 sular\u0131nda Ankara&#8217;ya indi. Etimesgut&#8217;taki askeri havaalan\u0131na ini\u015f yapmas\u0131 planlanan u\u00e7ak, Esenbo\u011fa&#8217;ya indi. Havaalan\u0131 \u00e7al\u0131\u015fanlar\u0131 taraf\u0131ndan fark edilen Kozino\u011flu, hi\u00e7bir kontrolden ge\u00e7irilmeden kendisini bekleyen M\u0130T mensuplar\u0131nca g\u00f6t\u00fcr\u00fcld\u00fc.<\/p>\n\n<p style=\"text-align: justify;\"><strong>SAVCI \u00d6Z&#8217;\u00dcN KAR\u015eISINDA<\/strong><\/p>\n<p style=\"text-align: justify;\">Ergenekon soru\u015fturmas\u0131 kapsam\u0131nda ge\u00e7en g\u00fcnlerde evinde arama yap\u0131lan Ka\u015fif Kozino\u011flu, \u0130stanbul Adliyesine getirildi. Be\u015fikta\u015f&#8217;taki \u0130stanbul Adliyesine \u00c7\u0131ra\u011fan Caddesi \u00fczerinde bulunan savc\u0131 ve hakimlerin kulland\u0131\u011f\u0131 kap\u0131dan Milli \u0130stihbarat Te\u015fkilat\u0131 (M\u0130T) g\u00f6revlileri taraf\u0131ndan getirilen Kozino\u011flu, \u0130stanbul Cumhuriyet Savc\u0131s\u0131 Zekeriya \u00d6z&#8217;e ifade vermek \u00fczere binaya girdi.<\/p>\n<p style=\"text-align: justify;\">Soru\u015fturma kapsam\u0131nda Ankara&#8217;daki evinde arama yap\u0131lan Kozino\u011flu, yurt d\u0131\u015f\u0131nda oldu\u011fu i\u00e7in hakk\u0131ndaki g\u00f6zalt\u0131na alma karar\u0131 uygulanamam\u0131\u015ft\u0131. Kozino\u011flu&#8217;nun M\u0130T&#8217;teki g\u00f6revi nedeniyle Afganistan&#8217;da bulundu\u011fu kaydedilmi\u015fti.<\/p>\n<p style=\"text-align: justify;\">Oda TV bask\u0131n\u0131nda Soner Yal\u00e7\u0131n&#8217;\u0131n ofisinde bulunan &#8216;Koz&#8217; isimli dosyada M\u0130T&#8217;e ait bilgi ve belgeler, AK Partililer hakk\u0131nda istihbarat notlar\u0131 bulunmu\u015f, bu bilgilerin de M\u0130T mensubu Kozino\u011flu taraf\u0131ndan s\u0131zd\u0131r\u0131ld\u0131\u011f\u0131 ileri s\u00fcr\u00fclm\u00fc\u015ft\u00fc.<\/p>\n<p style=\"text-align: justify;\"><a href=\"http:\/\/www.gazeteport.com.tr\/GUNCEL\/NEWS\/GP_866673\" target=\"_blank\"><span style=\"color: #888888;\">Kaynak : GAZETEPORT<\/span><\/a><\/p>\n","protected":false},"excerpt":{"rendered":"<p style=\"text-align: justify;\">\n<p style=\"text-align: justify;\">Ergenekon soru\u015fturmas\u0131 kapsam\u0131nda hakk\u0131nda yakalama karar\u0131 \u00e7\u0131kar\u0131lan M\u0130T G\u00f6revlisi Ka\u015fif Kozino\u011flu, Afganistan\u2019dan d\u00fcn d\u00f6nd\u00fckten sonra bug\u00fcn ifade vermek \u00fczere \u0130stanbul Adliyesi\u2019ne geldi.<\/p>\n","protected":false},"author":1,"featured_media":0,"comment_status":"open","ping_status":"closed","sticky":false,"template":"","format":"standard","meta":{"footnotes":""},"categories":[105],"tags":[],"class_list":["post-29254","post","type-post","status-publish","format-standard","hentry","category-gundem","odd"],"_links":{"self":[{"href":"http:\/\/www.korhanyilmaz.com\/index.php?rest_route=\/wp\/v2\/posts\/29254","targetHints":{"allow":["GET"]}}],"collection":[{"href":"http:\/\/www.korhanyilmaz.com\/index.php?rest_route=\/wp\/v2\/posts"}],"about":[{"href":"http:\/\/www.korhanyilmaz.com\/index.php?rest_route=\/wp\/v2\/types\/post"}],"author":[{"embeddable":true,"href":"http:\/\/www.korhanyilmaz.com\/index.php?rest_route=\/wp\/v2\/users\/1"}],"replies":[{"embeddable":true,"href":"http:\/\/www.korhanyilmaz.com\/index.php?rest_route=%2Fwp%2Fv2%2Fcomments&post=29254"}],"version-history":[{"count":0,"href":"http:\/\/www.korhanyilmaz.com\/index.php?rest_route=\/wp\/v2\/posts\/29254\/revisions"}],"wp:attachment":[{"href":"http:\/\/www.korhanyilmaz.com\/index.php?rest_route=%2Fwp%2Fv2%2Fmedia&parent=29254"}],"wp:term":[{"taxonomy":"category","embeddable":true,"href":"http:\/\/www.korhanyilmaz.com\/index.php?rest_route=%2Fwp%2Fv2%2Fcategories&post=29254"},{"taxonomy":"post_tag","embeddable":true,"href":"http:\/\/www.korhanyilmaz.com\/index.php?rest_route=%2Fwp%2Fv2%2Ftags&post=29254"}],"curies":[{"name":"wp","href":"https:\/\/api.w.org\/{rel}","templated":true}]}}