{"id":29250,"date":"2011-03-10T09:42:10","date_gmt":"2011-03-10T07:42:10","guid":{"rendered":"http:\/\/www.korhanyilmaz.com\/?p=29250"},"modified":"2011-03-10T09:42:10","modified_gmt":"2011-03-10T07:42:10","slug":"ergenekonun-mimari-polise-sok","status":"publish","type":"post","link":"http:\/\/www.korhanyilmaz.com\/?p=29250","title":{"rendered":"Ergenekon&#8217;un mimar\u0131 polise \u015fok"},"content":{"rendered":"<p style=\"text-align: center;\"><a href=\"http:\/\/www.korhanyilmaz.com\/wp-content\/uploads\/2011\/03\/161.jpg\"  class=\"lightview\"><img loading=\"lazy\" decoding=\"async\" class=\"aligncenter size-full wp-image-29251\" src=\"http:\/\/www.korhanyilmaz.com\/wp-content\/uploads\/2011\/03\/161.jpg\" alt=\"\" width=\"414\" height=\"176\" \/><\/a><\/p>\n<p style=\"text-align: justify;\">\u0130stanbul Emniyet M\u00fcd\u00fcr\u00fc H\u00fcseyin \u00c7apk\u0131n&#8217;dan s\u00fcrpriz atama&#8230; \u00c7apk\u0131n, Ergenekon ba\u015fta olmak \u00fczere \u00f6nemli operasyonlara imza atan istihbarattan sorumlu Emniyet M\u00fcd\u00fcr Yard\u0131mc\u0131s\u0131 Ali Fuat Y\u0131lmazer&#8217;i &#8216;Tan\u0131k Koruma&#8217; ve &#8216;Bomba \u0130mha&#8217; \u015fubelerinin ba\u015f\u0131na getirdi. <!--more--><\/p>\n<p style=\"text-align: justify;\">\u00c7apk\u0131n, Y\u0131lmazer&#8217;e yeni g\u00f6rev verilmesinin rutin bir uygulama oldu\u011funu s\u00f6yledi.<\/p>\n<p style=\"text-align: justify;\">\u0130STANBUL &#8211; Ergenekon ba\u015fta olmak \u00fczere g\u00f6rev yapt\u0131\u011f\u0131 son 4 y\u0131lda \u00e7ok say\u0131da \u00f6nemli operasyonu y\u00f6neten \u0130stihbarattan Sorumlu \u0130stanbul Emniyet M\u00fcd\u00fcr Yard\u0131mc\u0131s\u0131 Ali Fuat Y\u0131lmazer&#8217;in g\u00f6revi de\u011fi\u015fti.<\/p>\n<p style=\"text-align: justify;\">\u0130stanbul Emniyet M\u00fcd\u00fcr\u00fc H\u00fcseyin \u00c7apk\u0131n, &#8216;Ergenekon, Balyoz, Kafes, Poyrazk\u00f6y, \u015fantaj ve casusluk \u00e7etesi&#8217; gibi operasyonlar\u0131n\u0131n perde arkas\u0131ndaki isim olan Emniyet M\u00fcd\u00fcr Yard\u0131mc\u0131s\u0131 Ali Fuat Y\u0131lmazer&#8217;i istihbarat \u015fubesinin sorumlulu\u011fundan alarak &#8216;Tan\u0131k Koruma&#8217; ve &#8216;Bomba \u0130mha&#8217; \u015fubelerinden sorumlu m\u00fcd\u00fcrl\u00fc\u011fe kayd\u0131rd\u0131. Ali Fuat Y\u0131lmazer, bu iki \u015fubeden sorumlu Emniyet M\u00fcd\u00fcr Yard\u0131mc\u0131s\u0131 olarak g\u00f6rev yapacak.<\/p>\n<p style=\"text-align: justify;\"><strong>\u00c7APKIN KEND\u0130S\u0130 Y\u00dcR\u00dcTECEK<\/strong><\/p>\n<p style=\"text-align: justify;\">Ali Fuat Y\u0131lmazer&#8217;in \u0130stihbarat \u015eube M\u00fcd\u00fcrl\u00fc\u011f\u00fc&#8217;ndeki g\u00f6revinden ayr\u0131lmas\u0131ndan sonra yerine atama yap\u0131lmad\u0131. \u0130stihbarat \u015eube M\u00fcd\u00fcrl\u00fc\u011f\u00fc bundan sonra direkt \u0130stanbul Emniyet M\u00fcd\u00fcr\u00fc H\u00fcseyin \u00c7apk\u0131n&#8217;a ba\u011fl\u0131 olarak \u00e7al\u0131\u015facak.<\/p>\n<p style=\"text-align: justify;\"><strong>\u015eENER VE AVCI \u0130LE MAHKEMEL\u0130K<\/strong><\/p>\n<p style=\"text-align: justify;\">Ali Fuat Y\u0131lmazer, Emniyet Genel M\u00fcd\u00fcrl\u00fc\u011f\u00fc, \u0130stihbarat Daire Ba\u015fkanl\u0131\u011f\u0131 C \u015eube M\u00fcd\u00fcr\u00fc olarak g\u00f6rev yaparken 2007 y\u0131l\u0131nda \u0130stanbul \u0130stihbarat \u015eube M\u00fcd\u00fcr\u00fc olarak atand\u0131. Ge\u00e7en y\u0131l terfi etmesinden sonra &#8216;\u0130stihbarat&#8217;tan Sorumlu Emniyet M\u00fcd\u00fcr Yard\u0131mc\u0131l\u0131\u011f\u0131&#8217;na&#8217; getirildi.<\/p>\n<p style=\"text-align: justify;\">Y\u0131lmazer&#8217;in ad\u0131,  Nedim \u015eener&#8217;in &#8216;\u0130stihbarat Yalanlar\u0131&#8217; ve Hanefi Avc\u0131&#8217;n\u0131n &#8216;Hali\u00e7te Ya\u015fayan Simonlar&#8217; adl\u0131 kitaplarda da ge\u00e7iyor. M\u00fcd\u00fcr Yard\u0131mc\u0131s\u0131 Y\u0131lmazer, hem \u015eener&#8217;i hem de Avc\u0131&#8217;y\u0131 kitaplarda yer alan iddialar nedeniyle mahkemeye vermi\u015fti.<\/p>\n<p style=\"text-align: justify;\">Bu beklenmedik g\u00f6rev de\u011fi\u015fikli\u011finin gazeteciler Nedim \u015eener ve Ahmet \u015e\u0131k&#8217;\u0131n tutuklanmas\u0131n\u0131n ard\u0131ndan gelmesi ise dikkat \u00e7ekti.<\/p>\n<p style=\"text-align: justify;\"><strong>ANLAM Y\u00dcKLENMES\u0130N<\/strong><\/p>\n<p style=\"text-align: justify;\">M\u00fcd\u00fcr Yard\u0131mc\u0131s\u0131 Ali Fuat Y\u0131lmazer, yeni g\u00f6revlendirmeye ili\u015fkin, d\u00fcn ak\u015fam yak\u0131n mesai arkada\u015flar\u0131na &#8216;\u00c7ok normal bir durum. Bu bir g\u00f6rev de\u011fi\u015fikli\u011fi. Bu n\u00f6bet devri. \u00c7ok fazla anlam y\u00fcklenmemeli. Polislik mesle\u011finde bunlar olur. Yeni g\u00f6revimizi lay\u0131k\u0131yla yerine getirmeye \u00e7al\u0131\u015faca\u011f\u0131z&#8217; de\u011ferlendirmesinde bulundu.<\/p>\n<p style=\"text-align: justify;\"><strong>HEP ONUN \u0130MZASI VARDI<\/strong><\/p>\n<p style=\"text-align: justify;\">Ali Fuat Y\u0131lmazer, Ergenekon operasyonlar\u0131n\u0131 ba\u015flatan ve y\u00fcr\u00fcten isim. T\u00fcrkiye&#8217;yi sarsan bir\u00e7ok operasyonda da  aktif olarak g\u00f6rev ald\u0131. Y\u0131lmazer, Ergenekon Balyoz, Kafes, Poyrazk\u00f6y, \u015fantaj ve casusluk \u00e7etesi gibi operasyonlar\u0131n yan\u0131 s\u0131ra \u00e7ok say\u0131da da ter\u00f6r \u00f6rg\u00fctlerine y\u00f6nelik \u00e7al\u0131\u015fmalarda da b\u00fcy\u00fck rol oynad\u0131.<\/p>\n<p style=\"text-align: justify;\"><strong>\u00c7APKIN: B\u0130R UYGULAMA<\/strong><\/p>\n<p style=\"text-align: justify;\">\u0130stanbul Emniyet M\u00fcd\u00fcr\u00fc H\u00fcseyin \u00c7apk\u0131n, \u0130l Emniyet M\u00fcd\u00fcr Yard\u0131mc\u0131s\u0131 Ali Fuat Y\u0131lmazer&#8217;e yeni g\u00f6rev verilmesinin rutin bir uygulama oldu\u011funu s\u00f6yledi.<\/p>\n<p style=\"text-align: justify;\">Emniyet M\u00fcd\u00fcr\u00fc \u00c7apk\u0131n, Vatan Caddesi&#8217;ndeki Emniyet M\u00fcd\u00fcrl\u00fc\u011f\u00fc Yerle\u015fkesi&#8217;nde bulunan makam\u0131na giri\u015fi s\u0131ras\u0131nda bas\u0131n mensuplar\u0131n\u0131n sorular\u0131n\u0131 yan\u0131tlad\u0131.<\/p>\n<p style=\"text-align: justify;\">\u0130stihbarattan sorumlu \u0130l Emniyet M\u00fcd\u00fcr Yard\u0131mc\u0131s\u0131 Ali Fuat Y\u0131lmazer&#8217;in tan\u0131k koruma ve bomba imhadan sorumlu il emniyet m\u00fcd\u00fcr yard\u0131mc\u0131l\u0131\u011f\u0131 g\u00f6revine getirilmesiyle ilgili soru \u00fczerine \u00c7apk\u0131n, &#8221;Yap\u0131lan rutin bir uygulamad\u0131r&#8221; dedi.<\/p>\n<p style=\"text-align: justify;\">\u00c7apk\u0131n, ayr\u0131ca, talepleri \u00fczerine T\u00fcrkiye Futbol Federasyonu&#8217;nun Galatasaray-Fenerbah\u00e7e derbi ma\u00e7\u0131n\u0131n 18 Mart Cuma g\u00fcn\u00fc oynanmas\u0131na karar verdi\u011fini belirterek, &#8221;Bildi\u011finiz gibi 20 Mart Pazar g\u00fcn\u00fc Nevruz kutlamalar\u0131 var. Kutlamalar bazen ertesi g\u00fcne de uzayabiliyor. G\u00fcvenlik gerek\u00e7esiyle ma\u00e7\u0131n cuma g\u00fcn\u00fc oynanmas\u0131n\u0131 istedik&#8221; diye konu\u015ftu.<\/p>\n<p style=\"text-align: justify;\"><a href=\"http:\/\/www.gazeteport.com.tr\/GUNCEL\/NEWS\/GP_866669\" target=\"_blank\">Kaynak : GAZETEPORT<\/a><\/p>\n","protected":false},"excerpt":{"rendered":"<p style=\"text-align: center;\">\n<p style=\"text-align: justify;\">\u0130stanbul Emniyet M\u00fcd\u00fcr\u00fc H\u00fcseyin \u00c7apk\u0131n&#8217;dan s\u00fcrpriz atama&#8230; \u00c7apk\u0131n, Ergenekon ba\u015fta olmak \u00fczere \u00f6nemli operasyonlara imza atan istihbarattan sorumlu Emniyet M\u00fcd\u00fcr Yard\u0131mc\u0131s\u0131 Ali Fuat Y\u0131lmazer&#8217;i &#8216;Tan\u0131k Koruma&#8217; ve &#8216;Bomba \u0130mha&#8217; \u015fubelerinin ba\u015f\u0131na getirdi. <\/p>\n","protected":false},"author":1,"featured_media":0,"comment_status":"open","ping_status":"closed","sticky":false,"template":"","format":"standard","meta":{"footnotes":""},"categories":[105],"tags":[],"class_list":["post-29250","post","type-post","status-publish","format-standard","hentry","category-gundem","odd"],"_links":{"self":[{"href":"http:\/\/www.korhanyilmaz.com\/index.php?rest_route=\/wp\/v2\/posts\/29250","targetHints":{"allow":["GET"]}}],"collection":[{"href":"http:\/\/www.korhanyilmaz.com\/index.php?rest_route=\/wp\/v2\/posts"}],"about":[{"href":"http:\/\/www.korhanyilmaz.com\/index.php?rest_route=\/wp\/v2\/types\/post"}],"author":[{"embeddable":true,"href":"http:\/\/www.korhanyilmaz.com\/index.php?rest_route=\/wp\/v2\/users\/1"}],"replies":[{"embeddable":true,"href":"http:\/\/www.korhanyilmaz.com\/index.php?rest_route=%2Fwp%2Fv2%2Fcomments&post=29250"}],"version-history":[{"count":0,"href":"http:\/\/www.korhanyilmaz.com\/index.php?rest_route=\/wp\/v2\/posts\/29250\/revisions"}],"wp:attachment":[{"href":"http:\/\/www.korhanyilmaz.com\/index.php?rest_route=%2Fwp%2Fv2%2Fmedia&parent=29250"}],"wp:term":[{"taxonomy":"category","embeddable":true,"href":"http:\/\/www.korhanyilmaz.com\/index.php?rest_route=%2Fwp%2Fv2%2Fcategories&post=29250"},{"taxonomy":"post_tag","embeddable":true,"href":"http:\/\/www.korhanyilmaz.com\/index.php?rest_route=%2Fwp%2Fv2%2Ftags&post=29250"}],"curies":[{"name":"wp","href":"https:\/\/api.w.org\/{rel}","templated":true}]}}