{"id":29238,"date":"2011-03-10T12:10:02","date_gmt":"2011-03-10T10:10:02","guid":{"rendered":"http:\/\/www.korhanyilmaz.com\/?p=29238"},"modified":"2011-03-10T12:10:02","modified_gmt":"2011-03-10T10:10:02","slug":"yargiyi-bekleyelim-demek-samimi-degil","status":"publish","type":"post","link":"http:\/\/www.korhanyilmaz.com\/?p=29238","title":{"rendered":"&#8216;Yarg\u0131y\u0131 bekleyelim demek samimi de\u011fil&#8217;"},"content":{"rendered":"<p style=\"text-align: center;\"><a href=\"http:\/\/www.korhanyilmaz.com\/wp-content\/uploads\/2011\/03\/159.jpg\"  class=\"lightview\"><img loading=\"lazy\" decoding=\"async\" class=\"aligncenter size-full wp-image-29239\" src=\"http:\/\/www.korhanyilmaz.com\/wp-content\/uploads\/2011\/03\/159.jpg\" alt=\"\" width=\"356\" height=\"240\" \/><\/a><\/p>\n<p style=\"text-align: justify;\">Eski A\u0130HM Yarg\u0131c\u0131 R\u0131za T\u00fcrmen, son d\u00f6nemdeki tutuklamalar i\u00e7in &#8216;yarg\u0131y\u0131 bekleyelim&#8217; demenin samimi olmad\u0131\u011f\u0131 g\u00f6r\u00fc\u015f\u00fcnde. T\u00fcrmen, &#8216;Bunu diyen uzun tutukluluk d\u00f6nemlerine r\u0131za g\u00f6stermi\u015f oluyor&#8217; dedi. <!--more--><\/p>\n<p style=\"text-align: justify;\">Ergenekon&#8217;un son dalgas\u0131nda gazeteciler Nedim \u015eener ve Ahmet \u015e\u0131k&#8217;\u0131n tutuklanmas\u0131 g\u00fcndemi de\u011fi\u015ftirdi. &#8216;\u00d6rg\u00fct \u00fcyesi mi?&#8217;, &#8216;Gazeteci mi?&#8217; tart\u0131\u015fmalar\u0131n\u0131 ve gelinen son noktay\u0131 eski A\u0130HM Yarg\u0131c\u0131 R\u0131za T\u00fcrmen de de\u011ferlendirdi. Ak\u015fam gazetesinde yer alan haber \u015f\u00f6yle:<\/p>\n<p style=\"text-align: justify;\">&#8211; T\u00fcrkiye&#8217;deki demokrasi anlay\u0131\u015f\u0131n\u0131 nas\u0131l tan\u0131mlars\u0131n\u0131z?<\/p>\n<p style=\"text-align: justify;\">Bir \u00fclkede sadece se\u00e7im ko\u015fulu ger\u00e7ekle\u015fiyorsa ger\u00e7ek demokrasiden s\u00f6z etmek m\u00fcmk\u00fcn de\u011fildir. Bug\u00fcnk\u00fc &#8216;halk\u0131n iradesi ile \u00e7o\u011funlu\u011fa sahibim, istedi\u011fimi yapar\u0131m&#8217; anlay\u0131\u015f\u0131 demokrasiye uymaz.<\/p>\n<p style=\"text-align: justify;\">&#8211; Bir insan hangi ko\u015fullarda tutuklanmal\u0131?<\/p>\n<p style=\"text-align: justify;\">Tutuklanmak i\u00e7in somut bir \u015fey olmas\u0131 laz\u0131m. Mesela o ki\u015finin serbest b\u0131rak\u0131ld\u0131\u011f\u0131 takdirde ka\u00e7aca\u011f\u0131ndan, yeni su\u00e7 i\u015fleyece\u011finden emin olunmal\u0131. B\u00f6ylesi somut deliller yoksa tutuklamaya gidilmemesi gerekir. A\u0130HM &#8216;T\u00fcrkiye&#8217;de \u00e7ok b\u00fcy\u00fck insan haklar\u0131 ihlalleri var, bunun \u00e7aresine bir an \u00f6nce bak\u0131lmas\u0131 laz\u0131m&#8217; diyor. Ama nedense de\u011fi\u015fen bir \u015fey yok. T\u00fcrkiye&#8217;de tutuklamaya olan bak\u0131\u015f a\u00e7\u0131s\u0131 de\u011fi\u015fmeli.<\/p>\n<p style=\"text-align: justify;\">&#8211; Ahmet \u015e\u0131k&#8217;\u0131n yay\u0131nlanmam\u0131\u015f bir kitab\u0131n\u0131n ba\u015fka bir gazetecinin bilgisayar\u0131ndan \u00e7\u0131kmas\u0131 nas\u0131l bir su\u00e7?<\/p>\n<p style=\"text-align: justify;\">As\u0131l problem de bu zaten. B\u0131rak\u0131n d\u0131\u015far\u0131dan takip eden bizleri, bunu su\u00e7layanlar bile bilmiyorlar. Ama deniliyor ki &#8216;Bu tutuklama yazd\u0131klar\u0131ndan ya da yazacaklar\u0131ndan dolay\u0131 de\u011fil.&#8217; Elbette ki &#8216;kitaptan dolay\u0131 seni tutukluyorum&#8217; demeyecekler. Esas tart\u0131\u015f\u0131lmas\u0131 gereken konu T\u00fcrkiye&#8217;de bug\u00fcn ele\u015ftirel nitelikte bir kitap yaz\u0131lamayacak olmas\u0131d\u0131r. Her \u015fey planl\u0131 i\u015fliyor gibi g\u00f6r\u00fcn\u00fcyor. Mesela Balyoz davas\u0131ndaki tutars\u0131zl\u0131klar. Soru\u015fturmalarla ilgili ku\u015fkular do\u011furuyor.<\/p>\n<p style=\"text-align: justify;\">&#8211; Bu davalar\u0131n siyasalla\u015ft\u0131\u011f\u0131 iddialar\u0131na kat\u0131l\u0131yor musunuz?<\/p>\n<p style=\"text-align: justify;\">Bug\u00fcn kamuoyunu me\u015fgul eden davalar\u0131n hemen hepsi hukuki nitelikleri zay\u0131f oldu\u011fu i\u00e7in siyasi niteli\u011fe sahip. \u00c7ok \u00f6nemli iddialar var. Bu iddialar ger\u00e7ek mi de\u011fil mi bu ancak s\u0131k\u0131 s\u0131k\u0131ya hukuk kurallar\u0131na ba\u011fl\u0131 kal\u0131n\u0131rsa ortaya \u00e7\u0131kabilir. Ancak o zaman siyasile\u015fmekten korunur. \u00d6zensiz i\u015fleyen hukuki d\u00fczenin getirdi\u011fi bo\u015fluklar, davalar\u0131n siyasalla\u015fmas\u0131n\u0131 sa\u011fl\u0131yor.<\/p>\n<p style=\"text-align: justify;\">&#8211; H\u00fck\u00fcmetin &#8216;tutuklamalar\u0131n bizimle ilgisi yok, yarg\u0131lamay\u0131 beklemek gerek&#8217; a\u00e7\u0131klamas\u0131na ne diyeceksiniz?<\/p>\n<p style=\"text-align: justify;\">Samimi bir a\u00e7\u0131klama de\u011fil. Bir kere &#8216;bekleyelim&#8217; demek, y\u0131llarca h\u00fck\u00fcm giymeden tutuklu kalacak insanlar\u0131 kabul etmek demektir. Bunun kesinlikle kabul edilmemesi laz\u0131m. &#8216;Yarg\u0131y\u0131 beklemek gerek&#8217; s\u00f6z\u00fcn\u00fc sarf eden herkes, z\u0131mni olarak h\u00fck\u00fcm giymeyen masum insanlar\u0131n uzun y\u0131llar cezaevinde \u00e7\u00fcr\u00fcmesine r\u0131za g\u00f6stermekten ba\u015fka bir \u015fey yapm\u0131yorlar.<\/p>\n<p style=\"text-align: justify;\">&#8211; Cumhurba\u015fkan\u0131 G\u00fcl ve Ba\u015fbakan Yard\u0131mc\u0131s\u0131 Ar\u0131n\u00e7 s\u00fcre\u00e7le ilgili endi\u015feli olduklar\u0131n\u0131 s\u00f6ylediler.<\/p>\n<p style=\"text-align: justify;\">Endi\u015fe duyduklar\u0131 konusunda ku\u015fkular\u0131m var. Sadece &#8216;endi\u015fe duyuyorum&#8217; demekle inand\u0131r\u0131c\u0131 olamazs\u0131n\u0131z.<\/p>\n<p style=\"text-align: justify;\">Mesela yarg\u0131n\u0131n ba\u011f\u0131ms\u0131z olmas\u0131n\u0131 sa\u011flamak i\u00e7in \u00f6nlemler al\u0131nabilir ya da savc\u0131lar\u0131n daha \u00f6zenli \u00e7al\u0131\u015fmas\u0131 sa\u011flanabilir. AK Parti t\u00fcm bunlar\u0131 yapabilir.<\/p>\n<p style=\"text-align: justify;\"><strong>Savc\u0131lar &#8216;posta kutusu&#8217; gibi <\/strong><\/p>\n<p style=\"text-align: justify;\">&#8211; G\u00f6zalt\u0131 ve tutuklamalarda polis ve savc\u0131n\u0131n rol\u00fc tam olarak ne olmal\u0131?<\/p>\n<p style=\"text-align: justify;\">Polis normalde savc\u0131ya ba\u011fl\u0131 olarak soru\u015fturmay\u0131 yapar. Delilleri toplayan savc\u0131d\u0131r. Bizde ise durum tersi y\u00f6nde i\u015fliyor. Polis soru\u015fturmay\u0131 g\u00f6t\u00fcr\u00fcyor ve savc\u0131n\u0131n \u00f6n\u00fcne getiriyor. Savc\u0131 da delilleri kabul edip, hakimin \u00f6n\u00fcne getiriyor. Yani savc\u0131 &#8216;posta kutusu&#8217; rol\u00fc oynuyor. Bu yanl\u0131\u015f. Bir di\u011fer sorun ise normalde deliller toplan\u0131p, bu deliller neticesinde tutuklamalar\u0131n yap\u0131lmas\u0131 gerekir. Ama bizde \u00f6nce insanlar tutuklan\u0131yor sonra delil bulunmaya \u00e7al\u0131\u015f\u0131l\u0131yor. Delilden san\u0131\u011fa ula\u015fmak yerine, san\u0131k \u00fczerinden delil yarat\u0131l\u0131yor. Do\u011fru d\u00fcr\u00fcst soru\u015fturma yap\u0131lmadan, deliller toplanmadan insanlar g\u00f6zalt\u0131na al\u0131n\u0131yor, tutuklan\u0131yor daha sonra delil bulunmaya \u00e7al\u0131\u015f\u0131l\u0131yor. Ya da deliller  verece\u011fi ifadelerden olu\u015fturulmaya \u00e7al\u0131\u015f\u0131l\u0131yor.<\/p>\n<p style=\"text-align: justify;\"><strong>AKP D\u0130KKATE ALMALI <\/strong><\/p>\n<p style=\"text-align: justify;\">&#8211; Tutuklanan gazetecilerin durumu, T\u00fcrkiye&#8217;de bas\u0131n\u0131n bask\u0131 alt\u0131nda oldu\u011funun bir g\u00f6stergesi mi?<\/p>\n<p style=\"text-align: justify;\">Bas\u0131n \u00fczerinde iki t\u00fcrl\u00fc bask\u0131 var. Direkt ve dolayl\u0131 bask\u0131. Direkt bask\u0131, yazd\u0131\u011f\u0131n\u0131z \u015feylerden \u00f6t\u00fcr\u00fc i\u00e7eri at\u0131lman\u0131zla sonu\u00e7lan\u0131yor. Dolayl\u0131 bask\u0131 ihtarlar \u015feklinde kendini g\u00f6steriyor.<\/p>\n<p style=\"text-align: justify;\">&#8211; Ne gibi mesela?<\/p>\n<p style=\"text-align: justify;\">Freedom House&#8217;un yapt\u0131\u011f\u0131 ara\u015ft\u0131rmada T\u00fcrkiye &#8216;k\u0131smen \u00f6zg\u00fcr, bas\u0131n notu \u00e7ok d\u00fc\u015f\u00fck&#8217; bir devlet stat\u00fcs\u00fcnde. Economist&#8217;in yapt\u0131\u011f\u0131 ara\u015ft\u0131rmada da T\u00fcrkiye, melez bir demokrasi say\u0131l\u0131yor ve bas\u0131n notu yine \u00e7ok d\u00fc\u015f\u00fck. AK Parti bu ara\u015ft\u0131rma sonu\u00e7lar\u0131na \u00f6nem vermiyor. \u00c7\u00fcnk\u00fc &#8216;halk beni nas\u0131l olsa yine se\u00e7ecek, geri kalan o kadar da \u00f6nemli de\u011fil &#8216; g\u00f6r\u00fc\u015f\u00fcn\u00fc savunuyor. Bu vurdumduymaz tav\u0131r devam ederse, zor bir d\u00f6nem ba\u015flayacak.<\/p>\n<p style=\"text-align: justify;\"><strong>\u015eIK VE \u015eENER&#8217;E A\u0130HM &#8216;\u0130HLAL&#8217; DER <\/strong><\/p>\n<p style=\"text-align: justify;\">&#8211; \u015e\u0131k ve \u015eener&#8217;in tutuklamalar\u0131 ile ilgili A\u0130HM&#8217;e gidilirse, nas\u0131l bir karar \u00e7\u0131kar?<\/p>\n<p style=\"text-align: justify;\">T\u00fcrkiye, Avrupa \u0130nsan Haklar\u0131 S\u00f6zle\u015fmesi&#8217;ni (A\u0130HM) en fazla ihlal eden \u00fclke. Tutuklamalar T\u00fcrkiye&#8217;nin yapt\u0131\u011f\u0131 ihlaller aras\u0131nda en b\u00fcy\u00fck yeri tutuyor. Demek ki T\u00fcrkiye&#8217;de tutuklamalarla ilgili \u00f6nemli bir sistematik sorun var. Bu sorunu \u015eener ve \u015e\u0131k&#8217;\u0131n tutuklanmalar\u0131 a\u015famas\u0131nda da g\u00f6r\u00fcyoruz. Hangi somut delillere dayan\u0131larak bu tutuklamalar\u0131n yap\u0131ld\u0131\u011f\u0131n\u0131n s\u00f6ylenilmesi, dosyalar\u0131n\u0131n avukatlarla payla\u015f\u0131lmas\u0131 gerekir. Sadece ku\u015fkulan\u0131ld\u0131\u011f\u0131 i\u00e7in ger\u00e7ekle\u015fen tutuklamalar, hukuki bo\u015flu\u011fun nedenli derin oldu\u011funu g\u00f6steriyor. Bug\u00fcn \u015eener ve \u015e\u0131k A\u0130HM&#8217;e ba\u015fvururlarsa, A\u0130HM&#8217;den ihlal karar\u0131 \u00e7\u0131kmas\u0131 ka\u00e7\u0131n\u0131lmazd\u0131r.<\/p>\n<p style=\"text-align: justify;\"><a href=\"http:\/\/www.t24.com.tr\/cumhurbaskani-gul-gercekten-endiseliyse-geregini-yapmalidir\/haber\/132005.aspx\" target=\"_blank\">Kaynak : T24<\/a><\/p>\n","protected":false},"excerpt":{"rendered":"<p style=\"text-align: center;\">\n<p style=\"text-align: justify;\">Eski A\u0130HM Yarg\u0131c\u0131 R\u0131za T\u00fcrmen, son d\u00f6nemdeki tutuklamalar i\u00e7in &#8216;yarg\u0131y\u0131 bekleyelim&#8217; demenin samimi olmad\u0131\u011f\u0131 g\u00f6r\u00fc\u015f\u00fcnde. T\u00fcrmen, &#8216;Bunu diyen uzun tutukluluk d\u00f6nemlerine r\u0131za g\u00f6stermi\u015f oluyor&#8217; dedi. <\/p>\n","protected":false},"author":1,"featured_media":0,"comment_status":"open","ping_status":"closed","sticky":false,"template":"","format":"standard","meta":{"footnotes":""},"categories":[105],"tags":[],"class_list":["post-29238","post","type-post","status-publish","format-standard","hentry","category-gundem","odd"],"_links":{"self":[{"href":"http:\/\/www.korhanyilmaz.com\/index.php?rest_route=\/wp\/v2\/posts\/29238","targetHints":{"allow":["GET"]}}],"collection":[{"href":"http:\/\/www.korhanyilmaz.com\/index.php?rest_route=\/wp\/v2\/posts"}],"about":[{"href":"http:\/\/www.korhanyilmaz.com\/index.php?rest_route=\/wp\/v2\/types\/post"}],"author":[{"embeddable":true,"href":"http:\/\/www.korhanyilmaz.com\/index.php?rest_route=\/wp\/v2\/users\/1"}],"replies":[{"embeddable":true,"href":"http:\/\/www.korhanyilmaz.com\/index.php?rest_route=%2Fwp%2Fv2%2Fcomments&post=29238"}],"version-history":[{"count":0,"href":"http:\/\/www.korhanyilmaz.com\/index.php?rest_route=\/wp\/v2\/posts\/29238\/revisions"}],"wp:attachment":[{"href":"http:\/\/www.korhanyilmaz.com\/index.php?rest_route=%2Fwp%2Fv2%2Fmedia&parent=29238"}],"wp:term":[{"taxonomy":"category","embeddable":true,"href":"http:\/\/www.korhanyilmaz.com\/index.php?rest_route=%2Fwp%2Fv2%2Fcategories&post=29238"},{"taxonomy":"post_tag","embeddable":true,"href":"http:\/\/www.korhanyilmaz.com\/index.php?rest_route=%2Fwp%2Fv2%2Ftags&post=29238"}],"curies":[{"name":"wp","href":"https:\/\/api.w.org\/{rel}","templated":true}]}}