{"id":29233,"date":"2011-03-09T18:22:00","date_gmt":"2011-03-09T16:22:00","guid":{"rendered":"http:\/\/www.korhanyilmaz.com\/?p=29233"},"modified":"2011-03-09T18:22:00","modified_gmt":"2011-03-09T16:22:00","slug":"kilicdaroglunun-iddiasina-sert-yanit","status":"publish","type":"post","link":"http:\/\/www.korhanyilmaz.com\/?p=29233","title":{"rendered":"K\u0131l\u0131\u00e7daro\u011flu&#8217;nun iddias\u0131na sert yan\u0131t"},"content":{"rendered":"<p style=\"text-align: justify;\"><a href=\"http:\/\/www.korhanyilmaz.com\/wp-content\/uploads\/2011\/03\/157.jpg\"  class=\"lightview\"><img loading=\"lazy\" decoding=\"async\" class=\"aligncenter size-full wp-image-29235\" src=\"http:\/\/www.korhanyilmaz.com\/wp-content\/uploads\/2011\/03\/157.jpg\" alt=\"\" width=\"307\" height=\"236\" \/><\/a><\/p>\n<p style=\"text-align: justify;\">AK Partili Bekir Bozda\u011f, CHP Genel Ba\u015fkan\u0131 Kemal K\u0131l\u0131\u00e7daro\u011flu&#8217;nun g\u00fcndeme getirdi\u011fi taciz iddialar\u0131yla ilgili olarak sert konu\u015ftu. Bozda\u011f, &#8220;namuslu, haysiyetli bir genel ba\u015fkana d\u00fc\u015fen, b\u00f6yle bir bilgi varsa t\u00fcm kamuoyu ile payla\u015fmakt\u0131r&#8221; dedi.<!--more--><\/p>\n<p style=\"text-align: justify;\">AK Parti Grup Ba\u015fkanvekili Bekir Bozda\u011f, CHP Genel Ba\u015fkan\u0131 Kemal K\u0131l\u0131\u00e7daro\u011flu&#8217;nun, Odatv Muhabiri \u0130klim Ayfer Kaleli Bayraktar ile yapt\u0131\u011f\u0131 g\u00f6r\u00fc\u015fmeye ili\u015fkin s\u00f6zlerini de\u011ferlendirirken, &#8220;E\u011fer Say\u0131n K\u0131l\u0131\u00e7daro\u011flu, siyasi ahlaka sahipse bu konularda etik d\u00fc\u015f\u00fcn\u00fcyorsa, bu toplumun de\u011ferlerine sayg\u0131 duyuyorsa ba\u015fkalar\u0131n\u0131 t\u00f6hmet alt\u0131nda b\u0131rakmaktan vazge\u00e7meli, asl\u0131 neyse kamuoyuna a\u00e7\u0131klamal\u0131&#8221; dedi.<\/p>\n<p style=\"text-align: justify;\">Bozda\u011f, TBMM&#8217;de gazetecilerin sorular\u0131n\u0131 yan\u0131tlad\u0131.<\/p>\n<p style=\"text-align: justify;\">Bir gazetecinin, &#8220;\u0130klim Bayraktar hakk\u0131nda su\u00e7 duyurusunda bulunmay\u0131 d\u00fc\u015f\u00fcn\u00fcyor musunuz? Kemal K\u0131l\u0131\u00e7daro\u011flu ile g\u00f6r\u00fc\u015fmesinde \u00fcst d\u00fczey AK Partili bir y\u00f6neticiden s\u00f6z ediyor&#8221; sorusu \u00fczerine Bozda\u011f, &#8220;CHP i\u00e7inde d\u00f6nen oyunlara bizim akl\u0131m\u0131z pek ermiyor i\u015fin do\u011frusu. D\u00f6nen dolaplara bakt\u0131\u011f\u0131n\u0131z zaman insan\u0131n, &#8216;Bizans oyunlar\u0131 bile az kal\u0131r&#8217; diyesi geliyor. O nedenle partinin i\u00e7ine d\u00f6n\u00fck bir de\u011ferlendirme yapmak istemem&#8221; diye konu\u015ftu.<\/p>\n<p style=\"text-align: justify;\">&#8220;Hayretle ve ibretle izliyoruz bunu&#8221; diyen Bozda\u011f, s\u00f6zlerini \u015f\u00f6yle s\u00fcrd\u00fcrd\u00fc: &#8220;T\u00fcrkiye&#8217;de iktidara talip oldu\u011funu s\u00f6yleyen bir yap\u0131n\u0131n, siyasi organizasyonun i\u00e7inde bulundu\u011fu ahlaki yap\u0131 t\u00fcm\u00fcyle T\u00fcrk milletinin g\u00f6z\u00fc \u00f6n\u00fcnde cereyan ediyor. Say\u0131n K\u0131l\u0131\u00e7daro\u011flu&#8217;na d\u00fc\u015fen \u015fey \u015fu; &#8216;Aram\u0131zda b\u00f6yle bir konu\u015fma var&#8217; dedi\u011fine g\u00f6re ba\u015fka birilerine \u00e7amur atarak, i\u015fin i\u00e7inden s\u0131yr\u0131lmas\u0131n. Buradan sesleniyorum; hi\u00e7 kimseyi t\u00f6hmet alt\u0131nda b\u0131rakmay\u0131n Say\u0131n K\u0131l\u0131\u00e7daro\u011flu.<\/p>\n<p style=\"text-align: justify;\">Say\u0131n K\u0131l\u0131\u00e7daro\u011flu&#8217;nun, soru sorarak, &#8216;Siz \u015fu camdan bakt\u0131n\u0131z m\u0131 bakmad\u0131n\u0131z m\u0131 s\u00f6yleyin&#8217; diyerek, pek \u00e7ok namuslu, haysiyetli insana \u00e7amur att\u0131\u011f\u0131n\u0131 bir s\u00fcr\u00fc \u00f6rnekle ortaya koyduk. E\u011fer Say\u0131n K\u0131l\u0131\u00e7daro\u011flu, siyasi ahlaka sahipse, bu konularda etik d\u00fc\u015f\u00fcn\u00fcyorsa, bu toplumun de\u011ferlerine sayg\u0131 duyuyorsa ba\u015fkalar\u0131n\u0131 t\u00f6hmet alt\u0131nda b\u0131rakmaktan vazge\u00e7meli, asl\u0131 neyse kamuoyuna a\u00e7\u0131klamal\u0131. E\u011fer bir AK Partilinin ismi ge\u00e7iyorsa onu da buyursun kamuoyuna a\u00e7\u0131klas\u0131n, t\u00fcm kamuoyu bilsin.<\/p>\n<p style=\"text-align: justify;\">K\u0131l\u0131\u00e7daro\u011flu, bir yandan, &#8216;Silivri&#8217;de devam eden yarg\u0131lamalar alenidir. Yass\u0131ada bile radyodan canl\u0131 verildi&#8217; diye a\u00e7\u0131klama yaparken, b\u00f6ylesi T\u00fcrk siyasetinde \u00fcz\u00fcc\u00fc olaylar\u0131n, ahlaki a\u00e7\u0131dan d\u00fc\u015f\u00fckl\u00fcklerin ya\u015fand\u0131\u011f\u0131 bir ortamda, ba\u015fkalar\u0131n\u0131 t\u00f6hmet alt\u0131nda b\u0131rakacak bir duru\u015fla kurtulamaz.&#8221;<\/p>\n<p style=\"text-align: justify;\"><strong>&#8220;Bizimle ilgisi olmayan olay&#8221; <\/strong><\/p>\n<p style=\"text-align: justify;\">\u0130nsanlar\u0131 t\u00f6hmet alt\u0131na b\u0131rakman\u0131n, Anamuhalefet Genel Ba\u015fkan\u0131&#8217;na yak\u0131\u015f\u0131r bir duru\u015f olmad\u0131\u011f\u0131n\u0131 belirten Bozda\u011f, toplumun bu t\u00fcr ahlaki zafiyetleri kabul etmeyece\u011fini s\u00f6yledi.<\/p>\n<p style=\"text-align: justify;\">Bozda\u011f, &#8220;Herkes \u00e7\u0131ks\u0131n kamuoyu \u00f6n\u00fcnde ger\u00e7e\u011fi s\u00f6ylesin. Bizimle ilgili olmayan bir olay. \u0130\u015fin i\u00e7erisine ba\u015fkalar\u0131n\u0131 \u00e7ekmeye \u00e7al\u0131\u015fmak&#8230; Namuslu, haysiyetli bir genel ba\u015fkana d\u00fc\u015fen, b\u00f6yle bir bilgi varsa t\u00fcm kamuoyu ile payla\u015fmakt\u0131r. Ahlakl\u0131 bir duru\u015f sergilemek istiyorsa Say\u0131n K\u0131l\u0131\u00e7daro\u011flu payla\u015fs\u0131n aksi halde kimsenin namusunu, \u015ferefini diline dolamas\u0131n. Bir genel ba\u015fkan akl\u0131na esti\u011fi gibi konu\u015famaz&#8221; \u015feklinde konu\u015ftu.<\/p>\n<p style=\"text-align: justify;\">CHP&#8217;nin eski Genel Ba\u015fkan\u0131 Deniz Baykal&#8217;a yak\u0131nl\u0131\u011f\u0131 ile bilinen CHP Ankara Milletvekili Y\u0131lmaz Ate\u015f ise &#8220;b\u00fcy\u00fck bal\u0131k&#8221; diye niteledi o AK Partili&#8217;yi.<\/p>\n<p style=\"text-align: justify;\">Geli\u015fmelere MHP lideri Devlet Bah\u00e7eli de sessiz kalmad\u0131, &#8220;bu tart\u0131\u015fmalar ulusal ahlak\u0131 zedeliyor medya siyaset ili\u015fkilerini \u00e7irkinle\u015ftiriyor&#8221; diye uyard\u0131.<\/p>\n<p style=\"text-align: justify;\"><strong>K\u0131l\u0131\u00e7daro\u011flu ne demi\u015fti? <\/strong><\/p>\n<p style=\"text-align: justify;\">CHP Genel Ba\u015fkan\u0131 Kemal K\u0131l\u0131\u00e7daro\u011flu, Odatv muhabiri \u0130klim Bayraktar&#8217;la olan g\u00f6r\u00fc\u015fmesiyle ilgili d\u00fcn bir a\u00e7\u0131klama yapm\u0131\u015ft\u0131.<\/p>\n<p style=\"text-align: justify;\">Bayraktar&#8217;a \u00e7a\u011fr\u0131 yapan K\u0131l\u0131\u00e7daro\u011flu, &#8220;bir AKP y\u00f6neticisi, tepe y\u00f6neticisiyle ilgili olarak anlatt\u0131\u011f\u0131 baz\u0131 olaylar vard\u0131, onlar\u0131 da a\u00e7\u0131klas\u0131n&#8221; demi\u015fti.<\/p>\n<p style=\"text-align: justify;\">&#8220;\u0130klim Bayraktar&#8217;\u0131n sizinle g\u00f6r\u00fc\u015ft\u00fc\u011f\u00fcne dair iddialar var? Siz ne d\u00fc\u015f\u00fcn\u00fcyorsunuz?&#8221; sorusuna da K\u0131l\u0131\u00e7daro\u011flu, &#8220;Say\u0131n Bayraktar, Odatv muhabiri olarak geldi ve kendisi uzun s\u00fcre beklemi\u015f g\u00f6r\u00fc\u015fmek i\u00e7in. Oda tv muhabiri olarak geldi g\u00f6r\u00fc\u015ft\u00fcm. Ben \u0130klim han\u0131mdan bir \u015fey istiyorum. Bana anlatt\u0131\u011f\u0131 bir b\u00f6l\u00fcm daha var. Onu da anlatmas\u0131n\u0131 istiyorum. Bir AKP y\u00f6neticisi, tepe y\u00f6neticisiyle ilgili olarak anlatt\u0131\u011f\u0131 baz\u0131 olaylar vard\u0131&#8221; yan\u0131t\u0131n\u0131 vermi\u015fti.<\/p>\n<p style=\"text-align: justify;\">K\u0131l\u0131\u00e7daro\u011flu, &#8220;Bir bakan m\u0131?&#8221; sorusu \u00fczerine de &#8220;E\u011fer \u0130klim Han\u0131m bunu a\u00e7\u0131klarsa o zaman ben merak ediyorum AKP medyas\u0131 ne yazacak. Aram\u0131zdaki bir g\u00f6r\u00fc\u015fme oldu\u011fu i\u00e7in ben bu g\u00f6r\u00fc\u015fmeyi anlatmak istemiyorum. Ama Say\u0131n Bayraktar teybe ald\u0131\u011f\u0131n\u0131 s\u00f6yl\u00fcyor. Ben o teybin a\u00e7\u0131klanmas\u0131n\u0131 isterim. Orada kimin hakk\u0131nda neleri anlatt\u0131\u011f\u0131n\u0131 Say\u0131n Bayraktar&#8217;\u0131n anlatmas\u0131n\u0131 isterim. San\u0131r\u0131m as\u0131l \u015fok o tarafta ya\u015fanacakt\u0131r&#8221; demi\u015fti.<\/p>\n<p style=\"text-align: justify;\"><a href=\"http:\/\/www.cnnturk.com\/2011\/turkiye\/03\/09\/kilicdaroglunun.iddiasina.sert.yanit\/609445.0\/index.html\" target=\"_blank\"><span style=\"color: #888888;\">CNN T\u00dcRK<\/span><\/a><\/p>\n","protected":false},"excerpt":{"rendered":"<p style=\"text-align: justify;\">\n<p style=\"text-align: justify;\">AK Partili Bekir Bozda\u011f, CHP Genel Ba\u015fkan\u0131 Kemal K\u0131l\u0131\u00e7daro\u011flu&#8217;nun g\u00fcndeme getirdi\u011fi taciz iddialar\u0131yla ilgili olarak sert konu\u015ftu. Bozda\u011f, &#8220;namuslu, haysiyetli bir genel ba\u015fkana d\u00fc\u015fen, b\u00f6yle bir bilgi varsa t\u00fcm kamuoyu ile payla\u015fmakt\u0131r&#8221; dedi.<\/p>\n","protected":false},"author":1,"featured_media":0,"comment_status":"open","ping_status":"closed","sticky":false,"template":"","format":"standard","meta":{"footnotes":""},"categories":[105],"tags":[],"class_list":["post-29233","post","type-post","status-publish","format-standard","hentry","category-gundem","odd"],"_links":{"self":[{"href":"http:\/\/www.korhanyilmaz.com\/index.php?rest_route=\/wp\/v2\/posts\/29233","targetHints":{"allow":["GET"]}}],"collection":[{"href":"http:\/\/www.korhanyilmaz.com\/index.php?rest_route=\/wp\/v2\/posts"}],"about":[{"href":"http:\/\/www.korhanyilmaz.com\/index.php?rest_route=\/wp\/v2\/types\/post"}],"author":[{"embeddable":true,"href":"http:\/\/www.korhanyilmaz.com\/index.php?rest_route=\/wp\/v2\/users\/1"}],"replies":[{"embeddable":true,"href":"http:\/\/www.korhanyilmaz.com\/index.php?rest_route=%2Fwp%2Fv2%2Fcomments&post=29233"}],"version-history":[{"count":0,"href":"http:\/\/www.korhanyilmaz.com\/index.php?rest_route=\/wp\/v2\/posts\/29233\/revisions"}],"wp:attachment":[{"href":"http:\/\/www.korhanyilmaz.com\/index.php?rest_route=%2Fwp%2Fv2%2Fmedia&parent=29233"}],"wp:term":[{"taxonomy":"category","embeddable":true,"href":"http:\/\/www.korhanyilmaz.com\/index.php?rest_route=%2Fwp%2Fv2%2Fcategories&post=29233"},{"taxonomy":"post_tag","embeddable":true,"href":"http:\/\/www.korhanyilmaz.com\/index.php?rest_route=%2Fwp%2Fv2%2Ftags&post=29233"}],"curies":[{"name":"wp","href":"https:\/\/api.w.org\/{rel}","templated":true}]}}