{"id":29226,"date":"2011-03-09T16:29:20","date_gmt":"2011-03-09T14:29:20","guid":{"rendered":"http:\/\/www.korhanyilmaz.com\/?p=29226"},"modified":"2011-03-09T16:29:20","modified_gmt":"2011-03-09T14:29:20","slug":"demirtas-akp-uzmezi-aday-yapsin","status":"publish","type":"post","link":"http:\/\/www.korhanyilmaz.com\/?p=29226","title":{"rendered":"Demirta\u015f: &#8220;AKP \u00dczmez&#8217;i aday yaps\u0131n&#8221;"},"content":{"rendered":"<p><a href=\"http:\/\/www.korhanyilmaz.com\/wp-content\/uploads\/2011\/03\/155.jpg\"  class=\"lightview\"><img loading=\"lazy\" decoding=\"async\" class=\"aligncenter size-full wp-image-29227\" src=\"http:\/\/www.korhanyilmaz.com\/wp-content\/uploads\/2011\/03\/155.jpg\" alt=\"\" width=\"292\" height=\"212\" \/><\/a><\/p>\n<p style=\"text-align: justify;\">BDP lideri Selahattin Demirta\u015f, Bursa&#8217;da 14 ya\u015f\u0131ndaki B.\u00c7. adl\u0131 k\u0131za cinsel istismarda bulundu\u011fu gere\u00e7esiyle yarg\u0131lanan H\u00fcseyin \u00dczmez&#8217;in tahliye edilmesini Twitter&#8217;dan ele\u015ftirdi. Demirta\u015f, &#8220;AKP H\u00fcseyin \u00dczmez&#8217;i milletvekili aday\u0131 yaps\u0131n sonra da Kad\u0131n ve \u00c7ocuktan Sorumlu Devlet Bakan\u0131 yaps\u0131n, yak\u0131\u015f\u0131r&#8221; dedi. <!--more--><\/p>\n<p style=\"text-align: justify;\">BDP lideri Selahattin Demirta\u015f, sosyal payla\u015f\u0131m sitesi Twitter&#8217;da, Bursa&#8217;da B.\u00c7., adl\u0131 k\u0131z \u00e7ocu\u011funa cinsel istismarda bulundu\u011fu gerek\u00e7esiyle 13 y\u0131l  1 ay 15 g\u00fcn hapis cezas\u0131na \u00e7arpt\u0131r\u0131lan ve ard\u0131ndan tahliye edilen H\u00fcseyin \u00dczmez&#8217;e ili\u015fkin karar\u0131 ele\u015ftirdi.<\/p>\n<p style=\"text-align: justify;\">&#8220;H\u00fcseyin \u00dczmez tahliye, Ahmet \u015e\u0131k, Nedim \u015eener tutuklu&#8221; diye yazan Demirta\u015f, KCK\/TM davas\u0131 kapsam\u0131nda tutuklanan BDP&#8217;li belediye ba\u015fkanlar\u0131 ile il genel meclis ba\u015fkanlar\u0131n\u0131 da hat\u0131rlatt\u0131.<\/p>\n<p style=\"text-align: justify;\">BDP lideri, &#8220;Mardin, Diyarbak\u0131r, Van il genel meclis ba\u015fkanlar\u0131 tutuklu, I\u011fd\u0131r Belediye Ba\u015fkan\u0131 9 y\u0131l ceza ald\u0131, tutuklu, Batman, K\u0131z\u0131ltepe, Viran\u015fehir, Kayap\u0131nar, Cizre, Suru\u00e7, Y\u00fcksekova, Koludere belediye ba\u015fkanlar\u0131 tutuklu. AKP, H\u00fcseyin \u00dczmez&#8217;i milletvekili aday\u0131 yaps\u0131n, sonra da Kad\u0131n ve \u00c7ocuktan Sorumlu Devlet Bakan\u0131 yaps\u0131n, yak\u0131\u015f\u0131r&#8221; dedi.<\/p>\n<p style=\"text-align: justify;\"><a href=\"http:\/\/www.cnnturk.com\/2011\/turkiye\/03\/09\/demirtas.akp.uzmezi.aday.yapsin\/609444.0\/index.html\" target=\"_blank\"><span style=\"color: #888888;\">CNN T\u00dcRK<\/span><\/a><\/p>\n","protected":false},"excerpt":{"rendered":"<\/p>\n<p style=\"text-align: justify;\">BDP lideri Selahattin Demirta\u015f, Bursa&#8217;da 14 ya\u015f\u0131ndaki B.\u00c7. adl\u0131 k\u0131za cinsel istismarda bulundu\u011fu gere\u00e7esiyle yarg\u0131lanan H\u00fcseyin \u00dczmez&#8217;in tahliye edilmesini Twitter&#8217;dan ele\u015ftirdi. Demirta\u015f, &#8220;AKP H\u00fcseyin \u00dczmez&#8217;i milletvekili aday\u0131 yaps\u0131n sonra da Kad\u0131n ve \u00c7ocuktan Sorumlu Devlet Bakan\u0131 yaps\u0131n, yak\u0131\u015f\u0131r&#8221; dedi. <\/p>\n","protected":false},"author":1,"featured_media":0,"comment_status":"open","ping_status":"closed","sticky":false,"template":"","format":"standard","meta":{"footnotes":""},"categories":[105],"tags":[],"class_list":["post-29226","post","type-post","status-publish","format-standard","hentry","category-gundem","odd"],"_links":{"self":[{"href":"http:\/\/www.korhanyilmaz.com\/index.php?rest_route=\/wp\/v2\/posts\/29226","targetHints":{"allow":["GET"]}}],"collection":[{"href":"http:\/\/www.korhanyilmaz.com\/index.php?rest_route=\/wp\/v2\/posts"}],"about":[{"href":"http:\/\/www.korhanyilmaz.com\/index.php?rest_route=\/wp\/v2\/types\/post"}],"author":[{"embeddable":true,"href":"http:\/\/www.korhanyilmaz.com\/index.php?rest_route=\/wp\/v2\/users\/1"}],"replies":[{"embeddable":true,"href":"http:\/\/www.korhanyilmaz.com\/index.php?rest_route=%2Fwp%2Fv2%2Fcomments&post=29226"}],"version-history":[{"count":0,"href":"http:\/\/www.korhanyilmaz.com\/index.php?rest_route=\/wp\/v2\/posts\/29226\/revisions"}],"wp:attachment":[{"href":"http:\/\/www.korhanyilmaz.com\/index.php?rest_route=%2Fwp%2Fv2%2Fmedia&parent=29226"}],"wp:term":[{"taxonomy":"category","embeddable":true,"href":"http:\/\/www.korhanyilmaz.com\/index.php?rest_route=%2Fwp%2Fv2%2Fcategories&post=29226"},{"taxonomy":"post_tag","embeddable":true,"href":"http:\/\/www.korhanyilmaz.com\/index.php?rest_route=%2Fwp%2Fv2%2Ftags&post=29226"}],"curies":[{"name":"wp","href":"https:\/\/api.w.org\/{rel}","templated":true}]}}