{"id":29222,"date":"2011-03-09T17:38:13","date_gmt":"2011-03-09T15:38:13","guid":{"rendered":"http:\/\/www.korhanyilmaz.com\/?p=29222"},"modified":"2011-03-09T17:38:13","modified_gmt":"2011-03-09T15:38:13","slug":"apnin-turkiye-raporu-kabul-edildi","status":"publish","type":"post","link":"http:\/\/www.korhanyilmaz.com\/?p=29222","title":{"rendered":"AP&#8217;nin T\u00fcrkiye Raporu kabul edildi"},"content":{"rendered":"<p style=\"text-align: center;\"><a href=\"http:\/\/www.korhanyilmaz.com\/wp-content\/uploads\/2011\/03\/154.jpg\"  class=\"lightview\"><img loading=\"lazy\" decoding=\"async\" class=\"aligncenter size-full wp-image-29223\" src=\"http:\/\/www.korhanyilmaz.com\/wp-content\/uploads\/2011\/03\/154.jpg\" alt=\"\" width=\"307\" height=\"236\" \/><\/a><\/p>\n<p style=\"text-align: justify;\">Avrupa Parlamentosu T\u00fcrkiye&#8217;ye ili\u015fkin bug\u00fcne kadarki en sert raporunu kabul etti. Br\u00fcksel, raporda &#8220;T\u00fcrkiye&#8217;de bas\u0131n \u00f6zg\u00fcrl\u00fc\u011f\u00fcn\u00fcn gidi\u015fat\u0131ndan endi\u015feliyiz&#8221; mesaj\u0131 verdi. Gazeteci Nedim \u015eener ve Ahmet \u015e\u0131k&#8217;\u0131n tutuklanmalar\u0131 da son anda rapora eklendi. D\u0131\u015fi\u015fleri Bakanl\u0131\u011f\u0131 ise raporun, &#8220;tek tarafl\u0131, ger\u00e7eklerle ba\u011fda\u015fmayan ve kabul\u00fc m\u00fcmk\u00fcn olmayan unsurlar&#8221; i\u00e7erdi\u011fini savundu.<!--more--><\/p>\n<p style=\"text-align: justify;\">AP&#8217;nin T\u00fcrkiye Raport\u00f6r\u00fc, &#8220;Beni ciddi olarak endi\u015felendiren iki nokta var. PKK&#8217;n\u0131n eylemsizli\u011fi sona erdirmesi karar\u0131 kayg\u0131 vericidir. Di\u011fer konu da bas\u0131n \u00f6zg\u00fcrl\u00fc\u011f\u00fc. \u0130fade \u00f6zg\u00fcrl\u00fc\u011f\u00fcn\u00fc k\u0131s\u0131tlayan, bir \u00fclkenin k\u00fclt\u00fcr\u00fcn\u00fc de k\u0131s\u0131tlar. Bir \u00fclke i\u00e7in \u00f6zg\u00fcr olmak ve her \u015feyi a\u00e7\u0131k\u00e7a tart\u0131\u015fmak her \u00fclke i\u00e7in hayatidir&#8221; dedi.<\/p>\n<p style=\"text-align: justify;\">Son y\u0131llar\u0131n en ele\u015ftirel raporu olarak tan\u0131mlanan rapora, son anda gazeteci Nedim \u015eener ve Ahmet \u015e\u0131k&#8217;\u0131n tutuklanmalar\u0131 da girdi.<\/p>\n<p style=\"text-align: justify;\">Avrupa Parlamentosu, &#8220;polis ve yarg\u0131 tacizine maruz kalan&#8221; Nedim \u015eener, Ahmet \u015e\u0131k ve di\u011fer gazetecilerin davalar\u0131n\u0131 yak\u0131ndan izleyece\u011fini duyurdu.<\/p>\n<p style=\"text-align: justify;\">Raporda, &#8220;Nedim \u015eener ve Ahmet \u015e\u0131k gibi gazetecilerin tutuklanmas\u0131n\u0131n, yarg\u0131lamalarda g\u00fcven kayb\u0131na yol a\u00e7abilece\u011fi&#8221; kaydedildi.<\/p>\n<p style=\"text-align: justify;\">Raporda ayr\u0131ca, &#8220;soru\u015fturman\u0131n gizlili\u011fini ihlal&#8221; ve &#8220;adil yarg\u0131lamay\u0131 etkilemeye te\u015febb\u00fcs&#8221; su\u00e7lamalar\u0131yla gazeteciler aleyhine a\u00e7\u0131lan davalardan endi\u015fe duyuldu\u011funun da alt\u0131 sert ifadelerle \u00e7izildi.<\/p>\n<p style=\"text-align: justify;\">Raporda, T\u00fcrkiye&#8217;de makul s\u00fcrede adil yarg\u0131lama ko\u015fullar\u0131n\u0131n bulunmad\u0131\u011f\u0131na dikkat \u00e7ekiliyor.<\/p>\n<p style=\"text-align: justify;\"><strong>A\u015f\u0131r\u0131 tutukluluk s\u00fcreleri <\/strong><\/p>\n<p style=\"text-align: justify;\">Avrupa Parlamentosu rapor ile, &#8220;Ergenekon&#8221; ve &#8220;Balyoz&#8221; davalar\u0131 kapsam\u0131ndaki a\u015f\u0131r\u0131 tutukluluk s\u00fcrelerinden duydu\u011fu &#8220;kayg\u0131y\u0131&#8221; dile getirip, t\u00fcm zanl\u0131lar i\u00e7in &#8220;ger\u00e7ek yarg\u0131 g\u00fcvencesi&#8221; istiyor.<\/p>\n<p style=\"text-align: justify;\">Sadece bunlar da de\u011fil. Raporda, insan haklar\u0131 ve kilit \u00f6neme sahip reformlar konusundaki yava\u015f ilerleme, T\u00fcrkiye&#8217;deki kad\u0131nlar\u0131n durumundaki k\u00f6t\u00fcle\u015fme, namus cinayetleri ve zorla evlilik vakalar\u0131n\u0131n artmas\u0131ndan duyulan kayg\u0131 da dile getirildi.<\/p>\n<p style=\"text-align: justify;\">Liberallerin kabul g\u00f6ren bir de\u011fi\u015fiklik \u00f6nergesiyle de AB&#8217;ye, ortak d\u0131\u015fpolitika ve g\u00fcvenlik politikas\u0131 fasl\u0131nda T\u00fcrkiye ile m\u00fczakereleri ba\u015flatmas\u0131 \u00e7a\u011fr\u0131s\u0131 yap\u0131ld\u0131.<\/p>\n<p style=\"text-align: justify;\">Liberallerin bir ba\u015fka de\u011fi\u015fiklik \u00f6nergesiyle, halk\u0131n\u0131n \u00e7o\u011funlu\u011fu M\u00fcsl\u00fcman, laik bir demokrasi olan T\u00fcrkiye&#8217;nin Arap d\u00fcnyas\u0131nda ilham kayna\u011f\u0131 oldu\u011funa dikkat \u00e7ekilerek, Ortado\u011fu ve Kuzey Afrika&#8217;n\u0131n demokratikle\u015fmesinde AB ve T\u00fcrkiye&#8217;ye uyumlu \u00e7aba g\u00f6sterme y\u00f6n\u00fcnde g\u00fc\u00e7l\u00fc \u00e7a\u011fr\u0131 yap\u0131ld\u0131.<\/p>\n<p style=\"text-align: justify;\">Oylamada, Rum ve Yunan milletvekillerinin T\u00fcrkiye aleyhine verdi\u011fi \u00f6nergelerle 1915 olaylar\u0131na ili\u015fkin Ermeni iddialar\u0131n\u0131n tan\u0131nmas\u0131 y\u00f6n\u00fcndeki \u00f6nerge b\u00fcy\u00fck farkla reddedildi.<\/p>\n<p style=\"text-align: justify;\"><strong>Ba\u015f\u00f6rt\u00fcs\u00fc sorunu<\/strong><\/p>\n<p style=\"text-align: justify;\">AP T\u00fcrkiye karar\u0131nda, &#8220;\u00fcniversitelerdeki ba\u015f\u00f6rt\u00fcs\u00fc sorununun kad\u0131nlar\u0131n \u00f6zg\u00fcr tercihine sayg\u0131l\u0131 \u015fekilde \u00e7\u00f6z\u00fclmesi&#8221; \u00e7a\u011fr\u0131s\u0131 yap\u0131ld\u0131. T\u00fcrkiye&#8217;nin demokratikle\u015fmesine verilen destek yan\u0131nda a\u00e7\u0131k ve \u00e7o\u011fulcu toplum kararl\u0131l\u0131\u011f\u0131 nedeniyle T\u00fcrk vatanda\u015flar\u0131n\u0131n ve sivil toplumun \u00f6v\u00fcld\u00fc\u011f\u00fc belgede, reformlar\u0131n yava\u015f ilerledi\u011fi savunularak, h\u00fck\u00fcmetten \u00e7abalar\u0131n\u0131 yo\u011funla\u015ft\u0131rmas\u0131 istendi.<\/p>\n<p style=\"text-align: justify;\"><strong>12 Eyl\u00fcl referandumu <\/strong><\/p>\n<p style=\"text-align: justify;\">12 Eyl\u00fcl referandumuyla kabul edilen anayasa de\u011fi\u015fikli\u011finin &#8220;do\u011fru y\u00f6nde at\u0131lm\u0131\u015f bir ad\u0131m&#8221; olarak de\u011ferlendirildi\u011fi belgede, T\u00fcrkiye&#8217;de temel \u00f6zg\u00fcrl\u00fcklerin ve insan haklar\u0131n\u0131n g\u00fcvence alt\u0131na al\u0131nmas\u0131 ve geli\u015fmi\u015f \u00e7o\u011fulcu demokrasiye d\u00f6n\u00fc\u015f\u00fcm i\u00e7in anayasan\u0131n b\u00fct\u00fcn\u00fcyle de\u011fi\u015ftirilmesine ihtiya\u00e7 duyuldu\u011fu vurguland\u0131.<\/p>\n<p style=\"text-align: justify;\">H\u00fck\u00fcmet ve muhalefetin bu konudaki haz\u0131rl\u0131\u011f\u0131n\u0131n memnuniyetle kar\u015f\u0131land\u0131\u011f\u0131 AP T\u00fcrkiye karar\u0131nda, yeni anayasa s\u00fcrecine t\u00fcm siyasi partilerin ve sivil toplumun dahlinin g\u00fcvence alt\u0131na al\u0131nmas\u0131 istendi.<\/p>\n<p style=\"text-align: justify;\"><strong>\u0130nternet yasaklar\u0131 <\/strong><\/p>\n<p style=\"text-align: justify;\">Belgede, T\u00fcrk bas\u0131n\u0131nda internet dahil baz\u0131 sans\u00fcr eylemleri ve artan otosans\u00fcr\u00fcn bas\u0131n \u00f6zg\u00fcrl\u00fc\u011f\u00fc a\u00e7\u0131s\u0131ndan endi\u015fe verici oldu\u011fu belirtilerek, bas\u0131n\u0131n ba\u011f\u0131ms\u0131zl\u0131\u011f\u0131n\u0131n demokratik toplumlardaki hayati rol\u00fcne vurgu yap\u0131ld\u0131. T\u00fcrkiye&#8217;de medya sahipli\u011fi, ba\u011f\u0131ms\u0131zl\u0131\u011f\u0131 ve idari kontrol sorunlar\u0131n\u0131n \u00e7\u00f6z\u00fcm\u00fc i\u00e7in yeni bas\u0131n yasas\u0131 \u00e7\u0131kar\u0131lmas\u0131 gerekti\u011fi belirtildi.<\/p>\n<p style=\"text-align: justify;\"><strong>\u0130fade \u00f6zg\u00fcrl\u00fc\u011f\u00fc <\/strong><\/p>\n<p style=\"text-align: justify;\">Kararda, T\u00fcrk Ceza Kanunu&#8217;nun 220, 301, 314 ve 318&#8217;nci maddeleri ve Ter\u00f6rle M\u00fccadele Kanunu&#8217;nun 7&#8217;nci maddesi gibi bir\u00e7ok d\u00fczenlemenin ifade \u00f6zg\u00fcrl\u00fc\u011f\u00fcn\u00fc s\u0131n\u0131rlamaya devam etti\u011fi savunuldu.<\/p>\n<p style=\"text-align: justify;\">Kararda, h\u00fck\u00fcmete, T\u00fcrkiye&#8217;deki mevzuat\u0131 gecikmeksizin g\u00f6zden ge\u00e7irerek ifade \u00f6zg\u00fcrl\u00fc\u011f\u00fc noktas\u0131nda Avrupa \u0130nsan Haklar\u0131 S\u00f6zle\u015fmesi ve Avrupa \u0130nsan Haklar\u0131 Mahkemesi (A\u0130HM) kararlar\u0131yla uyumlu hale getirmesi \u00e7a\u011fr\u0131s\u0131 yap\u0131ld\u0131. T\u00fcrkiye&#8217;nin yarg\u0131 alan\u0131nda ger\u00e7ekle\u015ftirdi\u011fi reformlar\u0131n &#8220;takdir edildi\u011fi&#8221; belgede, yarg\u0131 ba\u011f\u0131ms\u0131zl\u0131\u011f\u0131 ve tarafs\u0131zl\u0131\u011f\u0131n\u0131n \u00e7o\u011fulcu demokratik toplumun i\u015fleyi\u015finde kilit rol oynad\u0131\u011f\u0131na i\u015faret edildi.<\/p>\n<p style=\"text-align: justify;\"><strong>Sivil-asker ili\u015fkisi <\/strong><\/p>\n<p style=\"text-align: justify;\">Sivil-asker ili\u015fkilerinde sa\u011flanan ilerlemeden dolay\u0131 T\u00fcrkiye&#8217;nin \u00f6v\u00fcld\u00fc\u011f\u00fc kararda, TBMM&#8217;nin g\u00fcvenlik g\u00fc\u00e7leri ve savunma b\u00fct\u00e7esi \u00fczerinde tam denetim yetkisinin g\u00fcvence alt\u0131na al\u0131nmas\u0131 talep edildi.<\/p>\n<p style=\"text-align: justify;\"><strong>Se\u00e7im baraj\u0131 <\/strong><\/p>\n<p style=\"text-align: justify;\">AP karar\u0131nda, y\u00fczde 10 se\u00e7im baraj\u0131n\u0131n indirilmesi \u00f6nerilerek, parti \u00e7o\u011fulculu\u011funu ve T\u00fcrk toplumunun \u00e7o\u011fulcu yap\u0131s\u0131n\u0131 daha iyi yans\u0131tacak \u015fekilde se\u00e7im yasas\u0131nda reform \u00e7a\u011fr\u0131s\u0131 yap\u0131ld\u0131. Kararda, enerji fasl\u0131n\u0131 daha fazla gecikmeden m\u00fczakerelere a\u00e7malar\u0131 konusunda AB \u00fcyeleri te\u015fvik edildi.<\/p>\n<p style=\"text-align: justify;\"><strong>K\u0131br\u0131s sorunu <\/strong><\/p>\n<p style=\"text-align: justify;\">AP T\u00fcrkiye Raport\u00f6r\u00fc Ria Oomen-Ruijten taraf\u0131ndan kaleme al\u0131nan kararda,T\u00fcrkiye&#8217;ye hitaben, &#8220;Derhal askerlerini \u00e7ekmeye ba\u015flayarak, m\u00fczakereler i\u00e7inuygun atmosfer olu\u015fturulmas\u0131n\u0131 kolayla\u015ft\u0131r&#8221; ifadesi yer ald\u0131. Belgede T\u00fcrkiye&#8217;den, KKTC&#8217;deki askeri b\u00f6lgelere giri\u015fine izin vermek suretiyle K\u0131br\u0131s&#8217;ta kay\u0131p ki\u015fileri ara\u015ft\u0131rmak i\u00e7in kurulan komiteye deste\u011fini art\u0131rmas\u0131  istendi.<\/p>\n<p style=\"text-align: justify;\">Tavsiye niteli\u011findeki kararda, &#8220;demokrafik dengeyi&#8221; bozaca\u011f\u0131 ve \u00e7\u00f6z\u00fcm\u00fc zorla\u015ft\u0131raca\u011f\u0131 gerek\u00e7esiyle T\u00fcrkiye ve KKTC makamlar\u0131na, &#8220;adaya yeni T\u00fcrk vatanda\u015flar\u0131n\u0131n yerle\u015ftirilmesinden ka\u00e7\u0131nmalar\u0131&#8221; \u00e7a\u011fr\u0131s\u0131 yap\u0131ld\u0131.<\/p>\n<p style=\"text-align: justify;\">\u00d6te yandan kararda, &#8220;T\u00fcrk h\u00fck\u00fcmeti ve ilgili t\u00fcm taraflar\u0131n K\u0131br\u0131s&#8217;ta devam eden m\u00fczakereleri aktif \u015fekilde desteklemeleri ve kapsaml\u0131 \u00e7\u00f6z\u00fcme somut katk\u0131 yapmalar\u0131&#8221; istendi.Belgede, BM G\u00fcvenlik Konseyi&#8217;ndeki \u0130ran&#8217;a ilave yapt\u0131r\u0131mlar oylamas\u0131nda T\u00fcrkiye&#8217;nin &#8220;hay\u0131r&#8221; oyu kullanmas\u0131n\u0131n \u00fcz\u00fcnt\u00fcyle kar\u015f\u0131land\u0131\u011f\u0131 ifade edildi. AP&#8217;de b\u00fcy\u00fck oy \u00e7o\u011funlu\u011fuyla onaylanan kararda, T\u00fcrkiye&#8217;nin gittik\u00e7e daha aktif hale gelen d\u0131\u015f politikas\u0131 &#8220;not edilerek&#8221;, Ankara&#8217;dan, ortak \u00e7\u0131kar\u0131 ilgilendiren d\u0131\u015f politika konular\u0131nda AB ile koordinasyonunu yo\u011funla\u015ft\u0131rmas\u0131 talebi de dile getirildi.<\/p>\n<p style=\"text-align: justify;\"><strong>D\u0131\u015fi\u015fleri: &#8220;Rapor ger\u00e7eklerle ba\u011fda\u015fm\u0131yor &#8221; <\/strong><\/p>\n<p style=\"text-align: justify;\">D\u0131\u015fi\u015fleri Bakanl\u0131\u011f\u0131, Avrupa Parlamentosu&#8217;nun 2011 T\u00fcrkiye raporunun T\u00fcrkiye&#8217;de reformlar alan\u0131nda at\u0131lan olumlu ad\u0131mlara k\u0131smen de\u011finmekle birlikte, esas itibariyle, &#8220;tek tarafl\u0131, ger\u00e7eklerle ba\u011fda\u015fmayan ve kabul\u00fc m\u00fcmk\u00fcn olmayan unsurlar&#8221; i\u00e7erdi\u011fini belirterek, AP&#8217;nin raporlar\u0131n\u0131n T\u00fcrkiye a\u00e7\u0131s\u0131ndan anlam ta\u015f\u0131mas\u0131n\u0131n, &#8220;ancak ciddi, yap\u0131c\u0131 ve tarafs\u0131z bir tutum benimsenmesi halinde m\u00fcmk\u00fcn olabilece\u011fini&#8221; bildirdi.<\/p>\n<p style=\"text-align: justify;\">Bakanl\u0131k taraf\u0131ndan yap\u0131lan a\u00e7\u0131klamada, Hollandal\u0131 Hristiyan Demokrat Ria Oomen-Ruijten taraf\u0131ndan kaleme al\u0131nan Avrupa Parlamentosu (AP) 2011 T\u00fcrkiye Raporu&#8217;nun bug\u00fcn Strazburg&#8217;da ger\u00e7ekle\u015ftirilen Genel Kurul toplant\u0131s\u0131 \u00e7er\u00e7evesinde oylanarak kabul edildi\u011fi hat\u0131rlat\u0131ld\u0131.<\/p>\n<p style=\"text-align: justify;\">&#8220;AB kurumlar\u0131n\u0131n aday \u00fclkeler hakk\u0131ndaki de\u011ferlendirmelerinin, bir yandan kat\u0131l\u0131m s\u00fcrecinde tamamlanmas\u0131 beklenen gerekliliklere dikkat \u00e7ekerken, di\u011fer yandan s\u00fcreci ilerletmeye y\u00f6nelik olarak aday \u00fclkeyi te\u015fvik edici bir yakla\u015f\u0131mla kaleme al\u0131nmas\u0131 gerekmektedir&#8221; denilen a\u00e7\u0131klamada, AP Genel Kurulu taraf\u0131ndan T\u00fcrkiye hakk\u0131nda bug\u00fcn kabul edilen raporun ise, T\u00fcrkiye&#8217;de reformlar alan\u0131nda at\u0131lan olumlu ad\u0131mlara k\u0131smen de\u011finmekle birlikte, esas itibariyle, &#8220;tek tarafl\u0131, ger\u00e7eklerle ba\u011fda\u015fmayan ve kabul\u00fc m\u00fcmk\u00fcn olmayan unsurlar&#8221; i\u00e7ermekte oldu\u011fu bildirildi.<\/p>\n<p style=\"text-align: justify;\">Bakanl\u0131k a\u00e7\u0131klamas\u0131nda, &#8220;M\u00fczakere eden aday \u00fclke s\u0131fat\u0131yla T\u00fcrkiye Avrupa halklar\u0131n\u0131n temsilcisi ve AB kamuoylar\u0131n\u0131n sesi olan AP&#8217;den adil ve objektif olmas\u0131n\u0131 ve i\u015flevinin gerektirdi\u011fi ciddiyeti sergilemesini beklemektedir&#8221; denilerek, &#8220;Raporda, AB&#8217;nin \u00e7\u0131karlar\u0131 g\u00f6zard\u0131 edilme pahas\u0131na, malum \u00fclkeleri temsil eden az say\u0131daki parlamenterin i\u00e7 siyasi m\u00fclahazalar\u0131yla baz\u0131 hususlara yer verildi\u011fini g\u00f6rmekteyiz. Bu yakla\u015f\u0131m\u0131, T\u00fcrkiye-AB ili\u015fkilerinin dayand\u0131\u011f\u0131 tarihi ge\u00e7mi\u015f, payla\u015f\u0131lan de\u011fer, \u00e7\u0131kar ve hedefler ile ili\u015fkilerimizin bug\u00fcn ula\u015ft\u0131\u011f\u0131 nokta itibariyle mant\u0131kl\u0131 ve sa\u011fduyulu bir \u00e7er\u00e7eveye oturtmak m\u00fcmk\u00fcn de\u011fildir&#8221; denildi.<\/p>\n<p style=\"text-align: justify;\">AP taraf\u0131ndan yay\u0131nlanan belge ve raporlar\u0131n T\u00fcrkiye a\u00e7\u0131s\u0131ndan anlam ta\u015f\u0131mas\u0131n\u0131n, &#8220;ancak ciddi, yap\u0131c\u0131 ve tarafs\u0131z bir tutum benimsenmesi halinde m\u00fcmk\u00fcn olabilece\u011finin&#8221; belirtildi\u011fi a\u00e7\u0131klamada, T\u00fcrkiye&#8217;nin kazan\u0131lm\u0131\u015f haklar\u0131na sahip \u00e7\u0131kmaya ve AB&#8217;ye kat\u0131l\u0131m hedefi do\u011frultusunda kararl\u0131l\u0131kla ilerlemeye devam edece\u011finden kimsenin \u015f\u00fcphe duymamas\u0131 gerekti\u011fi kaydedildi.<\/p>\n<p style=\"text-align: justify;\"><strong>Ba\u011f\u0131\u015f: &#8220;B\u00fcy\u00fck \u00e7eli\u015fki&#8230;&#8221; <\/strong><\/p>\n<p style=\"text-align: justify;\">Devlet Bakan\u0131 ve Ba\u015fm\u00fczakereci Egemen Ba\u011f\u0131\u015f da raporu ele\u015ftirdi. Ba\u011f\u0131\u015f, raporda, &#8220;hem Ergenekon davas\u0131n\u0131n ve darbe planlar\u0131n\u0131n ilerletilemedi\u011fi konusunda T\u00fcrkiye&#8217;yi ele\u015ftirmesinin, hem de bu kapsamda g\u00f6zalt\u0131na al\u0131nan isimlerin bas\u0131n \u00f6zg\u00fcrl\u00fc\u011f\u00fcne zarar verdi\u011fini s\u00f6ylemesinin ciddi bir \u00e7eli\u015fki oldu\u011funu&#8221; s\u00f6yledi.<\/p>\n<p style=\"text-align: justify;\">Ba\u011f\u0131\u015f, &#8220;Raporun kat\u0131ld\u0131\u011f\u0131m\u0131z ve kat\u0131lmad\u0131\u011f\u0131m\u0131z y\u00f6nleri elbette var. Ama Avrupa Parlamentosu&#8217;nun daha \u00f6nce bu kadar dengeli bir rapor haz\u0131rlad\u0131\u011f\u0131n\u0131 hat\u0131rlam\u0131yorum. \u00d6zellikle K\u0131br\u0131s sorunu ve bas\u0131n \u00f6zg\u00fcrl\u00fc\u011f\u00fc konular\u0131nda birtak\u0131m \u00f6nkabuller ve \u00f6nyarg\u0131lar halen devam ediyor. Bunlar\u0131 kabul etmemiz m\u00fcmk\u00fcn de\u011fil&#8221; dedi.<\/p>\n<p style=\"text-align: justify;\"><a href=\"http:\/\/www.cnnturk.com\/2011\/dunya\/03\/09\/apnin.turkiye.raporu.kabul.edildi\/609422.0\/index.html\" target=\"_blank\"><span style=\"color: #888888;\">CNN T\u00dcRK<\/span><\/a><\/p>\n","protected":false},"excerpt":{"rendered":"<p style=\"text-align: center;\">\n<p style=\"text-align: justify;\">Avrupa Parlamentosu T\u00fcrkiye&#8217;ye ili\u015fkin bug\u00fcne kadarki en sert raporunu kabul etti. Br\u00fcksel, raporda &#8220;T\u00fcrkiye&#8217;de bas\u0131n \u00f6zg\u00fcrl\u00fc\u011f\u00fcn\u00fcn gidi\u015fat\u0131ndan endi\u015feliyiz&#8221; mesaj\u0131 verdi. Gazeteci Nedim \u015eener ve Ahmet \u015e\u0131k&#8217;\u0131n tutuklanmalar\u0131 da son anda rapora eklendi. D\u0131\u015fi\u015fleri Bakanl\u0131\u011f\u0131 ise raporun, &#8220;tek tarafl\u0131, ger\u00e7eklerle ba\u011fda\u015fmayan ve kabul\u00fc m\u00fcmk\u00fcn olmayan unsurlar&#8221; i\u00e7erdi\u011fini savundu.<\/p>\n","protected":false},"author":1,"featured_media":0,"comment_status":"open","ping_status":"closed","sticky":false,"template":"","format":"standard","meta":{"footnotes":""},"categories":[105],"tags":[],"class_list":["post-29222","post","type-post","status-publish","format-standard","hentry","category-gundem","odd"],"_links":{"self":[{"href":"http:\/\/www.korhanyilmaz.com\/index.php?rest_route=\/wp\/v2\/posts\/29222","targetHints":{"allow":["GET"]}}],"collection":[{"href":"http:\/\/www.korhanyilmaz.com\/index.php?rest_route=\/wp\/v2\/posts"}],"about":[{"href":"http:\/\/www.korhanyilmaz.com\/index.php?rest_route=\/wp\/v2\/types\/post"}],"author":[{"embeddable":true,"href":"http:\/\/www.korhanyilmaz.com\/index.php?rest_route=\/wp\/v2\/users\/1"}],"replies":[{"embeddable":true,"href":"http:\/\/www.korhanyilmaz.com\/index.php?rest_route=%2Fwp%2Fv2%2Fcomments&post=29222"}],"version-history":[{"count":0,"href":"http:\/\/www.korhanyilmaz.com\/index.php?rest_route=\/wp\/v2\/posts\/29222\/revisions"}],"wp:attachment":[{"href":"http:\/\/www.korhanyilmaz.com\/index.php?rest_route=%2Fwp%2Fv2%2Fmedia&parent=29222"}],"wp:term":[{"taxonomy":"category","embeddable":true,"href":"http:\/\/www.korhanyilmaz.com\/index.php?rest_route=%2Fwp%2Fv2%2Fcategories&post=29222"},{"taxonomy":"post_tag","embeddable":true,"href":"http:\/\/www.korhanyilmaz.com\/index.php?rest_route=%2Fwp%2Fv2%2Ftags&post=29222"}],"curies":[{"name":"wp","href":"https:\/\/api.w.org\/{rel}","templated":true}]}}