{"id":29213,"date":"2011-03-08T19:25:38","date_gmt":"2011-03-08T17:25:38","guid":{"rendered":"http:\/\/www.korhanyilmaz.com\/?p=29213"},"modified":"2011-03-08T19:25:38","modified_gmt":"2011-03-08T17:25:38","slug":"ak-partili-yoneticinin-adini-aciklasin","status":"publish","type":"post","link":"http:\/\/www.korhanyilmaz.com\/?p=29213","title":{"rendered":"Ak Parti&#8217;li y\u00f6neticinin ad\u0131n\u0131 a\u00e7\u0131klas\u0131n"},"content":{"rendered":"<p style=\"text-align: center;\"><a href=\"http:\/\/www.korhanyilmaz.com\/wp-content\/uploads\/2011\/03\/153.jpg\"  class=\"lightview\"><img loading=\"lazy\" decoding=\"async\" class=\"aligncenter size-full wp-image-29214\" src=\"http:\/\/www.korhanyilmaz.com\/wp-content\/uploads\/2011\/03\/153.jpg\" alt=\"\" width=\"448\" height=\"231\" \/><\/a><\/p>\n<p style=\"text-align: justify;\">CHP Genel Ba\u015fkan\u0131 Kemal K\u0131l\u0131\u00e7daro\u011flu, \u0130klim Bayraktar&#8217;\u0131n Deniz Baykal&#8217;a y\u00f6nelik iddialar\u0131 ve kendisiyle g\u00f6r\u00fc\u015f\u00fcp g\u00f6r\u00fc\u015fmedi\u011fine ili\u015fkin sorulara cevap verdi&#8230;<\/p>\n<p style=\"text-align: justify;\">CHP Genel Ba\u015fkan\u0131 Kemal K\u0131l\u0131\u00e7daro\u011flu, Oda Tv muhabiri \u0130klim Bayraktar&#8217;\u0131n bas\u0131na yans\u0131yan eski CHP Genel Ba\u015fkan\u0131 Deniz Baykal&#8217;a y\u00f6nelik iddialar\u0131 ve kendisiyle g\u00f6r\u00fc\u015f\u00fcp g\u00f6r\u00fc\u015fmedi\u011fine ili\u015fkin soruya &#8216;Bahsedilen tarihte \u0130klim Bayraktar ziyaretime geldi ve kendisiyle g\u00f6r\u00fc\u015ft\u00fck. Ama g\u00f6r\u00fc\u015fmenin i\u00e7eri\u011fi iddia edildi\u011fi \u015fekilde olmad\u0131&#8217; yan\u0131t\u0131n\u0131 verdi.<!--more--><\/p>\n<p style=\"text-align: justify;\">K\u0131l\u0131\u00e7daro\u011flu &#8216;ODATV muhabiri \u0130klim Bayraktar bir AKP&#8217;li y\u00f6neticiyle ilgili iddialarda bulundu&#8230; AKP&#8217;li y\u00f6neticinin \u00f6zel ili\u015fkisinden bahsetti&#8217; dedi.<\/p>\n<p style=\"text-align: justify;\"><strong>G\u00d6R\u00dc\u015eMEN\u0130N DETAYLARINI ANLATTI<\/strong><\/p>\n<p style=\"text-align: justify;\">Kemal K\u0131l\u0131\u00e7daro\u011flu Habert\u00fcrk TV&#8217;de kat\u0131ld\u0131\u011f\u0131 programda da bu g\u00f6r\u00fc\u015fmenin ayr\u0131nt\u0131lar\u0131n\u0131 \u015fu \u015fekilde anlatt\u0131; &#8220;\u0130klim han\u0131m Oda TV Muhabiri olarak geldi. Kendisi uzun s\u00fcre beklemi\u015f g\u00f6r\u00fc\u015fme i\u00e7in.Geldi, g\u00f6r\u00fc\u015ft\u00fcm. Baz\u0131 d\u00fc\u015f\u00fcncelerini aktard\u0131. Bunlar\u0131n bir k\u0131sm\u0131 medyaya yans\u0131d\u0131. Ama ben \u0130klim Han\u0131m&#8217;dan bir \u015fey istiyorum. Bana anlatt\u0131\u011f\u0131 bir b\u00f6l\u00fcm var, onu da anlatmas\u0131n\u0131 istiyorum. Ama bunu \u0130klim Han\u0131m&#8217;\u0131n a\u00e7\u0131klamas\u0131n\u0131 isterim. Neden bunu anlatmas\u0131n\u0131 isterim? \u015eimdi olaylar\u0131 AKP medyas\u0131 sanki CHP i\u00e7inde birileri komplo \u00e7evirmek istiyormu\u015f gibi bir haber veriyor. \u0130klim Han\u0131m bunu a\u00e7\u0131klarsa AKP medyas\u0131 bunu nas\u0131l a\u00e7\u0131klayacak. Say\u0131n Bayraktar benimle olan konu\u015fmas\u0131n\u0131 teybe ald\u0131\u011f\u0131n\u0131 s\u00f6yl\u00fcyor. Ben o teybin a\u00e7\u0131klanmas\u0131n\u0131 isterim. San\u0131r\u0131m as\u0131l \u015fok \u00f6b\u00fcr tarafta ya\u015fan\u0131r.<\/p>\n<p style=\"text-align: justify;\">Konu\u015fman\u0131n i\u00e7eri\u011fi ana ba\u015fl\u0131klar itibar\u0131yla gazetelerde yer ald\u0131. O konu\u015fmalar bana aktar\u0131ld\u0131. Ama bilin\u00e7li olarak belli bir b\u00f6l\u00fcm hi\u00e7 yer alm\u0131yor. Onun a\u00e7\u0131klanmas\u0131n\u0131 isterim.<\/p>\n<p style=\"text-align: justify;\">A\u00e7\u0131klamazsa ben a\u00e7\u0131klamayaca\u011f\u0131m. \u00c7\u00fcnk\u00fc benim elimde teyp band\u0131 yok. \u0130klim Han\u0131m teybe ald\u0131, onun a\u00e7\u0131klamas\u0131n\u0131 isterim. \u0130ddia sahibi ben de\u011filim, bilgiyi veren kar\u015f\u0131 taraf.<\/p>\n<p style=\"text-align: justify;\">\u0130klim Han\u0131m, konu\u015fmalar\u0131 teybe ald\u0131\u011f\u0131n\u0131 s\u00f6ylemedi. Ben bunu daha sonra gazetelerden okudum.<\/p>\n<p style=\"text-align: justify;\">Burada birinci nokta \u015fu. Bu \u00fclkede hukuk yok. Say\u0131n Bayraktar ile Soner Yal\u00e7\u0131n aras\u0131ndaki konu\u015fma, Baykal&#8217;\u0131 su\u00e7lamay\u0131 i\u00e7eren konu\u015fma, dinlenen bir konu\u015fma. Bu konu\u015fma hangi gerek\u00e7eyle, kimler taraf\u0131ndan medyaya servis edildi? Bu \u00fclkede Ba\u015fbakan varsa, \u00f6zel hayata sayg\u0131l\u0131 ise&#8230; Servis eden savc\u0131 ise, o savc\u0131 orada nas\u0131l oturuyor? Say\u0131n Baykal ile ilgili daha \u00f6nce de komplo yap\u0131ld\u0131. Say\u0131n Ba\u015fbakan M\u0130T&#8217;e haber verdim dedi. Bizim elimizin alt\u0131nda \u0130stihbarat yok. Bu olay\u0131 ayd\u0131nl\u0131\u011fa \u00e7\u0131karacak olan h\u00fck\u00fcmet de\u011fil mi? Bu komplonun yap\u0131c\u0131lar\u0131 kim?<\/p>\n<p style=\"text-align: justify;\">Fatih Altayl\u0131 bug\u00fcnk\u00fc yaz\u0131s\u0131nda diyor ki, &#8216;Getirip bunu Ergenekon&#8217;a ba\u011fl\u0131yorusunuz.&#8217; Daha \u00f6nce bu olay\u0131 yay\u0131nlayan kim? AKP&#8217;ye yak\u0131n internet sitesi. Onlara neden bir \u015fey sorulmuyor.&#8221;<\/p>\n<p style=\"text-align: justify;\"><a href=\"http:\/\/www.gazeteport.com.tr\/SIYASET\/NEWS\/GP_865887\" target=\"_blank\"><span style=\"color: #888888;\">Kaynak : GAZETEPORT<\/span><\/a><\/p>\n","protected":false},"excerpt":{"rendered":"<p style=\"text-align: center;\">\n<p style=\"text-align: justify;\">CHP Genel Ba\u015fkan\u0131 Kemal K\u0131l\u0131\u00e7daro\u011flu, \u0130klim Bayraktar&#8217;\u0131n Deniz Baykal&#8217;a y\u00f6nelik iddialar\u0131 ve kendisiyle g\u00f6r\u00fc\u015f\u00fcp g\u00f6r\u00fc\u015fmedi\u011fine ili\u015fkin sorulara cevap verdi&#8230;<\/p>\n<p style=\"text-align: justify;\">CHP Genel Ba\u015fkan\u0131 Kemal K\u0131l\u0131\u00e7daro\u011flu, Oda Tv muhabiri \u0130klim Bayraktar&#8217;\u0131n bas\u0131na yans\u0131yan eski CHP Genel Ba\u015fkan\u0131 Deniz Baykal&#8217;a y\u00f6nelik iddialar\u0131 ve kendisiyle g\u00f6r\u00fc\u015f\u00fcp g\u00f6r\u00fc\u015fmedi\u011fine ili\u015fkin soruya &#8216;Bahsedilen tarihte \u0130klim <\/p>\n","protected":false},"author":1,"featured_media":0,"comment_status":"open","ping_status":"closed","sticky":false,"template":"","format":"standard","meta":{"footnotes":""},"categories":[105],"tags":[],"class_list":["post-29213","post","type-post","status-publish","format-standard","hentry","category-gundem","odd"],"_links":{"self":[{"href":"http:\/\/www.korhanyilmaz.com\/index.php?rest_route=\/wp\/v2\/posts\/29213","targetHints":{"allow":["GET"]}}],"collection":[{"href":"http:\/\/www.korhanyilmaz.com\/index.php?rest_route=\/wp\/v2\/posts"}],"about":[{"href":"http:\/\/www.korhanyilmaz.com\/index.php?rest_route=\/wp\/v2\/types\/post"}],"author":[{"embeddable":true,"href":"http:\/\/www.korhanyilmaz.com\/index.php?rest_route=\/wp\/v2\/users\/1"}],"replies":[{"embeddable":true,"href":"http:\/\/www.korhanyilmaz.com\/index.php?rest_route=%2Fwp%2Fv2%2Fcomments&post=29213"}],"version-history":[{"count":0,"href":"http:\/\/www.korhanyilmaz.com\/index.php?rest_route=\/wp\/v2\/posts\/29213\/revisions"}],"wp:attachment":[{"href":"http:\/\/www.korhanyilmaz.com\/index.php?rest_route=%2Fwp%2Fv2%2Fmedia&parent=29213"}],"wp:term":[{"taxonomy":"category","embeddable":true,"href":"http:\/\/www.korhanyilmaz.com\/index.php?rest_route=%2Fwp%2Fv2%2Fcategories&post=29213"},{"taxonomy":"post_tag","embeddable":true,"href":"http:\/\/www.korhanyilmaz.com\/index.php?rest_route=%2Fwp%2Fv2%2Ftags&post=29213"}],"curies":[{"name":"wp","href":"https:\/\/api.w.org\/{rel}","templated":true}]}}