{"id":29210,"date":"2011-03-08T22:22:21","date_gmt":"2011-03-08T20:22:21","guid":{"rendered":"http:\/\/www.korhanyilmaz.com\/?p=29210"},"modified":"2011-03-08T22:22:21","modified_gmt":"2011-03-08T20:22:21","slug":"meclis-odasinda-tacize-ugradim","status":"publish","type":"post","link":"http:\/\/www.korhanyilmaz.com\/?p=29210","title":{"rendered":"&#8220;Meclis odas\u0131nda tacize u\u011frad\u0131m&#8221;"},"content":{"rendered":"<p style=\"text-align: justify;\"><a href=\"http:\/\/www.korhanyilmaz.com\/wp-content\/uploads\/2011\/03\/152.jpg\"  class=\"lightview\"><img loading=\"lazy\" decoding=\"async\" class=\"aligncenter size-full wp-image-29211\" src=\"http:\/\/www.korhanyilmaz.com\/wp-content\/uploads\/2011\/03\/152.jpg\" alt=\"\" width=\"300\" height=\"200\" \/><\/a><\/p>\n<p style=\"text-align: justify;\">Son g\u00fcnlerde ad\u0131 ad\u0131ndan s\u0131k\u00e7a s\u00f6z ettiren odatv yazar\u0131 \u0130klim Bayraktar Habert\u00fcrk TV&#8217;de konu\u015ftu.<\/p>\n<p style=\"text-align: justify;\">Bayraktar, kendisine tacizde bulunmakla su\u00e7lad\u0131\u011f\u0131 Deniz Baykal&#8217;\u0131n odas\u0131nda ge\u00e7irdi\u011fi 15 dakikay\u0131, 4 saatte anlatt\u0131. Bayraktar, daha \u00f6nce fikizi tacizle su\u00e7lad\u0131\u011f\u0131 Baykal&#8217;\u0131n kendisine iltifat\u0131n ilerisinde ifadeler sarfetti\u011fini s\u00f6yledi. <!--more--><\/p>\n<p style=\"text-align: justify;\">CHP lideri K\u0131l\u0131\u00e7daro\u011flu, Bayraktar&#8217;\u0131n Baykal&#8217;la ilgili kendisiyle g\u00f6r\u00fc\u015fmeye geldi\u011finde, bir AKP&#8217;liden de s\u00f6z etti\u011fini belirterek, &#8220;Bayraktar o ismi de a\u00e7\u0131klas\u0131n&#8221; dedi.<\/p>\n<p style=\"text-align: justify;\">Taciz iddias\u0131yla y\u00fczy\u00fcze kalan Baykal&#8217;\u0131n ise ailesini uyard\u0131\u011f\u0131 ve &#8220;Bana y\u00f6nelik komplo kuruluyor, dikkatli olun&#8221; dedi\u011fi \u00f6\u011frenildi.<\/p>\n<p style=\"text-align: justify;\">\u0130STANBUL &#8211; \u00d6nce CHP&#8217;li Muharrem \u0130nce taraf\u0131ndan taciz edildi\u011fini iddia eden Odatv muhabiri \u0130klim Bayraktar daha sonra da Deniz Baykal taraf\u0131ndan da tacize u\u011frad\u0131\u011f\u0131n\u0131 iddia etmi\u015fti.<\/p>\n<p style=\"text-align: justify;\">Fatih Altayl\u0131&#8217;n\u0131n sundu\u011fu Teke Tek program\u0131na konuk olan \u0130klim Bayraktar, gazetecili\u011fi s\u0131ras\u0131nda da tacize u\u011frad\u0131\u011f\u0131n\u0131 iddia etti. Sansasyon yaratma derdinde olmad\u0131\u011f\u0131n\u0131 belirten Bayraktar, &#8216;E\u011fer g\u00fcndem yaratmak zorunda kalsayd\u0131m Cem Uzan&#8217;lar\u0131n en yak\u0131n\u0131nda olup TMSF s\u00fcrecini \u00e7ok yak\u0131ndan bilen biri olarak bir s\u00fcr\u00fc g\u00fcndem bulurdum&#8217;  dedi.<\/p>\n<p style=\"text-align: justify;\">\u0130\u015fte Bayraktar&#8217;\u0131n a\u00e7\u0131klamalar\u0131n\u0131n sat\u0131r ba\u015flar\u0131<\/p>\n<p style=\"text-align: justify;\">Muharrem \u0130nce beni taciz etmedi. B\u00f6yle bir \u015feyler yok. Bu hi\u00e7 g\u00fcndeme gelmedi. \u015eifahen baz\u0131 konularda bana bilgi verdi haber konusunda. Benim hem\u015fehrim olur kendisi. Ne zaman ki Odatv&#8217;de yazmaya ba\u015flad\u0131m sonra kendisiyle konu\u015ftum. CHP kurultay\u0131n\u0131 takip ederken Muammer \u0130nce&#8217;yi Odatv arac\u0131l\u0131\u011f\u0131yla tan\u0131d\u0131m. Kendisinin haber i\u00e7erikli videosu vard\u0131. \u00d6zel olarak sadece bir kere kendisini ziyaret ettim, r\u00f6portaj yapt\u0131m ve yay\u0131nland\u0131.<\/p>\n<p style=\"text-align: justify;\"><strong>EVET, G\u00d6R\u00dc\u015eMELER\u0130M OLDU<\/strong><\/p>\n<p style=\"text-align: justify;\">Muharrem \u0130nce&#8217;nin i\u00e7ip i\u00e7ip kap\u0131ma dayand\u0131\u011f\u0131 iddias\u0131n\u0131 Ak\u015fam Gazetesi&#8217;nde okudum herkes gibi. Evet bir tak\u0131m haberlerle ilgili g\u00f6r\u00fc\u015fmelerim oldu.<\/p>\n<p style=\"text-align: justify;\">Daha \u00f6nce de bana kendisince \u00fc\u00e7 tane \u00f6nemli olan haberi verdi. Bana verilen her haberi yay\u0131nlasayd\u0131m bug\u00fcn bana sorular sormazd\u0131n\u0131z. Muharrem Bey, beni bir gece arad\u0131. sizinle g\u00f6r\u00fc\u015fmem gerek dedi. Eve gelin dedim. Olmaz dedi. Alkoll\u00fcyd\u00fc, kendi \u015fahsi arac\u0131yla geldi. Kap\u0131m\u0131n \u00f6n\u00fcne kadar geldi. Sitemde de kameralar var. Gitsinler g\u00fcvenli\u011fe s\u00f6ylesinler. Arac\u0131nda yakla\u015f\u0131k yar\u0131m saat konu\u015ftuk. Alkoll\u00fcyd\u00fc. MYK toplant\u0131s\u0131nda K\u0131l\u0131\u00e7daro\u011flu&#8217;nun s\u00f6zlerinin kendisini \u00fczd\u00fc\u011f\u00fcn\u00fc ve K\u0131l\u0131\u00e7daro\u011flu&#8217;nun s\u00f6zlerini haber yap dedi. Ben b\u00f6yle haber yapmam dedim. Bu haberi yapmad\u0131m \u00e7\u00fcnk\u00fc \u015fifahen bilgi vard\u0131.<\/p>\n<p style=\"text-align: justify;\"><strong>HABER\u0130 YAPMAK \u0130STEMED\u0130M<\/strong><\/p>\n<p style=\"text-align: justify;\">CHP&#8217;yi yaralayan bir haberi CHP&#8217;li vekilin a\u011fz\u0131ndan yapmak istemedim. Ben bunlar\u0131 Soner Bey&#8217;e anlatt\u0131m. Muharrem Bey&#8217;in ben sadece AKP&#8217;li birisi i\u00e7in bilgi verdim K\u0131l\u0131\u00e7daro\u011flu ile ilgili bilgi vermedim diye s\u00f6yledi. Ama do\u011fru s\u00f6ylemiyor. K\u0131l\u0131\u00e7daro\u011flu&#8217;nun ana dil ve anadilde e\u011fitimle ilgili CHP&#8217;nin yeni tavr\u0131yla ilgili g\u00f6r\u00fc\u015f de\u011fi\u015fkli\u011fi oldu\u011funu belirtmi\u015flerdi.<\/p>\n<p style=\"text-align: justify;\">Ben Muharrem \u0130nce&#8217;nin iddialar\u0131n\u0131 CHP liderine de sordum. O da tamamen do\u011fru dedi. Ama ben CHP&#8217;ye olan sempatimden \u00f6t\u00fcr\u00fc yazmad\u0131m yazamad\u0131m.<\/p>\n<p style=\"text-align: justify;\"><strong>MUAMMER \u0130NCE&#8217;N\u0130N AVUKATI CANLI YAYINA BA\u011eLANDI<\/strong><\/p>\n<p style=\"text-align: justify;\">Muharrem \u0130nce&#8217;nin Avukat\u0131 : Han\u0131m efendinin a\u00e7\u0131klamalar\u0131 \u00f6nemli bir g\u00f6revi yerine getiriyor. Baz\u0131 a\u00e7\u0131klamalar konusunda kendisinde tutars\u0131zl\u0131klar var. Cumhuriyet Halk Partisi&#8217;nin MYK toplant\u0131lar\u0131 Sal\u0131 g\u00fcn\u00fc yap\u0131lmaz. Bir di\u011fer nokta da Muharrem \u0130nce&#8217;nin evinin asans\u00f6r\u00fc yok. Asans\u00f6re \u00e7\u0131kart\u0131p evine g\u00f6t\u00fcrmesi s\u00f6z konusu de\u011fil.<\/p>\n<p style=\"text-align: justify;\">\u0130klim Bayraktar: \u0130la\u00e7lar ve i\u011fnelerle buraday\u0131m. Ama tarihlere bakar\u0131m. Apartmana giri\u015fti asans\u00f6r vard\u0131 bindi asansore. Ben kendimi niye savunay\u0131m. O beni savundu zaten. \u00c7\u0131kt\u0131 dedi ki iklim han\u0131ma dava a\u00e7m\u0131yorum. Muharrem Bey&#8217;in hayranlar\u0131 maillerle beni tehdit ediyorlar. Siz g\u00fcvenmedi\u011finiz bir insana bilgi aktar\u0131r m\u0131s\u0131n\u0131z?<\/p>\n<p style=\"text-align: justify;\"><strong>MECL\u0130S ODASINDA TAC\u0130ZE U\u011eRADIM<\/strong><\/p>\n<p style=\"text-align: justify;\">Deniz Baykal&#8217;\u0131n taciz etti\u011fi iddialar\u0131n\u0131 bu konular\u0131 burada konu\u015fmak beni yaral\u0131yor. Meclis&#8217;te odas\u0131nda b\u00f6yle bir \u015fey ya\u015fad\u0131m. yutkundum eve geldim. E\u015fime anlatt\u0131m. Yapacak bir \u015fey yok. Sesimizi \u00e7\u0131karmayca\u011f\u0131z unutaca\u011f\u0131z. Bu konuyu da CHP&#8217;den yetkili bir isme bildirdim.<\/p>\n<p style=\"text-align: justify;\"><strong>BEN\u0130 S\u00d6ZLER\u0130YLE TAC\u0130Z ETT\u0130<\/strong><\/p>\n<p style=\"text-align: justify;\">Ben o anda &#8216;sizin kafan\u0131z m\u0131 g\u00fczel&#8217;  dedim. Tamam tamam, sakin ol \u00e7ok asabisin dedi. Beni s\u00f6zleriyle taciz etti. Ben odadan sinirlenip \u00e7\u0131kt\u0131ktan sonra tamam sakin ol dedi.<\/p>\n<p style=\"text-align: justify;\"><strong>G\u00dcRSEL TEK\u0130N&#8217;E ANLATTIM<\/strong><\/p>\n<p style=\"text-align: justify;\">Ben bunlar\u0131 y\u00fcz y\u00fcze G\u00fcrsel Tekin&#8217;e anlatt\u0131m. \u0130ki g\u00fcn arayla ho\u015f olmayan \u015feyler ya\u015fad\u0131m dedim. Ben G\u00fcrsel Abi ile dertle\u015fmekle k\u00f6t\u00fc bir \u015fey mi yapt\u0131m. 1.5 ay i\u00e7erisinde ben bir allah\u0131n kuluna bu konuyu s\u00f6ylemi\u015f miyim? Bunu G\u00fcrsel Bey&#8217;e anlatt\u0131ktan sonra tembihledim bu konunun d\u0131\u015farda konu\u015fulmamas\u0131. Sonra Soner yal\u00e7\u0131n beni arad\u0131 ve G\u00fcrsel Tekin  beni arad\u0131 falan dedi. Zaten Soner Yal\u00e7\u0131n&#8217;\u0131n telefonlar\u0131 dinleniyor. B\u00f6yle bir durumda niye beni ar\u0131yor anlam\u0131\u015f de\u011filim?<\/p>\n<p style=\"text-align: justify;\"><strong>BANA D\u00dc\u015eMANMI\u015eIM G\u0130B\u0130 DAVRANIYORLAR<\/strong><\/p>\n<p style=\"text-align: justify;\">Fatih Altayl\u0131: Size CHP&#8217;nin Fadime \u015eahin&#8217;i diyorlar&#8230;<\/p>\n<p style=\"text-align: justify;\">\u0130klim Bayraktar: \u0130nanam\u0131yorum. Madem g\u00fcvenilmez birisiydim niye benimle 40 dakika g\u00f6r\u00fc\u015ft\u00fcler. bug\u00fcn kalk\u0131p bana d\u00fc\u015fmanm\u0131\u015f\u0131m gibi davran\u0131yorlar. G\u00fc\u00e7leri bana m\u0131 yetiyor? \u0130lk ve son kez konu\u015fay\u0131m diye \u00e7\u0131kt\u0131m.<\/p>\n<p style=\"text-align: justify;\"><strong>KASETLERLE H\u0130\u00c7B\u0130R \u0130LG\u0130M YOK<\/strong><\/p>\n<p style=\"text-align: justify;\">Odatv&#8217;de \u00e7\u0131kan kasaetlerle benim hi\u00e7bir ilgim yok&#8230;<\/p>\n<p style=\"text-align: justify;\"><strong>DEN\u0130Z BAYKAL BANA EV NUMARASINI DA VERD\u0130<\/strong><\/p>\n<p style=\"text-align: justify;\">E\u011fer kayda alsayd\u0131m bug\u00fcn bunlar\u0131 anlatmak zorunda kalmayacakt\u0131m. Kendisi bana ev numaras\u0131 da verdi.<\/p>\n<p style=\"text-align: justify;\">Ben K\u0131l\u0131\u00e7daro\u011flu ile g\u00f6r\u00fc\u015ft\u00fc\u011f\u00fcmde kendisi bana sordu. G\u00fcrsel Bey bana bir \u015feyler anlatt\u0131. Haz\u0131r sen de buradas\u0131n do\u011fru mu dedi. Evet ben olanlar\u0131 anlatt\u0131m.<\/p>\n<p style=\"text-align: justify;\"><strong>KAYIT C\u0130HAZI \u0130STEMED\u0130M<\/strong><\/p>\n<p style=\"text-align: justify;\">K\u0131l\u0131\u00e7daro\u011flu&#8217;ndan kay\u0131t cihaz\u0131 ister miyim? Bunu beceremez miyim? Olay\u0131n \u00fczerinden 20 g\u00fcn ge\u00e7mi\u015f. Sadece sordu ben de evet dedim. Kay\u0131t cihaz\u0131 niye isteyeyim.<\/p>\n<p style=\"text-align: justify;\">CHP&#8217;yi y\u0131kmaya \u00e7al\u0131\u015f\u0131yor mu\u015fum gibi konu\u015fuluyor. Ben CHP&#8217;ye kendi \u015fahsi i\u015flerim i\u00e7in gitmedim. Zaten iddianamede var. Bana iletilen bilgiyi kendisine iletmek i\u00e7in gittim. Hem r\u00f6portaj hem de destek i\u00e7in gittim.<\/p>\n<p style=\"text-align: justify;\"><strong>DEN\u0130Z BAYKAL ZATEN REZ\u0130L OLMU\u015e&#8230;<\/strong><\/p>\n<p style=\"text-align: justify;\">Ben Deniz Bey&#8217;den daha kullan\u0131lacak bir adam bulamaz m\u0131y\u0131m? Zaten rezil olacak kadar olmu\u015f. Daha beter kaseti \u00e7\u0131km\u0131\u015f bunu s\u00f6ylemek istemezdim. E\u015fim akl\u0131 ba\u015f\u0131nda makul bir insan. Koca koca insanlar a\u00e7\u0131p bir ge\u00e7mi\u015f olsun demediler bana. Ondan sonra bug\u00fcn kalkm\u0131\u015flar ba\u015fka \u015feyelr s\u00f6yl\u00fcyorlar.<\/p>\n<p style=\"text-align: justify;\">G\u00fcrsel bey diyor ki ispat ederse siyaseti b\u0131rak\u0131r\u0131m. Siyaseti savc\u0131lar b\u0131rakt\u0131r\u0131r. Savc\u0131lar bunu ortaya koyarsa G\u00fcrsel Tekin istifa edecek mi?<\/p>\n<p style=\"text-align: justify;\">Deniz Baykal&#8217;\u0131n sekreterini ve korumas\u0131n\u0131 arad\u0131\u011f\u0131m ve bir tak\u0131m foto\u011fraflar verece\u011fim idialar\u0131 k\u00fclliyen yalan. Namusum ve \u015ferefim \u00fczerine yemin ediyorum. Korktu demesinler. Y\u00fcr\u00fcmekte olan bir dava var. Su\u00e7 mu i\u015fleyeyim.<\/p>\n<p style=\"text-align: justify;\">E\u011fer ben ajan olsam bomba iki haberi yay\u0131nlard\u0131m. Ben mesleki hayat\u0131ma zarar verecek \u015feyi haber yapmak istemedim.<\/p>\n<p style=\"text-align: justify;\"><strong>DURUMU YARSAV BA\u015eKANI&#8217;YLA DA G\u00d6R\u00dc\u015eT\u00dcM<\/strong><\/p>\n<p style=\"text-align: justify;\">Deniz Baykal&#8217;la ilgili durumu Yarsav Ba\u015fkan\u0131&#8217;yla da g\u00f6r\u00fc\u015ft\u00fcm. Benim \u00e7ok g\u00fcvendi\u011fim bir dostumdur. Herkes diyor ya CHP&#8217;yi y\u0131pratmak i\u00e7in \u00e7\u0131kt\u0131 diyorlar.<\/p>\n<p style=\"text-align: justify;\">Ben i\u00e7erden \u00e7\u0131k\u0131p bunlar\u0131 ya\u015fayaca\u011f\u0131ma i\u00e7eride kalsayd\u0131m daha iyiydi.<\/p>\n<p style=\"text-align: justify;\"><strong>N\u0130YE BU KADAR TAC\u0130Z ED\u0130L\u0130YORSUNUZ?<\/strong><\/p>\n<p style=\"text-align: justify;\">Erkeklere sorun. Kad\u0131nlar\u0131n etinden s\u00fct\u00fcnden yararlan\u0131yorlar. Bug\u00fcn bunlar\u0131n konu\u015fulmas\u0131 gerekti\u011fini d\u00fc\u015f\u00fcn\u00fcyorum. Ve ben iki g\u00fcnd\u00fcr tehdit al\u0131yorum.<\/p>\n","protected":false},"excerpt":{"rendered":"<p style=\"text-align: justify;\">\n<p style=\"text-align: justify;\">Son g\u00fcnlerde ad\u0131 ad\u0131ndan s\u0131k\u00e7a s\u00f6z ettiren odatv yazar\u0131 \u0130klim Bayraktar Habert\u00fcrk TV&#8217;de konu\u015ftu.<\/p>\n<p style=\"text-align: justify;\">Bayraktar, kendisine tacizde bulunmakla su\u00e7lad\u0131\u011f\u0131 Deniz Baykal&#8217;\u0131n odas\u0131nda ge\u00e7irdi\u011fi 15 dakikay\u0131, 4 saatte anlatt\u0131. Bayraktar, daha \u00f6nce fikizi tacizle su\u00e7lad\u0131\u011f\u0131 Baykal&#8217;\u0131n kendisine iltifat\u0131n ilerisinde ifadeler sarfetti\u011fini s\u00f6yledi. <\/p>\n","protected":false},"author":1,"featured_media":0,"comment_status":"open","ping_status":"closed","sticky":false,"template":"","format":"standard","meta":{"footnotes":""},"categories":[105],"tags":[],"class_list":["post-29210","post","type-post","status-publish","format-standard","hentry","category-gundem","odd"],"_links":{"self":[{"href":"http:\/\/www.korhanyilmaz.com\/index.php?rest_route=\/wp\/v2\/posts\/29210","targetHints":{"allow":["GET"]}}],"collection":[{"href":"http:\/\/www.korhanyilmaz.com\/index.php?rest_route=\/wp\/v2\/posts"}],"about":[{"href":"http:\/\/www.korhanyilmaz.com\/index.php?rest_route=\/wp\/v2\/types\/post"}],"author":[{"embeddable":true,"href":"http:\/\/www.korhanyilmaz.com\/index.php?rest_route=\/wp\/v2\/users\/1"}],"replies":[{"embeddable":true,"href":"http:\/\/www.korhanyilmaz.com\/index.php?rest_route=%2Fwp%2Fv2%2Fcomments&post=29210"}],"version-history":[{"count":0,"href":"http:\/\/www.korhanyilmaz.com\/index.php?rest_route=\/wp\/v2\/posts\/29210\/revisions"}],"wp:attachment":[{"href":"http:\/\/www.korhanyilmaz.com\/index.php?rest_route=%2Fwp%2Fv2%2Fmedia&parent=29210"}],"wp:term":[{"taxonomy":"category","embeddable":true,"href":"http:\/\/www.korhanyilmaz.com\/index.php?rest_route=%2Fwp%2Fv2%2Fcategories&post=29210"},{"taxonomy":"post_tag","embeddable":true,"href":"http:\/\/www.korhanyilmaz.com\/index.php?rest_route=%2Fwp%2Fv2%2Ftags&post=29210"}],"curies":[{"name":"wp","href":"https:\/\/api.w.org\/{rel}","templated":true}]}}