{"id":29206,"date":"2011-03-09T09:55:59","date_gmt":"2011-03-09T07:55:59","guid":{"rendered":"http:\/\/www.korhanyilmaz.com\/?p=29206"},"modified":"2011-03-09T09:55:59","modified_gmt":"2011-03-09T07:55:59","slug":"sira-liberal-gazetecilerde","status":"publish","type":"post","link":"http:\/\/www.korhanyilmaz.com\/?p=29206","title":{"rendered":"S\u0131ra liberal gazetecilerde!"},"content":{"rendered":"<p style=\"text-align: center;\"><a href=\"http:\/\/www.korhanyilmaz.com\/wp-content\/uploads\/2011\/03\/151.jpg\"  class=\"lightview\"><img loading=\"lazy\" decoding=\"async\" class=\"aligncenter size-full wp-image-29207\" src=\"http:\/\/www.korhanyilmaz.com\/wp-content\/uploads\/2011\/03\/151.jpg\" alt=\"\" width=\"420\" height=\"210\" \/><\/a><\/p>\n<p style=\"text-align: justify;\">Son dalgada gazeteciler Nedim \u015eener ile Ahmet \u015e\u0131k&#8217;\u0131n tutuklanmas\u0131, soru\u015fturmaya destek veren \u00e7evrelerin bile tepkisini \u00e7ekti. Savc\u0131 \u00d6z&#8217;\u00fcn a\u00e7\u0131klamas\u0131 ve Cumhurba\u015fkan\u0131 G\u00fcl&#8217;\u00fcn s\u00f6zlerine Ankara Barosu Ba\u015fkan\u0131 Metin Feyzio\u011flu&#8217;nun yorumu: &#8216;Ate\u015f d\u00fc\u015ft\u00fc\u011f\u00fc yeri yakar. Cumhurba\u015fkan\u0131&#8217;n\u0131n kayg\u0131lar\u0131 kimseyi rahatlatm\u0131yor&#8217; <!--more--><\/p>\n<p style=\"text-align: justify;\">Ergenekon soru\u015fturmas\u0131 kapsam\u0131nda gazeteciler Nedim \u015eener ile Ahmet \u015e\u0131k&#8217;\u0131n tutuklanmas\u0131, soru\u015fturmaya destek verenlerin bile tepkisine neden olurken \u015fimdiye kadar g\u00f6r\u00fclmedik boyutta bir meslek dayan\u0131\u015fmas\u0131n\u0131 da ortaya \u00e7\u0131kard\u0131. Savc\u0131 Zekeriya \u00d6z&#8217;\u00fcn, tepkilerin ard\u0131ndan yapt\u0131\u011f\u0131 a\u00e7\u0131klamay\u0131, Cumhurba\u015fkan\u0131 ve Ba\u015fbakan&#8217;\u0131n s\u00f6zlerini ve T\u00fcrkiye&#8217;nin ruh halini Ankara Barosu Ba\u015fkan\u0131 Prof. Metin Feyzio\u011flu yorumlad\u0131&#8230;<\/p>\n<p style=\"text-align: justify;\"><strong>SORU\u015eTURMA SULANMAYA BA\u015eLADI <\/strong><\/p>\n<p style=\"text-align: justify;\">&#8211; Neden &#8216;Art\u0131k Yeter!&#8217; dediniz?<\/p>\n<p style=\"text-align: justify;\">Bu bir hayk\u0131r\u0131\u015f asl\u0131nda. \u00c7ok f\u00fctursuz ve umursamaz bir gidi\u015f var. Bamba\u015fka bir soru\u015fturma olarak ba\u015flad\u0131. Darbeye te\u015febb\u00fcs etti\u011fi s\u00f6ylenenleri soru\u015fturacaklard\u0131. Sulanmaya ba\u015flad\u0131. Ka\u00e7anla kovalayan, ter\u00f6rist oldu\u011fu s\u00f6yleyen ile ter\u00f6rle m\u00fccadele etti\u011fi s\u00f6ylenen, bombalad\u0131\u011f\u0131 s\u00f6ylenenle bombaland\u0131\u011f\u0131 s\u00f6ylenen ayn\u0131 kefeye d\u00fc\u015fm\u00fc\u015f. Bu andan itibaren toplumda &#8216;acaba bu soru\u015fturma ger\u00e7ekten darbeye te\u015febb\u00fcs edenlerin soru\u015fturmas\u0131 m\u0131 yoksa toplumdaki muhalifleri susturmak i\u00e7in bir vesile mi k\u0131l\u0131nd\u0131&#8217; diye soru i\u015faretleri do\u011fmaya ba\u015flad\u0131.<\/p>\n<p style=\"text-align: justify;\">&#8211; Soru\u015fturmaya olan g\u00fcvenin zedelendi\u011fini s\u00f6yl\u00fcyorsunuz&#8230;<\/p>\n<p style=\"text-align: justify;\">Toplumda siyasi iktidar\u0131n etkisi alt\u0131nda \u015feklinde bir alg\u0131lama geli\u015fti. Siyasi iktidar\u0131 temsilen yap\u0131lan konu\u015fmalar\u0131 arka arkaya s\u0131ralad\u0131\u011f\u0131n\u0131zda sorumlunun kim veya kimler oldu\u011funu g\u00f6r\u00fcrs\u00fcn\u00fcz. \u0130ktidar\u0131n bu alg\u0131lamay\u0131 ortadan kald\u0131rma zorunlulu\u011fu vard\u0131r.<\/p>\n<p style=\"text-align: justify;\"><strong>\u00c7ORBAYA B\u0130R TUTAM TER\u00d6R TUZU<\/strong><\/p>\n<p style=\"text-align: justify;\">&#8211; Cumhurba\u015fkan\u0131 G\u00fcl de &#8216;kayg\u0131l\u0131y\u0131m&#8217; dedi&#8230;<\/p>\n<p style=\"text-align: justify;\">Bug\u00fcn kayg\u0131lanmas\u0131n\u0131 samimi kar\u015f\u0131l\u0131yorum ama kayg\u0131n\u0131n gereklerini yerine getirmedi\u011fini de \u00fcz\u00fcnt\u00fcyle g\u00f6r\u00fcyorum. Say\u0131n G\u00fcl referandumda yarg\u0131n\u0131n ba\u011f\u0131ms\u0131zl\u0131\u011f\u0131n\u0131 zedeleyecek h\u00fck\u00fcmlere ayn\u0131 kayg\u0131y\u0131 g\u00f6stermemi\u015ftir. Ate\u015f d\u00fc\u015ft\u00fc\u011f\u00fc yeri yak\u0131yor, \u015eu an evleri aranm\u0131\u015f, mahremiyetlerine girilmi\u015f, tutuklanm\u0131\u015f ki\u015fileri say\u0131n cumhurba\u015fkan\u0131n\u0131n bu kayg\u0131lar\u0131n\u0131n rahatlatt\u0131\u011f\u0131n\u0131 sanm\u0131yorum.<\/p>\n<p style=\"text-align: justify;\">&#8211; Ba\u015fbakan Erdo\u011fan s\u00fcrecin h\u0131zland\u0131r\u0131lmas\u0131 gerekti\u011fini s\u00f6yledi&#8230;<\/p>\n<p style=\"text-align: justify;\">Say\u0131n Ba\u015fbakan\u0131m\u0131z\u0131n \u00e7a\u011fr\u0131s\u0131n\u0131 ben de destekliyorum. Yarg\u0131ya m\u00fcdahale, bask\u0131 anlam\u0131na gelecek her t\u00fcrl\u00fc telkin ve tavsiyeden de b\u00fct\u00fcn siyasilerin ka\u00e7\u0131nmas\u0131n\u0131 diliyorum. Ancak usuls\u00fczl\u00fcklerin dile getirilmesi her hukuk\u00e7unun, ayd\u0131n\u0131n, \u00f6zg\u00fcr\u00fcm diyen her bas\u0131n mensubunun g\u00f6revidir.<\/p>\n<p style=\"text-align: justify;\">&#8211; Hukuken teknik takip (telefon dinlemeleri) ne kadar s\u00fcreyle yap\u0131labilir?<\/p>\n<p style=\"text-align: justify;\">Ter\u00f6r \u00f6rg\u00fct\u00fc su\u00e7lamas\u0131 s\u00f6z konusu oldu\u011funda say\u0131s\u0131z kere uzatmak m\u00fcmk\u00fcn. \u00c7orbaya bir tutam ter\u00f6r \u00f6rg\u00fct\u00fc at\u0131ld\u0131\u011f\u0131nda b\u00fct\u00fcn kap\u0131lar soru\u015fturmadan yana a\u00e7\u0131l\u0131yor ama ki\u015fi \u00f6zg\u00fcrl\u00fcklerinin y\u00fcz\u00fcne kapan\u0131yor.<\/p>\n<p style=\"text-align: justify;\">&#8211; Bas\u0131na yans\u0131yan dinleme kay\u0131tlar\u0131 ve belgeler hakk\u0131nda ne d\u00fc\u015f\u00fcn\u00fcyorsunuz?<\/p>\n<p style=\"text-align: justify;\">Dosyada gizlilik karar\u0131 var. Avukatlar\u0131n bunlar\u0131, savunma haklar\u0131 kapsam\u0131nda dosyadan g\u00f6remeyip gazeteden okumak zorunda b\u0131rak\u0131lmalar\u0131n\u0131 protesto ediyorum. Ki\u015filerin savunma hakk\u0131 yok edilirken toplum y\u00f6nlendirilmek isteniyor. \u00d6yle bir alg\u0131lama yarat\u0131ld\u0131 ki, d\u00fc\u015f\u00fcnen, ele\u015ftiren herkesin evine, mahremiyetine sabah\u0131n be\u015finde girilebilir. Evde ne var ne yok g\u00f6t\u00fcr\u00fclebilir. Hatta i\u00e7ine, &#8216;sehven&#8217; bilgiler yerle\u015ftirilebilir. Baz\u0131lar\u0131 ispatland\u0131 bu s\u00fcre\u00e7te. Bu g\u00fcvensizlik ve korku ortam\u0131nda soru\u015fturmalarla uzaktan yak\u0131ndan ilgili olmayan insanlar, lise g\u00fcnl\u00fcklerine kadar att\u0131lar. Bilgisayarda istedikleri gibi gezinmez oldular.<\/p>\n<p style=\"text-align: justify;\"><strong>BA\u015eKA GEREK\u00c7EYLE TUTUKLUYORLAR <\/strong><\/p>\n<p style=\"text-align: justify;\">&#8211; Ba\u015fbakan &#8216;Tek bir ki\u015fi bile gazetecilik nedeniyle cezaevinde de\u011fil&#8217; dedi&#8230;<\/p>\n<p style=\"text-align: justify;\">T\u00fcrk Ceza Kanunu&#8217;nda bug\u00fcne kadar hi\u00e7 olmad\u0131\u011f\u0131 say\u0131da bas\u0131n \u00f6zg\u00fcrl\u00fc\u011f\u00fcn\u00fc k\u0131s\u0131tlayan h\u00fck\u00fcm var. En ilkel Afrika \u00fclkelerinde bile &#8216;gazetecilik yapt\u0131&#8217; a\u00e7\u0131klamas\u0131yla tutuklanan kimse yok. Ba\u015fka su\u00e7lamalarda bulunuyorlar. &#8216;\u015eu belge neden sende?&#8217; diye soruluyor. Ara\u015ft\u0131rmac\u0131 gazetecinin eline belge olmamas\u0131 tuhaf olur.<\/p>\n<p style=\"text-align: justify;\"><strong>\u00d6ZKAN F\u00d6N MAK\u0130NES\u0130YLE ISINIYOR <\/strong><\/p>\n<p style=\"text-align: justify;\">&#8211; Adalet Bakan\u0131, Balbay ile \u00d6zkan&#8217;\u0131n tek ki\u015filik h\u00fccrelere al\u0131nmas\u0131yla ilgili &#8216;Onlara mahsus de\u011fil, yasa b\u00f6yle&#8217; dedi.<\/p>\n<p style=\"text-align: justify;\">\u015eimdi mi ak\u0131llar\u0131na gelmi\u015f? 28 \u015eubat tarihini \u00f6zellikle mi belirlemi\u015fler?<\/p>\n<p style=\"text-align: justify;\">&#8211; Bakan, &#8216;Cezaevinin ko\u015fullar\u0131 uygun de\u011fildi, art\u0131k uygun&#8217; diyor&#8230;<\/p>\n<p style=\"text-align: justify;\">Yeni yerlerin ya\u015fam ko\u015fullar\u0131n\u0131n \u00e7ok k\u00f6t\u00fc oldu\u011funa dair duyumlar\u0131m\u0131z var. Tuncay \u00d6zkan&#8217;\u0131n avukat\u0131 s\u00f6yledi, \u00d6zkan h\u00fccresinde be\u015f kat \u00fcst \u00fcste giyinip kendisini sa\u00e7 kurutma makinesiyle \u0131s\u0131tmaya \u00e7al\u0131\u015f\u0131yormu\u015f.<\/p>\n<p style=\"text-align: justify;\"><strong>Gazeteciler b\u00fcy\u00fck tehdit alt\u0131nda<\/strong><\/p>\n<p style=\"text-align: justify;\">Bu soru\u015fturmay\u0131 y\u00fcr\u00fcten savc\u0131l\u0131k kendinin topluma kar\u015f\u0131 bir taraf olmad\u0131\u011f\u0131n\u0131 bilerek davranmak zorundad\u0131r. \u015eu an gazeteciler yapt\u0131klar\u0131 haberler do\u011frultusunda, \u00f6zellikle ara\u015ft\u0131rmac\u0131 gazeteciler toplad\u0131klar\u0131 belgeler, bilgiler do\u011frultusunda kendilerini b\u00fcy\u00fck tehdit alt\u0131nda hissediyorlar. Herkesin, s\u00f6z konusu tehdit alg\u0131lamas\u0131n\u0131 ortadan kald\u0131rmak i\u00e7in dikkatli, sorumlu davranmas\u0131 gerekir. A\u00e7\u0131klama bas\u0131n h\u00fcrriyetinin g\u00fcvence alt\u0131nda oldu\u011fu konusunda topluma her hangi bir ferahlama getirmemi\u015ftir.<\/p>\n<p style=\"text-align: justify;\"><strong>TOPLUM \u00d6RG\u00dcTLENMEL\u0130 <\/strong><\/p>\n<p style=\"text-align: justify;\">&#8211; Bu s\u00fcre\u00e7 nas\u0131l sonu\u00e7lan\u0131r? \u00d6ng\u00f6r\u00fcn\u00fcz nedir?<\/p>\n<p style=\"text-align: justify;\">Bu toplum \u00f6rg\u00fctlenecek. Gazetecilerin ba\u015f\u0131na gelenin, gazetecileri de\u011fil asl\u0131nda kendini ilgilendirdi\u011fini, avukat\u0131n de\u011fil kendi savunma hakk\u0131n\u0131n elinden al\u0131nd\u0131\u011f\u0131n\u0131, protesto edenin d\u00f6v\u00fclmesinin kendisinin dayak yemesi anlam\u0131na geldi\u011fini anlad\u0131\u011f\u0131nda &#8216;Ama ekonomi \u00e7ok iyi gidiyor&#8217; c\u00fcmlesini bir mazeret olarak kullanmaktan vazge\u00e7ip iyi giden ekonomiden kendisinin de pay alabilmesi i\u00e7in demokrasinin, hukuk devletinin vazge\u00e7ilmez \u015fart oldu\u011funu kavrad\u0131\u011f\u0131nda bitecek.<\/p>\n<p style=\"text-align: justify;\"><strong>\u0130NSANLARIN EMPAT\u0130 YAPMASINI BEKL\u0130YORUM <\/strong><\/p>\n<p style=\"text-align: justify;\">&#8211; Yal\u00e7\u0131n K\u00fc\u00e7\u00fck&#8217;\u00fcn e\u015fi Avukat Temren K\u00fc\u00e7\u00fck&#8217;\u00fcn geliniyle yapt\u0131\u011f\u0131 telefon g\u00f6r\u00fc\u015fmesi de dinlemeye tak\u0131lm\u0131\u015f. K\u00fc\u00e7\u00fck, &#8216;Polisi benim b\u00fcroma sokma. Masadaki CD&#8217;yi al!&#8217; diyor&#8230;<\/p>\n<p style=\"text-align: justify;\">Avukat K\u00fc\u00e7\u00fck bir \u015f\u00fcpheli de\u011fil bildi\u011fimiz kadar\u0131yla. Arama karar\u0131nda ad\u0131 ge\u00e7miyor. Kendisi, &#8216;Siz benim baro ba\u015fkan\u0131ms\u0131n\u0131z ve eski e\u015fim Yal\u00e7\u0131n K\u00fc\u00e7\u00fck&#8217;e ait olmayan, oturdu\u011fum dairede haks\u0131z bir arama yap\u0131lmak isteniyor. Avukatl\u0131k kanununa g\u00f6re sizden yard\u0131m istiyorum&#8217; demi\u015ftir. Avukat Temren K\u00fc\u00e7\u00fck&#8217;\u00fcn telefonunun dinlenebilmesi i\u00e7in ba\u015fka bir prosed\u00fcr var. Ancak \u015f\u00fcpheli olmas\u0131 gerekir. Bahsedilen CD&#8217;de ne oldu\u011funu bilmiyorum. \u0130nsanlar\u0131n bunlar\u0131 okurken empati yapmas\u0131n\u0131 bekliyorum. \u00d6zel hayat\u0131n\u0131za ili\u015fkin bir mektubun, bir foto\u011fraf\u0131n, belki yazd\u0131\u011f\u0131n\u0131z bir \u015fiirin yabanc\u0131lar taraf\u0131ndan al\u0131n\u0131p torbalan\u0131p delil dosyalar\u0131na konulmas\u0131n\u0131 ister misiniz?<\/p>\n<p style=\"text-align: justify;\"><strong>SIRA L\u0130BERAL GAZETEC\u0130LERDE <\/strong><\/p>\n<p style=\"text-align: justify;\">&#8211; \u00c7ok umutsuz bir tablo \u00e7iziyorsunuz&#8230;<\/p>\n<p style=\"text-align: justify;\">Toplumda iyi \u015feyler de oluyor. Bu otoriterle\u015fme s\u00fcreciyle bunlar\u0131n mutlulu\u011funu ya\u015fayam\u0131yoruz. Erzurum&#8217;daki K\u0131\u015f Olimpiyatlar\u0131 mesela! Ayr\u0131ca Ankara Valili\u011fi&#8217;nin bir Sosyal Dayan\u0131\u015fma Vakf\u0131 var, mucizeler yarat\u0131yor. Yaln\u0131z ya\u015fayan ya\u015fl\u0131lara elini uzat\u0131yor, sokakta yatan evsiz b\u0131rakmad\u0131. Otoriterle\u015fen iktidarlar sorunun kayna\u011f\u0131n\u0131n kendi davran\u0131\u015flar\u0131nda oldu\u011funu d\u00fc\u015f\u00fcnmez. Daima h\u00fcr d\u00fc\u015f\u00fcnceyi ele\u015ftirir; hatta gere\u011fini yapar. S\u0131ra \u015fimdi liberal gazetecilere geldi&#8230;<\/p>\n<p style=\"text-align: justify;\">&#8211; Meslekta\u015flar\u0131n\u0131n g\u00f6zalt\u0131na al\u0131nmas\u0131na tepki g\u00f6steren gazeteciler su\u00e7 mu i\u015fliyor?<\/p>\n<p style=\"text-align: justify;\">D\u00fc\u015f\u00fcnceyi a\u00e7\u0131klama h\u00fcrriyeti hi\u00e7bir zaman su\u00e7 te\u015fkil etmez. Gazetecilerin, hukuk\u00e7ular\u0131n, usuls\u00fczl\u00fcklere, insan hakk\u0131, d\u00fc\u015f\u00fcnce hakk\u0131, savunma hakk\u0131 ihlallerine, bireylerin d\u00fc\u015f\u00fcnemez hale getirilip asl\u0131nda bir \u015fekilde esir edilmesine kar\u015f\u0131 s\u00f6z s\u00f6yleme haklar\u0131, hatta sorumluluklar\u0131 vard\u0131r. ( \u00d6ZLEM AKARSU \u00c7EL\u0130K \/ AK\u015eAM )<\/p>\n<p style=\"text-align: justify;\"><a href=\"http:\/\/haber.gazetevatan.com\/sira-liberal-gazetecilerde\/364090\/1\/Gundem\" target=\"_blank\"><span style=\"color: #888888;\">Kaynak : VATAN Gazetesi<\/span><\/a><\/p>\n","protected":false},"excerpt":{"rendered":"<p style=\"text-align: center;\">\n<p style=\"text-align: justify;\">Son dalgada gazeteciler Nedim \u015eener ile Ahmet \u015e\u0131k&#8217;\u0131n tutuklanmas\u0131, soru\u015fturmaya destek veren \u00e7evrelerin bile tepkisini \u00e7ekti. Savc\u0131 \u00d6z&#8217;\u00fcn a\u00e7\u0131klamas\u0131 ve Cumhurba\u015fkan\u0131 G\u00fcl&#8217;\u00fcn s\u00f6zlerine Ankara Barosu Ba\u015fkan\u0131 Metin Feyzio\u011flu&#8217;nun yorumu: &#8216;Ate\u015f d\u00fc\u015ft\u00fc\u011f\u00fc yeri yakar. Cumhurba\u015fkan\u0131&#8217;n\u0131n kayg\u0131lar\u0131 kimseyi rahatlatm\u0131yor&#8217; <\/p>\n","protected":false},"author":1,"featured_media":0,"comment_status":"open","ping_status":"closed","sticky":false,"template":"","format":"standard","meta":{"footnotes":""},"categories":[105],"tags":[],"class_list":["post-29206","post","type-post","status-publish","format-standard","hentry","category-gundem","odd"],"_links":{"self":[{"href":"http:\/\/www.korhanyilmaz.com\/index.php?rest_route=\/wp\/v2\/posts\/29206","targetHints":{"allow":["GET"]}}],"collection":[{"href":"http:\/\/www.korhanyilmaz.com\/index.php?rest_route=\/wp\/v2\/posts"}],"about":[{"href":"http:\/\/www.korhanyilmaz.com\/index.php?rest_route=\/wp\/v2\/types\/post"}],"author":[{"embeddable":true,"href":"http:\/\/www.korhanyilmaz.com\/index.php?rest_route=\/wp\/v2\/users\/1"}],"replies":[{"embeddable":true,"href":"http:\/\/www.korhanyilmaz.com\/index.php?rest_route=%2Fwp%2Fv2%2Fcomments&post=29206"}],"version-history":[{"count":0,"href":"http:\/\/www.korhanyilmaz.com\/index.php?rest_route=\/wp\/v2\/posts\/29206\/revisions"}],"wp:attachment":[{"href":"http:\/\/www.korhanyilmaz.com\/index.php?rest_route=%2Fwp%2Fv2%2Fmedia&parent=29206"}],"wp:term":[{"taxonomy":"category","embeddable":true,"href":"http:\/\/www.korhanyilmaz.com\/index.php?rest_route=%2Fwp%2Fv2%2Fcategories&post=29206"},{"taxonomy":"post_tag","embeddable":true,"href":"http:\/\/www.korhanyilmaz.com\/index.php?rest_route=%2Fwp%2Fv2%2Ftags&post=29206"}],"curies":[{"name":"wp","href":"https:\/\/api.w.org\/{rel}","templated":true}]}}