{"id":29202,"date":"2011-03-09T08:05:24","date_gmt":"2011-03-09T06:05:24","guid":{"rendered":"http:\/\/www.korhanyilmaz.com\/?p=29202"},"modified":"2011-03-09T08:05:24","modified_gmt":"2011-03-09T06:05:24","slug":"istifanin-perde-arkasi","status":"publish","type":"post","link":"http:\/\/www.korhanyilmaz.com\/?p=29202","title":{"rendered":"\u0130stifan\u0131n perde arkas\u0131"},"content":{"rendered":"<p style=\"text-align: center;\"><a href=\"http:\/\/www.korhanyilmaz.com\/wp-content\/uploads\/2011\/03\/150.jpg\"  class=\"lightview\"><img loading=\"lazy\" decoding=\"async\" class=\"aligncenter size-full wp-image-29203\" src=\"http:\/\/www.korhanyilmaz.com\/wp-content\/uploads\/2011\/03\/150.jpg\" alt=\"\" width=\"414\" height=\"220\" \/><\/a><\/p>\n<p style=\"text-align: justify;\">CHP \u0130stanbul \u0130l Ba\u015fkan\u0131 Nebil \u0130lseven\u2019in 53 g\u00fcn oturdu\u011fu koltu\u011fundan istifa etmesinde, \u2018\u201985 ki\u015filik \u0130stanbul milletvekili adaylar\u0131n\u0131n belirlenmesi tart\u0131\u015fmas\u0131\u2019\u2019 etkili oldu. \u0130lseven\u2019in Taksim\u2019deki gazeteci y\u00fcr\u00fcy\u00fc\u015f\u00fcne kat\u0131lmamas\u0131 da Genel Merkezin tepkisini \u00e7ekti.<!--more--><\/p>\n<p style=\"text-align: justify;\">ANKARA- CHP \u0130stanbul \u0130l Ba\u015fkan\u0131 Nebil \u0130lseven\u2019in 53 g\u00fcn oturdu\u011fu koltu\u011fundan istifa etmesinde, \u2018\u201985 ki\u015filik \u0130stanbul milletvekili adaylar\u0131n\u0131n belirlenmesi tart\u0131\u015fmas\u0131\u2019\u2019 etkili oldu. \u0130lseven\u2019in Taksim\u2019deki gazeteci y\u00fcr\u00fcy\u00fc\u015f\u00fcne kat\u0131lmamas\u0131 da Genel Merkezin tepkisini \u00e7ekti.<\/p>\n<p style=\"text-align: justify;\">\u0130lseven\u2019in istifas\u0131n\u0131n ard\u0131nda, CHP\u2019nin \u00d6rg\u00fctlerden Sorumlu Genel Ba\u015fkan Yard\u0131mc\u0131s\u0131 G\u00fcrsel Tekin ile ya\u015fad\u0131\u011f\u0131 \u00e7eki\u015fme yat\u0131yor. \u0130stanbul\u2019a b\u00fcy\u00fck \u00f6nem veren eski il ba\u015fkan\u0131 Tekin ile \u0130lseven son d\u00f6nemde s\u0131k s\u0131k kar\u015f\u0131 kar\u015f\u0131ya geldi. \u0130lk anla\u015fmazl\u0131k, il y\u00f6netim kurulu listesinin olu\u015fturulmas\u0131nda ya\u015fand\u0131. \u0130l Ba\u015fkan\u0131 olur olmaz haz\u0131rlad\u0131\u011f\u0131 il y\u00f6netim kurulu listesini genel merkeze g\u00f6nderen \u0130lseven, \u201cT\u0131rpanla\u201d kar\u015f\u0131la\u015ft\u0131. Baz\u0131 isimlerin \u00fczeri \u201cTabana uzak\u2019\u2019 gerek\u00e7esiyle \u00e7izildi. Bu isimler yerine, Tekin\u2019in y\u00f6nlendirmesiyle Ankara\u2019dan atamalar yap\u0131ld\u0131. \u0130lseven de, listesine sokamad\u0131\u011f\u0131 isimleri \u201cDan\u0131\u015fma Kurulu\u201d ad\u0131 alt\u0131nda g\u00f6revlendirdi.<\/p>\n<p style=\"text-align: justify;\"><strong>L\u0130STE VE GAZETEC\u0130 Y\u00dcR\u00dcY\u00dc\u015e\u00dc<\/strong><\/p>\n<p style=\"text-align: justify;\">\u0130lseven\u2019e bir darbe de gen\u00e7lerden geldi. \u015eubat ay\u0131 sonlar\u0131nda CHP Gen\u00e7lik Kollar\u0131 Genel Merkez Y\u00f6netim Kurulu (MYK) taraf\u0131ndan \u0130lseven\u2019e haber bile verilmeden \u0130stanbul Gen\u00e7lik Kolu Ba\u015fkan\u0131 Bar\u0131\u015f Antik g\u00f6revden al\u0131nd\u0131. \u00dcst \u00fcste gelen m\u00fcdahaleler ile zor g\u00fcnler ge\u00e7iren \u0130lseven, il\u00e7e ba\u015fkanlar\u0131yla da sorunlar ya\u015fad\u0131. Son darbe ise milletvekilli listesi konusunda vuruldu.<\/p>\n<p style=\"text-align: justify;\">\u0130ddialara g\u00f6re \u0130lseven ile Tekin aras\u0131ndaki yol ayr\u0131m\u0131, 12 Haziran se\u00e7iminde 85 milletvekili \u00e7\u0131karacak \u0130stanbul\u2019da listenin haz\u0131rlanmas\u0131 konusunda belirginle\u015fti. \u0130lseven, milletvekili adaylar\u0131n\u0131n bir b\u00f6l\u00fcm\u00fcn\u00fc kendisi ve il y\u00f6netiminin haz\u0131rlamak istedi\u011fini genel merkeze iletti. Ancak, G\u00fcrsel Tekin, adaylar i\u00e7in parti y\u00f6netiminin belirleyici olaca\u011f\u0131na dikkat \u00e7ekti ve bu konuyu kapatt\u0131. Bunun \u00fczerine \u0130lseven istifa karar\u0131n\u0131 Genel Ba\u015fkan Kemal K\u0131l\u0131\u00e7daro\u011flu\u2019na iletti.<\/p>\n<p style=\"text-align: justify;\">\u0130lseven y\u00f6netimini a\u00e7\u0131k bir dille ele\u015ftiren Tekin ise Taksim\u2019deki gazeteci y\u00fcr\u00fcy\u00fc\u015f\u00fcne dikkat \u00e7ekti ve \u201cTaksim\u2019in g\u00f6be\u011finde 3 bin gazeteci y\u00fcr\u00fcyorsa ve orada CHP yoksa, ben de onu yok sayar\u0131m\u201d dedi. \u0130lseven\u2019in yerine il ba\u015fkanl\u0131\u011f\u0131na atama \u00f6n\u00fcm\u00fczdeki g\u00fcnlerde toplanacak olan MYK\u2019da yap\u0131lacak.<\/p>\n<p style=\"text-align: justify;\"><a href=\"http:\/\/www.gazeteport.com.tr\/SIYASET\/NEWS\/GP_865836\" target=\"_blank\"><span style=\"color: #888888;\">Kaynak : Yusuf Sahici &#8211; GAZETEPORT<\/span><\/a><\/p>\n","protected":false},"excerpt":{"rendered":"<p style=\"text-align: center;\">\n<p style=\"text-align: justify;\">CHP \u0130stanbul \u0130l Ba\u015fkan\u0131 Nebil \u0130lseven\u2019in 53 g\u00fcn oturdu\u011fu koltu\u011fundan istifa etmesinde, \u2018\u201985 ki\u015filik \u0130stanbul milletvekili adaylar\u0131n\u0131n belirlenmesi tart\u0131\u015fmas\u0131\u2019\u2019 etkili oldu. \u0130lseven\u2019in Taksim\u2019deki gazeteci y\u00fcr\u00fcy\u00fc\u015f\u00fcne kat\u0131lmamas\u0131 da Genel Merkezin tepkisini \u00e7ekti.<\/p>\n","protected":false},"author":1,"featured_media":0,"comment_status":"open","ping_status":"closed","sticky":false,"template":"","format":"standard","meta":{"footnotes":""},"categories":[105],"tags":[],"class_list":["post-29202","post","type-post","status-publish","format-standard","hentry","category-gundem","odd"],"_links":{"self":[{"href":"http:\/\/www.korhanyilmaz.com\/index.php?rest_route=\/wp\/v2\/posts\/29202","targetHints":{"allow":["GET"]}}],"collection":[{"href":"http:\/\/www.korhanyilmaz.com\/index.php?rest_route=\/wp\/v2\/posts"}],"about":[{"href":"http:\/\/www.korhanyilmaz.com\/index.php?rest_route=\/wp\/v2\/types\/post"}],"author":[{"embeddable":true,"href":"http:\/\/www.korhanyilmaz.com\/index.php?rest_route=\/wp\/v2\/users\/1"}],"replies":[{"embeddable":true,"href":"http:\/\/www.korhanyilmaz.com\/index.php?rest_route=%2Fwp%2Fv2%2Fcomments&post=29202"}],"version-history":[{"count":0,"href":"http:\/\/www.korhanyilmaz.com\/index.php?rest_route=\/wp\/v2\/posts\/29202\/revisions"}],"wp:attachment":[{"href":"http:\/\/www.korhanyilmaz.com\/index.php?rest_route=%2Fwp%2Fv2%2Fmedia&parent=29202"}],"wp:term":[{"taxonomy":"category","embeddable":true,"href":"http:\/\/www.korhanyilmaz.com\/index.php?rest_route=%2Fwp%2Fv2%2Fcategories&post=29202"},{"taxonomy":"post_tag","embeddable":true,"href":"http:\/\/www.korhanyilmaz.com\/index.php?rest_route=%2Fwp%2Fv2%2Ftags&post=29202"}],"curies":[{"name":"wp","href":"https:\/\/api.w.org\/{rel}","templated":true}]}}