{"id":29198,"date":"2011-03-09T11:32:51","date_gmt":"2011-03-09T09:32:51","guid":{"rendered":"http:\/\/www.korhanyilmaz.com\/?p=29198"},"modified":"2011-03-09T11:32:51","modified_gmt":"2011-03-09T09:32:51","slug":"yskdan-ak-partinin-talebine-ret","status":"publish","type":"post","link":"http:\/\/www.korhanyilmaz.com\/?p=29198","title":{"rendered":"YSK&#8217;dan AK Parti&#8217;nin talebine ret"},"content":{"rendered":"<p style=\"text-align: justify;\"><a href=\"http:\/\/www.korhanyilmaz.com\/wp-content\/uploads\/2011\/03\/149.jpg\"  class=\"lightview\"><img loading=\"lazy\" decoding=\"async\" class=\"aligncenter size-full wp-image-29199\" src=\"http:\/\/www.korhanyilmaz.com\/wp-content\/uploads\/2011\/03\/149.jpg\" alt=\"\" width=\"414\" height=\"220\" \/><\/a><\/p>\n<p style=\"text-align: justify;\">Y\u00fcksek Se\u00e7im Kurulu&#8217;dan AK Parti&#8217;nin yapt\u0131\u011f\u0131 ba\u015fvuruya ret cevab\u0131 geldi.<\/p>\n<p style=\"text-align: justify;\">Almanya&#8217;da gurbet\u00e7ilere yapt\u0131\u011f\u0131 konu\u015fma sonras\u0131nda Alman bas\u0131n\u0131 taraf\u0131ndan &#8220;T\u00fcrkiye&#8217;nin Ba\u015fbakan\u0131 burada se\u00e7im kampanyas\u0131 yapt\u0131&#8221; \u015feklinde ele\u015ftirilen Ba\u015fbakan Erdo\u011fan&#8217;\u0131n gurbet\u00e7ilere y\u00f6nelik oy plan\u0131n\u0131n \u00f6n\u00fcne YSK duvar\u0131 \u00e7\u0131kt\u0131. <!--more--><\/p>\n<p style=\"text-align: justify;\">Y\u00fcksek Se\u00e7im Kurulu (YSK), yurt d\u0131\u015f\u0131ndaki vatanda\u015flar\u0131n bulunduklar\u0131 \u00fclkelerde kurulacak sand\u0131klarda oy kullanmas\u0131 konusundaki karar\u0131n\u0131n d\u00fczeltilmesi i\u00e7in AK Parti&#8217;nin yapt\u0131\u011f\u0131 ba\u015fvuruyu reddetti.<\/p>\n<p style=\"text-align: justify;\">YSK, yurt d\u0131\u015f\u0131ndaki se\u00e7menlerin bu y\u0131l i\u00e7inde yap\u0131lacak milletvekili se\u00e7imlerinde g\u00fcmr\u00fck kap\u0131lar\u0131nda oy kullanmalar\u0131na, bulunduklar\u0131 \u00fclkelerde kurulacak sand\u0131kta oy kullanma ve elektronik oylama y\u00f6ntemlerinin daha sonraki se\u00e7imlerde uygulanabilmesi i\u00e7in mevcut komisyonlarca \u00e7al\u0131\u015fmalara ba\u015flanmas\u0131na karar vermi\u015fti.<\/p>\n<p style=\"text-align: justify;\">AK Parti de YSK&#8217;n\u0131n yurt d\u0131\u015f\u0131ndaki vatanda\u015flar\u0131n oy kullanmas\u0131 y\u00f6n\u00fcnde verdi\u011fi karar\u0131n d\u00fczeltilmesi i\u00e7in YSK&#8217;ya ba\u015fvuruda bulunmu\u015ftu.<\/p>\n<p style=\"text-align: justify;\">Karar d\u00fczeltme ba\u015fvurusunu de\u011ferlendiren YSK, AK Parti&#8217;nin ba\u015fvurusunu reddetti.<\/p>\n<p style=\"text-align: justify;\">YSK, ilk karar\u0131nda son gelen bilgiler \u0131\u015f\u0131\u011f\u0131nda yurt d\u0131\u015f\u0131nda sand\u0131k kurulmas\u0131 konusundaki belirsizliklerin devam etti\u011fi ifade ederek, &#8221;Se\u00e7im takviminin bu belirsizliklere g\u00f6re olu\u015fturulamayaca\u011f\u0131, s\u00fcre yetersizli\u011fi dikkate al\u0131nd\u0131\u011f\u0131nda, bu se\u00e7imler i\u00e7in g\u00fcmr\u00fck kap\u0131lar\u0131nda oy kullanmalar\u0131n\u0131n gerekti\u011fine, 298 say\u0131l\u0131 Kanunun 94\/A maddesinde yer alan yurt d\u0131\u015f\u0131 se\u00e7menlerin sand\u0131kta oy kullanma ve elektronik oylama y\u00f6ntemlerinin ileriki se\u00e7imlerde uygulanabilmesi i\u00e7in mevcut Komisyonca \u00e7al\u0131\u015fmalara hemen ba\u015flan\u0131lmas\u0131na karar verildi&#8221; g\u00f6r\u00fc\u015f\u00fcn\u00fc belirtmi\u015fti.<\/p>\n<p style=\"text-align: justify;\"><a href=\"http:\/\/www.gazeteport.com.tr\/SIYASET\/NEWS\/GP_866140\" target=\"_blank\"><span style=\"color: #888888;\">Kaynak : GAZETEPORT<\/span><\/a><\/p>\n","protected":false},"excerpt":{"rendered":"<p style=\"text-align: justify;\">\n<p style=\"text-align: justify;\">Y\u00fcksek Se\u00e7im Kurulu&#8217;dan AK Parti&#8217;nin yapt\u0131\u011f\u0131 ba\u015fvuruya ret cevab\u0131 geldi.<\/p>\n<p style=\"text-align: justify;\">Almanya&#8217;da gurbet\u00e7ilere yapt\u0131\u011f\u0131 konu\u015fma sonras\u0131nda Alman bas\u0131n\u0131 taraf\u0131ndan &#8220;T\u00fcrkiye&#8217;nin Ba\u015fbakan\u0131 burada se\u00e7im kampanyas\u0131 yapt\u0131&#8221; \u015feklinde ele\u015ftirilen Ba\u015fbakan Erdo\u011fan&#8217;\u0131n gurbet\u00e7ilere y\u00f6nelik oy plan\u0131n\u0131n \u00f6n\u00fcne YSK duvar\u0131 \u00e7\u0131kt\u0131. <\/p>\n","protected":false},"author":1,"featured_media":0,"comment_status":"open","ping_status":"closed","sticky":false,"template":"","format":"standard","meta":{"footnotes":""},"categories":[105],"tags":[],"class_list":["post-29198","post","type-post","status-publish","format-standard","hentry","category-gundem","odd"],"_links":{"self":[{"href":"http:\/\/www.korhanyilmaz.com\/index.php?rest_route=\/wp\/v2\/posts\/29198","targetHints":{"allow":["GET"]}}],"collection":[{"href":"http:\/\/www.korhanyilmaz.com\/index.php?rest_route=\/wp\/v2\/posts"}],"about":[{"href":"http:\/\/www.korhanyilmaz.com\/index.php?rest_route=\/wp\/v2\/types\/post"}],"author":[{"embeddable":true,"href":"http:\/\/www.korhanyilmaz.com\/index.php?rest_route=\/wp\/v2\/users\/1"}],"replies":[{"embeddable":true,"href":"http:\/\/www.korhanyilmaz.com\/index.php?rest_route=%2Fwp%2Fv2%2Fcomments&post=29198"}],"version-history":[{"count":0,"href":"http:\/\/www.korhanyilmaz.com\/index.php?rest_route=\/wp\/v2\/posts\/29198\/revisions"}],"wp:attachment":[{"href":"http:\/\/www.korhanyilmaz.com\/index.php?rest_route=%2Fwp%2Fv2%2Fmedia&parent=29198"}],"wp:term":[{"taxonomy":"category","embeddable":true,"href":"http:\/\/www.korhanyilmaz.com\/index.php?rest_route=%2Fwp%2Fv2%2Fcategories&post=29198"},{"taxonomy":"post_tag","embeddable":true,"href":"http:\/\/www.korhanyilmaz.com\/index.php?rest_route=%2Fwp%2Fv2%2Ftags&post=29198"}],"curies":[{"name":"wp","href":"https:\/\/api.w.org\/{rel}","templated":true}]}}