{"id":29193,"date":"2011-03-09T08:32:21","date_gmt":"2011-03-09T06:32:21","guid":{"rendered":"http:\/\/www.korhanyilmaz.com\/?p=29193"},"modified":"2011-03-09T08:32:21","modified_gmt":"2011-03-09T06:32:21","slug":"karayilan-akplileri-tutuklayacagiz","status":"publish","type":"post","link":"http:\/\/www.korhanyilmaz.com\/?p=29193","title":{"rendered":"Karay\u0131lan: AKP&#8217;lileri tutuklayaca\u011f\u0131z"},"content":{"rendered":"<p style=\"text-align: justify;\"><a href=\"http:\/\/www.korhanyilmaz.com\/wp-content\/uploads\/2011\/03\/148.jpg\"  class=\"lightview\"><img loading=\"lazy\" decoding=\"async\" class=\"aligncenter size-full wp-image-29194\" src=\"http:\/\/www.korhanyilmaz.com\/wp-content\/uploads\/2011\/03\/148.jpg\" alt=\"\" width=\"292\" height=\"194\" \/><\/a><\/p>\n<p style=\"text-align: justify;\">PKK&#8217;n\u0131n d\u0131\u015far\u0131daki bir numaral\u0131 isimlerinden olan Murat Karay\u0131lan&#8217;dan h\u00fck\u00fcmete y\u00f6nelik tehdit gibi a\u00e7\u0131klama.<\/p>\n<p style=\"text-align: justify;\">Karay\u0131lan, K\u00fcrt siyaset\u00e7ilerinin tutuklanmaya devam etmesi halinde kendilerinin de AKP&#8217;lileri tutuklayaca\u011f\u0131n\u0131 s\u00f6yledi. PKK&#8217;ya yak\u0131n internet sitelerinde yer alan habere g\u00f6re Murat Karay\u0131lan, KCK&#8217;n\u0131n bir dava s\u00fcreci ba\u015flatt\u0131\u011f\u0131n\u0131 belirterek, baz\u0131 AKP&#8217;lileri ifade i\u00e7in \u00e7a\u011f\u0131racaklar\u0131n\u0131 belirtti. <!--more--><\/p>\n<p style=\"text-align: justify;\">Baz\u0131 AKP&#8217;liler hakk\u0131nda tutuklama karar\u0131 \u00e7\u0131kard\u0131klar\u0131n\u0131 s\u00f6yleyen Karay\u0131lan, &#8220;E\u011fer AKP h\u00fck\u00fcmeti K\u00fcrt siyasi temsilcilerine kar\u015f\u0131 politikas\u0131n\u0131 de\u011fi\u015ftirmez ve bu bi\u00e7imde tutuklamaya devam ederse o zaman biz de topluma kar\u015f\u0131 su\u00e7 i\u015flemek konumunda olan \u00e7e\u015fitli partiler veya AKP&#8217;de bulunup da su\u00e7 i\u015fleyen ki\u015fileri tutuklamak durumunda kalaca\u011f\u0131z&#8221; tehdidinde bulundu.<\/p>\n<p style=\"text-align: justify;\">Kendi yasalar\u0131n\u0131n ve hukuklar\u0131n\u0131n oldu\u011funu belirten Karay\u0131lan, PKK&#8217;n\u0131n bir\u00e7ok yerde adam tutuklamaya ba\u015flayaca\u011f\u0131n\u0131 s\u00f6yleyerek, mart ay\u0131n\u0131n bitmesini bekleyeceklerini a\u00e7\u0131klad\u0131.<\/p>\n<p style=\"text-align: justify;\"><a href=\"http:\/\/www.gazeteport.com.tr\/GUNCEL\/NEWS\/GP_866019\" target=\"_blank\"><span style=\"color: #888888;\">Kaynak : GAZETEPORT<\/span><\/a><\/p>\n","protected":false},"excerpt":{"rendered":"<p style=\"text-align: justify;\">\n<p style=\"text-align: justify;\">PKK&#8217;n\u0131n d\u0131\u015far\u0131daki bir numaral\u0131 isimlerinden olan Murat Karay\u0131lan&#8217;dan h\u00fck\u00fcmete y\u00f6nelik tehdit gibi a\u00e7\u0131klama.<\/p>\n<p style=\"text-align: justify;\">Karay\u0131lan, K\u00fcrt siyaset\u00e7ilerinin tutuklanmaya devam etmesi halinde kendilerinin de AKP&#8217;lileri tutuklayaca\u011f\u0131n\u0131 s\u00f6yledi. PKK&#8217;ya yak\u0131n internet sitelerinde yer alan habere g\u00f6re Murat Karay\u0131lan, KCK&#8217;n\u0131n bir dava s\u00fcreci ba\u015flatt\u0131\u011f\u0131n\u0131 belirterek, baz\u0131 AKP&#8217;lileri ifade i\u00e7in \u00e7a\u011f\u0131racaklar\u0131n\u0131 belirtti. <\/p>\n","protected":false},"author":1,"featured_media":0,"comment_status":"open","ping_status":"closed","sticky":false,"template":"","format":"standard","meta":{"footnotes":""},"categories":[105],"tags":[],"class_list":["post-29193","post","type-post","status-publish","format-standard","hentry","category-gundem","odd"],"_links":{"self":[{"href":"http:\/\/www.korhanyilmaz.com\/index.php?rest_route=\/wp\/v2\/posts\/29193","targetHints":{"allow":["GET"]}}],"collection":[{"href":"http:\/\/www.korhanyilmaz.com\/index.php?rest_route=\/wp\/v2\/posts"}],"about":[{"href":"http:\/\/www.korhanyilmaz.com\/index.php?rest_route=\/wp\/v2\/types\/post"}],"author":[{"embeddable":true,"href":"http:\/\/www.korhanyilmaz.com\/index.php?rest_route=\/wp\/v2\/users\/1"}],"replies":[{"embeddable":true,"href":"http:\/\/www.korhanyilmaz.com\/index.php?rest_route=%2Fwp%2Fv2%2Fcomments&post=29193"}],"version-history":[{"count":0,"href":"http:\/\/www.korhanyilmaz.com\/index.php?rest_route=\/wp\/v2\/posts\/29193\/revisions"}],"wp:attachment":[{"href":"http:\/\/www.korhanyilmaz.com\/index.php?rest_route=%2Fwp%2Fv2%2Fmedia&parent=29193"}],"wp:term":[{"taxonomy":"category","embeddable":true,"href":"http:\/\/www.korhanyilmaz.com\/index.php?rest_route=%2Fwp%2Fv2%2Fcategories&post=29193"},{"taxonomy":"post_tag","embeddable":true,"href":"http:\/\/www.korhanyilmaz.com\/index.php?rest_route=%2Fwp%2Fv2%2Ftags&post=29193"}],"curies":[{"name":"wp","href":"https:\/\/api.w.org\/{rel}","templated":true}]}}