{"id":29176,"date":"2011-03-08T12:47:04","date_gmt":"2011-03-08T10:47:04","guid":{"rendered":"http:\/\/www.korhanyilmaz.com\/?p=29176"},"modified":"2011-03-08T12:47:04","modified_gmt":"2011-03-08T10:47:04","slug":"birileri-senaryoyu-tersine-cevirmeye-calisiyor","status":"publish","type":"post","link":"http:\/\/www.korhanyilmaz.com\/?p=29176","title":{"rendered":"&#8220;Birileri senaryoyu tersine \u00e7evirmeye \u00e7al\u0131\u015f\u0131yor&#8221;"},"content":{"rendered":"<p style=\"text-align: justify;\"><a href=\"http:\/\/www.korhanyilmaz.com\/wp-content\/uploads\/2011\/03\/145.jpg\"  class=\"lightview\"><img loading=\"lazy\" decoding=\"async\" class=\"aligncenter size-full wp-image-29177\" src=\"http:\/\/www.korhanyilmaz.com\/wp-content\/uploads\/2011\/03\/145.jpg\" alt=\"\" width=\"414\" height=\"220\" \/><\/a><\/p>\n<p style=\"text-align: justify;\">Ba\u015fbakan Recep Tayyip Erdo\u011fan partisinin grup toplant\u0131s\u0131nda konu\u015ftu. Ergenekon g\u00f6zalt\u0131lar\u0131yla ilgili ele\u015ftirilere sert yan\u0131t veren Erdo\u011fan, &#8220;Tutuklanan, g\u00f6zalt\u0131na al\u0131nan gazeteciler \u00fczerinden, kampanya ba\u015flatanlara da a\u00e7\u0131k a\u00e7\u0131k sesleniyorum. Hangi gazeteci h\u00fck\u00fcmeti ele\u015ftirdi\u011fi i\u00e7in bug\u00fcn tutukludur? Hangi gazeteci, bas\u0131n faaliyetinden dolay\u0131 tutukludur?&#8221; dedi. \u0130\u015fte Erdo\u011fan&#8217;\u0131n konu\u015fmas\u0131ndan sat\u0131r ba\u015flar\u0131:<!--more--><\/p>\n<p style=\"text-align: justify;\"><strong>SORUNLAR \u015e\u0130MD\u0130 G\u00dcNY\u00dcZ\u00dcNE \u00c7IKIYOR<\/strong><\/p>\n<p style=\"text-align: justify;\">&#8220;Bug\u00fcn bildi\u011finiz gibi 8 Mart D\u00fcnya Kad\u0131nlar G\u00fcn\u00fc. Grubumuzdaki han\u0131mlar\u0131n, han\u0131m misafirlerimizin, \u00fclkemizdeki kad\u0131nlar\u0131n, d\u00fcnyadaki kad\u0131nlar\u0131n, kad\u0131nlar g\u00fcn\u00fcn\u00fc kutluyorum. D\u00fcnya kad\u0131nlar g\u00fcn\u00fcn\u00fcn \u00fclkemizdeki ve t\u00fcm d\u00fcnyadaki \u00e7al\u0131\u015fan kad\u0131nlar, t\u00fcm \u00e7ileke\u015f vefakar kad\u0131nlar i\u00e7in hay\u0131rlara vesile olmas\u0131n\u0131 diliyorum.<\/p>\n<p style=\"text-align: justify;\">Diyorlar ki kad\u0131na y\u00f6nelik \u015fiddet art\u0131yor. Hay\u0131r. Kad\u0131na y\u00f6nelik \u015fiddet artm\u0131yor, azal\u0131yor. Ama ge\u00e7mi\u015fte kad\u0131na y\u00f6nelik \u015fiddet bilinmedi\u011fi i\u00e7in, biz bunu g\u00f6r\u00fcn\u00fcr hale getirdi\u011fimiz i\u00e7in art\u0131yormu\u015f gibi lanse ediliyor. Ge\u00e7mi\u015fte hal\u0131n\u0131n alt\u0131na s\u00fcp\u00fcr\u00fclen bu sorunlar, \u015fimdi g\u00fcny\u00fcz\u00fcne \u00e7\u0131k\u0131yor, tart\u0131\u015f\u0131l\u0131yor ve \u00e7\u00f6z\u00fcm yollar\u0131 geli\u015ftiriliyor.<\/p>\n<p style=\"text-align: justify;\">Geli\u015fmi\u015f \u00fclkelerde g\u00f6r\u00fclen kad\u0131na \u015fiddet olaylar\u0131n\u0131n benzerleri T\u00fcrkiye\u2019de de g\u00f6r\u00fclebiliyor. Bunu b\u00fcy\u00fck bir sorun olarak g\u00f6r\u00fcyor ve gereken ad\u0131mlar\u0131 at\u0131yoruz.<\/p>\n<p style=\"text-align: justify;\">Bin han\u0131m karde\u015fimizde \u015fiddete u\u011frasa k\u00f6t\u00fcd\u00fcr, bir ki\u015fi \u015fiddete u\u011frasa o da bizimi i\u00e7in \u00e7ok ama \u00e7ok k\u00f6t\u00fcd\u00fcr. Biz bu meseleyi s\u0131f\u0131rlamak i\u00e7in var g\u00fcc\u00fcm\u00fczle \u00e7al\u0131\u015facak, buna s\u0131f\u0131r tolerans g\u00f6sterece\u011fiz.<\/p>\n<p style=\"text-align: justify;\"><strong>ERGENEKON G\u00d6ZALTILARI<\/strong><\/p>\n<p style=\"text-align: justify;\">Ge\u00e7ti\u011fimiz hafta savc\u0131lar\u0131n talimat\u0131yla baz\u0131 gazetecilerin g\u00f6zalt\u0131na al\u0131nmas\u0131 ve tutuklanmas\u0131, T\u00fcrkiye\u2019de bas\u0131n \u00f6zg\u00fcrl\u00fc\u011f\u00fc konusunda tart\u0131\u015fma ba\u015flatt\u0131. Tart\u0131\u015fman\u0131n ger\u00e7ek mecras\u0131ndan \u00e7\u0131karak, belli medya kurulu\u015flar\u0131 ve muhalefet partileri taraf\u0131ndan son derece haks\u0131z, h\u00fck\u00fcmet aleyhine kampanyaya d\u00f6n\u00fc\u015ft\u00fcr\u00fclmek istendi\u011fini g\u00f6r\u00fcyoruz.<\/p>\n<p style=\"text-align: justify;\">\u015eiir okudu\u011fu i\u00e7in hapis yatm\u0131\u015f bir ba\u015fbakan olarak, ifade \u00f6zg\u00fcrl\u00fc\u011f\u00fcn\u00fc savundu\u011fumuzu, bas\u0131n \u00f6zg\u00fcrl\u00fc\u011f\u00fcne sayg\u0131l\u0131 oldu\u011fumuzu belirttim. Ak Parti ge\u00e7mi\u015ften bu yana susturulan, bast\u0131r\u0131lan, b\u00fcy\u00fck bir kitlenin temsilcisi olarak iktidara gelmi\u015ftir. Son d\u00f6nemde m\u00fccadele etti\u011fimiz \u00e7eteler, karanl\u0131k odalar vesayet\u00e7i g\u00fc\u00e7ler, vatanda\u015f\u0131 tehdit olarak g\u00f6ren, halk\u0131n hak ve \u00f6zg\u00fcrl\u00fcklerini ortadan kald\u0131rmaya \u00e7al\u0131\u015fan anlay\u0131\u015f\u0131n temsilcisiydi bunlar. Bunlara kar\u015f\u0131 demokrasiyi, hak ve \u00f6zg\u00fcrl\u00fckleri savunan ise biz olduk.<\/p>\n<p style=\"text-align: justify;\"><strong>SENARYO TERS\u0130NE \u00c7EVR\u0130LMEYE \u00c7ALI\u015eILIYOR<\/strong><\/p>\n<p style=\"text-align: justify;\">\u015eimdi birileri \u00e7\u0131k\u0131p senaryoyu tersine \u00e7evirmeye \u00e7al\u0131\u015f\u0131yor. 28 \u015eubat\u2019larda k\u00f6\u015felerinde yaz\u0131 yazanlar\u0131n nas\u0131l sald\u0131rd\u0131klar\u0131n\u0131 biz iyi biliriz. Y\u0131k\u0131ma kar\u015f\u0131 destekler verdiklerini \u00e7ok iyi biliriz. Bizler bask\u0131n\u0131n hor g\u00f6rmenin hukuksuzlu\u011fun ne demek oldu\u011funu \u00e7ok iyi biliyoruz. Bizim siyasi m\u00fccadelemiz, ileri demokrasinin geli\u015fmesi i\u00e7indir. Biz 70\u2019li y\u0131llar\u0131 g\u00f6rd\u00fck, 80 darbesini ya\u015fad\u0131k, biz 90\u2019l\u0131 y\u0131llarda 28 \u015eubat\u2019ta demokrasinin nas\u0131l ask\u0131ya al\u0131nd\u0131\u011f\u0131na, konu\u015fanlar\u0131n nas\u0131l susturuldu\u011funa \u015fahit olduk.<\/p>\n<p style=\"text-align: justify;\">Son ya\u015fanan g\u00f6zalt\u0131lar ve devam eden yarg\u0131 s\u00fcreci, kendi mecras\u0131nda y\u00fcr\u00fcmektedir. Y\u00fcr\u00fctmenin de\u011fil tamamen yarg\u0131n\u0131n iradesi dahilinde ger\u00e7ekle\u015fmektedir. \u0130\u00e7inde olmad\u0131\u011f\u0131m\u0131z bir yarg\u0131lama s\u00fcreci hakk\u0131nda, bizden g\u00f6r\u00fc\u015f belirtmemizin istenmesi yanl\u0131\u015ft\u0131r. Bu olay \u00fczerinden h\u00fck\u00fcmetin y\u0131prat\u0131lmaya \u00e7al\u0131\u015f\u0131lmas\u0131 ise daha b\u00fcy\u00fck yanl\u0131\u015ft\u0131r.<\/p>\n<p style=\"text-align: justify;\"><strong>H\u00dcK\u00dcMET DURMASI GEREKEN YERDE<\/strong><\/p>\n<p style=\"text-align: justify;\">Birileri \u00e7\u0131km\u0131\u015f olup biten her \u015feyi h\u00fck\u00fcmete fatura etmenin gayreti i\u00e7inde. Ba\u015fka birileri de \u00e7\u0131km\u0131\u015f, \u2018h\u00fck\u00fcmet ad\u0131m ats\u0131n, yarg\u0131ya m\u00fcdahale etsin\u2019 diyerek h\u00fck\u00fcmeti s\u00fcrece dahil etmeye \u00e7al\u0131\u015f\u0131yor. H\u00fck\u00fcmet durmas\u0131 gereken yerde durmaktad\u0131r.<\/p>\n<p style=\"text-align: justify;\">Biz biliyoruz ki bas\u0131n \u00f6zg\u00fcrl\u00fc\u011f\u00fc demokrasi i\u00e7inde m\u00fcmk\u00fcnd\u00fcr. Demokrasinin olmad\u0131\u011f\u0131, ileir standartlara ula\u015fmad\u0131\u011f\u0131, demokrasinin tehdit alt\u0131nda oldu\u011fu bir ortamda hi\u00e7 kimse bas\u0131n \u00f6zg\u00fcrl\u00fc\u011f\u00fcnden bahsedemez.<\/p>\n<p style=\"text-align: justify;\"><strong>YAZARLARIN ELLER\u0130NE ISMARLAMA KONULAR VER\u0130LD\u0130<\/strong><\/p>\n<p style=\"text-align: justify;\">Biz bu \u00fclkede bir k\u0131s\u0131m bas\u0131n kurulu\u015flar\u0131n\u0131n nas\u0131l g\u00f6revler y\u00fcklendi\u011fini \u00e7ok iyi hat\u0131rl\u0131yoruz. 1960\u2019\u0131n hemen \u00f6ncesinde toplumu k\u0131\u015fk\u0131rtmak i\u00e7in gazetecilerin ve yay\u0131n kurulu\u015flar\u0131n\u0131n nas\u0131l durumdan vazife \u00e7\u0131kard\u0131klar\u0131n\u0131 biliyoruz. Ayn\u0131 \u015fekilde 28 \u015eubat s\u00fcrecinde man\u015fetlerin nerelerde haz\u0131rland\u0131\u011f\u0131n\u0131, k\u00f6\u015fe yazarlar\u0131n\u0131n ellerine nas\u0131l \u0131smarlama konular verildi\u011fini de \u00e7ok iyi biliyoruz.<\/p>\n<p style=\"text-align: justify;\"><strong>ONLARI DA ANLAMAK LAZIM<\/strong><\/p>\n<p style=\"text-align: justify;\">Her defas\u0131nda bas\u0131n \u00f6zg\u00fcrl\u00fc\u011f\u00fc diyen Bat\u0131\u2019n\u0131n, konu T\u00fcrkiye oldu\u011funda rahats\u0131zl\u0131k duymas\u0131n\u0131, anlama zorlu\u011fu \u00e7ekmesini de biz anlam\u0131yoruz. Asl\u0131nda onlar\u0131 da anlamak laz\u0131m. \u00c7\u00fcnk\u00fc oralarda bas\u0131n mensuplar\u0131 darbelere \u00e7anak tutmuyor, psikolojik harekatlar y\u00fcr\u00fctm\u00fcyor.<\/p>\n<p style=\"text-align: justify;\">Bunun \u00fczerinden h\u00fck\u00fcmetin y\u0131prat\u0131lmaya \u00e7al\u0131\u015f\u0131lmas\u0131 da son derece yanl\u0131\u015ft\u0131r. \u0130leri demokratik standartlar\u0131n m\u00fccadelesini en \u00f6nce vermesi gereken kesim medya kurulu\u015flar\u0131 olmal\u0131d\u0131r.<\/p>\n<p style=\"text-align: justify;\">Ben 28 \u015eubat\u2019\u0131 ya\u015fad\u0131m. Nas\u0131l olurda bunlara destek veririm diyen medya kurulu\u015flar\u0131 maalesef konu Ak Parti\u2019yle ilgili konulara gelince verip veri\u015ftiriyor.<\/p>\n<p style=\"text-align: justify;\"><strong>KAR\u015eISINDA \u0130LK B\u0130Z DURURUZ<\/strong><\/p>\n<p style=\"text-align: justify;\">28 \u015eubat\u2019ta hissettikleri bask\u0131dan yola \u00e7\u0131kara, \u00e7etelerle m\u00fccadeleyi en heyecanl\u0131 izlemesi gereken kesim bas\u0131n olmal\u0131d\u0131r. E\u011fer ifade \u00f6zg\u00fcrl\u00fc\u011f\u00fcne, bas\u0131n \u00f6zg\u00fcrl\u00fc\u011f\u00fcne y\u00f6nelik en k\u00fc\u00e7\u00fck bir k\u0131s\u0131tlama g\u00f6r\u00fcrsek bunun kar\u015f\u0131s\u0131nda ilk duracak olan biz oluruz, Ak Parti olur.<\/p>\n<p style=\"text-align: justify;\">\u015eu anda ter\u00f6r \u00f6rg\u00fct\u00fc kendisi gibi d\u00fc\u015f\u00fcnmedi\u011fi i\u00e7in, ger\u00e7ekleri s\u00f6yledikleri i\u00e7in gazetecileri sanat\u00e7\u0131lar\u0131 tehdit edecek kadar ileri gidiyor. Onlar\u0131nda hakk\u0131n\u0131 biz savunuyoruz. \u0130nsanl\u0131k ad\u0131na, demokrasi ad\u0131na onlar i\u00e7in biz sesimizi y\u00fckseltiyoruz. Her gazeteci her medya kurulu\u015fu elini vicdan\u0131na koysun. 2002 \u00f6ncesindeki \u00e7al\u0131\u015fma \u015fartlar\u0131yla \u015fimdikini k\u0131yaslas\u0131n. Sat\u0131rlarda, zihinlerde may\u0131nlar vard\u0131. Bunlar\u0131n nas\u0131l temizlendi\u011fini, yasaklar\u0131n nas\u0131l tarihte kald\u0131\u011f\u0131n\u0131 l\u00fctfen herkes iyi g\u00f6rs\u00fcn.<\/p>\n<p style=\"text-align: justify;\">8 y\u0131l boyunca man\u015fetine kar\u0131\u015ft\u0131\u011f\u0131m\u0131z, dobra konu\u015fuyorum. Bir gazete var m\u0131? Rahats\u0131z oldu\u011fumuz d\u00f6nemler oldu, yalan yaz\u0131ld\u0131\u011f\u0131 d\u00f6nemler oldu. Ama hakk\u0131m\u0131z\u0131 yarg\u0131ya g\u00f6t\u00fcrd\u00fck. Baz\u0131lar\u0131 neden yarg\u0131ya g\u00f6t\u00fcr\u00fcyorsun dedi. E\u011fer hukuk devletiysek ben hakk\u0131m\u0131 yarg\u0131da arar\u0131m. Siyaset\u00e7iyim diye hedef tahtas\u0131 m\u0131 olaca\u011f\u0131m? Dillerine ne geliyorsa bunu s\u00f6yleyecekler. Eee? Biz de buna ya sab\u0131r \u00e7ekece\u011fiz, yok b\u00f6yle bir \u015fey.<\/p>\n<p style=\"text-align: justify;\"><strong>YARGI B\u0130Z\u0130M \u0130\u00c7\u0130N \u0130LG\u0130N\u00c7 KARARLAR VERD\u0130<\/strong><\/p>\n<p style=\"text-align: justify;\">Bazen yarg\u0131 bizim i\u00e7in \u00e7ok ilgin\u00e7 kararlar verdi. Siz siyaset\u00e7isiniz dedi. Bu hakaretlere ilgin\u00e7 bir k\u0131l\u0131f buldular. Bu ele\u015ftiri de\u011fil, a\u011f\u0131r ele\u015ftiri dediler. H\u00fck\u00fcmeti sistematik olarak ele\u015ftiren bir \u00e7ok gazete ve k\u00f6\u015fe yazar\u0131 var. H\u00fck\u00fcmeti topa tutan yay\u0131nlar\u0131n, siyasi bir kampanyaya d\u00f6n\u00fc\u015ft\u00fc\u011f\u00fcn\u00fc g\u00f6r\u00fcyoruz.<\/p>\n<p style=\"text-align: justify;\">Bize y\u00f6nelik iyi niyetli ele\u015ftirileri \u00f6zellikle de\u011ferlendiriyoruz. Bunu d\u00fczeltiyoruz, ad\u0131m\u0131m\u0131z\u0131 at\u0131yoruz. \u00d6zele\u015ftiri yap\u0131yoruz. Ele\u015ftiri hakarete d\u00f6n\u00fc\u015f\u00fcyor ise ya cevap hakk\u0131m\u0131z\u0131 kullan\u0131yoruz yada yarg\u0131ya gidiyoruz.<\/p>\n<p style=\"text-align: justify;\"><strong>KORKUMUZ YOK<\/strong><\/p>\n<p style=\"text-align: justify;\">Bizim gelecek sald\u0131r\u0131lara kar\u015f\u0131 korkumuz yok. Biz muhtar bile olamaz diyen medyayla \u00e7arp\u0131\u015fa \u00e7arp\u0131\u015fa iktidara geldik. Siyasi g\u00fcc\u00fcm\u00fcz\u00fc de medyadan de\u011fil sadece milletimizden ald\u0131k, sizden ald\u0131k.<\/p>\n<p style=\"text-align: justify;\">Onun i\u00e7in ne kimseye minnet ederiz, kimsenin vesayeti alt\u0131na gireriz, ne de bu t\u00fcr yollara tenezz\u00fcl eder muhalifleri susturmaya \u00e7al\u0131\u015f\u0131r\u0131z. Ak Parti\u2019nin muhalif yazarlar\u0131 susturdu\u011fu iddias\u0131n\u0131 hakaret olarak kabul etmeyiz. \u00c7\u00fcnk\u00fc yaras\u0131 olan gocunur, bizim b\u00f6yle bir yaram\u0131z yok.<\/p>\n<p style=\"text-align: justify;\">\u0130nan\u00e7 \u00f6zg\u00fcrl\u00fc\u011f\u00fcnden korkmuyoruz. Onun i\u00e7in bu konularda rahat\u0131z. Kendimize, te\u015fkilat\u0131m\u0131za milletimize inan\u0131yor ve milletimize g\u00fcveniyorum.<\/p>\n<p style=\"text-align: justify;\"><strong>HANG\u0130 GAZETEC\u0130 TUTUKLUDUR?<\/strong><\/p>\n<p style=\"text-align: justify;\">Tutuklanan, g\u00f6zalt\u0131na al\u0131nan gazeteciler \u00fczerinden, kampanya ba\u015flatanlara da a\u00e7\u0131k a\u00e7\u0131k sesleniyorum. Hangi gazeteci h\u00fck\u00fcmeti ele\u015ftirdi\u011fi \u00e7iin bug\u00fcn tutukludur? Hangi gazeteci, bas\u0131n faaliyetinden dolay\u0131 tutukludur?<\/p>\n<p style=\"text-align: justify;\">Tutuklu ve h\u00fck\u00fcml\u00fc olarak, mesle\u011fi gazeteci olarak kayda ge\u00e7en 27 ki\u015fi var. Bunlar\u0131n aras\u0131ndan bir tanesi bile gazetecilik y\u00fcz\u00fcnden cezaevinden de\u011fil. Anayasal d\u00fczeni zorla de\u011fi\u015ftirmeye kalk\u0131\u015fmak, silahl\u0131 ter\u00f6r \u00f6rg\u00fct\u00fcne \u00fcye olmak, cinsel istismar, ate\u015fli silah bulundurmak, resmi belgede tahribat. 27 ki\u015finin cezaevlerinde bulunma gerek\u00e7eleri bunlar. Yani Ak Parti\u2019ye hakaretten dolay\u0131 de\u011fil. Biz d\u00fcnyan\u0131n en ileri standartlara sahip yasalar\u0131 \u00e7\u0131kard\u0131k. Medya kurulu\u015flar\u0131n\u0131n y\u00f6neticileriyle birlikte \u00e7\u0131kard\u0131k. Yasa maddelerinin yorumlanmas\u0131ndan dolay\u0131 \u00e7e\u015fitli sorunlar ya\u015fan\u0131yordu. Bunun \u00fczerine gidiyoruz.<\/p>\n<p style=\"text-align: justify;\"><a href=\"http:\/\/www.gazeteport.com.tr\/SIYASET\/NEWS\/GP_865622\" target=\"_blank\"><span style=\"color: #888888;\">Kaynak : GAZETEPORT<\/span><\/a><\/p>\n","protected":false},"excerpt":{"rendered":"<p style=\"text-align: justify;\">\n<p style=\"text-align: justify;\">Ba\u015fbakan Recep Tayyip Erdo\u011fan partisinin grup toplant\u0131s\u0131nda konu\u015ftu. Ergenekon g\u00f6zalt\u0131lar\u0131yla ilgili ele\u015ftirilere sert yan\u0131t veren Erdo\u011fan, &#8220;Tutuklanan, g\u00f6zalt\u0131na al\u0131nan gazeteciler \u00fczerinden, kampanya ba\u015flatanlara da a\u00e7\u0131k a\u00e7\u0131k sesleniyorum. Hangi gazeteci h\u00fck\u00fcmeti ele\u015ftirdi\u011fi i\u00e7in bug\u00fcn tutukludur? Hangi gazeteci, bas\u0131n faaliyetinden dolay\u0131 tutukludur?&#8221; dedi. \u0130\u015fte Erdo\u011fan&#8217;\u0131n konu\u015fmas\u0131ndan sat\u0131r ba\u015flar\u0131:<\/p>\n","protected":false},"author":1,"featured_media":0,"comment_status":"open","ping_status":"closed","sticky":false,"template":"","format":"standard","meta":{"footnotes":""},"categories":[105],"tags":[],"class_list":["post-29176","post","type-post","status-publish","format-standard","hentry","category-gundem","odd"],"_links":{"self":[{"href":"http:\/\/www.korhanyilmaz.com\/index.php?rest_route=\/wp\/v2\/posts\/29176","targetHints":{"allow":["GET"]}}],"collection":[{"href":"http:\/\/www.korhanyilmaz.com\/index.php?rest_route=\/wp\/v2\/posts"}],"about":[{"href":"http:\/\/www.korhanyilmaz.com\/index.php?rest_route=\/wp\/v2\/types\/post"}],"author":[{"embeddable":true,"href":"http:\/\/www.korhanyilmaz.com\/index.php?rest_route=\/wp\/v2\/users\/1"}],"replies":[{"embeddable":true,"href":"http:\/\/www.korhanyilmaz.com\/index.php?rest_route=%2Fwp%2Fv2%2Fcomments&post=29176"}],"version-history":[{"count":0,"href":"http:\/\/www.korhanyilmaz.com\/index.php?rest_route=\/wp\/v2\/posts\/29176\/revisions"}],"wp:attachment":[{"href":"http:\/\/www.korhanyilmaz.com\/index.php?rest_route=%2Fwp%2Fv2%2Fmedia&parent=29176"}],"wp:term":[{"taxonomy":"category","embeddable":true,"href":"http:\/\/www.korhanyilmaz.com\/index.php?rest_route=%2Fwp%2Fv2%2Fcategories&post=29176"},{"taxonomy":"post_tag","embeddable":true,"href":"http:\/\/www.korhanyilmaz.com\/index.php?rest_route=%2Fwp%2Fv2%2Ftags&post=29176"}],"curies":[{"name":"wp","href":"https:\/\/api.w.org\/{rel}","templated":true}]}}