{"id":29173,"date":"2011-03-08T10:12:55","date_gmt":"2011-03-08T08:12:55","guid":{"rendered":"http:\/\/www.korhanyilmaz.com\/?p=29173"},"modified":"2011-03-08T10:12:55","modified_gmt":"2011-03-08T08:12:55","slug":"mit%e2%80%99ci-baskaninin-ailesini-de-izletmis","status":"publish","type":"post","link":"http:\/\/www.korhanyilmaz.com\/?p=29173","title":{"rendered":"M\u0130T\u2019\u00e7i, Ba\u015fkan\u0131n\u0131n ailesini de izletmi\u015f"},"content":{"rendered":"<p style=\"text-align: justify;\"><a href=\"http:\/\/www.korhanyilmaz.com\/wp-content\/uploads\/2011\/03\/144.jpg\"  class=\"lightview\"><img loading=\"lazy\" decoding=\"async\" class=\"aligncenter size-full wp-image-29174\" src=\"http:\/\/www.korhanyilmaz.com\/wp-content\/uploads\/2011\/03\/144.jpg\" alt=\"\" width=\"250\" height=\"190\" \/><\/a><\/p>\n<p style=\"text-align: justify;\">Hakk\u0131nda yakalama karar\u0131 bulunan Kozino\u011flu\u2019nun, M\u0130T M\u00fcste\u015far\u0131 Fidan ve ailesi hakk\u0131nda toplad\u0131\u011f\u0131 bilgileri Oda TV\u2019nin sahibi Soner Yal\u00e7\u0131n\u2019a g\u00f6nderdi\u011fi iddia edildi.<\/p>\n<p style=\"text-align: justify;\">Ergenekon soru\u015fturmas\u0131 kapsam\u0131nda \u0130stanbul 10. A\u011f\u0131r Ceza Mahkemesi taraf\u0131ndan hakk\u0131nda \u2018yakalama\u2019 karar\u0131 \u00e7\u0131kar\u0131lan ve M\u0130T M\u00fcste\u015farl\u0131\u011f\u0131\u2019n\u0131n \u2018geri d\u00f6n\u2019 \u00e7a\u011fr\u0131s\u0131na ra\u011fmen halen yurtd\u0131\u015f\u0131nda bulunan Ka\u015fif Kozino\u011flu\u2019nun, M\u0130T M\u00fcste\u015far\u0131 Hakan Fidan\u2019\u0131 ve ailesini fi\u015fledi\u011fi iddia ediliyor. <!--more--><\/p>\n<p style=\"text-align: justify;\">Kozino\u011flu\u2019nun evinde yap\u0131lan aramalarda, Fidan\u2019\u0131n ailesi ve karde\u015fi Mustafa Fidan\u2019a ait belgeler ele ge\u00e7irildi\u011fi belirtiliyor. Kozino\u011flu taraf\u0131ndan haz\u0131rlanan belgelerde, Fidan\u2019\u0131n kimlerle g\u00f6r\u00fc\u015ft\u00fc\u011f\u00fcnden aile dostlar\u0131na ve ev adresine kadar \u00e7ok detayl\u0131 bilgiler yer ald\u0131\u011f\u0131 kaydedildi. Kozino\u011flu\u2019ndan ele ge\u00e7irilen dijital belgelerde, Fidan\u2019a ait baz\u0131 foto\u011fraflar\u0131n da bulundu\u011fu ifade ediliyor.<\/p>\n<p style=\"text-align: justify;\"><strong>G\u00dcLEN&#8217;\u0130N EV\u0130NE YAKIN TAK\u0130P <\/strong><\/p>\n<p style=\"text-align: justify;\">\u00d6te yandan, Kozino\u011flu\u2019nun Pensilivania\u2019da Fethullah G\u00fclen ile birlikte kalan iki ki\u015fi hakk\u0131nda bir rapor haz\u0131rlad\u0131\u011f\u0131, bu ki\u015filerin T\u00fcrkiye\u2019de ya\u015fayan aileleri, yak\u0131nlar\u0131 ve kimlerle irtibatl\u0131 olduklar\u0131na y\u00f6nelik bilgilerin yap\u0131lan aramalarda ele ge\u00e7irildi\u011fi bildirildi.<\/p>\n<p style=\"text-align: justify;\">Soner Yal\u00e7\u0131n\u2019\u0131n ofisinde yap\u0131lan aramalarda bulunan \u2018Pensilvania\u2019 isimli dosyada bu ki\u015filerle birlikte baz\u0131 b\u00fcrokratlar\u0131n isimlerinin ge\u00e7ti\u011fi de iddialar aras\u0131nda.<\/p>\n<p style=\"text-align: justify;\"><strong>F\u0130DAN VE A\u0130LES\u0130N\u0130 \u0130ZLETM\u0130\u015eLER<\/strong><\/p>\n<p style=\"text-align: justify;\">Kozino\u011flu\u2019nun, M\u0130T M\u00fcste\u015far\u0131 Hakan Fidan\u2019la ilgili toplad\u0131\u011f\u0131 b\u00fct\u00fcn bilgileri bir rapor halinde, Oda TV\u2019nin sahibi Soner Yal\u00e7\u0131n\u2019a servis etti\u011fi kaydedildi. \u0130ddialara g\u00f6re, bu bilgiler Fidan\u2019\u0131n M\u0130T M\u00fcste\u015far\u0131 olarak g\u00f6reve ba\u015flamas\u0131ndan k\u0131sa bir s\u00fcre \u00f6nce haz\u0131rlanm\u0131\u015f.<\/p>\n<p style=\"text-align: justify;\">Fidan\u2019\u0131n karde\u015fi Mustafa Fidan\u2019la ilgili olarak Kozino\u011flu taraf\u0131ndan haz\u0131rlanan dosyada \u2018Pensilvania ile ba\u011flant\u0131l\u0131\u2019 \u015feklinde bir not oldu\u011fu \u00f6ne s\u00fcr\u00fcl\u00fcyor.<\/p>\n<p style=\"text-align: justify;\"><strong>\u00d6ZEL B\u0130R EK\u0130P \u0130ZLEM\u0130\u015e<\/strong><\/p>\n<p style=\"text-align: justify;\">\u0130stanbul 10.A\u011f\u0131r Ceza Mahkemesi\u2019nin hakk\u0131nda teknik takip karar\u0131 ald\u0131\u011f\u0131 Kozino\u011flu\u2019nu \u00f6zel bir ekibin izledi\u011fi ve ekibin elde etti\u011fi bilgilerin de gizli tutularak do\u011frudan mahkemeye g\u00f6nderildi\u011fi belirtiliyor.<\/p>\n<p style=\"text-align: justify;\"><strong>KOZ\u0130NO\u011eLU PER\u015eEMBE GEL\u0130YOR<\/strong><\/p>\n<p style=\"text-align: justify;\">M\u0130T kaynaklar\u0131ndan edinilen bilgiye g\u00f6re, Kozino\u011flu en ge\u00e7 per\u015fembe g\u00fcn\u00fc T\u00fcrkiye\u2019ye d\u00f6nerek, savc\u0131l\u0131\u011fa ifade verecek.<\/p>\n<p style=\"text-align: justify;\">\u00d6te yandan M\u0130T Hukuk M\u00fc\u015favirli\u011fi\u2019nin soru\u015fturmay\u0131 y\u00fcr\u00fcten Savc\u0131 Zekeriya \u00d6z ile irtibat halinde oldu\u011fu ve bilgi payla\u015f\u0131m\u0131nda bulunuldu\u011fu \u00f6\u011frenildi. Te\u015fkilat\u0131n \u00d6z\u2019den ald\u0131\u011f\u0131 bilgiler do\u011frultusunda Kozino\u011flu ile ilgili y\u00fcr\u00fct\u00fclen incelemenin \u015fekillendi\u011fi bildirildi. (Taraf)<\/p>\n<p style=\"text-align: justify;\"><a href=\"http:\/\/www.gazeteport.com.tr\/GUNCEL\/NEWS\/GP_865462\" target=\"_blank\"><span style=\"color: #888888;\">Kaynak : GAZETEPORT<\/span><\/a><\/p>\n","protected":false},"excerpt":{"rendered":"<p style=\"text-align: justify;\">\n<p style=\"text-align: justify;\">Hakk\u0131nda yakalama karar\u0131 bulunan Kozino\u011flu\u2019nun, M\u0130T M\u00fcste\u015far\u0131 Fidan ve ailesi hakk\u0131nda toplad\u0131\u011f\u0131 bilgileri Oda TV\u2019nin sahibi Soner Yal\u00e7\u0131n\u2019a g\u00f6nderdi\u011fi iddia edildi.<\/p>\n<p style=\"text-align: justify;\">Ergenekon soru\u015fturmas\u0131 kapsam\u0131nda \u0130stanbul 10. A\u011f\u0131r Ceza Mahkemesi taraf\u0131ndan hakk\u0131nda \u2018yakalama\u2019 karar\u0131 \u00e7\u0131kar\u0131lan ve M\u0130T M\u00fcste\u015farl\u0131\u011f\u0131\u2019n\u0131n \u2018geri d\u00f6n\u2019 \u00e7a\u011fr\u0131s\u0131na ra\u011fmen halen yurtd\u0131\u015f\u0131nda bulunan Ka\u015fif Kozino\u011flu\u2019nun, M\u0130T M\u00fcste\u015far\u0131 <\/p>\n","protected":false},"author":1,"featured_media":0,"comment_status":"open","ping_status":"closed","sticky":false,"template":"","format":"standard","meta":{"footnotes":""},"categories":[105],"tags":[],"class_list":["post-29173","post","type-post","status-publish","format-standard","hentry","category-gundem","odd"],"_links":{"self":[{"href":"http:\/\/www.korhanyilmaz.com\/index.php?rest_route=\/wp\/v2\/posts\/29173","targetHints":{"allow":["GET"]}}],"collection":[{"href":"http:\/\/www.korhanyilmaz.com\/index.php?rest_route=\/wp\/v2\/posts"}],"about":[{"href":"http:\/\/www.korhanyilmaz.com\/index.php?rest_route=\/wp\/v2\/types\/post"}],"author":[{"embeddable":true,"href":"http:\/\/www.korhanyilmaz.com\/index.php?rest_route=\/wp\/v2\/users\/1"}],"replies":[{"embeddable":true,"href":"http:\/\/www.korhanyilmaz.com\/index.php?rest_route=%2Fwp%2Fv2%2Fcomments&post=29173"}],"version-history":[{"count":0,"href":"http:\/\/www.korhanyilmaz.com\/index.php?rest_route=\/wp\/v2\/posts\/29173\/revisions"}],"wp:attachment":[{"href":"http:\/\/www.korhanyilmaz.com\/index.php?rest_route=%2Fwp%2Fv2%2Fmedia&parent=29173"}],"wp:term":[{"taxonomy":"category","embeddable":true,"href":"http:\/\/www.korhanyilmaz.com\/index.php?rest_route=%2Fwp%2Fv2%2Fcategories&post=29173"},{"taxonomy":"post_tag","embeddable":true,"href":"http:\/\/www.korhanyilmaz.com\/index.php?rest_route=%2Fwp%2Fv2%2Ftags&post=29173"}],"curies":[{"name":"wp","href":"https:\/\/api.w.org\/{rel}","templated":true}]}}