{"id":29164,"date":"2011-03-07T14:25:23","date_gmt":"2011-03-07T12:25:23","guid":{"rendered":"http:\/\/www.korhanyilmaz.com\/?p=29164"},"modified":"2011-03-07T14:25:23","modified_gmt":"2011-03-07T12:25:23","slug":"kagittan-kaplana-sorusturma-yok","status":"publish","type":"post","link":"http:\/\/www.korhanyilmaz.com\/?p=29164","title":{"rendered":"&#8216;Ka\u011f\u0131ttan kaplan&#8217;a soru\u015fturma yok"},"content":{"rendered":"<div id=\"attachment_29165\" style=\"width: 310px\" class=\"wp-caption aligncenter\"><a href=\"http:\/\/www.korhanyilmaz.com\/wp-content\/uploads\/2011\/03\/142.jpg\"  class=\"lightview\"><img loading=\"lazy\" decoding=\"async\" aria-describedby=\"caption-attachment-29165\" class=\"size-full wp-image-29165\" src=\"http:\/\/www.korhanyilmaz.com\/wp-content\/uploads\/2011\/03\/142.jpg\" alt=\"\" width=\"300\" height=\"225\" \/><\/a><p id=\"caption-attachment-29165\" class=\"wp-caption-text\">Adalet Bakan\u0131 Sadullah Ergin<\/p><\/div>\n<p style=\"text-align: justify;\">Adalet Bakan\u0131 Sadullah Ergin, \u201cAsker ka\u011f\u0131ttan kaplanm\u0131\u015f\u201d diyen CHP Genel Ba\u015fkan Yard\u0131mc\u0131s\u0131 S\u00fcheyl Batum i\u00e7in soru\u015fturma izni vermedi\u011fini s\u00f6yledi.<\/p>\n<p style=\"text-align: justify;\">ANKARA &#8211; Adalet Bakan\u0131 Sadullah Ergin, NTV Ankara Temsilcisi Nilg\u00fcn Balka\u00e7\u2019\u0131n sorular\u0131n\u0131 yan\u0131tlad\u0131.<\/p>\n<p style=\"text-align: justify;\">Bakan Ergin, askere y\u00f6nelik \u201cka\u011f\u0131ttan kaplan\u201d diyen CHP Genel Ba\u015fkan Yard\u0131mc\u0131s\u0131 S\u00fcheyl Batum i\u00e7in 301. Madde&#8217;den soru\u015fturma izni vermedi\u011fini s\u00f6yledi. <!--more--><\/p>\n<p style=\"text-align: justify;\">Bu durumun S\u00fcheyl Batum\u2019a \u00f6zel bir \u015fey olmad\u0131\u011f\u0131n\u0131 belirten Ergin, \u201c22 ayda gelen izin taleplerinin y\u00fczde 98\u2019ine izin vermedim. Bu oran i\u00e7inde her kesim vard\u0131. Bizim kriterimiz i\u00e7tihatlard\u0131r\u201d dedi.<\/p>\n<p style=\"text-align: justify;\">Zonguldak Cumhuriyet Ba\u015fsavc\u0131l\u0131\u011f\u0131, CHP&#8217;li S\u00fcheyl Batum hakk\u0131nda 301. Madde&#8217;den soru\u015fturulma a\u00e7\u0131lmas\u0131 i\u00e7in izin istemi\u015fti.<\/p>\n<p style=\"text-align: justify;\">Ergin, Ergenekon soru\u015fturmas\u0131 kapsam\u0131nda g\u00f6zalt\u0131na al\u0131nan gazetecilerle ilgili ise \u015funlar\u0131 s\u00f6yledi:<\/p>\n<p style=\"text-align: justify;\"><strong>&#8216;BASINA DARBE OLURDU&#8217;<\/strong><\/p>\n<p style=\"text-align: justify;\">\u015eu anda dosyada ne var ne yok bilmiyoruz. D\u00fcn davay\u0131 y\u00fcr\u00fcten savc\u0131 bir a\u00e7\u0131klama yapt\u0131 ve \u201cBu g\u00f6zalt\u0131lar gazetecilikten de\u011fil\u201d dedi. Sadece gazetecilikten al\u0131n\u0131rlarsa bas\u0131na darbe olurdu. Sadece gazetecilikten de\u011fil de ba\u015fka \u015feylerden al\u0131n\u0131yorlasa durum farkl\u0131. Bunun i\u00e7in biraz sabretmek gerek.<\/p>\n<p style=\"text-align: justify;\">Tutuklular\u0131n dosyalar\u0131na her ay de\u011ferlendirme yap\u0131lmak zorunda. Tutukluluk durumu devam ediyor mu etmiyor mu ona bak\u0131l\u0131r. Tabii burada bunu de\u011ferlendirecek olan siyaset kurumu, Adalet Bakan\u0131 de\u011fil yarg\u0131n\u0131n kendi uygulayac\u0131lar\u0131d\u0131r. Bu anlamda ceza yasam\u0131zda tutuklama durumu \u00f6nemli.<\/p>\n<p style=\"text-align: justify;\">Ben ne zaman b\u0131rak\u0131lmal\u0131 diyemem. Biri su\u00e7lu bulunana kadar masumdur. Savc\u0131 da a\u00e7\u0131klamas\u0131nda buna vurgu yapt\u0131. \u0130ddianame haz\u0131rl\u0131\u011f\u0131 h\u0131zl\u0131 yap\u0131lmal\u0131. Bu iddianamede g\u00f6rece\u011fiz bunlar\u0131n do\u011frulu\u011funu.<\/p>\n<p style=\"text-align: justify;\"><strong>&#8216;TUTUKLULUK S\u00dcRELER\u0130&#8217;<\/strong><\/p>\n<p style=\"text-align: justify;\">Elbette insanlar\u0131n h\u00fcrriyetlerini kaybetmeleri kimseyi mutlu etmez. Bu s\u00fcre\u00e7te tutuklu olanlar i\u00e7in de ge\u00e7erli.<\/p>\n<p style=\"text-align: justify;\">\u00d6nemli olan tutuklamalarda bunlar\u0131n keyfi olup olmad\u0131\u011f\u0131d\u0131r. Mevzuat\u0131n gertetirdi\u011fi \u015fekilde mi? Biri Hrant Dink\u2019i \u00f6ld\u00fcrd\u00fc 3,5 4 y\u0131ld\u0131r tutuklu sal\u0131verelim mi? Dan\u0131\u015ftay\u2019\u0131 bast\u0131 hakimleri \u00f6ld\u00fcrd\u00fc. Davas\u0131 s\u00fcr\u00fcyor sal\u0131verelim mi?<\/p>\n<p style=\"text-align: justify;\">Bir trafik kazas\u0131nda  kaza ile kasten adam \u00f6ld\u00fcrmenin durumu farkl\u0131d\u0131r. Her olayda b\u00f6yle durumlar olur ve hakimler buna g\u00f6re karar al\u0131r.<\/p>\n<p style=\"text-align: justify;\"><strong>SORU\u015eTURMA HABERLER\u0130NDE KAMU YARARI ARANACAK<\/strong><\/p>\n<p style=\"text-align: justify;\">Bakanlar Kurulu\u2019na bas\u0131n yasas\u0131yla ilgili \u00f6nceden bir takdimizmiz oldu. Bakanlar Kurulu&#8217;na biraz daha \u00e7al\u0131\u015fal\u0131m dedik. Ayr\u0131ca kendi g\u00f6rev kapsam\u0131nda oldu\u011fu i\u00e7in Ba\u015fbakan Yard\u0131mc\u0131s\u0131 Say\u0131n B\u00fclent Ar\u0131n\u00e7 da konuylala olduk\u00e7a ilgileniyor. Konunun Meclis tatile girmeden bir an \u00f6nce yasala\u015fmas\u0131 i\u00e7in kendisinin de yo\u011fun \u00e7abas\u0131 mevcut.<\/p>\n<p style=\"text-align: justify;\">Adalet Bakanl\u0131\u011f\u0131\u2019n\u0131n \u00e7al\u0131\u015fmalar\u0131 tamamland\u0131. Ba\u015fbakanl\u0131\u011fa bug\u00fcn \u00e7al\u0131\u015fmalar\u0131m\u0131z\u0131 g\u00f6nderiyoruz. Ba\u015fbakanl\u0131k da inceledikten sonra imzaya a\u00e7aca\u011f\u0131z. Umar\u0131m Meclis tatile girmeden yasalla\u015facak. \u015eu an ceza yasalar\u0131ndan kaynaklanan ve bir\u00e7ok medya mensubunu ilgilendiren olumsuz sonu\u00e7lar orataya konan maddelerde d\u00fczenlemeler yap\u0131ls\u0131n d\u00fc\u015f\u00fcncesindeyiz.<\/p>\n<p style=\"text-align: justify;\">Bunlar T\u00fcrk Ceza Yasas\u0131\u2019n\u0131n 132, 133, 134, 285 ve 288. maddeleri. \u015eu an da en \u00e7ok bas\u0131n mensuplar\u0131n\u0131n soru\u015fturma g\u00f6rd\u00fc\u011f\u00fc maddeler bunlar. \u00d6nemli hususlar var paket i\u00e7inde.<\/p>\n<p style=\"text-align: justify;\">Bunlardan iki tanesi \u00f6nemli. Birincisi haberle\u015fme \u00f6zg\u00fcrl\u00fc\u011f\u00fcn\u00fcn ihlal edilmemesi, ki\u015filerin rahat ileti\u015fim kurmalar\u0131, Anayasam\u0131zca g\u00fcvence alt\u0131na al\u0131nm\u0131\u015f bir husustur. Bu anlamda bunun ihlal edilmesi halinde, T\u00fcrk Ceza Yasas\u0131\u2019n\u0131n 132 ve devam\u0131 maddeleri var. Buradaki cezalar yeterince cayd\u0131r\u0131c\u0131 de\u011fildi.<\/p>\n<p style=\"text-align: justify;\">G\u00f6ndermi\u015f oldu\u011fumuz pakette yasad\u0131\u015f\u0131 dinleme yapman\u0131n cezas\u0131n\u0131 en az bir bu\u00e7uk, iki kat artt\u0131r\u0131yoruz. Bu \u015fekilde illegal dinlemeyi tamamen ortadan kald\u0131rmay\u0131 istiyoruz.<\/p>\n<p style=\"text-align: justify;\">Bu maddelerin sonlar\u0131nda f\u0131kralar vard\u0131, yap\u0131lan dinlemelerin bas\u0131n yay\u0131n yoluyla yay\u0131nlanmas\u0131 haliyle ceza yar\u0131 oranda artt\u0131r\u0131l\u0131r diye. Bu yar\u0131 oranda artt\u0131r\u0131l\u0131r f\u0131kras\u0131n\u0131n kald\u0131r\u0131lmas\u0131n\u0131 \u00f6ng\u00f6r\u00fcyoruz. Bu de\u011fi\u015fiklikte bas\u0131n mensuplar\u0131n\u0131 bir miktar rahatlatacakt\u0131r.<\/p>\n<p style=\"text-align: justify;\">Ancak esasen sorun soru\u015fturmay\u0131 etkileme ve adil yarg\u0131lamaya te\u015febb\u00fcs maddelerinden yap\u0131lan tatbikatlar\u0131n \u00e7o\u011funlu\u011fudur. &#8220;Kamu yarar\u0131 a\u00e7\u0131s\u0131ndan haber s\u0131n\u0131rlar\u0131 i\u00e7inde kalmak su\u00e7 olu\u015fturmaz&#8221; diye bir d\u00fczenleme yap\u0131l\u0131yor. Bu durumda bas\u0131n mensuplar\u0131n\u0131n bir soru\u015fturmaya ait verdikleri bilgiler haber kapsam\u0131 i\u00e7inde, kamuyu bilgilendirecek d\u00fczeyde ise kamu yarar\u0131 a\u00e7\u0131s\u0131ndan bir faaliyet ise su\u00e7 olu\u015fturmayacak.<\/p>\n<p style=\"text-align: justify;\"><strong>CUMHURBA\u015eKANININ KAYGISI<\/strong><\/p>\n<p style=\"text-align: justify;\">Cumhurba\u015fkan\u0131 sadece savc\u0131lara de\u011fil, bas\u0131n \u00f6zg\u00fcrl\u00fc\u011f\u00fcn\u00fc hem de demokrasiyi korumak herkesin vazifesi dedi. Umar\u0131m hi\u00e7bir gazeteci gazatecilik d\u0131\u015f\u0131 ba\u015fka i\u015fle u\u011fra\u015fm\u0131yordur dedi.<\/p>\n<p style=\"text-align: justify;\">T\u00fcrkiye hem AB m\u00fczakereleri a\u00e7\u0131s\u0131ndan hem kendi insanlar\u0131n\u0131n mutlulu\u011fu a\u00e7\u0131s\u0131ndan \u00f6nemli reformlar yapt\u0131.<\/p>\n<p style=\"text-align: justify;\">Bireysel ba\u015fvuru, kamu denetliyicisi, sivillerin bar\u0131\u015f d\u00f6neminde askeri mahkemelerde yar\u0131lanmas\u0131 engellendi. Bu imaj\u0131n g\u00f6lgelenmemesi laz\u0131m. Cumhurba\u015fkan\u0131 birden \u00e7ok noktaya vurgu yapt\u0131.<\/p>\n<p style=\"text-align: justify;\">Bu yakla\u015f\u0131mlar do\u011fru de\u011fil. Muhtemelen avukatlar bir k\u0131sm\u0131n\u0131 yans\u0131tt\u0131 ama ba\u015fka \u015feyler var m\u0131yd\u0131? Belki magazin boyutuna ta\u015f\u0131yacak sorular s\u00f6ylendi, olay\u0131 ciddiyete ta\u015f\u0131yacak sorular var m\u0131yd\u0131? Mesela  4\u2019\u00fc veriliyor ama geri kalan 51\u2019inde ne soruldu. \u015eu anda tutuklananlar i\u00e7in su\u00e7ludur denmez. Demiyorum da.<\/p>\n<p style=\"text-align: justify;\">Yarg\u0131lama s\u00fcrecinde c\u0131mb\u0131zlama yap\u0131lmas\u0131, o soru\u015fturman\u0131n ba\u015fkala\u015ft\u0131r\u0131lmas\u0131 \u00e7ok do\u011fru de\u011fil kan\u0131mca.<\/p>\n<p style=\"text-align: justify;\"><strong>\u00c7\u0130FTE STANDART<\/strong><\/p>\n<p style=\"text-align: justify;\">Yarg\u0131n\u0131n faliyetleri ele\u015ftirilebilir. Soru\u015fturman\u0131n ba\u015fkala\u015ft\u0131r\u0131lmas\u0131, oldu\u011fundan ba\u015fka \u015fekilde g\u00f6sterilmesi, bunlar yarg\u0131y\u0131 etkilemeye girer. Tutuklama ele\u015ftirilebilir. Bir mahkumiyet verilir, mahkeme b\u00f6yle bir mahkumiyet vermemeli diye ele\u015ftirilebilir. Soru\u015fturman\u0131n y\u00f6n\u00fcn\u00fc de\u011fi\u015ftirmek etik de yasal da de\u011fil.<\/p>\n<p style=\"text-align: justify;\"><strong>BALBAY VE \u00d6ZKAN<\/strong><\/p>\n<p style=\"text-align: justify;\">Burada bilgi kirlili\u011fi var. Tuncay \u00d6zkan ve Mustafa Balbay\u2019\u0131n ayr\u0131lmas\u0131 insiyatife ba\u011fl\u0131 deniyor. Ceza \u0130nfaz Yasas\u0131&#8217;n\u0131n 113. maddesi, &#8220;\u00d6zel yetkili savc\u0131lar\u0131n y\u00fcr\u00fctt\u00fc\u011f\u00fc soru\u015fturmadaki tutuklular, aralar\u0131nda husumet bulunanlar, ayn\u0131 su\u00e7u i\u015fleyenler, ayn\u0131 h\u00fccrede bar\u0131nd\u0131r\u0131lmazlar, ayr\u0131 ayr\u0131 tecrit edilirler&#8221; diyor. Yasa h\u00fckm\u00fc \u00e7ok a\u00e7\u0131k.<\/p>\n<p style=\"text-align: justify;\">Silivri Cezaevi\u2019nin kapasitesi s\u0131n\u0131rl\u0131 oldu\u011fundan \u00d6zkan ve Balbay birlikteydi. Yeni b\u00f6l\u00fcmler hizmete girince 400 civar\u0131 mahkumun yeri de\u011fi\u015fti. Sadece Balbay ve \u00d6zkan\u2019\u0131n yeri de\u011fi\u015fmedi.<\/p>\n<p style=\"text-align: justify;\">Ayr\u0131ca dilek\u00e7eler mevcut. Say\u0131n Balbay,\u201d Tuncay \u00d6zkan\u2019\u0131n yan\u0131na verilmiyorsam kimseyle kalmak istemiyorum\u201d diyor. Can g\u00fcvenli\u011fini gerek\u00e7e g\u00f6steriyor. Say\u0131n \u00d6zkan da ayn\u0131 \u015fekilde bir dilek\u00e7e verdi. Bu tutuklular\u0131n kendi iste\u011fi. T\u00fcrkiye\u2019de tutuklu tutulanlar hangi hak ve \u015fartlara sahipse bu ikili de ayn\u0131lar\u0131na sahiptirler.<\/p>\n<p style=\"text-align: justify;\">Biz Silivri\u2019de tek tek incelemeler yapt\u0131k ve cezaevlerindeki durumun insanl\u0131\u011fa ayk\u0131r\u0131 olmad\u0131\u011f\u0131n\u0131 saptad\u0131k. Bizim cezaevlerimiz s\u00fcrekli denetleniyor. Gerek T\u00fcrkiye gerek d\u00fcnyadaki kimi kurumlar taraf\u0131ndan. Bunlar\u0131n d\u0131\u015f\u0131nda bir ayr\u0131cal\u0131k s\u00f6zkonusu olmaz. B\u00fct\u00fcn bunlar soyut \u015fikayetler. Bug\u00fcne kadar bir tane somut \u015fikayeti a\u00e7\u0131kta b\u0131rakmad\u0131k.<\/p>\n<p style=\"text-align: justify;\"><strong>YARGININ SORUNLARI<\/strong><\/p>\n<p style=\"text-align: justify;\">T\u00fcrkiye\u2019de hep tart\u0131\u015f\u0131ld\u0131. Mahkemelerde s\u00fcr\u00fcnmek, makeme kap\u0131lar\u0131nda s\u00fcr\u00fcnmek alg\u0131s\u0131n\u0131 de\u011fi\u015ftirmek laz\u0131m. Bu bug\u00fcn ortaya \u00e7\u0131km\u0131\u015f bir sorun de\u011fildir ve sihirli bir anahtarla da de\u011fi\u015ftirilemez. Bunlar\u0131 ortadan kald\u0131racak de\u011fi\u015fiklikler yap\u0131l\u0131yor.<\/p>\n<p style=\"text-align: justify;\">T\u00fcrkiye&#8217;de yarg\u0131n\u0131n d\u00f6rt tane sorunu var;<\/p>\n<p style=\"text-align: justify;\">1- Fiziki mekan ve teknik altyap\u0131 kaynakl\u0131 sorunlar<\/p>\n<p style=\"text-align: justify;\">2- Yasalardan mevzuattan kaynakl\u0131 sorunlar<\/p>\n<p style=\"text-align: justify;\">3- \u0130nsan kayna\u011f\u0131ndan olu\u015fan sorunlar<\/p>\n<p style=\"text-align: justify;\">4-Ceza infaz kurumlar\u0131m\u0131z\u0131n sorunlar\u0131.<\/p>\n<p style=\"text-align: justify;\">Teknik altyap\u0131 dedi\u011fimiz zaman, bili\u015fim teknolojisini art\u0131k \u00e7ok yo\u011fun kullan\u0131l\u0131yoruz. Fiziki mekan i\u00e7inde bir \u00e7ok adalet saray\u0131 a\u00e7\u0131lmakta. T\u00fcrkiye\u2019nin temel yasalar\u0131 tamamen de\u011fi\u015ftirildi. Mevzuattan kaynakl\u0131 sorunlar b\u00fcy\u00fck \u00f6l\u00e7\u00fcde a\u015f\u0131ld\u0131. Hakim ve savc\u0131 say\u0131s\u0131 da de\u011fi\u015ftirildi. Yarg\u0131da hakim savc\u0131 d\u0131\u015f\u0131nda \u00e7al\u0131\u015fanlar\u0131n say\u0131s\u0131 y\u00fczde 75\u2019tir, onlar\u0131n say\u0131s\u0131nda art\u0131\u015f yeterlidir. Daha modern ceza infaz kurumlar\u0131m\u0131z da devreye giriyor.<\/p>\n<p style=\"text-align: justify;\">\u015eu an ilk derece mahkemelerinde 8 ayda karar veriliyor. Ancak temyizde \u00e7ok dosya var. Adli y\u0131lba\u015f\u0131nda b\u00f6lge adliye mahkemeleri devreye girecek. Yarg\u0131tay\u2019daki s\u0131k\u0131nt\u0131lar giderilmesi i\u00e7in oda ve \u00fcye say\u0131s\u0131 artt\u0131r\u0131ld\u0131. \u0130dari y\u00f6ntemlerle \u00e7\u00f6z\u00fclecek altyap\u0131 devam ediyor.<\/p>\n<p style=\"text-align: justify;\"><a href=\"http:\/\/www.gazeteport.com.tr\/GUNCEL\/NEWS\/GP_865067\" target=\"_blank\"><span style=\"color: #888888;\">Kaynak : GAZETEPORT<\/span><\/a><\/p>\n","protected":false},"excerpt":{"rendered":"<p id=\"caption-attachment-29165\" class=\"wp-caption-text\">Adalet Bakan\u0131 Sadullah Ergin<\/p>\n<p style=\"text-align: justify;\">Adalet Bakan\u0131 Sadullah Ergin, \u201cAsker ka\u011f\u0131ttan kaplanm\u0131\u015f\u201d diyen CHP Genel Ba\u015fkan Yard\u0131mc\u0131s\u0131 S\u00fcheyl Batum i\u00e7in soru\u015fturma izni vermedi\u011fini s\u00f6yledi.<\/p>\n<p style=\"text-align: justify;\">ANKARA &#8211; Adalet Bakan\u0131 Sadullah Ergin, NTV Ankara Temsilcisi Nilg\u00fcn Balka\u00e7\u2019\u0131n sorular\u0131n\u0131 yan\u0131tlad\u0131.<\/p>\n<p style=\"text-align: justify;\">Bakan Ergin, askere y\u00f6nelik \u201cka\u011f\u0131ttan kaplan\u201d diyen CHP Genel Ba\u015fkan Yard\u0131mc\u0131s\u0131 <\/p>\n","protected":false},"author":1,"featured_media":0,"comment_status":"open","ping_status":"closed","sticky":false,"template":"","format":"standard","meta":{"footnotes":""},"categories":[105],"tags":[],"class_list":["post-29164","post","type-post","status-publish","format-standard","hentry","category-gundem","odd"],"_links":{"self":[{"href":"http:\/\/www.korhanyilmaz.com\/index.php?rest_route=\/wp\/v2\/posts\/29164","targetHints":{"allow":["GET"]}}],"collection":[{"href":"http:\/\/www.korhanyilmaz.com\/index.php?rest_route=\/wp\/v2\/posts"}],"about":[{"href":"http:\/\/www.korhanyilmaz.com\/index.php?rest_route=\/wp\/v2\/types\/post"}],"author":[{"embeddable":true,"href":"http:\/\/www.korhanyilmaz.com\/index.php?rest_route=\/wp\/v2\/users\/1"}],"replies":[{"embeddable":true,"href":"http:\/\/www.korhanyilmaz.com\/index.php?rest_route=%2Fwp%2Fv2%2Fcomments&post=29164"}],"version-history":[{"count":0,"href":"http:\/\/www.korhanyilmaz.com\/index.php?rest_route=\/wp\/v2\/posts\/29164\/revisions"}],"wp:attachment":[{"href":"http:\/\/www.korhanyilmaz.com\/index.php?rest_route=%2Fwp%2Fv2%2Fmedia&parent=29164"}],"wp:term":[{"taxonomy":"category","embeddable":true,"href":"http:\/\/www.korhanyilmaz.com\/index.php?rest_route=%2Fwp%2Fv2%2Fcategories&post=29164"},{"taxonomy":"post_tag","embeddable":true,"href":"http:\/\/www.korhanyilmaz.com\/index.php?rest_route=%2Fwp%2Fv2%2Ftags&post=29164"}],"curies":[{"name":"wp","href":"https:\/\/api.w.org\/{rel}","templated":true}]}}