{"id":29160,"date":"2011-03-07T11:02:33","date_gmt":"2011-03-07T09:02:33","guid":{"rendered":"http:\/\/www.korhanyilmaz.com\/?p=29160"},"modified":"2011-03-07T11:02:33","modified_gmt":"2011-03-07T09:02:33","slug":"sik-adimin-ergenekonla-anilmasini-zul-sayarim","status":"publish","type":"post","link":"http:\/\/www.korhanyilmaz.com\/?p=29160","title":{"rendered":"\u015e\u0131k: Ad\u0131m\u0131n Ergenekon&#8217;la an\u0131lmas\u0131n\u0131 zul sayar\u0131m!"},"content":{"rendered":"<div style=\"text-align: justify;\">\n<p style=\"text-align: center;\"><a href=\"http:\/\/www.korhanyilmaz.com\/wp-content\/uploads\/2011\/03\/141.jpg\"  class=\"lightview\"><img loading=\"lazy\" decoding=\"async\" class=\"aligncenter size-full wp-image-29161\" src=\"http:\/\/www.korhanyilmaz.com\/wp-content\/uploads\/2011\/03\/141.jpg\" alt=\"\" width=\"431\" height=\"216\" \/><\/a><\/p>\n<p>Ergenekon \u00fcyesi oldu\u011fu gerek\u00e7esiyle tutuklanan Nedim \u015eener&#8217;in savc\u0131l\u0131k sorgusunun yakla\u015f\u0131k be\u015f saat s\u00fcrd\u00fc. Ahmet \u015e\u0131k&#8217;\u0131n ise 1.5 saat ifade verdi\u011fi \u00f6\u011frenildi. Metris Cezaevi&#8217;ne g\u00f6nderilen her iki gazetecinin, g\u00f6zalt\u0131na al\u0131nma gerek\u00e7elerinden &#8216;Halk\u0131 kin ve d\u00fc\u015fmanl\u0131\u011fa tahrik&#8217; su\u00e7lamas\u0131 tutuklama sevk tutana\u011f\u0131nda yer almad\u0131.<!--more--><\/p>\n<p>Ergenekon soru\u015fturmas\u0131 kapsam\u0131nda tutuklanan gazeteciler Nedim \u015eener ve Ahmet \u015e\u0131k, Metris cezaevinden Silivri Cezaevi&#8217;ne nakledildi.  Gazeteciler d\u0131\u015f\u0131nda ayn\u0131 soru\u015fturma kapsam\u0131nda tutuklanan Yal\u00e7\u0131n K\u00fc\u00e7\u00fck ve Do\u011fan Yurdakul da Silivri&#8217;ye nakledildi.<\/p>\n<p><strong>AHMET \u015eIK&#8217;\u0131n sorgu tutana\u011f\u0131n\u0131n tam metni:<\/strong><\/p>\n<p><strong>SORULDU <\/strong><\/p>\n<p>\u015e\u00fcpheli m\u00fcdafileri s\u00f6z alarak dosyada k\u0131s\u0131tlama karar\u0131 sebebiyle,  delilleri g\u00f6remedik, dosyay\u0131 incelemedik. Savunma hakk\u0131n\u0131n gere\u011fi gibi  kullan\u0131lmas\u0131na, bu durumun engel olu\u015fturdu\u011fu kan\u0131s\u0131nday\u0131z, A\u0130HS&#8217;nin 6.  maddesindeki adil yarg\u0131lanma ilkesi gere\u011fi ve aleyhimizdeki kan\u0131tlar\u0131  \u00e7\u00fcr\u00fctebilme imkan\u0131 bak\u0131m\u0131ndan savunmam\u0131z\u0131n bu \u015fartlar alt\u0131nda yap\u0131lm\u0131\u015f  olaca\u011f\u0131n\u0131 beyan ederiz.<\/p>\n<p>Beyan \u00fczerine \u015f\u00fcpheliden ve  m\u00fcdaf\u0131lerinden soruldu: Emniyet M\u00fcd\u00fcrl\u00fc\u011f\u00fc&#8217;nde ifadede isnatlar ve  delillerle alakal\u0131 bilgilerinin olup olmad\u0131\u011f\u0131 soruldu.<\/p>\n<p>Emniyette su\u00e7laman\u0131n ne oldu\u011fu beyan edilmi\u015f ve su\u00e7lamayla ilgili ifade sorular\u0131 tercih edilmi\u015ftir.<\/p>\n<p><strong>Soruldu\u00a0: <\/strong>Ergenekon Silahl\u0131 Ter\u00f6r \u00d6rg\u00fct\u00fcne \u00fcye olmak \u015f\u00fcphesi ile ifadeniz al\u0131nacakt\u0131r. \u0130fade vermek istiyor musunuz?<\/p>\n<p><strong>Cevap : <\/strong>Ben  Emniyette verdi\u011fim ifadelerin medyaya servis edilece\u011fini d\u00fc\u015f\u00fcnd\u00fc\u011f\u00fcmden  ve \u00e7arp\u0131t\u0131larak medyaya konu olabilece\u011fimi d\u00fc\u015f\u00fcnd\u00fc\u011f\u00fcmden ifade vermedim.<\/p>\n<p><strong>Soruldu:<\/strong> \u00d6zge\u00e7mi\u015finizi a\u00e7\u0131klay\u0131n\u0131z.<\/p>\n<p><strong>Cevap : <\/strong>1970  y\u0131l\u0131nda Adana ilinde do\u011fdum. \u0130lk ve orta okulu Adana ilinde liseyi  Antalya&#8217;da okudum. 1989 y\u0131l\u0131nda \u0130stanbul \u00dcniversitesi Bas\u0131n Yay\u0131n  Y\u00fcksekokuluna ba\u015flad\u0131m. \u0130kinci s\u0131n\u0131fta iken Milliyet, Cumhuriyet,  Evrensel, Yeni Y\u00fczy\u0131l ve Radikal gazeteleri ile kapat\u0131lan Nokta  dergisinde muhabir ve foto muhabiri olarak \u00e7al\u0131\u015fmaya ba\u015flad\u0131m. 2000  y\u0131l\u0131nda Manisa Ala\u015fehir&#8217;de bedelli olarak askerlik vazifemi yapt\u0131m. Son  d\u00f6rt y\u0131ld\u0131r \u0130stanbul Bilgi \u00dcniversite&#8217;sinde \u00f6\u011fretin \u00fcyesi olarak g\u00f6rev  yapmaktay\u0131m. Anne ve babam sa\u011fd\u0131r. 3 karde\u015fiz. S\u0131ras\u0131yla;<\/p>\n<p>1.\u00a0B.\u015e.; Akdeniz \u00dcniversitesin do\u00e7enttir.<br \/>\n2.\u00a0U.\u015e.; Adana ilinde devlet memurudur.<br \/>\n3.\u00a0Benim.<\/p>\n<p>Pasaportum vard\u0131r. Daha \u00f6nce i\u015f ve seyahat amac\u0131yla bir \u00e7ok \u00fclkeye gittim.<\/p>\n<p><strong>Soruldu\u00a0:<\/strong> Kullanmakta oldu\u011funuz ve ad\u0131n\u0131za kay\u0131tl\u0131 cep telefonlar\u0131 nelerdir? Bu<br \/>\nnumaralar\u0131 ne kadar zamand\u0131r kullanmaktas\u0131n\u0131z? Bu numaralar\u0131 sizden ba\u015fka kullanan varsa a\u00e7\u0131klay\u0131n\u0131z.<\/p>\n<p><strong>Cevap : <\/strong>Kendi ad\u0131ma kay\u0131tl\u0131 0532 3xx\u00a0xx xx\u00a0numaral\u0131 hatt\u0131 uzun zamand\u0131r kullanmaktay\u0131m.<\/p>\n<p><strong>Soruldu :<\/strong> 14.02.2011 g\u00fcn\u00fc soru\u015fturma kapsam\u0131nda g\u00f6zalt\u0131na alman H\u00fcseyin Soner<br \/>\nYAL\u00c7IN, Bar\u0131\u015f PEHL\u0130VAN, Bar\u0131\u015f TERKO\u011eLU ve Ayhan BOZKURT isimli  \u015fah\u0131slarla aran\u0131zda herhangi bir irtibat var m\u0131d\u0131r? Bu \u015fah\u0131slardan  tan\u0131d\u0131\u011f\u0131n\u0131z var ise aran\u0131zdaki ili\u015fkiyi a\u00e7\u0131klay\u0131n\u0131z?<\/p>\n<p><strong>Cevap : <\/strong>Hi\u00e7 birini tan\u0131m\u0131yorum, herhangi bir irtibat\u0131m ve ili\u015fkim yoktur.<\/p>\n<p><strong>Soruldu : <\/strong>04.03.2011 g\u00fcn\u00fc soru\u015fturma kapsam\u0131nda g\u00f6zalt\u0131na al\u0131nan Nedim \u015eENER<br \/>\nile aran\u0131zdaki ili\u015fkiyi a\u00e7\u0131klay\u0131n\u0131z.<\/p>\n<p><strong>Cevap : <\/strong>Nedim \u015eener meslekta\u015f\u0131md\u0131r, ikimiz de muhabirlik yapt\u0131k ve ayn\u0131 binada \u00e7al\u0131\u015ft\u0131k. Meslekta\u015f ve arkada\u015fl\u0131k ili\u015fkisi vard\u0131r.<\/p>\n<p><strong>Soruldu\u00a0: <\/strong>04.03.2011\u00a0g\u00fcn\u00fc\u00a0 soru\u015fturma kapsam\u0131nda\u00a0 g\u00f6zalt\u0131na al\u0131nan\u00a0 Yal\u00e7\u0131n<br \/>\nK\u00dc\u00c7\u00dcK, Ka\u015fif KOZ\u0130NO\u011eLU, Ahmet M\u00fcmtaz \u0130D\u0130L, Co\u015fkun MUSLUK, Do\u011fan  YURDAKUL, M\u00fcyesser U\u011eUR, Sait \u00c7AKIR ve \u0130klim Ayfer KALEL\u0130 isimli  \u015fah\u0131slardan kimleri ne zamandan beri tan\u0131maktas\u0131n\u0131z? Aran\u0131zdaki irtibat\u0131  a\u00e7\u0131klay\u0131n\u0131z.<\/p>\n<p><strong>Cevap : <\/strong>\u015eu anda g\u00f6zalt\u0131nda bulunan \u015fah\u0131slardan Nedim d\u0131\u015fmdakileri bilmiyorum.<\/p>\n<p><strong>Soruldu  : ERGENEKON Ter\u00f6r \u00d6rg\u00fct\u00fcn\u00fcn temel dok\u00fcman\u0131 niteli\u011findeki &#8220;ERGENEKON&#8221;  dok\u00fcman\u0131nda Medya ba\u015fl\u0131\u011f\u0131 alt\u0131nda; Ergenekon&#8217;un kendi medya  kurulu\u015flar\u0131n\u0131 olu\u015fturmas\u0131 ve di\u011fer medya kurulu\u015flar\u0131n\u0131 kontrol alt\u0131na  almas\u0131 gerekti\u011fi belirtilmi\u015ftir. <\/strong>&#8220;LOB\u0130&#8221; dok\u00fcman\u0131nda ise,  \u00f6rg\u00fct\u00fcn ger\u00e7ekle\u015ftirdi\u011fi faaliyetlerde ama\u00e7lara uygun kamuoyu  olu\u015fturulmas\u0131 ve kamuoyu deste\u011finin sa\u011flanmas\u0131 i\u00e7in medya kurulu\u015flar\u0131n\u0131n  y\u00f6nlendirilmesi gerekti\u011fi belirtilmi\u015ftir.<\/p>\n<p>Soru\u015fturma kapsam\u0131nda  hakk\u0131nda iddianame d\u00fczenlenen Erol M\u00dcTERC\u0130MLER 1997 y\u0131l\u0131nda bir  televizyon program\u0131nda yapt\u0131\u011f\u0131 a\u00e7\u0131klamada, &#8220;\u00dclkeyi darbeye s\u00fcr\u00fckleyen ve  bug\u00fcn \u00e7ete diye an\u0131lan \u00f6rg\u00fct\u00fcn isminin ERGENEKON oldu\u011funu ve bu \u00f6rg\u00fct\u00fcn  1960 y\u0131l\u0131nda kuruldu\u011funu, h\u00fck\u00fcmetler \u00fcst\u00fc bir g\u00fc\u00e7 oldu\u011funu, bu yap\u0131  i\u00e7ersinde askerler, Polisler, Profes\u00f6rler, GAZETEC\u0130LER ve i\u015f adamlar\u0131n\u0131n  bulundu\u011funu&#8221; belirtmi\u015ftir.<\/p>\n<p>Bug\u00fcne kadar yap\u0131lan soru\u015fturmalarda  \u00f6rg\u00fct\u00fcn kontrol\u00fcnde bulunan yaz\u0131l\u0131 ve g\u00f6rsel medya organlar\u0131 de\u015fifre  edilmi\u015f, medya yap\u0131lanmas\u0131 i\u00e7erisinde faaliyet g\u00f6sterdi\u011fi tespit edilen  bir\u00e7ok \u00f6rg\u00fct \u00fcyesi hakk\u0131nda i\u015flem yap\u0131lm\u0131\u015ft\u0131r.<\/p>\n<p>Son olarak  ODATV&#8217;de yap\u0131lan aramada &#8220;ULUSAL MEDYA 2010&#8221; isimli bir \u00f6rg\u00fct dok\u00fcman\u0131  bulunmu\u015f, bu dok\u00fcman\u0131n yap\u0131lan incelemesine, ERGENEKON&#8217;un MEDYA  YAPILANMASI ile ilgili yeni \u00e7al\u0131\u015fmalar yapt\u0131\u011f\u0131 ve \u00f6zellikle dava s\u00fcreci  ile ilgili yeni stratejiler belirledi\u011fi tespit edilmi\u015ftir.<\/p>\n<p>ODATV&#8217;den ele ge\u00e7irilen belgelerden ve soru\u015fturma kapsam\u0131nda elde edilen  di\u011fer delillerden sizin ERGENEKON ter\u00f6r \u00f6rg\u00fct\u00fcn\u00fcn Medya Yap\u0131lanmas\u0131  i\u00e7ersinde faaliyet g\u00f6sterdi\u011finiz tespit edilmi\u015ftir.<\/p>\n<p>* \u00d6rg\u00fct  dok\u00fcman\u0131nda bahsedilen \u00f6rg\u00fct\u00fcn ama\u00e7lar\u0131na uygun kamuoyu olu\u015fturulmas\u0131  y\u00f6ntemi hakk\u0131nda herhangi bir bilginiz var m\u0131? Bu kapsamda bir  \u00e7al\u0131\u015fman\u0131z oldu mu?<\/p>\n<p><strong>Cevap : <\/strong>Ben bu soruyu ve  soru\u015f \u015feklini kabul etmiyorum, benim bu belgelerden haberim yoktur.  Ergenekonun medya yap\u0131lanmas\u0131 i\u00e7erisinde de\u011filim, benim bu \u00f6rg\u00fctle  ad\u0131m\u0131n an\u0131lmas\u0131n\u0131 z\u00fcl sayar\u0131m.<\/p>\n<p><strong>Soruldu :<\/strong> &#8220;ULUSAL  MEDYA 2010&#8221; dok\u00fcman\u0131nda &#8220;AMA\u00c7&#8221; ba\u015fl\u0131\u011f\u0131 alt\u0131nda; &#8220;Ergenekon ve benzeri  siyasal komplo\/ihanet davalar\u0131 sonucu tutuklananlar\u0131n serbest kalmalar\u0131  ve \u015ferefli T\u00fcrk Ordusuna, devrimci ayd\u0131nlar\u0131na, ulusalc\u0131 kalemlerine ve  siyaset\u00e7ilerine, ba\u015fta cemaat ve AKP yanda\u015flar\u0131 olmak \u00fczere komplo  kuranlar\u0131n cezaland\u0131r\u0131lmalar\u0131 i\u00e7in \u00e7\u0131kar\u0131lacak hiyanet-i vataniye kanunu  kapsam\u0131nda yarg\u0131lanmalar\u0131n\u0131n sa\u011flanmas\u0131 amac\u0131yla ulusal medya \u00fczerine  d\u00fc\u015fen g\u00f6revlerin belirlenmesi gerekmektedir.&#8221; yazd\u0131\u011f\u0131 g\u00f6r\u00fclm\u00fc\u015ft\u00fcr.<\/p>\n<p>Dolay\u0131s\u0131yla &#8220;ULUSAL MEDYA 2010&#8221; dok\u00fcman\u0131nda, Ergenekon ve benzer  davalar\u0131n kamuoyunda inan\u0131l\u0131rl\u0131\u011fm\u0131n ortadan kalkmas\u0131, tutuklu yarg\u0131lanan  \u015f\u00fcphelilerin serbest kalmas\u0131 ve bu soru\u015fturmalar\u0131 y\u00fcr\u00fcten ki\u015filerin  vatana ihanet kapsam\u0131nda yarg\u0131lanmas\u0131 i\u00e7in kamuoyu olu\u015fturulmas\u0131n\u0131n  hedeflendi\u011fi g\u00f6r\u00fclm\u00fc\u015ft\u00fcr.<\/p>\n<p>\u00d6rg\u00fct\u00fcn bu hedefleriyle ilgili kamuoyu olu\u015fturma ad\u0131na neler yap\u0131ld\u0131? Siz bu konuda neler yapt\u0131n\u0131z?<\/p>\n<p><strong>Cevap : <\/strong>Ben b\u00f6yle bir \u015fey i\u00e7erisinde yer almad\u0131m.<\/p>\n<p><strong>Soruldu : <\/strong>&#8220;ULUSAL  MEDYA 2010&#8221; dok\u00fcman\u0131nda &#8220;STRATEJ\u0130&#8221; ba\u015fl\u0131\u011f\u0131 alt\u0131nda; &#8220;Y\u00fcr\u00fct\u00fclmekte olan  operasyonlar\u0131n siyasal oldu\u011fu, AKP ve cemaatin Cumhuriyet ilke ve  devrimlerine kar\u015f\u0131 r\u00f6van\u015fist d\u00fc\u015f\u00fcncelerle giri\u015fti\u011fi, sivil fa\u015fist bir  hareket ve diktat\u00f6rl\u00fc\u011fe uzanan ye\u015fil bir devrim oldu\u011fu anlat\u0131lmal\u0131d\u0131r&#8221;  yazd\u0131\u011f\u0131 g\u00f6r\u00fclm\u00fc\u015ft\u00fcr.<\/p>\n<p>*Bu strateji nas\u0131l ve kimler taraf\u0131ndan  belirlendi? Bu kapsamda ne t\u00fcr faaliyetler yap\u0131ld\u0131? Bu konuda sizin  herhangi bir faaliyetiniz oldu mu?<\/p>\n<p><strong>Cevap : <\/strong>Bu konuda hi\u00e7bir bilgim yoktur.<\/p>\n<p><strong>Soruldu\u00a0: <\/strong>&#8220;ULUSAL MEDYA 2010&#8221; dok\u00fcman\u0131nda &#8220;STRATEJ\u0130&#8221; ba\u015fl\u0131\u011f\u0131 alt\u0131nda;<br \/>\n&#8220;Sald\u0131r\u0131lar\u0131n bilin\u00e7li olarak TSK ve Y\u00fcksek Yarg\u0131 ba\u015fta olmak \u00fczere  Anayasal Kurumlara kar\u015f\u0131 y\u00fcr\u00fct\u00fcld\u00fc\u011f\u00fc i\u015flenmelidir. Medya g\u00fcc\u00fcn\u00fc etkin  bir \u015fekilde kullanan Akp ve cemaate kar\u015f\u0131 ulusal medya topyekun harekete  ge\u00e7irilmeli ve komplolar\u0131 bo\u015fa \u00e7\u0131karacak propaganda ve kara propaganda  unsurlar\u0131 etkili bir \u015fekilde kullan\u0131lmal\u0131d\u0131r. Kemalist ideolojiye kar\u015f\u0131  y\u00fcr\u00fct\u00fclen sava\u015fa destek veren medya organlar\u0131na yanda\u015f medya damgas\u0131  vurulmal\u0131d\u0131r&#8221; yazd\u0131\u011f\u0131 g\u00f6r\u00fclm\u00fc\u015ft\u00fcr.<\/p>\n<p>*Bu strateji nas\u0131l belirlendi? Bu kapsamda ne t\u00fcr faaliyetler yap\u0131ld\u0131? Bu konuda sizin herhangi bir faaliyetiniz oldu mu?<\/p>\n<p><strong>Cevap : <\/strong>Bu konulardan hi\u00e7bir bilgim yoktur.<\/p>\n<p><strong>Soruldu :<\/strong> &#8220;ULUSAL MEDYA 2010&#8221; dok\u00fcman\u0131nda &#8220;STRATEJ\u0130&#8221; ba\u015fl\u0131\u011f\u0131 alt\u0131nda; &#8220;Ba\u015flat\u0131lan  yarg\u0131 s\u00fcrecinde kar\u015f\u0131 taraf\u0131n elde etti\u011fi delillerin bo\u015fa \u00e7\u0131kar\u0131lmas\u0131,  de\u011fersizle\u015ftirilmesi ve normalle\u015ftirilmesi ad\u0131na savunma makamlar\u0131n\u0131n  geli\u015ftirmekte olduklar\u0131 arg\u00fcmanlar kullan\u0131lmal\u0131d\u0131r. Bu kapsamda tespit  edilecek zay\u0131f halkalar ve iddialar g\u00fcndeme ta\u015f\u0131nmal\u0131 ve davan\u0131n  geneliyle \u00f6zde\u015fle\u015ftirilmelidir. G\u00fc\u00e7l\u00fc tez ve delillerle kar\u015f\u0131 kar\u015f\u0131ya  kal\u0131nd\u0131\u011f\u0131nda, konunun ekseni de\u011fi\u015ftirilmeli, gri ve kara propaganda  unsurlar\u0131 etkin bir \u015fekilde kullan\u0131lmal\u0131d\u0131r. Kitlesel haf\u0131za s\u00fcresinin  k\u0131sal\u0131\u011f\u0131 dikkate al\u0131narak, ilk \u015fokun atlat\u0131lmas\u0131 ve kitlelerde kal\u0131c\u0131  kabullerin olu\u015fmas\u0131na f\u0131rsat verilmemesi \u00f6nem ta\u015f\u0131maktad\u0131r&#8221; yazd\u0131\u011f\u0131  g\u00f6r\u00fclm\u00fc\u015ft\u00fcr.<\/p>\n<p>*Bu strateji nas\u0131l belirlendi? Bu kapsamda ne t\u00fcr faaliyetler yap\u0131ld\u0131? Bu konuda sizin herhangi bir faaliyetiniz oldu mu?<\/p>\n<p><strong>Cevap : <\/strong>Bu konulardan hi\u00e7bir bilgim yoktur.<\/p>\n<p><strong>Soruldu :<\/strong> &#8220;ULUSAL MEDYA 2010&#8221; dok\u00fcman\u0131nda strateji ba\u015fl\u0131\u011f\u0131 alt\u0131nda, &#8220;Operasyon  s\u00fcrecini y\u00fcr\u00fcten kurumlara mensup olup tezlerimize ve faaliyetlerimize  destek veren, kamuoyunun yak\u0131ndan tan\u0131d\u0131\u011f\u0131 ve g\u00fcvendi\u011fi ki\u015filere,  Ergenekon ve benzeri davalar\u0131n tertip oldu\u011fu y\u00f6n\u00fcnde a\u00e7\u0131klama ve yay\u0131n  yapt\u0131r\u0131lmas\u0131 i\u00e7in bilgi, belge ve teknik destek sa\u011flanmal\u0131d\u0131r.&#8221; Yazd\u0131\u011f\u0131  g\u00f6r\u00fclm\u00fc\u015ft\u00fcr.<\/p>\n<p>ODATV&#8217;den ele ge\u00e7irilen belgelerden ise bu kez 2011  y\u0131l\u0131 Haziran ay\u0131nda yap\u0131lacak genel se\u00e7imlerden \u00f6nce yine \u00f6rg\u00fct\u00fcn  talimat ve y\u00f6nlendirmeleri ile Nedim \u015eENER&#8217;le birlikte &#8220;Hali\u00e7te Ya\u015fayan  Simonlar&#8221; benzeri bir kitap \u00e7al\u0131\u015fmas\u0131 i\u00e7erisinde bulundu\u011funuz, bu  kitab\u0131nda Emniyet M\u00fcd\u00fcr\u00fc Sabri UZUN ismi ile yay\u0131nlanmas\u0131 i\u00e7in  \u00e7al\u0131\u015fmalar yapt\u0131\u011f\u0131n\u0131z tespit edilmi\u015ftir.<\/p>\n<p>*Bu kitap \u00e7al\u0131\u015fmas\u0131 talimat\u0131n\u0131 kim yada kimler verdi? Bu kitap \u00e7al\u0131\u015fmas\u0131n\u0131n amac\u0131 ne idi?<\/p>\n<p><strong>Cevap : <\/strong>Ben  20 y\u0131ld\u0131r muhabirlik yapt\u0131m, binlerce habere imza att\u0131m. Bug\u00fcne kadar  kimsenin talimat\u0131yla bir haber yazd\u0131m ne de kimsenin talimat\u0131yla  yazd\u0131\u011f\u0131m haberi geri \u00e7ektim. Gazetecilikle ilgilendi\u011fim alan Hak odakl\u0131  habercilik yapmakt\u0131r. Ge\u00e7mi\u015fte bir\u00e7ok g\u00f6zalt\u0131nda kay\u0131p ve faili me\u00e7hul  olaylarla ilgili haberler yapt\u0131m, bug\u00fcne kadar hi\u00e7bir tanesi tekzip  edilmemi\u015ftir. En son Ergenekon davas\u0131yla alakal\u0131 iki ciltlik bir kitab\u0131  kaleme ald\u0131m. 40 Kat\u0131r, 40 Sat\u0131r ba\u015fl\u0131kl\u0131 bir kitapt\u0131. Ergenekonun ilk 5  iddianamesine dayan\u0131larak haz\u0131rlanan kitab\u0131n ilk cildinde kontr gerilla  ve Ergenekonu anlama k\u0131lavuzu ba\u015fl\u0131\u011f\u0131n\u0131 ta\u015f\u0131yordu. T\u00fcrkiye&#8217;de derin  devlet denen yap\u0131n\u0131n 1950 y\u0131l\u0131nda Seferlik Tetkik Kurulu ad\u0131yla  ba\u015flat\u0131lan harekette gelinen s\u00fcre\u00e7te ana ba\u015fl\u0131k olarak adland\u0131r\u0131lan  \u015eemdinli, Susurluk ve Jitem olarak ayr\u0131ca de\u011ferlendirdi\u011fimiz \u00fc\u00e7 b\u00f6l\u00fcmde  derin devlet yap\u0131s\u0131 ve faaliyetlerini 2007 y\u0131l\u0131na kadar getirdim. Sonra  da Ergenekon ad\u0131yla ya\u015fanan s\u00fcreci anlatt\u0131m. Kendi tespitlerimizden yola  \u00e7\u0131karak olumlu ya da olumsuz yanlar\u0131n\u0131 yorumlamaya \u00e7al\u0131\u015ft\u0131k. Be bu  \u00e7al\u0131\u015fmay\u0131 Ertu\u011frul Mavio\u011flu ile yapt\u0131m. \u0130kinci ciltte 5. \u0130ddianamenin  \u015f\u00fcphelilerinin \u015fecerelerini ve kim oldu\u011funu anlat\u0131yordum.  \u0130ddianamelerden ve medyada \u00e7\u0131kan haberlerden yola \u00e7\u0131k\u0131yordum.<\/p>\n<p><strong>*Nedim \u015eENER&#8217;le ba\u015fka \u00e7al\u0131\u015fmalar yapt\u0131n\u0131z m\u0131?<\/strong><\/p>\n<p><strong>Cevap : <\/strong>Yoktur. Herhangi bir kitap \u00e7al\u0131\u015fmas\u0131 yapmad\u0131m. Benim birka\u00e7 ayd\u0131r tek ba\u015f\u0131ma \u00e7al\u0131\u015ft\u0131\u011f\u0131m bir kitap vard\u0131r.<\/p>\n<p><strong>Soruldu :<\/strong> ODATV de yap\u0131lan aramada ele ge\u00e7irilen dijital veriler i\u00e7ersinde <strong>&#8220;SABR\u0130 UZUN&#8221;<\/strong> isimli word belgesi bulunmu\u015f, bu belgesinin i\u00e7eri\u011finde yazan notlara  bak\u0131ld\u0131\u011f\u0131nda; yine Ergenekon ter\u00f6r \u00f6rg\u00fct\u00fcn\u00fcn talimatlar\u0131 ve  y\u00f6nlendirmesi ile sizin Nedim \u015eener&#8217;le birlikte &#8220;HAL\u0130\u00c7TE YA\u015eAYAN  S\u0130MONLAR&#8221; isimli kitaba benzer bir kitap \u00e7al\u0131\u015fmas\u0131 i\u00e7erisinde oldu\u011funuz  ve bu kitab\u0131 da Emniyet M\u00fcd\u00fcr\u00fc Sabri UZUN ismi ile yay\u0131nlamay\u0131  planlad\u0131\u011f\u0131n\u0131z anla\u015f\u0131lm\u0131\u015ft\u0131r.<\/p>\n<p><strong>&#8220;SABR\u0130 UZUN&#8221; isimli word belgesinde yazan notlara bak\u0131ld\u0131\u011f\u0131nda;<br \/>\n<\/strong><em>&#8220;Sabr\u0131n\u0131n  Kitap konusunda \u00e7ekincesi var ikna etmeye \u00e7al\u0131\u015fal\u0131m,\u00a0 kitab\u0131 se\u00e7imden  \u00f6nce yeti\u015fmeli. Nedim Ahmet \u015e\u0131k&#8217;la bu konuda g\u00f6r\u00fc\u015fs\u00fcn,<br \/>\nKitaba  \u00e7al\u0131\u015f\u0131rken cesur olun. \u00c7\u0131karma ve ekleme yapmaktan \u00e7ekinmeyin. Bu kitap  Simondan daha kapsaml\u0131 olmal\u0131. Nedimi kutlar\u0131m. Ahmet&#8217;i \u00e7al\u0131\u015ft\u0131rs\u0131n.<br \/>\nHanefi \u00e7\u0131kacak ve size kat\u0131lacak. Emin ve Sabri &#8216;ye moral verin. Sabri ad\u0131yla \u00e7\u0131kmas\u0131na zorlay\u0131n.<br \/>\n\u00c7abuk olmas\u0131 \u015fart. Se\u00e7imden \u00f6nce yeti\u015fsin.&#8221; <\/em>\u015feklinde  notlar\u0131n yaz\u0131l\u0131 oldu\u011fu tespit edilmi\u015ftir. Bahse konu word dosyas\u0131n\u0131n  teknik \u00f6zelliklerine bak\u0131ld\u0131\u011f\u0131nda 20.12.2010 11:29 tarihinde <strong>&#8220;Soner&#8221;<\/strong> isimli kullan\u0131c\u0131 taraf\u0131ndan olu\u015fturuldu\u011fu anla\u015f\u0131lm\u0131\u015ft\u0131r. Bu ba\u011flamda  bahse konu notlar\u0131n Soner YAL\u00c7IN taraf\u0131ndan haz\u0131rland\u0131\u011f\u0131 anla\u015f\u0131lm\u0131\u015ft\u0131r.<\/p>\n<p>Ayr\u0131ca bu notun bulundu\u011fu bilgisayarda <strong>&#8220;000KITAP.docx&#8221; <\/strong>isimli vvord dosyas\u0131 bulunmu\u015f ve bu dosya i\u00e7ersinde &#8220;\u0130mam\u0131n Ordusu&#8221; ba\u015fl\u0131kl\u0131 bir kitap \u00e7al\u0131\u015fmas\u0131 oldu\u011fu tespit edilmi\u015ftir.<\/p>\n<p>*\u00a0Sabri UZUN&#8217;u tan\u0131yor musunuz? Tan\u0131yorsan\u0131z aran\u0131zdaki ili\u015fki nedir? Bu kitab\u0131n yaz\u0131m\u0131nda g\u00f6rev alman\u0131zdaki ama\u00e7 nedir?<\/p>\n<p>*Bu kitap \u00e7al\u0131\u015fmas\u0131 ile ilgili kimlerle g\u00f6r\u00fc\u015fme yapt\u0131n\u0131z? Bu  g\u00f6r\u00fc\u015fmelerde ne t\u00fcr kararlar ald\u0131n\u0131z? Sabri UZUN&#8217;u ikna etmek i\u00e7in  g\u00f6r\u00fc\u015fme yapt\u0131n\u0131z m\u0131? Bu g\u00f6r\u00fc\u015fmeyi kim yada kimler yapt\u0131? Neler  konu\u015fuldu?<\/p>\n<p><strong>Cevap : <\/strong>Yukar\u0131daki notlar\u0131 ben  yazmad\u0131m, kimin yazd\u0131\u011f\u0131n\u0131 da bilmiyorum. \u00d6ncelikle yukar\u0131da ge\u00e7en  &#8220;000KITAP.docx&#8221; benim yazd\u0131\u011f\u0131m kitaba verdi\u011fim bir isimdir. Bu kitab\u0131n  ismini Soner Yal\u00e7\u0131n&#8217;m bilgisayar\u0131nda ne arad\u0131\u011f\u0131n\u0131 ben bilmiyorum. Sizden  de bunu ayd\u0131nlatman\u0131z\u0131 istiyorum.<\/p>\n<p>Ben Sabri Uzun&#8217;u gazetecilik  yapt\u0131\u011f\u0131m d\u00f6nemden tan\u0131yorum, uzun d\u00f6nem \u0130stihbarat Daire Ba\u015fkanl\u0131\u011f\u0131  yapm\u0131\u015f ki\u015fidir. Kendisi bu d\u00f6nemde g\u00f6r\u00fc\u015fmemize sebep olan Habert\u00fcrk  Gazetesi&#8217;nde Fatih Altayl\u0131&#8217;nm k\u00f6\u015fesinde yay\u0131nlanan Sabri Uzun&#8217;dan mektup  ba\u015fl\u0131\u011f\u0131 alt\u0131nda yay\u0131nlanan haberle alakal\u0131d\u0131r. Mektupta ilgin\u00e7 \u015feyler  vard\u0131, Sabri Uzun mektubun bir yerinde Ergenekonun 2001 ve 2006 y\u0131l\u0131nda  kar\u015f\u0131s\u0131na \u00e7\u0131kt\u0131\u011f\u0131n\u0131 yaz\u0131yordu. Bir ba\u015fka yerinde de g\u00f6revden al\u0131nmas\u0131na  neden oldu\u011fu \u015eemdinli olaylar\u0131na ili\u015fkin bilgi notunu kendisinin  yazmad\u0131\u011f\u0131n\u0131, ancak \u00fcst\u00fcne kald\u0131\u011f\u0131n\u0131 s\u00f6yl\u00fcyordu. Bilgi notu sebebiyle  Ya\u015far B\u00fcy\u00fckan\u0131t Sabri Uzun&#8217;u ben g\u00f6revden ald\u0131rtt\u0131m diye a\u00e7\u0131klama  yap\u0131yordu. Benim i\u00e7in \u00e7ok dikkat \u00e7ekiciydi, Sabri Uzun&#8217;u arad\u0131m, ben  devlet memuru terbiyesi ald\u0131m bu konuyla alakal\u0131 bir a\u00e7\u0131klama  yapmayaca\u011f\u0131m. Bende kendisini bir gazeteci olarak aramad\u0131\u011f\u0131m\u0131, ki\u015fisel  merak\u0131m\u0131 gidermek i\u00e7in arad\u0131\u011f\u0131m\u0131 ve bir kitap \u00e7al\u0131\u015fmas\u0131 yapt\u0131\u011f\u0131m\u0131  s\u00f6yledim. Ergenekonla ilgili de daha \u00f6nceden kitap yazd\u0131\u011f\u0131m\u0131 s\u00f6yledim ve  kitab\u0131 g\u00f6rmek istedi\u011fini s\u00f6yledi. Bende adresini al\u0131p kendisine  g\u00f6nderdim. Soner Yal\u00e7\u0131n&#8217;\u0131n bilgisayar\u0131nda \u00e7\u0131kan Sabri Uzun&#8217;un adresi de  bu nedenle al\u0131nm\u0131\u015f bir adrestir. Ben bunu bir ka\u011f\u0131da yazd\u0131m, kitap  \u00e7al\u0131\u015fmas\u0131 yaparken de vvord dosyas\u0131n\u0131n i\u00e7erisine ekledim. Ben bu  bilginin Soner Yal\u00e7\u0131n&#8217;m bilgisayar\u0131na nas\u0131l gitti\u011fini bilmiyorum. Ben bu  kitab\u0131 kendi tercihimle yazd\u0131m, herhangi bir ki\u015fiden talimat almad\u0131m.<\/p>\n<p>*\u00a0Haz\u0131rlad\u0131\u011f\u0131n\u0131z bu kitab\u0131n \u00f6zellikle Sabri UZUN ismi ile \u00e7\u0131kart\u0131lmaya \u00e7al\u0131\u015f\u0131lmas\u0131n\u0131n amac\u0131 nedir?<\/p>\n<p><strong>Cevap : <\/strong>Ben  Sabri Uzun&#8217;la kitap \u00e7\u0131karmaya \u00e7al\u0131\u015fmad\u0131m, aksine Sabri Uzun kitab\u0131n  i\u00e7erisinde ge\u00e7en Emin Aslan gibi \u00f6znelerden biridir. Hanefi Avc\u0131, Emin  Aslan, Sabri Uzun ve son d\u00f6nemde g\u00f6revden alman baz\u0131 Emniyet  M\u00fcd\u00fcrlerinin isimleri vard\u0131r. Baz\u0131lar\u0131yla g\u00f6r\u00fc\u015ft\u00fcm, baz\u0131lar\u0131 da  g\u00f6r\u00fc\u015fmeyi kabul etmedi.<\/p>\n<p>Kitap yazmaktaki amac\u0131m Hanefi Avc\u0131&#8217;nm  kitab\u0131n\u0131 okuduktan sonra kendisiyle Susurluk d\u00f6neminden tan\u0131\u015f\u0131yoruz.  Hanefi Avc\u0131&#8217;n\u0131n i\u015fkenceci sicili oldu\u011funa y\u00f6nelik ilk haber yapan benim.  Haber Radikal Gazetesi&#8217;nde yay\u0131nlanm\u0131\u015ft\u0131, haber yay\u0131nland\u0131ktan sonra  beni arad\u0131. Haberde yer alan i\u015fkence ma\u011fduru ki\u015fiyle y\u00fczle\u015fmek  istedi\u011fini s\u00f6yledi. Ma\u011fdur ki\u015fiye s\u00f6yledim, kendisi tek gidemeyece\u011fini  s\u00f6yledi, beraber gittik ve kendisiyle Hanefi Avc\u0131 ile tan\u0131\u015ft\u0131k. Sonra  ma\u011fdurla birlikte sanki arkada\u015fm\u0131\u015f gibi konu\u015fmaya ba\u015flad\u0131lar, Hanefi  Avc\u0131 \u00f6z\u00fcr diledi, bir s\u00fcre sohbet ettiler. Ben bu olay\u0131 da gazetede  yazm\u0131\u015ft\u0131m. Hanefi Avc\u0131 ile tan\u0131\u015f\u0131kl\u0131\u011f\u0131m buradan gelir, o tarihten sonra  y\u00fcz y\u00fcze g\u00f6r\u00fc\u015fmedik, bayramlarda telefonla\u015ft\u0131\u011f\u0131m olmu\u015ftur. Kitaptan  sonra ben kendisini arad\u0131m. Kendisinin arad\u0131m, kitab\u0131n\u0131n cemaatla ilgili  k\u0131sm\u0131n\u0131n do\u011fru oldu\u011funu, i\u00e7eriden bir sistem ele\u015ftirisi olarak  g\u00f6rd\u00fc\u011f\u00fcm\u00fc, ancak birinci k\u0131sm\u0131nda i\u015fkenceci olarak kendisiyle  y\u00fczle\u015femedi\u011fini ve Dan\u0131\u015ftay ve Hrant Dink suikastlerinin polisiye bir  g\u00f6zle yorumlad\u0131\u011f\u0131n\u0131 eksiklik olarak yorumlad\u0131\u011f\u0131m\u0131 s\u00f6yledim. Kendisi de  i\u015fkence konusuna bu kitapta yer vermeyece\u011fini, di\u011fer konular\u0131n da kendi  yorumu oldu\u011funu s\u00f6yledi. Ke\u015fke i\u015fkence konusunda birisinin benimle  s\u00f6yle\u015fi yapmas\u0131 iyi olurdu dedi. Ben y\u0131llarca hak ihlalleri \u00fczerine  \u00e7al\u0131\u015fan birisi oldu\u011fum i\u00e7in kendisiyle bu konuda s\u00f6yleyi\u015fi  yapabilece\u011fimi s\u00f6yledim, o da kabul etti\u011fini s\u00f6yledi. Ayn\u0131 zamanda  kitab\u0131nda Emniyetten bir tak\u0131m komplolarla uzakla\u015ft\u0131r\u0131ld\u0131\u011f\u0131n\u0131 iddia  etti\u011fi Polis M\u00fcd\u00fcrlerinin ad\u0131 ge\u00e7iyordu. Bende bu konular\u0131 ayr\u0131 bir  kitapta toplay\u0131p ara\u015ft\u0131rmak istedi\u011fimi s\u00f6yledim. Ben bunlar\u0131n hepsini  tan\u0131m\u0131yorum dedi. Emin Aslan&#8217;\u0131n telefonunu verdi. Bende bunun \u00fczerine  Emin Aslan&#8217;la g\u00f6r\u00fc\u015fmeye ba\u015flad\u0131m. Emin Aslan&#8217;la birlikte 2 Emniyet  M\u00fcd\u00fcr\u00fc Murat Nemutlu ve Mustafa Aral, Sabri Uzun&#8217;un \u0130stihbarat Daire  Ba\u015fkanl\u0131\u011f\u0131ndan al\u0131nan s\u00fcre\u00e7 ve Hanefi Avc\u0131&#8217;n\u0131n yazd\u0131\u011f\u0131 kitaptan sonra  tutuklanmas\u0131yla alakal\u0131 ya\u015fanan s\u00fcre\u00e7leri kitab\u0131mda anlatacakt\u0131m.<\/p>\n<p><strong>Soruldu\u00a0:<\/strong> \u0130\u015f\u00e7i Partisi Genel Merkezinde yap\u0131lan aramalarda, (6) sayfal\u0131k &#8220;Haluk<br \/>\n\u015eahin geldi&#8221; ibaresi ile ba\u015flayan el yazmas\u0131 dok\u00fcman ele ge\u00e7irilmi\u015ftir. Bu belgenin bir b\u00f6l\u00fcm\u00fcnde <strong>&#8220;Sabri Uzunun kar\u0131 aleminde fotolar\u0131 var&#8221; <\/strong>\u015feklinde notlar\u0131n yaz\u0131l\u0131 oldu\u011fu g\u00f6r\u00fclm\u00fc\u015ft\u00fcr.<\/p>\n<p>*Bu notlardan herhangi bir bilginiz var m\u0131? Bu notlarla Sabri UZUN  ismiyle \u00e7\u0131kart\u0131lmaya \u00e7al\u0131\u015f\u0131lan kitab\u0131n ne t\u00fcr bir ilgisi bulunmaktad\u0131r?  \u00d6rg\u00fct\u00fcn stratejisi gere\u011fi bu notlar ve i\u00e7eri\u011finde ki foto\u011fraflar  yazd\u0131r\u0131lmas\u0131 planlanan kitap \u00e7al\u0131\u015fmas\u0131nda kullan\u0131lm\u0131\u015f m\u0131d\u0131r?<\/p>\n<p><strong>Cevap : <\/strong>Bu konuda herhangi bir bilgim yoktur.<\/p>\n<p><strong>Soruldu\u00a0: &#8220;000KITAP.docx&#8221; isimli word dosyas\u0131ndaki &#8220;\u0130mam\u0131n Ordusu&#8221;<br \/>\nba\u015fl\u0131kl\u0131 kitap \u00e7al\u0131\u015fmas\u0131n\u0131n i\u00e7eri\u011fine bak\u0131ld\u0131\u011f\u0131nda, de\u011fi\u015fik yerlerde  k\u0131rm\u0131z\u0131 renkle ve b\u00fcy\u00fck harfle yaz\u0131lm\u0131\u015f \u00e7e\u015fitli notlar\u0131n bulundu\u011fu, bu  notlar i\u00e7ersinde, &#8220;BURADA DGM \u0130DD\u0130ANAMES\u0130NDEK\u0130 KASET \u00c7\u00d6Z\u00dcMLER\u0130N\u0130  AYRINTISIYLA G\u0130REB\u0130L\u0130R\u0130Z. BAKACA\u011eIZ&#8221; BURADAN \u0130T\u0130BAREN EM\u0130N ARSLAN OLAYI  ARDINDAN MUSTAFA G\u00dcLC\u00dc VE CELAL UZUNKAYA \u0130LE FARUK \u00dcNSEL ANLATILACAK.&#8221;  &#8220;K\u0130TABIN \u0130LG\u0130L\u0130 B\u00d6L\u00dcM\u00dcNE NURETT\u0130N VEREN OLAYINI DA EKLERSEK FENA OLMAZ  UNUTMA&#8221; \u015feklinde notlar yaz\u0131l\u0131 oldu\u011fu g\u00f6r\u00fclm\u00fc\u015ft\u00fcr.<\/strong><\/p>\n<p><strong>Bu  notlar\u0131 kimler yazm\u0131\u015ft\u0131r? Bu notlar\u0131n bulundu\u011fu yerlere yap\u0131lacak  eklemelerle ilgili ne t\u00fcr \u00e7al\u0131\u015fmalar yap\u0131ld\u0131? Bu \u00e7al\u0131\u015fmalar\u0131 kimler  yapt\u0131? Bu konuda siz ne t\u00fcr \u00e7al\u0131\u015fmalar yapt\u0131n\u0131z?<\/strong><\/p>\n<p><strong>Cevap: <\/strong>Bu  notlar kendi kendime \u00e7al\u0131\u015f\u0131rken benim kendime sordu\u011fum sorulardan  olu\u015fmaktad\u0131r. Ya da konusu kitab\u0131n i\u00e7erisinde ge\u00e7ecek ayr\u0131nt\u0131lardan  olu\u015fmaktad\u0131r. Ben yazd\u0131\u011f\u0131m notlar\u0131 bazen siliyor, bazen de  de\u011fi\u015ftiriyordum. Bu kitab\u0131 tamamen tek ba\u015f\u0131ma yazd\u0131m. Ben bu konudaki  yaz\u0131lar\u0131n Soner Yal\u00e7\u0131n&#8217;\u0131n bilgisayar\u0131nda \u00e7\u0131kan haberlerden \u00f6\u011frendim. Bu  konuda Star Gazetesi&#8217;nde de haber \u00e7\u0131k\u0131nca oraya da yaz\u0131l\u0131 bilgi notu  g\u00f6nderdim. Bu notlar benim kendi kendime sordu\u011fum sorular ve notlard\u0131r.  Herhangi birinin yazmas\u0131 ve yazd\u0131rmas\u0131 sonucu olu\u015fmu\u015f de\u011fildir, kimseden  bu konuda talimat almad\u0131m. Bu notlar kitab\u0131m\u0131n 3 ay \u00f6nceki haliydi. Ben  tahminen Soner Yal\u00e7\u0131n&#8217;\u0131n bilgisayar\u0131na da bu bilgilerin Aral\u0131k ay\u0131nda  y\u00fcklendi\u011fini d\u00fc\u015f\u00fcn\u00fcyorum. Kendileri bunun bir vir\u00fcs yoluyla  g\u00f6nderildi\u011fini s\u00f6yl\u00fcyorlar. Eyl\u00fcl ay\u0131nda bu kitap bu kadar yol alm\u0131\u015f  de\u011fildi.<\/p>\n<p><strong>Soruldu : <\/strong>S\u00f6z konusu notlar aras\u0131nda; <strong>TURGUT  \u00d6ZAL ZAMANINDA BAZI YASAL DE\u011e\u0130\u015e\u0130KL\u0130KLER YAPILMI\u015eTI. EMN\u0130YETTE B\u0130R TAKIM  YAPISAL DE\u011e\u0130\u015e\u0130KL\u0130KLERE G\u0130D\u0130LEN BU YASALAR VE D\u00dcZENLEMELERLE \u0130LG\u0130L\u0130 AMA\u00c7  ASKERE KAR\u015eI DAHNA G\u00dc\u00c7L\u00dc DURACAK S\u0130LAHLI B\u0130R G\u00dc\u00c7 OLAN POL\u0130S TE\u015eK\u0130LATI  YARATMAKTI. SONRA 1995-96 \u00c7\u0130LLER ZAMANINDA BU D\u00dcZENLEMELER GEN\u0130\u015eLET\u0130LMEK  \u0130STEND\u0130. HATTA A\u011eIR S\u0130LAHLAR ALINACAKTI EMN\u0130YETE AMA ORDU KARYI \u00c7IKTI,  H\u00dcK\u00dcMET\u0130 H\u0130ZAYA GET\u0130RD\u0130!!! BU \u00c7ER\u00c7EVEDE AKP ZAMANINDA BU VE BENZER\u0130  M\u0130NVALDE YAPILMI\u015e YASAL D\u00dcZENLEME OLMU\u015e MU BAKALIM.&#8221;<\/strong> \u015eeklinde  notlar oldu\u011fu sizinde s\u00f6z konusu kitab\u0131n haz\u0131rlanmas\u0131 a\u015famas\u0131nda Oda  Tv&#8217;ye y\u00f6nelik yap\u0131lan operasyonlar\u0131n ard\u0131ndan kitab\u0131n\u0131 bas\u0131m\u0131n\u0131  h\u0131zland\u0131rmaya \u00e7al\u0131\u015ft\u0131\u011f\u0131n\u0131z ve s\u00f6z konusu nottaki b\u00f6l\u00fcmleri tamamlamak  i\u00e7in faaliyetler y\u00fcr\u00fctt\u00fc\u011f\u00fcn\u00fcz anla\u015f\u0131lm\u0131\u015ft\u0131r.<\/p>\n<p><strong>01.03.2011 <\/strong>g\u00fcn\u00fc saat:13.19&#8217;da <strong>Ahmet \u015eIK <\/strong>ile <strong>Hasan \u00d6ZDEM\u0130R<\/strong>&#8216;in  yapt\u0131\u011f\u0131 telefon g\u00f6r\u00fc\u015fmesinde \u00f6zetle; A. \u015eIK&#8217;m &#8220;Hasan bey bir ricam  olacak daha do\u011frusu bir yard\u0131ma ihtiyac\u0131m olacak bir kitap <strong>haz\u0131rl\u0131yorum <\/strong>da bu <strong>kitab\u0131n <\/strong>i\u00e7erisinde <strong>bu <\/strong>son silah yasa <strong>tasar\u0131s\u0131n\u0131 da <\/strong>anlatan <strong>bir <\/strong>b\u00f6l\u00fcm de mevcut&#8221; <strong>&#8220;Sizin  de muhalefet \u015ferhiniz vard\u0131 o yasaya ili\u015fkin bas\u0131na da bir bu\u00e7uk y\u0131l  \u00f6nce polise a\u011f\u0131r silah alma yetkisi tan\u0131yor diye ele\u015ftirisel bir bi\u00e7imde  yans\u0131m\u0131\u015ft\u0131 ama sonradan baz\u0131 gazetelerde asl\u0131nda polisin zaten  emniyetin bu t\u00fcr silah alma yetkisinin bulundu\u011funa ili\u015fkin bir tak\u0131m  haberler yay\u0131nland\u0131&#8221; &#8220;Siz eski bir emniyet\u00e7isiniz acaba yasa ger\u00e7ekten  ele\u015ftirildi\u011fi gibi polise yeni a\u011f\u0131r silah alma yetkisi tan\u0131yor mu  tan\u0131m\u0131yor mu benimde kafam kar\u0131\u015ft\u0131&#8221; <\/strong>dedi\u011fi, H.\u00d6ZDEM\u0130R&#8217;in de \u00f6zetle; <strong>&#8220;\u0130\u00e7i\u015fleri  komisyonunda onun daha \u00f6l\u00e7\u00fclmesi laz\u0131m yani daha taslak halinde&#8221; &#8220;\u015eu  anda bir \u015fey s\u00f6ylememiz size \u00e7ok b\u00fcy\u00fck bir \u015fey getirmeyecek yani&#8230;  de\u011fil&#8221;<\/strong> dedi\u011fi anla\u015f\u0131lm\u0131\u015ft\u0131r.<\/p>\n<p>Bu g\u00f6r\u00fc\u015fmeye bak\u0131ld\u0131\u011f\u0131nda  kitaba eklenmesi planlanan konularla ilgili \u00e7al\u0131\u015fma yapt\u0131\u011f\u0131n\u0131z ve bilgi  almaya \u00e7al\u0131\u015ft\u0131\u011f\u0131n\u0131z anla\u015f\u0131lm\u0131\u015ft\u0131r.<\/p>\n<p>Bu konularla ilgili \u00e7al\u0131\u015fma yapman\u0131z\u0131 kim yada kimler s\u00f6yledi? Bu \u00e7al\u0131\u015fmalar\u0131 kimlerle birlikte yapt\u0131n\u0131z?<\/p>\n<p><strong>Cevap: <\/strong>Yukar\u0131daki  notlar benim kitab\u0131mla alakal\u0131 notlard\u0131r, bu notlar da yine benim  yazd\u0131\u011f\u0131m notlard\u0131r, bu notlarda Aral\u0131k ayma ait notlar olabilir.  Kitab\u0131mda yer vermek istedi\u011fim konulardan biri de buydu. G\u00f6r\u00fc\u015fmemle  alakal\u0131 MHP Milletvekili Eski Emniyet M\u00fcd\u00fcr\u00fc Hasan \u00d6zdemir&#8217;in silah  tasar\u0131s\u0131 kanunuyla alakal\u0131 bir muhalefetini g\u00f6rd\u00fcm. Bu konuyu en iyi  onun bilebilece\u011fini d\u00fc\u015f\u00fcnd\u00fc\u011f\u00fcmden bu konuda bilgi alma amac\u0131yla bir soru  sordum, ancak yeterli cevab\u0131 alamad\u0131m.<\/p>\n<p><strong>Soruldu\u00a0: 01.03.2011 <\/strong>g\u00fcn\u00fc saat:16.56&#8217;da <strong>Ahmet \u015eIK <\/strong>ile <strong>Necati<\/strong>&#8216;nin yapt\u0131\u011f\u0131 telefon<br \/>\ng\u00f6r\u00fc\u015fmesinde \u00f6zetle; A.\u015eIK&#8217;\u0131n <strong>&#8220;Kitap  i\u015fleriyle filan u\u011fra\u015f\u0131yorum birazda o nedenle arad\u0131m bir yeni bir kitap  \u00e7al\u0131\u015f\u0131yorum da kitab\u0131n Emniyetteki Fethullahc\u0131 \u00f6rg\u00fctlenmeye ili\u015fkin bir  kitap \u015fimdi bir \u015fey \u00f6\u011frenmeye \u00e7al\u0131\u015f\u0131yorum en son birisiyle konu\u015ftum  dediler ki g\u00fcmr\u00fck i\u015fleriyle u\u011fra\u015fanlar bilir \u015fimdi bu bi mevzuat  yay\u0131nland\u0131 ya askere a\u011f\u0131r silah al\u0131m\u0131n\u0131n \u00f6n\u00fcn\u00fc a\u00e7\u0131yor diye bir mevzuat  yay\u0131nlanm\u0131\u015ft\u0131 ben size onu hemen s\u00f6yleyece\u011fim \u015fimdi ne oldu\u011funu&#8221;<\/strong> &#8220;Anlad\u0131m ya a\u00e7\u0131k\u00e7as\u0131 ASLINDA B\u0130RAZ ACELEM VAR <strong>\u015f\u00f6yleki bu en son <\/strong>Soner YAL\u00c7\u0130N <strong>soru\u015fturmas\u0131 <\/strong>var  ya benim ad\u0131m\u0131 bir \u015fekilde o soru\u015fturmaya bula\u015ft\u0131rd\u0131lar ki bu adamlarla  hi\u00e7 bir ilgim olmamas\u0131na ra\u011fmen ve \u00fczerinde \u00e7al\u0131\u015ft\u0131\u011f\u0131m kitap da elde  edilmi\u015f ve <strong>Soner YAL\u00c7IN \u0131n bilgisayar\u0131nda \u00e7\u0131km\u0131\u015f ve kitab\u0131 ve  beni itibars\u0131zla\u015ft\u0131rmaya y\u00f6nelik bir kampanya haline d\u00f6nd\u00fc bu bende  kitap bitmeden yay\u0131nlamaya karar verdim <\/strong>hani \u015fu \u015faibe ortadan  kalks\u0131n diye biraz yaz\u0131lanlardan \u00e7izilenlerden \u00fcrkt\u00fcler anlad\u0131\u011f\u0131m  kadar\u0131yla ve asl\u0131nda medyaya da yans\u0131m\u0131\u015ft\u0131 bu i\u015fte polise a\u011f\u0131r silah  alma yetkisi mi tan\u0131yor vesaire diye sonra ba\u015fka yay\u0131n organlar\u0131nda yok  bu \u00f6yle de\u011fil <strong>asl\u0131nda polislerin zaten b\u00f6yle bir hakk\u0131 varm\u0131\u015f  gibi filan yorumland\u0131 a\u00e7\u0131k\u00e7as\u0131 kafam kar\u0131\u015ft\u0131 internetten ara\u015ft\u0131r\u0131yorum  mevzuat\u0131 filan \u00e7ok teknik yazm\u0131\u015flar 93 01 kapsam\u0131nda silahlar peki o ne  tank top t\u00fcfek mi hi\u00e7 bir fikrim yok a\u00e7\u0131k\u00e7as\u0131&#8221; <\/strong>dedi\u011fi, Necati&#8217;nin <strong>&#8220;Evet,  \u015fimdi onlar daha \u00e7ok \u015fey b\u00f6yle makineli falan \u015feyler var ya onlarla  ilgili o Soner YAL\u00c7IN konusunda da bizim onunla bir davam\u0131z var haberin  olsun Cem ERSEVER in kitab\u0131nda benden bahsetmi\u015f bir konuda&#8221; <\/strong>dedi\u011fi, A.\u015eIK&#8217;\u0131n <strong>&#8220;Hangi silahlar bunun kapsam\u0131na giriyor onu \u00f6\u011frensem yeterli asl\u0131nda benim i\u00e7in&#8221; <\/strong>dedi\u011fi, Necati&#8217;nin <strong>&#8220;Bir  iki c\u00fcmle s\u00f6yleyece\u011fim \u015fimdi Soner konusunda \u00e7ok dikkatli olun niye  biliyor musunuz o konu da bizim elimizde \u00e7ok yani o grupla bahsetti\u011fin  gruplardan de\u011fil de ba\u015fka kaynaklardan \u00e7ok \u00f6nemli bilgiler var yani  ondan &#8230;&#8221;<\/strong> dedi\u011fi, A.\u015eIK&#8217;\u0131n <strong>&#8220;\u00d6yle ben bir ara sizin b\u00fcroya u\u011frar\u0131m o zaman y\u00fcz y\u00fcze konu\u015fmu\u015f oluruz&#8221; <\/strong>dedi\u011fi, Necati&#8217;nin &#8220;Ben size \u015f\u00f6yle s\u00f6yleyeyim, \u015f\u00f6yle s\u00f6yleyeyim bu o yazd\u0131klar\u0131 kitaplar bilgiler kendisine ait de\u011fil \u015fimdi <strong>ben onu mahkemeye \u00e7a\u011f\u0131rtt\u0131rd\u0131m tamam m\u0131 orada benim yapmad\u0131\u011f\u0131m bir soru\u015fturmay\u0131 benden yapt\u0131 diye yazm\u0131\u015f getirttik belgeleri&#8221; <\/strong>dedi\u011fi, A.\u015eIK&#8217;\u0131n <strong>&#8220;\u00c7\u00dcNK\u00dc B\u00d6YLE YAZMASI \u0130STENM\u0130\u015eT\u0130R ONDAN DA O Y\u00dcZDEN&#8221; <\/strong>dedi\u011fi, Necati&#8217;nin <strong>&#8220;Hay\u0131r yazan zaten bir servis &#8230; \u015fuanda onun i\u00e7eriye al\u0131nmas\u0131n\u0131n sebebi gazetecilik de\u011fil servislerle ba\u011flant\u0131s\u0131 var tamam m\u0131&#8221; <\/strong>dedi\u011fi, A.\u015eIK&#8217;\u0131n <strong>&#8220;EVET EVET \u00d6ZELL\u0130KLE \u0130SRA\u0130L \u0130LE&#8221; <\/strong>dedi\u011fi anla\u015f\u0131lm\u0131\u015ft\u0131r.<\/p>\n<p>*Oda TV&#8217;den ele ge\u00e7en belgelerden 2011 Haziran se\u00e7imlerinden \u00f6nce  \u00e7\u0131karmaya \u00e7al\u0131\u015ft\u0131\u011f\u0131n\u0131z kitab\u0131 Oda TV&#8217;de yap\u0131lan aramalardan sonra bir an  \u00f6nce yay\u0131nlamak i\u00e7in faaliyetler y\u00fcr\u00fctt\u00fc\u011f\u00fcn\u00fcz anla\u015f\u0131lm\u0131\u015ft\u0131r. Ne ama\u00e7la  kitab\u0131 bir an \u00f6nce yay\u0131nlama karar\u0131 ald\u0131n\u0131z?<\/p>\n<p>*Necati isimli  \u015fah\u0131sla yapm\u0131\u015f oldu\u011funuz g\u00f6r\u00fc\u015fmede Soner YAL\u00c7IN&#8217;\u0131n yazm\u0131\u015f oldu\u011fu  kitaplarla alak\u0131l olarak &#8220;B\u00d6YLE YAZMASI \u0130STENM\u0130\u015eT\u0130R&#8221; demenizin nedeni  nedir?<\/p>\n<p>* Soner Yal\u00e7\u0131n&#8217;\u0131n \u0130srail&#8217;le ba\u011flant\u0131l\u0131 oldu\u011funu s\u00f6ylemenizin nedeni nedir?<\/p>\n<p><strong>Cevap : <\/strong>Benim  kitab\u0131m\u0131n \u00e7\u0131k\u0131\u015f tarihi tahminin olarak Nisan ay\u0131n\u0131n ortas\u0131 olacakt\u0131.  Hen\u00fcz tamamlanmam\u0131\u015ft\u0131, tamamlanacak unsurlardan biri Polise a\u011f\u0131r silah  alma yetkisi d\u00fczenleyen mevzuat de\u011fi\u015fikli\u011fidir. B\u00f6yle yorumlan\u0131p  yorumlanmayaca\u011f\u0131n\u0131 tam bilemiyorum. \u0130kinci k\u0131sm\u0131 da Hanef\u00ee Avc\u0131&#8217;n\u0131n  tutuklu oldu\u011fu cezaevine yan\u0131tlamas\u0131 amac\u0131yla g\u00f6nderdi\u011fim sorulard\u0131r.  Bana yan\u0131tlayaca\u011f\u0131na dair haber g\u00f6ndermi\u015fti. Yan\u0131tlay\u0131nca kitaba  koyacakt\u0131m, bu s\u00fcrenin Nisan ay\u0131nda tamamlanaca\u011f\u0131n\u0131 d\u00fc\u015f\u00fcn\u00fcyordum. Son  Oda TV olay\u0131nda benim ad\u0131m\u0131n ast\u0131 astar\u0131 olmayan bir bilgi notunda  ge\u00e7mesi ve ayn\u0131 zamanda kitab\u0131n da orada oldu\u011funu anlamam hakk\u0131mda bir  \u015faibe yaratt\u0131. Kitab\u0131mla ilgili de Ergenekonun g\u00fcd\u00fcm\u00fcndeymi\u015fim gibi bir  \u015faibe yaratt\u0131. Konu Avukat\u0131m Fikret \u0130lkiz bilgisi dahilindeydi. Kendisi  kitab\u0131n bir an \u00f6nce yay\u0131nlanmas\u0131 gerekti\u011fini, hakk\u0131nda bir\u00e7ok \u015faibe  olu\u015ftu\u011funu s\u00f6yledi. Yay\u0131nland\u0131\u011f\u0131nda da iddia edildi\u011fi gibi bir kitap  olmad\u0131\u011f\u0131 ortaya \u00e7\u0131kacakt\u0131, bende bunun \u00fczerine bir an evvel yay\u0131nlamak  istedim.<\/p>\n<p>Necati bana g\u00f6r\u00fc\u015fmede Soner Yal\u00e7\u0131n&#8217;la aralar\u0131nda dava  konusu oldu\u011funu s\u00f6yledi. Onun birilerinin talimat\u0131yla yaz\u0131 yazd\u0131\u011f\u0131n\u0131  s\u00f6yledi, bende onu onaylar tarzda b\u00f6yle yazmas\u0131 istenmi\u015f diye yorum  yazd\u0131m.<\/p>\n<p>Oda TV&#8217;ye yap\u0131lan bask\u0131ndan sonra Oda TV&#8217;nin \u0130srail  taraf\u0131ndan y\u00f6nlendirildi\u011fine ili\u015fkin yaz\u0131lar \u00e7\u0131km\u0131\u015ft\u0131. Bende bu  yorumlara kat\u0131lma bab\u0131nda telefonda \u00f6yle s\u00f6yledim.<\/p>\n<p><strong>Soruldu\u00a0: <\/strong>25.02.2011 g\u00fcn\u00fc saat:20.20&#8217;de Ahmet \u015eIK ile Mehmet&#8217;in yapt\u0131\u011f\u0131 telefon<br \/>\ng\u00f6r\u00fc\u015fmesinde \u00f6zetle; A.\u015eIK&#8217;\u0131n &#8220;&#8230;Fikret abiyle konu\u015ftum bu g\u00fcn bana  dedi ki kitab\u0131 tamamlamay\u0131 bekleme hemen kitab\u0131 bas dedi \u015fu \u015faibeyi  ortadan kald\u0131ral\u0131m dedi&#8221; dedi\u011fi, Mehmet&#8217;in &#8220;Ayn\u0131 kanaatteyim sadece yani  benim ki\u015fisel fikrimi sorarsan o d\u00fczeltmeleri yap&#8221; dedi\u011fi, A.\u015eIK&#8217;\u0131n  &#8220;AB\u0130 ONUNLA U\u011eRA\u015e AMAM YA HARB\u00ceDEN B\u0130R DE \u00c7OK ZORLANIRIM YAN\u0130 \u00d6YLE B\u0130R  \u015eEY\u0130M HAL\u0130M VAR YAN\u0130 B\u0130L\u0130YOR MUSUN \u00c7OK SIKILDIM VE BIKTIM yani hele \u015fu  son bir hafta da iyice kusaca\u011f\u0131m yani midem buland\u0131 her\u015feyden ya&#8221; &#8220;Evet  yani bir de o dedi\u011fin \u015feyi yapmadan verdi\u011fimizde de bizim \u00fczerimizde bir  g\u00f6lge kalaca\u011f\u0131n\u0131 d\u00fc\u015f\u00fcnm\u00fcyorum yani benim \u00fczerimde&#8221; dedi\u011fi, Mehmet&#8217;in  &#8220;Yo yo hay\u0131r ben g\u00f6lge kalaca\u011f\u0131 i\u00e7in demiyorum daha g\u00fc\u00e7l\u00fc olursun&#8221;  dedi\u011fi anla\u015f\u0131lm\u0131\u015ft\u0131r.<\/p>\n<p>*Neden g\u00f6r\u00fc\u015fme yapt\u0131\u011f\u0131n\u0131z \u015fahsa bu kitap \u00e7al\u0131\u015fmas\u0131ndan b\u0131kt\u0131\u011f\u0131n\u0131z\u0131 ve s\u0131k\u0131ld\u0131\u011f\u0131n\u0131z\u0131 beyan etmektesiniz?<\/p>\n<p><strong>Cevap : <\/strong>Konu\u015ftu\u011fum  ki\u015fi Mehmet G\u00fc\u00e7 gazeteci bir arkada\u015f\u0131md\u0131r. Konulara vak\u0131f bir ki\u015fidir.  Bir ak\u015fam kendisiyle bulu\u015ftum, kitab\u0131 \u00e7al\u0131\u015ft\u0131\u011f\u0131m\u0131 biliyordu, telefonda  kendisi bana kitab\u0131 kendi yorumundan yazma, al\u0131nt\u0131lara fazla yer verme  diye \u00f6\u011f\u00fct veriyordu. Bende son zamanlarda kitapla alakal\u0131 \u015faibelerden  \u00f6t\u00fcr\u00fc s\u0131k\u0131ld\u0131\u011f\u0131m\u0131 s\u00f6yledim, tekrar bir de\u011fi\u015fiklik yapman\u0131n beni  yoraca\u011f\u0131n\u0131 ifade ettim.<\/p>\n<p><strong>Soruldu :<\/strong> ODATV&#8217;de ele ge\u00e7irilen belgelerden &#8220;Hali\u00e7te Ya\u015fayan Simonlar&#8221; isimli<br \/>\nkitab\u0131n referandum \u00f6ncesinde yay\u0131nlanmas\u0131 i\u00e7in \u00f6rg\u00fct taraf\u0131ndan  faaliyetler y\u00fcr\u00fct\u00fcld\u00fc\u011f\u00fc, Nedim \u015eENER&#8217;le birlikte haz\u0131rlad\u0131\u011f\u0131n\u0131z &#8220;Hali\u00e7te  Ya\u015fayan Simonlar&#8221; kitab\u0131na benzer kitap \u00e7al\u0131\u015fmas\u0131n\u0131 da Haziran 2011  se\u00e7imlerinden \u00f6nce yay\u0131nlatmak i\u00e7in \u00e7al\u0131\u015fmalar yapt\u0131\u011f\u0131n\u0131z anla\u015f\u0131lm\u0131\u015ft\u0131r.<\/p>\n<p>*\u00a0ERGENEKON ter\u00f6r \u00f6rg\u00fct\u00fcn\u00fcn talimatlar\u0131 ile haz\u0131rlanan bu kitaplar\u0131n  \u00f6zellikle referandum ve se\u00e7im \u00f6ncesi \u00e7\u0131kart\u0131lmaya \u00e7al\u0131\u015f\u0131lmas\u0131n\u0131n amac\u0131  nedir? Bu stratejiyi kimler belirliyor?<\/p>\n<p><strong>Cevap : <\/strong>Bu \u00e7al\u0131\u015fma Ergenekonla alakal\u0131 bir \u00e7al\u0131\u015fma de\u011fildir, se\u00e7imle g\u00fcndeme gelmesi tamamen tesad\u00fcft\u00fcr.<\/p>\n<p><strong>Soruldu\u00a0:<\/strong> 25.02.2011 g\u00fcn\u00fc saati 1.56&#8217;da Ahmet \u015eIK ile X Bayan&#8217;\u0131n yapt\u0131\u011f\u0131 telefon<br \/>\ng\u00f6r\u00fc\u015fmesinde \u00f6zetle; A.\u015eIK&#8217;\u0131n &#8220;Sen kitapla ilgili yol alabildin mi&#8221; &#8220;Ya  d\u00fcn Fikret abiyle bulu\u015ftukta avukatla&#8221; &#8220;\u0130\u015f iyice kar\u0131\u015ft\u0131 ya&#8221; &#8220;Yerinde  olsam dedi kitab\u0131 tamamlamadan dedi hemen \u015fu karga\u015faya bir son vermek  ad\u0131na&#8221; &#8220;Sonraki bask\u0131larda da bitmi\u015f halini verirsin dedi yani \u00e7\u00fcnk\u00fc \u00e7ok  k\u00f6t\u00fc bir \u015fey yap\u0131l\u0131yor dedi&#8221; &#8220;Yok biz \u015fu beraber bulu\u015fsak da  i\u00e7indekiler 3 b\u00f6l\u00fcm ay\u0131rma i\u015fini vesaire falan yapsak senin dedi\u011fin  uyar\u0131lar\u0131na da ben g\u00f6ze alarak \u015fey g\u00f6z \u00f6n\u00fcnde bulundurarak bir tak\u0131m  de\u011fi\u015fikliklerle h\u0131zl\u0131ca yapar\u0131m ben bir konu\u015fay\u0131m yay\u0131n eviyle seni  aray\u0131m&#8221; dedi\u011fi, X \u015eahs\u0131n &#8220;2 g\u00fcnde bitireyim istiyorsun \u00e7ok zor&#8221; dedi\u011fi,  A.\u015eIK&#8217;m &#8220;Destek yay\u0131nlar\u0131ndaki adam genel yay\u0131n y\u00f6netmeninin ad\u0131n\u0131  hat\u0131rl\u0131yor musun ya&#8221; dedi\u011fi, X Bayan&#8217;m &#8220;Ersoy bahsetmi\u015fti OLMADI NED\u0130MLE  KONU\u015e&#8221; dedi\u011fi tespit edilmi\u015ftir.<\/p>\n<p>*\u00a0G\u00f6r\u00fc\u015fme yapt\u0131\u011f\u0131n\u0131z X Bayan kimdir? X Bayan&#8217;\u0131n sizi Nedim isimli \u015fahsa y\u00f6nlendirmesinin sebebi nedir?<\/p>\n<p><strong>Cevap: <\/strong>Buradaki  X ki\u015fi kitap edit\u00f6r\u00fc arkada\u015f\u0131md\u0131r. \u0130sminin ma\u011fduriyet olmamas\u0131 i\u00e7in  vermiyorum. Kendisi Do\u011fan Kitap&#8217;ta \u00e7al\u0131\u015f\u0131yordu, Do\u011fan Kitap kitab\u0131  yay\u0131nlamak istemi\u015fti. Bitmemi\u015f haliyle, kendisinin o d\u00f6nemde haberi  oldu. Do\u011fan Kitap&#8217;la biz anla\u015famad\u0131k, kitab\u0131 okuyup bana ele\u015ftiride  bulunmu\u015ftu. En son kitap halindeki \u00e7\u0131kt\u0131s\u0131 benim evimde bulundu, bunun  \u00fczerinde notlar vard\u0131. Hatal\u0131 k\u0131s\u0131mlar\u0131 koyula\u015ft\u0131rmak suretiyle  \u00e7izmi\u015fti, bende bunlar\u0131 okuyup d\u00fczeltecektim, ancak sabahleyin g\u00f6zalt\u0131na  al\u0131nd\u0131m.<\/p>\n<p><strong>Soruldu\u00a0: <\/strong>25.02.2011 g\u00fcn\u00fc saat:17.11&#8217;de Ahmet \u015eIK ile Y\u00fccel&#8217;in yapt\u0131\u011f\u0131 telefon<br \/>\ng\u00f6r\u00fc\u015fmesinde \u00f6zetle; A.\u015eIK&#8217;\u0131n &#8220;&#8230;d\u00fcn biz avukatlarla bir aradayd\u0131k da&#8221;  &#8220;Bana dediler ki sen bu kitab\u0131 bitirmeyi bekleme \u015fu haliyle hemen bas  \u00e7\u00fcnk\u00fc \u00e7ok \u015faibe yarat\u0131ld\u0131&#8221; &#8220;Bir not d\u00fc\u015f \u00fcst\u00fcne yani kitap tamamlanmad\u0131  ama bu nedenle erken \u00e7\u0131k\u0131yor sonraki bask\u0131da bitirilecektir diye bir  notla hemen bas g\u00f6r\u00fcls\u00fcn ne oldu\u011fu bu kadar zerinde f\u0131rt\u0131na kopar\u0131l\u0131yor  dendi tamam m\u0131&#8221; &#8220;Korkun\u00e7 korkun\u00e7 \u015feyler yaz\u0131l\u0131p \u00e7iziliyor zaten kitap  b\u00fcy\u00fck oranda bitmi\u015fti ama konu\u015furuz bir \u015fey eklenecekti onu sonra  konu\u015furuz \u015fimdi kitap Destek Yay\u0131nlar\u0131 diye bir yay\u0131n evi var olar talip  olmu\u015ftu tamam m\u0131 \u015fimdi yay\u0131n y\u00f6netmeniyle g\u00f6r\u00fc\u015ft\u00fcm ben&#8221; &#8220;Ama bu son  dalga \u00fczerinden korkabilir mi demeye getiriyor korkabilir dedi yani  tamam m\u0131&#8221; &#8220;Bu kitap para kazand\u0131racak bir kitapt\u0131r a\u00e7\u0131k konu\u015fmak  gerekirse bu kadar da \u015faibenin \u00fcst\u00fcne bilmiyorum asl\u0131nda konu\u015fabiliriz  abi ben bilmiyordum senin kitap mitap basabilece\u011fini&#8221; dedi\u011fi, Y\u00fccel&#8217;in  &#8220;Ya tabi i\u015fte biz hem kitap bas\u0131yoruz hem de \u015fimdi o i\u015fe h\u0131z verdik  \u00f6n\u00fcm\u00fczdeki aylarda i\u015fte \u00e7e\u015fitlli kitaplar zaten \u00e7\u0131karaca\u011f\u0131z&#8221; dedi\u011fi  tespit edilmi\u015ftir.<\/p>\n<p>*\u00a0G\u00f6r\u00fc\u015ft\u00fcrme yapt\u0131\u011f\u0131n\u0131z Y\u00fccel isimli \u015fah\u0131s  kimdir? G\u00f6r\u00fc\u015fmede &#8220;bitmi\u015fti ama konu\u015furuz bir \u015fey eklenecekti onu sonra  konu\u015furuz&#8221; dedi\u011finiz tespit edilmi\u015ftir. Kitab\u0131n\u0131za eklemeyi d\u00fc\u015f\u00fcnd\u00fc\u011f\u00fcn\u00fcz  konu nedir? Bu konuyu telefonda s\u00f6ylememenizin sebebi nedir?<\/p>\n<p><strong>Cevap: <\/strong>Y\u00fccel  isimli \u015fah\u0131s Ekspres isimli dergiyi \u00e7\u0131karan arkada\u015f\u0131md\u0131r. Zaman zaman  ben de yaz\u0131 yazar\u0131m. Kendilerinin ayn\u0131 zamanda bir yay\u0131nevi de vard\u0131r. O  konuyla alakal\u0131 bir g\u00f6r\u00fc\u015fmedir. Eklemeyi d\u00fc\u015f\u00fcnd\u00fc\u011f\u00fcm konu da Hanefi  Avc\u0131&#8217;dan gelecek sorulara yan\u0131tlard\u0131r.<\/p>\n<p><strong>Soruldu : <\/strong>G\u00f6r\u00fc\u015fmede &#8220;Bana dediler ki sen bu kitab\u0131 bitirmeyi bekleme \u015fu haliyle<br \/>\nhemen bas \u00e7\u00fcnk\u00fc \u00e7ok \u015faibe yarat\u0131ld\u0131&#8221; diyerek kitab\u0131 bitirmeden biran  \u00f6nce basman\u0131z\u0131 kimler s\u00f6yledi? Kitab\u0131 bitirmeden basmakla ne ama\u00e7land\u0131?<\/p>\n<p><strong>Cevap : <\/strong>Bana bu \u00f6neriyi Avukat\u0131m Fikret \u0130lkiz s\u00f6yledi, \u00fczerime d\u00fc\u015fen g\u00f6lgenin kalkmas\u0131 amac\u0131yla do\u011fru bir de\u011ferlendirme olarak d\u00fc\u015f\u00fcnd\u00fcm.<\/p>\n<p><strong>Soruldu :<\/strong> 25.02.2011 g\u00fcn\u00fc saat:18.54&#8217;de Ahmet \u015eIK ile X \u015eAHIS&#8217;\u0131n yapt\u0131\u011f\u0131 telefon  g\u00f6r\u00fc\u015fmesinde \u00f6zetle; A.\u015eIK&#8217;\u0131n &#8220;Ne yapay\u0131m ya u\u011fra\u015f\u0131p duruyorum evi ne  zaman basacaklar diye bekliyorum&#8221; dedi\u011fi, X \u015eah\u0131s&#8217;m &#8220;Niye \u00f6yle bir \u015fey  mi var&#8221; dedi\u011fi, A.\u015eIK&#8217;\u0131n &#8220;Senin d\u00fcnyadan haberin yok galiba&#8221; &#8220;O\u011flum bu  Soner YAL\u00c7IN i\u015fine ad\u0131m kar\u0131\u015fm\u0131\u015f varya&#8221; &#8220;Ya bir bilgi notu benim  \u00fczerinde \u00e7al\u0131\u015ft\u0131\u011f\u0131m kitap onlar\u0131n bilgisayar\u0131nda \u00e7\u0131kt\u0131 nas\u0131l oldu  bilmiyorum onlar\u0131n iddias\u0131&#8221; &#8220;Vir\u00fcsl\u00fc e-postayla geldi diyorlar o  kitaptan yola \u00e7\u0131karakta&#8221; &#8220;Bir bilgi notu var hani \u015fu anlama geliyor  Nedim le ben yaz&#8230; Nedim beni bana yazd\u0131r\u0131yormu\u015f ama bize de Ergenekon  yazd\u0131r\u0131yormu\u015f kitab\u0131 falan filan anlam\u0131na gelen bir s\u00fcr\u00fc &#8230;&#8221; dedi\u011fi, X  \u015eah\u0131s&#8217;m &#8220;peki senin kitab\u0131n notlar\u0131n\u0131n bu adam\u0131n bilgisayar\u0131ndan  \u00e7\u0131kmas\u0131&#8221; dedi\u011fi, A.\u015eIK&#8217;\u0131n &#8220;Not bana ait de\u011fil o sanki \u015fey ergenekoncular  \u00f6yle bir not haz\u0131rlam\u0131\u015f gibi g\u00f6z\u00fck\u00fcyor&#8221; &#8220;Orada g\u00f6z\u00fck\u00fcyor yani K\u0130TABIN  YANILMIYORSAM 3 AY \u00d6NCEK\u0130 HAL\u0130 F\u0130LAN yani&#8221; &#8220;YAN\u0130 B\u0130R KA\u00c7 G\u00dcND\u00dcR  TED\u0130RG\u0130N\u0130M ama bilmiyorum yani olabilir&#8221; &#8220;Olmas\u0131n\u0131 gerektirecek bir  \u015feyde yok ortada anlad\u0131n m\u0131 yani&#8221; dedi\u011fi tespit edilmi\u015ftir.<\/p>\n<p>*\u00a0ODA TV&#8217;de yap\u0131lan aramada ele ge\u00e7irilen kitap tasla\u011f\u0131n\u0131n 3 ay \u00f6nceki hali oldu\u011funu nereden biliyorsunuz?<\/p>\n<p><strong>Cevap: <\/strong>Bunu yukar\u0131daki soruda yan\u0131tlam\u0131\u015ft\u0131m.<\/p>\n<p><strong>Soruldu:<\/strong> <strong>Yukar\u0131daki  cevapta notlar\u0131n kendisine ait oldu\u011funu beyan etti\u011fi ve telefonda da  notun kendisine ait olmad\u0131\u011f\u0131n\u0131 Ergenekoncular\u0131n sanki haz\u0131rlad\u0131\u011f\u0131n\u0131n  s\u00f6ylemesi hususundaki \u00e7eli\u015fki soruldu:<\/strong> Burada kastetti\u011fim not Nedim&#8217;le ad\u0131m\u0131z\u0131n ge\u00e7ti\u011fi belirtilen nottur. Kitapla alakal\u0131 al\u0131nm\u0131\u015f notlar de\u011fildir.<\/p>\n<p><strong>Soruldu\u00a0:<\/strong> 26.02.2011 g\u00fcn\u00fc saat:16.48&#8217;de Ahmet \u015eIK ile Ersoy&#8217;\u0131n yapt\u0131\u011f\u0131 telefon<br \/>\ng\u00f6r\u00fc\u015fmesinde \u00f6zetle; A.\u015eIK&#8217;\u0131n &#8220;&#8230;\u015fu son geli\u015fmeleri takip ettin mi&#8221;  &#8220;&#8230;i\u015fler biraz kar\u0131\u015ft\u0131&#8221; &#8220;&#8230;avukat dedi ki ya \u00e7ok \u015faibe kald\u0131 \u00fcst\u00fcnde  bunu ortadan kald\u0131rmak i\u00e7in kitab\u0131 tamamlamadan sen bast\u0131r dedi tamam m\u0131  zaten kitap b\u00fcy\u00fck oranda bitmi\u015fti B\u0130R\u015eEY BEKL\u0130YORDUM O GELMED\u0130 HEN\u00dcZ&#8221;  dedi\u011fi, tespit edilmi\u015ftir.<\/p>\n<p>*\u00a0G\u00f6r\u00fc\u015fmede kitapla ilgili bir \u015fey bekledi\u011finizden bahsetmektesiniz. Kitapla ilgili kimden ne bekliyordunuz?<\/p>\n<p><strong>Cevap : <\/strong>Bekledi\u011fimden  bahsetti\u011fim bilgiler Hanefi Avc\u0131&#8217;dan gelecek notlard\u0131r. Hanefi Avc\u0131&#8217;ya  sordu\u011fum sorular\u0131n yan\u0131tlar\u0131d\u0131r. Bast\u0131rma fikri de Avukat Fikret \u0130lkiz  taraf\u0131ndan s\u00f6ylenmi\u015ftir.<\/p>\n<p><strong>Soruldu :<\/strong> Yap\u0131lan  aramalarda i\u015f yerinizde kullanmakta oldu\u011funuz bilgisayar harddisklerinin  imajlar\u0131 \u00fczerinde yap\u0131lan \u00f6n incelemelerde; \u00e7ok say\u0131da, word dosyas\u0131  i\u00e7ersinde dinleme kayd\u0131 oldu\u011fu anla\u015f\u0131lan \u00e7\u00f6z\u00fcm tutanaklar\u0131 ele  ge\u00e7irilmi\u015ftir. S\u00f6z konusu belgelerin teknik \u00f6zelliklerine bak\u0131ld\u0131\u011f\u0131nda  belgelerin olu\u015fturuldu\u011fu \u015firket ad\u0131n\u0131n &#8220;Jandarma Genel Komutanl\u0131\u011f\u0131&#8221;  oldu\u011fu g\u00f6r\u00fclm\u00fc\u015f, dolay\u0131s\u0131yla s\u00f6z konusu word belgelerinin jandarma  taraf\u0131ndan yap\u0131lan dinleme faaliyetleri ile ilgili \u00e7\u00f6z\u00fcm tutanaklar\u0131  oldu\u011fu anla\u015f\u0131lm\u0131\u015ft\u0131r.<\/p>\n<p>*S\u00f6z konusu belgeleri ne \u015fekilde elde  ettiniz? Belgeleri yapt\u0131\u011f\u0131n\u0131z herhangi bir \u00e7al\u0131\u015fmada kulland\u0131n\u0131z m\u0131?  Nedim \u015eENER&#8217;le birlikte haz\u0131rlad\u0131\u011f\u0131n\u0131z kitapla bu belgelerin alakas\u0131 var  m\u0131d\u0131r?<\/p>\n<p><strong>Cevap: <\/strong>Bu konu Erzincan Cumhuriyet  Ba\u015fsavc\u0131l\u0131\u011f\u0131n\u0131n \u0130smaila\u011fa Cemaatiyle alakal\u0131 yapm\u0131\u015f oldu\u011fu dinleme  kay\u0131tlar\u0131na ait notlard\u0131r. Bu konuyla alakal\u0131 Erzurum Cumhuriyet  Ba\u015fsavc\u0131l\u0131\u011f\u0131na dosya gitti, bu konuda 2009 y\u0131l\u0131nda bir soru\u015fturma  a\u00e7\u0131lm\u0131\u015ft\u0131r. Bu konudaki telefon g\u00f6r\u00fc\u015fmelerinin dijital kay\u0131tlar\u0131 bana  Erzincan Cumhuriyet Ba\u015fsavc\u0131s\u0131 ile alakal\u0131 Ergenekon soru\u015fturmas\u0131ndan  sonra ula\u015ft\u0131. Ben bu telefon g\u00f6r\u00fc\u015fmelerini gazetecilerden ald\u0131m.  Kesinlikle ben bunlar\u0131 Jandarma&#8217;dan veya ba\u015fka bir yerden almad\u0131m.<\/p>\n<p>Ben Ergenekonun medya yap\u0131lanmas\u0131 i\u00e7erisinde yer almad\u0131m, \u00f6rg\u00fct \u00fcyesi  de\u011filim, \u00f6rg\u00fct ama\u00e7lar\u0131 do\u011frultusunda da herhangi bir kitap yazma  gayreti i\u00e7erisinde de\u011filim. Yazd\u0131\u011f\u0131m kitaplar da soru\u015fturman\u0131n daha  do\u011fru bir yere \u00e7evrilmesini talep eden kitaplard\u0131r dedi.<\/p>\n<p><strong>\u015e\u00fcphelinin M\u00fcdafiilerinden Soruldu:<br \/>\n<\/strong>Savunmaya  aynen kat\u0131l\u0131yoruz. M\u00fcvekkilimiz sorulan t\u00fcm sorulara rasyonel ve tatmin  edici bir \u015fekilde cevap vermi\u015ftir. Kendisinin Ergenekon ter\u00f6r \u00f6rg\u00fct\u00fc  \u00fcyesi olmakla su\u00e7lanmas\u0131, bize g\u00f6re tam bir ironidir, \u00e7\u00fcnk\u00fc bu \u00f6rg\u00fcte  y\u00f6nelik soru\u015fturma ve kovu\u015fturma ba\u011flam\u0131nda kendisinin di\u011fer gazeteci  arkada\u015f\u0131yla birlikte yay\u0131nlad\u0131\u011f\u0131 ve bas\u0131nda yer alan yorumlara g\u00f6re bu  konuda yay\u0131nlanm\u0131\u015f kitaplar i\u00e7erisindeki en do\u011fru ayr\u0131nt\u0131,  de\u011ferlendirme, bilgilendirme ve analiz i\u00e7erdi\u011fi s\u00f6ylenen &#8220;40 Kat\u0131r &#8211; 40  Sat\u0131r&#8221; adl\u0131 kitab\u0131n yazar\u0131d\u0131r. Bir ba\u015fka \u00f6nemli husus da iddia edilen  ter\u00f6r \u00f6rg\u00fct\u00fcn\u00fcn nihai amac\u0131 olarak belirtilen darbe te\u015febb\u00fcs\u00fc  su\u00e7lamas\u0131n\u0131n en temel dayana\u011f\u0131 olarak iddianamelerde g\u00f6sterilen \u00d6zden  \u00d6rnek&#8217;e ait g\u00fcnl\u00fckleri ilk olarak yay\u0131nlayan ve b\u00f6ylelikle kamu oyunun  bilgisine sunan Nokta Dergisi&#8217;ndeki haber merkezinin edit\u00f6rlerinden  birisidir. Dolay\u0131s\u0131yla kovu\u015fturma ve soru\u015fturma konusu olan \u00f6rg\u00fcte  y\u00f6nelik olarak bu derecede analiz yapan ve konuyu yak\u0131ndan takip eden  bir gazetecinin bu \u00f6rg\u00fct\u00fcn \u00fcyesi olmakla su\u00e7lanabilmesi i\u00e7in daha temel,  inand\u0131r\u0131c\u0131 ve kuvvetli emare, bilgi, bulgu olmas\u0131 gerekir.  M\u00fcvekkilimizin ileti\u015fim kay\u0131tlar\u0131n\u0131n tespitine y\u00f6nelik olarak da beyan  etmek isteriz ki, ileti\u015fimin tespitine dair Hakimlik karar\u0131n\u0131 dosyadaki  k\u0131s\u0131tl\u0131l\u0131k karar\u0131 nedeniyle bilemedi\u011fimiz i\u00e7in bu ileti\u015fim tespitlerinin  de hukuka ayk\u0131r\u0131 oldu\u011fu kan\u0131s\u0131yla hukuken ge\u00e7erli delil olarak  de\u011ferlendirilemeyece\u011fini d\u00fc\u015f\u00fcn\u00fcyoruz. Zira m\u00fcvekkilimiz hakk\u0131nda  kuvvetli su\u00e7 \u015f\u00fcphesi bulundu\u011fu kan\u0131s\u0131nda de\u011filiz. Kald\u0131 ki bir an i\u00e7in  ileti\u015fimin tespitine y\u00f6nelik Hakimlik karar\u0131n\u0131n bu tespitleri yasal hale  getirdi\u011fi d\u00fc\u015f\u00fcn\u00fclecek bile olsa bu durumda dahi CMK.&#8217;n\u0131n 135\/2.  f\u0131kras\u0131ndaki istisnalar nedeniyle m\u00fcvekkilin tan\u0131kl\u0131ktan \u00e7ekilme hakk\u0131  bulunan bir mesle\u011fi icra etti\u011fi dikkate al\u0131nmal\u0131d\u0131r. Bas\u0131n Kanunu&#8217;nun  12. maddesinde gazetecilere haber kaynaklar\u0131n\u0131 a\u00e7\u0131klamaya  zorlanamayaca\u011f\u0131 ve tan\u0131kl\u0131ktan \u00e7ekilmeye hakk\u0131 oldu\u011fu vurgulanm\u0131\u015ft\u0131r.  Dolay\u0131s\u0131yla CMK.&#8217;n\u0131n 135\/2. maddesi ba\u011flam\u0131nda bu ileti\u015fim tespitlerinin  derhal imha edilmesi gerekti\u011fi kan\u0131s\u0131nday\u0131z. Son olarak m\u00fcvekkile  y\u00f6neltilen su\u00e7lama ve sorular\u0131n dayand\u0131r\u0131ld\u0131\u011f\u0131 bilgi ve bulgular\u0131  bilmemekle beraber, g\u00f6r\u00fcnd\u00fc\u011f\u00fc kadar\u0131yla kendisi hakk\u0131nda kamu davas\u0131  a\u00e7\u0131lmas\u0131 i\u00e7in yeterli \u015f\u00fcphe sebeplerini do\u011frulay\u0131c\u0131 olgular olmad\u0131\u011f\u0131  kan\u0131s\u0131nda oldu\u011fumuzdan takipsizlik karar\u0131 verilmesini talep ederiz dedi.<\/p>\n<p>Ceza Muhakemesi Kanunu&#8217;nun 147&#8217;nci maddesinde yaz\u0131l\u0131 hususlar\u0131n yerine  getirilmesinden sonra tutanak okunup, ifade veren ile haz\u0131r bulunanlar  taraf\u0131ndan imza alt\u0131na al\u0131nm\u0131\u015ft\u0131r. 05\/03\/2011<\/p>\n<p><strong>NED\u0130M \u015eENER&#8217;in sorgu tutana\u011f\u0131n\u0131n tam metni:<\/strong><\/p>\n<p><strong>SORULDU\u00a0:<br \/>\n<\/strong>Benim  Ergenekon&#8217;un medya yap\u0131lanmas\u0131ndan bilgim yoktur. Ben Ergenekon&#8217;un  medya yap\u0131lanmas\u0131 i\u00e7erisinde yer almad\u0131m. Ben tak\u0131m dahi tutmuyorum. \u00dcye  oldu\u011fum kurulu\u015f T\u00fcrkiye Gazeteciler Cemiyeti&#8217;dir.<\/p>\n<p><strong>Soruldu <\/strong>: \u00d6z ge\u00e7mi\u015finizi a\u00e7\u0131klay\u0131n\u0131z.<\/p>\n<p><strong>Cevap:<\/strong> 1966 y\u0131l\u0131nda Almanya&#8217;da do\u011fdum. Ortaokul Bolu Mengen, \u00dcniversiteyi  \u0130stanbul ilinde bitirdim. Ayn\u0131 anne babadan olma toplam 4 karde\u015fiz.  01-Benim<br \/>\n02-R.\u015e: Almanya&#8217;da i\u015f\u00e7idir. 03-S.\u015e.: Almaya&#8217;da i\u015f\u00e7idir.<br \/>\n04-S.\u015e.:Almanya&#8217;da sa\u011fl\u0131k sekt\u00f6r\u00fcnde \u00e7al\u0131\u015fmaktad\u0131r.<br \/>\nGazetecilik mesle\u011fine 1992 y\u0131l\u0131nda resmi olarak D\u00fcnya gazetesinde  ba\u015flad\u0131m. 1994 y\u0131l\u0131nda Milliyet Gazetesi Ekonomi servisine ge\u00e7tim o  tarihten bu yana halen ayn\u0131 gazetede g\u00f6rev yap\u0131yorum. Bu g\u00fcne kadar (9)  kitap yazd\u0131m. Uluslararas\u0131 ve ulusal alanda gazetecilik meslek \u00f6d\u00fclleri  verildi. Ad\u0131ma kay\u0131tl\u0131 pasaportum bulunmaktad\u0131r.<br \/>\nAyr\u0131ca ben ki\u015filik  olarak objektif ve ma\u011fdurun yan\u0131nda yer alan bir gazeteci oldu\u011fumdan  y\u0131llard\u0131r hi\u00e7bir iktidar\u0131n yan\u0131nda yer almad\u0131m, kar\u015f\u0131s\u0131nda da olmad\u0131m.  Ben ge\u00e7mi\u015fte de gerek TMSF&#8217;de gerek Uzanlarm davalar\u0131nda gerekse de  Emniyetle alakal\u0131 bir\u00e7ok konuda M\u00fcd\u00fcrler ve bu kurumdaki yetkililer beni  bilir. Hatta yazd\u0131\u011f\u0131m kitap Bankalar Davas\u0131na bakan Mahkemede de delil  olarak kabul edilmi\u015ftir ve Uzanlarm \u00f6rg\u00fct oldu\u011funu da anlatan ilk defa  anlatan benim. Bu y\u00fczden hayat\u0131mda da tehditleri o d\u00f6nemde ald\u0131m. B\u00fct\u00fcn  \u00e7al\u0131\u015fmalar\u0131m TGC ve bir\u00e7ok meslek kurulu\u015fu taraf\u0131ndan \u00f6d\u00fcllendirildi.  B\u00fct\u00fcn yapt\u0131\u011f\u0131m haberler j\u00fcriler taraf\u0131ndan de\u011ferlendirilmi\u015f ve \u00f6d\u00fcle  lay\u0131k g\u00f6r\u00fclm\u00fc\u015ft\u00fcr. Son yapt\u0131\u011f\u0131m \u00e7al\u0131\u015fmalar Uluslar aras\u0131 Bas\u0131n Enstit\u00fcs\u00fc  (IPI) taraf\u0131ndan de\u011ferlendirilip D\u00fcnyada ya\u015fan bas\u0131n kahramanlar\u0131n\u0131n 60  ki\u015filik listesinde yer ald\u0131m. Bu T\u00fcrkiye&#8217;de Abdi \u0130pek\u00e7i ve Hrand Dink&#8217;e  verilen bir onurdur. Bu ayn\u0131 zamanda Uluslar aras\u0131 (PEN) birli\u011fi  taraf\u0131ndan ifade \u00f6zg\u00fcrl\u00fc\u011f\u00fc \u00f6d\u00fcl\u00fc verildi. Bu 2006 y\u0131l\u0131nda sadece Hrant  Dink&#8217;e verilmi\u015f bir \u00f6d\u00fcld\u00fc. Dolay\u0131s\u0131yla burada gazetecilik faaliyetlerim  mercek alt\u0131na al\u0131naca\u011f\u0131 i\u00e7in bir gazetecinin ge\u00e7mi\u015fi hem namusu hem de  onurudur. Ben bug\u00fcne kadar da mesle\u011fi ilkeleri ve i\u00e7inde bulundu\u011fu Do\u011fan  Grubu yay\u0131n ilkeleri i\u00e7erisinde d\u00fcr\u00fcst\u00e7e gazetecilik yapt\u0131m. Sorulacak  her soruya da cevap vermeye haz\u0131r\u0131m.<\/p>\n<p><strong>Soruldu\u00a0\u00a0\u00a0\u00a0\u00a0 : Herhangi bir Sendika, Dernek, Siyasi parti ve benzeri bir kurulu\u015fa \u00fcyeli\u011finiz var m\u0131? A\u00e7\u0131klay\u0131n\u0131z.<\/strong><\/p>\n<p><strong>Cevap: <\/strong>Hay\u0131r yok. Sadece T\u00fcrkiye Gazeteciler Cemiyeti \u00fcyesiyim.<\/p>\n<p><strong>Soruldu  : 14.02.2011 g\u00fcn\u00fc soru\u015fturma kapsam\u0131nda g\u00f6zalt\u0131na alman H\u00fcseyin Soner  YAL\u00c7IN, Bar\u0131\u015f PEHL\u0130VAN, Bar\u0131\u015f TERKO\u011eLU ve Ayhan BOZKURT isimli  \u015fah\u0131slarla aran\u0131zdaki ili\u015fkiyi a\u00e7\u0131klay\u0131n\u0131z?<\/strong><\/p>\n<p><strong>Cevap: <\/strong>Bu \u015fah\u0131slar\u0131n hi\u00e7 birini tan\u0131m\u0131yorum, herhangi bir ili\u015fkim yoktur. Ayn\u0131 ortamda da bir arada bulunmad\u0131m.<\/p>\n<p><strong>Soruldu  :04.03.2011 g\u00fcn\u00fc soru\u015fturma kapsam\u0131nda g\u00f6zalt\u0131na alman Yal\u00e7\u0131n K\u00dc\u00c7\u00dcK,  Ka\u015fif KOZ\u0130NO\u011eLU, Ahmet \u015eIK, Ahmet M\u00fcmtaz \u0130D\u0130L, Co\u015fkun MUSLUK, Do\u011fan  YURDAKUL, M\u00fcyesser U\u011eUR, Sait \u00c7AKIR ve \u0130klim Ayfer KALEL\u0130 isimli  \u015fah\u0131slardan kimleri ne zamandan beri tan\u0131maktas\u0131n\u0131z? Aran\u0131zdaki irtibat\u0131  a\u00e7\u0131klay\u0131n\u0131z.<\/strong><\/p>\n<p><strong>Cevap: <\/strong>Sadece Ahmet \u015e\u0131k&#8217;\u0131  tan\u0131yorum, Ahmet \u015e\u0131k \u00e7ok d\u00fcr\u00fcst bir gazetecidir. G\u00fcneydo\u011fu&#8217;da faili  me\u00e7hul olaylarla alakal\u0131 1990T\u0131 y\u0131llar\u0131n sonunda ciddi \u00e7al\u0131\u015fmalar yapan  ve Susurluk konusunda da ciddi haberler yapan bir gazetecidir. Kendisi  Radikal&#8217;de \u00e7al\u0131\u015f\u0131yordu, ben de Milliyet gazetesinde \u00e7al\u0131\u015f\u0131yordum. Ayn\u0131  binada oldu\u011fumuzdan tan\u0131r\u0131m.<\/p>\n<p><strong>Soruldu : Bu g\u00fcne kadar  ERGENEKON soru\u015fturmas\u0131 kapsam\u0131nda haklar\u0131nda i\u015flem yap\u0131lan \u015fah\u0131slardan  kimleri tan\u0131yorsunuz ve bu ki\u015filerle aran\u0131zdaki ili\u015fki nedir?<\/strong><\/p>\n<p><strong>Cevap: <\/strong>Mustafa BalbayTa bir kez telefonda g\u00f6r\u00fc\u015ft\u00fcm, ancak samimiyetim yoktur.<\/p>\n<p><strong>Soruldu  : Bug\u00fcne kadar haklar\u0131nda i\u015flem yap\u0131lan ERGENEKON \u015f\u00fcphelilerinin T\u0130B  d\u00f6k\u00fcmlerinin yap\u0131lan incelemesinde, \u015f\u00fcpheliler Serhan BOLLUK, Sevgi  ERENEROL, Serdar \u00d6ZT\u00dcRK, Ergun POYRAZ ve Vedat YENERER ile telefon  g\u00f6r\u00fc\u015fmeleriniz oldu\u011fu tespit edilmi\u015ftir. Bu ki\u015fileri nerden  tan\u0131yorsunuz? Aran\u0131zdaki ili\u015fki nedir? A\u00e7\u0131klay\u0131n\u0131z.<\/strong><\/p>\n<p><strong>Cevap:<\/strong> Serhan Bolluk&#8217;u Uzanlarla alakal\u0131 bir yaz\u0131 sebebiyle birka\u00e7 kez beni  aramas\u0131 sebebiyle g\u00f6r\u00fc\u015ft\u00fcm. Sevgi Erenerol&#8217;u hat\u0131rlam\u0131yor ve  tan\u0131m\u0131yorum. Serdar \u00d6zt\u00fcrk Arena program\u0131na Levent G\u00f6kta\u015f&#8217;m avukat\u0131  olarak kat\u0131lm\u0131\u015ft\u0131. 51 nolu DVD ile alakal\u0131 bir g\u00f6r\u00fc\u015fmemiz oldu.  Telefonla birka\u00e7 kez g\u00f6r\u00fc\u015ft\u00fcm. Erg\u00fcn Poyraz beni arad\u0131, kendisini  tan\u0131m\u0131yorum telefonla birka\u00e7 kez g\u00f6r\u00fc\u015fm\u00fc\u015f olabilirim. Vedat YenererTe de  Murat Demirel&#8217;in yurt d\u0131\u015f\u0131na para ka\u00e7\u0131rmas\u0131yla alakal\u0131 \u015fof\u00f6r\u00fcn\u00fcn bir  r\u00f6portaj\u0131 olmas\u0131 sebebiyle kendisiyle birka\u00e7 kez g\u00f6r\u00fc\u015ft\u00fcm.<\/p>\n<p><strong>Soruldu  : Ergenekon Ter\u00f6r \u00d6rg\u00fct\u00fc soru\u015fturmas\u0131 kapsam\u0131nda hakk\u0131nda i\u015flem yap\u0131lan  Emcet OLCAYTU&#8217;dan elde edilen Datron marka laptop&#8217;a ait, Fujitsu marka  80 GBT\u0131k hard diskte bulunan &#8220;nedim \u015fener.doc&#8221; isimli word belgesinde;  &#8220;NED\u0130M \u015eENER 0532xxxxxxx PAZARTES\u0130 21 MAYIS SAAT 19.30-21.00 ARASI BDDK  21 MAYIS 2005 TAR\u0130HL\u0130 RAPOR UZAN \u0130MAR BANKASI&#8221; \u015feklinde ibarelerin yer  ald\u0131\u011f\u0131 g\u00f6r\u00fclm\u00fc\u015ft\u00fcr.<\/strong><\/p>\n<p><strong>*Emcet OLCAYTU&#8217;yu tan\u0131yor musunuz? Aran\u0131zda nas\u0131l bir irtibat vard\u0131r? Notta yazan numara size mi aittir? Notun i\u00e7eri\u011fi nedir?<\/strong><\/p>\n<p><strong>Cevap: <\/strong>Emcet  Olcaytu&#8217;yu tan\u0131mam, ancak yukar\u0131da notta ad\u0131 ge\u00e7en \u0130mar Bankas\u0131&#8217;yla  alakal\u0131 bir konuda programa \u00e7a\u011fr\u0131lm\u0131\u015ft\u0131m, bu konuyla alakal\u0131d\u0131r.<\/p>\n<p><strong>Soruldu : 16.09.2009 <\/strong>g\u00fcn\u00fc saat:12.00,da <strong>Bar\u0131\u015f TERKO\u011eLU <\/strong>ile yapt\u0131\u011f\u0131n\u0131z telefon g\u00f6r\u00fc\u015fmesinde \u00f6zetle; BARI\u015e&#8217;\u0131n <strong>&#8220;Nedim  bey merhabalar ben odatv.com sitesini bilir misiniz bilmiyorum&#8221; &#8220;ad\u0131m  Bar\u0131\u015f TERKO\u011eLU nas\u0131ls\u0131n\u0131z&#8221; &#8220;Soner beyle konu\u015ftukta biz g\u00f6rm\u00fc\u015fs\u00fcn\u00fczd\u00fcr  belki bug\u00fcn gazetelerde Hrant Dink \u00f6d\u00fcl\u00fc Alper G\u00d6RM\u00dc\u015e e verildi&#8221; &#8220;Ya biz  bunu ele\u015ftiren bir \u015fey yapmak istiyoruz da&#8230;&#8221; <\/strong>&#8220;&#8230;siz  meseleyi incelemi\u015f birisi olarak bizi hani \u00f6neride bulunabilirsiniz  nas\u0131l isterseniz&#8221; dedi\u011fi, S\u0130Z\u0130N &#8220;Yani sizin bak\u0131n sizin \u00e7\u0131karsamalar\u0131n\u0131z  zaten \u015fey belli bi do\u011frultu g\u00f6steriyor&#8221; dedi\u011finiz, BARI\u015e&#8217;m &#8220;\u015eimdi yani  bizim hakk\u0131m\u0131zda <strong>Soner beyle r\u00f6portaj yapabiliriz veya sizin yazmak istedi\u011finiz bi\u015fey varsa onu yay\u0131nlayabiliriz&#8221;<\/strong> dedi\u011fi ve g\u00f6r\u00fc\u015fmenin devam\u0131nda S\u0130Z\u0130N &#8220;&#8230;yorum tamamen size ait olsun  nolur ben o konuda daha fazla \u015fey yapm\u0131y\u0131m&#8221; dedi\u011finiz, BARI\u015e&#8217;m &#8220;Tamam o  zaman biz sizinle hani hem \u015f\u00f6yle bi tan\u0131\u015fm\u0131\u015f olduk&#8221; dedi\u011fi, S\u0130Z\u0130N  &#8220;&#8230;Soner abiyede selam s\u00f6yleyin ne zaman isterseniz&#8221; dedi\u011finiz tespit  edilmi\u015ftir.<\/p>\n<p>G\u00f6r\u00fc\u015fmenin i\u00e7eri\u011finden ODATV ve Soner YAL\u00c7IN&#8217;la  samimimi bir irtibat\u0131n\u0131z oldu\u011fu anla\u015f\u0131lmaktad\u0131r. G\u00f6r\u00fc\u015fmenin i\u00e7eri\u011fini  a\u00e7\u0131klay\u0131n\u0131z.<\/p>\n<p><strong>Cevap\u00a0: <\/strong>G\u00f6r\u00fc\u015fme i\u00e7eri\u011finden benim bu ki\u015filerle yak\u0131n olmad\u0131\u011f\u0131m ve<br \/>\nbirlikte hareket etmedi\u011fim anla\u015f\u0131lmaktad\u0131r. Ben Soner Yal\u00e7mTa ayn\u0131 anda  bir bina i\u00e7erisinde bulunmad\u0131m, y\u00fcz y\u00fcze g\u00f6r\u00fc\u015fmedim, y\u00fcz\u00fcn\u00fc dahi  bilmiyorum.<\/p>\n<p><strong>Soruldu : ERGENEKON ter\u00f6r \u00f6rg\u00fct\u00fcn\u00fcn  anayasas\u0131n\u0131 te\u015fkil eden &#8220;ERGENEKON&#8221; dok\u00fcman\u0131nda Medya ba\u015fl\u0131\u011f\u0131 alt\u0131nda;  Ergenekon&#8217;un kendi medya kurulu\u015flar\u0131n\u0131 olu\u015fturmas\u0131 ve di\u011fer medya  kurulu\u015flar\u0131n\u0131 kontrol alt\u0131na almas\u0131 gerekti\u011fi belirtilmi\u015ftir. <\/strong>&#8220;LOB\u0130&#8221;  dok\u00fcman\u0131nda ise, \u00f6rg\u00fct\u00fcn ger\u00e7ekle\u015ftirdi\u011fi faaliyetlerde ama\u00e7lara uygun  kamuoyu olu\u015fturulmas\u0131 ve kamuoyu deste\u011finin sa\u011flanmas\u0131 i\u00e7in medya  kurulu\u015flar\u0131n\u0131n y\u00f6nlendirilmesi gerekti\u011fi belirtilmi\u015ftir.<\/p>\n<p>Soru\u015fturma kapsam\u0131nda hakk\u0131nda iddianame d\u00fczenlenen Erol M\u00dcTERC\u0130MLER  1997 y\u0131l\u0131nda bir televizyon program\u0131nda yapt\u0131\u011f\u0131 a\u00e7\u0131klamada, &#8220;\u00dclkeyi  darbeye s\u00fcr\u00fckleyen ve bug\u00fcn \u00e7ete diye an\u0131lan \u00f6rg\u00fct\u00fcn isminin ERGENEKON  oldu\u011funu ve bu \u00f6rg\u00fct\u00fcn 1960 y\u0131l\u0131nda kuruldu\u011funu, h\u00fck\u00fcmetler \u00fcst\u00fc bir g\u00fc\u00e7  oldu\u011funu, bu yap\u0131 i\u00e7ersinde askerler, Polisler, Profes\u00f6rler,  GAZETEC\u0130LER ve i\u015f adamlar\u0131n\u0131n bulundu\u011funu&#8221; belirtmi\u015ftir.<\/p>\n<p>Bug\u00fcne  kadar yap\u0131lan soru\u015fturmalarda \u00f6rg\u00fct\u00fcn kontrol\u00fcnde bulunan yaz\u0131l\u0131 ve  g\u00f6rsel medya organlar\u0131 de\u015fifre edilmi\u015f, medya yap\u0131lanmas\u0131 i\u00e7ersinde  faaliyet g\u00f6sterdi\u011fi tespit edilen bir\u00e7ok \u00f6rg\u00fct \u00fcyesi hakk\u0131nda i\u015flem  yap\u0131lm\u0131\u015ft\u0131r.<\/p>\n<p>Son olarak ODATV de yap\u0131lan aramada &#8220;ULUSAL MEDYA  2010&#8221; isimli bir \u00f6rg\u00fct dok\u00fcman\u0131 bulunmu\u015f, bu dok\u00fcman\u0131n yap\u0131lan  incelemesine, ERGENEKON&#8217;un MEDYA YAPILANMASI ile ilgili yeni \u00e7al\u0131\u015fmalar  yapt\u0131\u011f\u0131 ve \u00f6zellikle dava s\u00fcreci ile ilgili yeni stratejiler belirledi\u011fi  tespit edilmi\u015ftir.<\/p>\n<p>ODATV den ele ge\u00e7irilen belgelerden ve  soru\u015fturma kapsam\u0131nda elde edilen di\u011fer delillerden sizin ERGENEKON  ter\u00f6r \u00f6rg\u00fct\u00fcn\u00fcn Medya Yap\u0131lanmas\u0131 i\u00e7ersinde faaliyet g\u00f6sterdi\u011finiz  tespit edilmi\u015ftir.<\/p>\n<p>&#8220;ULUSAL MEDYA 2010&#8221; isimli dok\u00fcman\u0131 kim yada  kimler haz\u0131rlam\u0131\u015ft\u0131r? Kimlerin talimat\u0131 ile haz\u0131rlanm\u0131\u015ft\u0131r. Bu dok\u00fcman\u0131n  haz\u0131rlanmas\u0131nda sizin rol\u00fcn\u00fcz ne oldu? Bu dok\u00fcmanda belirtilen  stratejiler nas\u0131l belirlendi? Sizin bu konuda rol\u00fcn\u00fcz ne oldu?<\/p>\n<p><strong>Cevap: <\/strong>Ben  Can D\u00fcndar&#8217;\u0131n kitab\u0131n\u0131 okumam\u0131\u015ft\u0131m, Erol M\u00fctercimler&#8217;in de ifadesini  bilmiyorum. Ergenekon hakk\u0131nda iddianamelerden edindi\u011fim bilgiler  vard\u0131r, b\u00f6yle bir medya yap\u0131lanmas\u0131ndan da haberim yoktur. Varsa dahi  i\u00e7inde ben yokum. B\u00f6yle bir dok\u00fcmandan haberdar de\u011filim. Asla Oda  TV\u00e7ilerle g\u00f6r\u00fc\u015fmedim, bunlarla hi\u00e7bir birlikteli\u011fim yok. Bunlar\u0131n  varl\u0131\u011f\u0131ndan da haberim yok. Belgelerin yap\u0131lmas\u0131ndan da haberim ve  katk\u0131m yoktur.<\/p>\n<p><strong>Soruldu : <\/strong>&#8220;ULUSAL MEDYA 2010&#8221;  dok\u00fcman\u0131nda &#8220;AMA\u00c7&#8221; ba\u015fl\u0131\u011f\u0131 alt\u0131nda; &#8220;Ergenekon ve benzeri siyasal  komplo\/ihanet davalar\u0131 sonucu tutuklananlar\u0131n serbest kalmalar\u0131 ve  \u015ferefli T\u00fcrk Ordusuna, devrimci ayd\u0131nlar\u0131na, ulusalc\u0131 kalemlerine ve  siyaset\u00e7ilerine, ba\u015fta cemaat ve AKP yanda\u015flar\u0131 olmak \u00fczere komplo  kuranlar\u0131n cezaland\u0131r\u0131lmalar\u0131 i\u00e7in \u00e7\u0131kar\u0131lacak hiyanet-i vataniye kanunu  kapsam\u0131nda yarg\u0131lanmalar\u0131n\u0131n sa\u011flanmas\u0131 amac\u0131yla ulusal medya \u00fczerine  d\u00fc\u015fen g\u00f6revlerin belirlenmesi gerekmektedir.&#8221; yazd\u0131\u011f\u0131 g\u00f6r\u00fclm\u00fc\u015ft\u00fcr.<\/p>\n<p>Dolay\u0131s\u0131yla &#8220;ULUSAL MEDYA 2010&#8221; dok\u00fcman\u0131nda, Ergenekon ve benzer  davalar\u0131n kamuoyunda inan\u0131l\u0131rl\u0131\u011fm\u0131n ortadan kalkmas\u0131, tutuklu yarg\u0131lanan  \u015f\u00fcphelilerin serbest kalmas\u0131 ve bu soru\u015fturmalar\u0131 y\u00fcr\u00fcten ki\u015filerin  vatana ihanet kapsam\u0131nda yarg\u0131lanmas\u0131 i\u00e7in kamuoyu olu\u015fturulmas\u0131n\u0131n  hedeflendi\u011fi g\u00f6r\u00fclm\u00fc\u015ft\u00fcr.<\/p>\n<p>\u00d6rg\u00fct\u00fcn bu hedefleriyle ilgili kamuoyu olu\u015fturma ad\u0131na neler yap\u0131ld\u0131? Siz bu konuda neler yapt\u0131n\u0131z?<\/p>\n<p><strong>Cevap: <\/strong>Benim bu konularda asla bilgim yoktur.<\/p>\n<p><strong>Soruldu : <\/strong>&#8220;ULUSAL  MEDYA 2010&#8221; dok\u00fcman\u0131nda &#8220;STRATEJ\u0130&#8221; ba\u015fl\u0131\u011f\u0131 alt\u0131nda; &#8220;Y\u00fcr\u00fct\u00fclmekte olan  operasyonlar\u0131n siyasal oldu\u011fu, AKP ve cemaatin Cumhuriyet ilke ve  devrimlerine kar\u015f\u0131 r\u00f6van\u015fist d\u00fc\u015f\u00fcncelerle giri\u015fti\u011fi, sivil fa\u015fist bir  hareket ve diktat\u00f6rl\u00fc\u011fe uzanan ye\u015fil bir devrim oldu\u011fu anlat\u0131lmal\u0131d\u0131r&#8221;  yazd\u0131\u011f\u0131 g\u00f6r\u00fclm\u00fc\u015ft\u00fcr.<br \/>\nBu strateji nas\u0131l ve kimler taraf\u0131ndan  belirlendi? Bu kapsamda ne t\u00fcr faaliyetler yap\u0131ld\u0131? Bu konuda sizin  herhangi bir faaliyetiniz oldu mu?<\/p>\n<p><strong>Cevap: <\/strong>Benim bu konularda asla bilgim yoktur.<\/p>\n<p><strong>Soruldu : <\/strong>&#8220;ULUSAL  MEDYA 2010&#8221; dok\u00fcman\u0131nda &#8220;STRATEJ\u0130&#8221; ba\u015fl\u0131\u011f\u0131 alt\u0131nda; &#8220;Sald\u0131r\u0131lar\u0131n  bilin\u00e7li olarak TSK ve Y\u00fcksek Yarg\u0131 ba\u015fta olmak \u00fczere Anayasal Kurumlara  kar\u015f\u0131 y\u00fcr\u00fct\u00fcld\u00fc\u011f\u00fc i\u015flenmelidir. Medya g\u00fcc\u00fcn\u00fc etkin bir \u015fekilde kullanan  Akp ve cemaate kar\u015f\u0131 ulusal medya topyekun harekete ge\u00e7irilmeli ve  komplolar\u0131 bo\u015fa \u00e7\u0131karacak propaganda ve kara propaganda unsurlar\u0131 etkili  bir \u015fekilde kullan\u0131lmal\u0131d\u0131r. Kemalist ideolojiye kar\u015f\u0131 y\u00fcr\u00fct\u00fclen sava\u015fa  destek veren medya organlar\u0131na yanda\u015f medya damgas\u0131 vurulmal\u0131d\u0131r&#8221;  yazd\u0131\u011f\u0131 g\u00f6r\u00fclm\u00fc\u015ft\u00fcr.<\/p>\n<p>Bu strateji nas\u0131l belirlendi? Bu kapsamda ne t\u00fcr faaliyetler yap\u0131ld\u0131? Bu konuda sizin herhangi bir faaliyetiniz oldu mu?<\/p>\n<p><strong>Cevap: <\/strong>Benim bu konularda asla bilgim yoktur.<\/p>\n<p><strong>Soruldu : <\/strong>&#8220;ULUSAL  MEDYA 2010&#8221; dok\u00fcman\u0131nda &#8220;STRATEJ\u0130&#8221; ba\u015fl\u0131\u011f\u0131 alt\u0131nda; &#8220;Ba\u015flat\u0131lan yarg\u0131  s\u00fcrecinde kar\u015f\u0131 taraf\u0131n elde etti\u011fi delillerin bo\u015fa \u00e7\u0131kar\u0131lmas\u0131,  de\u011fersizle\u015ftirilmesi ve normalle\u015ftirilmesi ad\u0131na savunma makamlar\u0131n\u0131n  geli\u015ftirmekte olduklar\u0131 arg\u00fcmanlar kullan\u0131lmal\u0131d\u0131r. Bu kapsamda tespit  edilecek zay\u0131f halkalar ve iddialar g\u00fcndeme ta\u015f\u0131nmal\u0131 ve davan\u0131n  geneliyle \u00f6zde\u015fle\u015ftirilmelidir. G\u00fc\u00e7l\u00fc tez ve delillerle kar\u015f\u0131 kar\u015f\u0131ya  kal\u0131nd\u0131\u011f\u0131nda, konunun ekseni de\u011fi\u015ftirilmeli, gri ve kara propaganda  unsurlar\u0131 etkin bir \u015fekilde kullan\u0131lmal\u0131d\u0131r. Kitlesel haf\u0131za s\u00fcresinin  k\u0131sal\u0131\u011f\u0131 dikkate al\u0131narak, ilk \u015fokun atlat\u0131lmas\u0131 ve kitlelerde kal\u0131c\u0131  kabullerin olu\u015fmas\u0131na f\u0131rsat verilmemesi \u00f6nem ta\u015f\u0131maktad\u0131r&#8221; yazd\u0131\u011f\u0131  g\u00f6r\u00fclm\u00fc\u015ft\u00fcr.<\/p>\n<p>Bu strateji nas\u0131l belirlendi? Bu kapsamda ne t\u00fcr faaliyetler yap\u0131ld\u0131? Bu konuda sizin herhangi bir faaliyetiniz oldu mu?<\/p>\n<p><strong>Cevap: <\/strong>Benim bu konularda asla bilgim yoktur.<br \/>\n<strong>Soruldu : <\/strong>&#8220;ULUSAL  MEDYA 2010&#8221; dok\u00fcman\u0131nda &#8220;STRATEJ\u0130&#8221; ba\u015fl\u0131\u011f\u0131 alt\u0131nda; &#8220;Davay\u0131 y\u00fcr\u00fcten  kurumlara y\u00f6nelik kamuoyu deste\u011fini k\u0131rmak i\u00e7in, gerek kurumsal gerekse  bireysel d\u00fczeyde y\u0131prat\u0131lmalar\u0131 ve g\u00fcvenilirliklerinin zedelenmesi  gerekmektedir. Haklar\u0131nda geni\u015f ve detayl\u0131 ara\u015ft\u0131rma yap\u0131larak  soru\u015fturma a\u00e7\u0131lmas\u0131 sa\u011flanmal\u0131 ve \u00fczerlerinde bask\u0131 olu\u015fturulmal\u0131d\u0131r&#8221;  yazd\u0131\u011f\u0131 g\u00f6r\u00fclm\u00fc\u015ft\u00fcr.<\/p>\n<p>Bu strateji nas\u0131l belirlendi? Bu kapsamda ne t\u00fcr faaliyetler yap\u0131ld\u0131? Bu konuda sizin herhangi bir faaliyetiniz oldu mu?<\/p>\n<p><strong>Cevap: <\/strong>Benim bu konularda asla bilgim yoktur.<br \/>\n<strong>Soruldu : <\/strong>&#8220;ULUSAL  MEDYA 2010&#8221; dok\u00fcman\u0131nda strateji ba\u015fl\u0131\u011f\u0131 alt\u0131nda, &#8220;Operasyon s\u00fcrecini  y\u00fcr\u00fcten kurumlara mensup olup tezlerimize ve faaliyetlerimize destek  veren, kamuoyunun yak\u0131ndan tan\u0131d\u0131\u011f\u0131 ve g\u00fcvendi\u011fi ki\u015filere, Ergenekon ve  benzeri davalar\u0131n tertip oldu\u011fu y\u00f6n\u00fcnde a\u00e7\u0131klama ve yay\u0131n yapt\u0131r\u0131lmas\u0131  i\u00e7in bilgi, belge ve teknik destek sa\u011flanmal\u0131d\u0131r.&#8221; Yazd\u0131\u011f\u0131 g\u00f6r\u00fclm\u00fc\u015ft\u00fcr.<\/p>\n<p>Di\u011fer taraftan ODATV&#8217;den ele ge\u00e7irilen belgelerden, &#8220;HAL\u0130\u00c7TE YA\u015eAYAN  S\u0130MONLAR&#8221; isimli kitab\u0131n Ergenekon ter\u00f6r \u00f6rg\u00fct\u00fc taraf\u0131ndan dava  s\u00fcrecinin etkilenmesi, davan\u0131n kamuoyunda inan\u0131l\u0131rl\u0131\u011fmm ortadan  kald\u0131r\u0131lmas\u0131 ve referandum s\u00fcrecinin etkilenmesi amac\u0131yla yazd\u0131r\u0131ld\u0131\u011f\u0131,  bu kapsamda sizinde aktif olarak g\u00f6rev ald\u0131\u011f\u0131n\u0131z tespit edilmi\u015ftir.<br \/>\n&#8220;HAL\u0130\u00c7TE YA\u015eAYAN S\u0130MONLAR&#8221; isimli kitab\u0131n yaz\u0131lmas\u0131 ile ilgili sizin ne  t\u00fcr \u00e7al\u0131\u015fmalar\u0131n\u0131z oldu? Hanefi AVCI ile nas\u0131l bir i\u015f birli\u011fi yapt\u0131n\u0131z?<\/p>\n<p><strong>Cevap: <\/strong>Benim  Ulusal Medya 2010 dok\u00fcman\u0131ndan bilgim ve katk\u0131m olmam\u0131\u015ft\u0131r. Hanefi  Avc\u0131&#8217;nm bu kitab\u0131n\u0131 yazd\u0131\u011f\u0131ndan da hi\u00e7bir zaman kitap masan\u0131n \u00fcst\u00fcne  gelene kadar bilgim olmam\u0131\u015ft\u0131r. Yay\u0131nland\u0131ktan sonra haberim olmu\u015ftur,  Hanefi Avc\u0131 ile hi\u00e7bir i\u015f birli\u011fim olmam\u0131\u015ft\u0131r. Benim en zay\u0131f haber  kaynaklar\u0131mdan biri de Hanefi Avc\u0131&#8217;d\u0131r.<\/p>\n<p><strong>Soruldu : <\/strong>ODATV&#8217;de  yap\u0131lan aramada ele ge\u00e7irilen dijital veriler i\u00e7ersinde &#8220;HANEF\u0130&#8221; isimli  word belgesi bulunmu\u015f, bu belgesinin i\u00e7eri\u011finde yazan notlara  bak\u0131ld\u0131\u011f\u0131nda &#8220;HAL\u0130\u00c7TE YA\u015eAYAN S\u0130MONLAR&#8221; isimli kitab\u0131n \u00f6rg\u00fct\u00fcn talimat\u0131  ve y\u00f6nlendirmesi ile yay\u0131nland\u0131\u011f\u0131 anla\u015f\u0131lm\u0131\u015ft\u0131r.<br \/>\n<strong>&#8220;Hanefi&#8221; isimli word belgesinde;<br \/>\n&#8220;Hanefi&#8217;nin kitab\u0131 ne durumda, <\/strong>referandum \u00f6ncesi yeti\u015ftirmeli. Nedim&#8217;i <strong>s\u0131k\u0131\u015ft\u0131r\u0131n <\/strong>h\u0131zland\u0131rs\u0131n..&#8221; <strong>&#8220;Referandum  s\u00fcrecinde Cemaati y\u0131pratmal\u0131 ve kamuoyu \u00fczerinde g\u00fcvenirlili\u011fini  azaltmal\u0131; Hanefi kullan\u0131lmal\u0131. B\u00f6yle bir \u015feyi kendini ortaya koyarak  teklif etmesi \u00f6nemli. Avc\u0131 ile direkt g\u00f6r\u00fc\u015fmeyelim, Nedim&#8217;i ve Cumhur&#8217;u  kullanal\u0131m&#8221; yazd\u0131\u011f\u0131 tespit edilmi\u015ftir.<\/strong><\/p>\n<p>Bu belge ile  ilgili H\u00fcseyin Soner YAL\u00c7IN alman ifadesinde &#8220;Bw belgede ismi Nedim  olarak ge\u00e7en \u015fah\u0131s gazeteci Nedim \u015eENER olabilir&#8221; \u015feklinde beyanda  bulunmu\u015ftur. Dolay\u0131s\u0131yla &#8220;Hali\u00e7te Ya\u015fayan Simonlar &#8221; isimli kitab\u0131n  yaz\u0131lmas\u0131 ve yay\u0131nlanmas\u0131 a\u015famas\u0131nda sizin aktif olarak g\u00f6rev ald\u0131\u011f\u0131n\u0131z  anla\u015f\u0131lm\u0131\u015ft\u0131r.<\/p>\n<p><strong>*Bu kitab\u0131n yaz\u0131m\u0131nda g\u00f6rev alman\u0131zdaki  ama\u00e7 nedir? Kitab\u0131n yaz\u0131m a\u015famas\u0131nda sizi kimler s\u0131k\u0131\u015ft\u0131rd\u0131?  S\u0131k\u0131\u015ft\u0131rmalar\u0131n\u0131n sebebi ne idi? Bu konuda kimlerle ne g\u00f6r\u00fc\u015ft\u00fcn\u00fcz?  Kitab\u0131n \u00f6zellikle referandum \u00f6ncesine yeti\u015ftirilmek istenmesinin amac\u0131  nedir?<\/strong><\/p>\n<p><strong>Hanefi AVCI ile irtibat\u0131 sa\u011flaman\u0131z  g\u00f6revi kim yada kimler taraf\u0131ndan size verildi? Hanefi AVCI ile sizin  arac\u0131l\u0131\u011f\u0131n\u0131zla g\u00f6r\u00fc\u015f\u00fclmesinin sebebi nedir? Hangi konularda arac\u0131l\u0131k  yapt\u0131n\u0131z? Notta &#8220;CUMHUR&#8221; olarak belirtilen ki\u015fi kimdir? Sizin bu ki\u015fi  ile ili\u015fkiniz nedir?<\/strong><\/p>\n<p><strong>Cevap: <\/strong>\u00d6ncelikle  Soner Yal\u00e7m&#8217;\u0131 tan\u0131mad\u0131\u011f\u0131m\u0131 belirtmi\u015ftim, Oda TV&#8217;de \u00e7\u0131kan yaz\u0131da ge\u00e7en  &#8220;Nedim&#8221;in Nedim \u015eener olabilir \u015feklinde Soner Yal\u00e7\u0131n taraf\u0131ndan  s\u00f6ylenmi\u015f olmas\u0131ndan \u00f6t\u00fcr\u00fc ben Soner Yal\u00e7\u0131n hakk\u0131nda su\u00e7 duyurusunda  bulundum. 22\/02\/2011 tarihli dilek\u00e7emi ibraz ediyorum. 4 sayfal\u0131k evrak  al\u0131nd\u0131. Ayr\u0131ca Hanefi Avc\u0131 ile alakal\u0131 da e\u011fer ki Hanefi Avc\u0131 ile kitab\u0131  hakk\u0131nda bir katk\u0131m ve g\u00f6r\u00fc\u015fmem varsa bununla alakal\u0131 da kendisine yaz\u0131  yazd\u0131m ve bana yazm\u0131\u015f oldu\u011fu 02\/03\/2011 tarihli (2) adet faks\u0131 ibraz  ediyorum. Burada da kendisi benimle b\u00f6yle bir ili\u015fkinin olmad\u0131\u011f\u0131n\u0131  s\u00f6ylemi\u015ftir. (2) sayfal\u0131k faks\u0131 ibraz ediyorum. (2) sayfal\u0131k faks  \u00fczerinde 161 ve 162 numaralar\u0131 yaz\u0131l\u0131 fakslar dosyaya konuldu. Cumhur  diye birini tan\u0131m\u0131yorum.<\/p>\n<p><strong>Soruldu\u00a0\u00a0\u00a0\u00a0\u00a0 : Yine ayn\u0131 belgenin devam\u0131nda;<br \/>\n<\/strong>&#8220;Sahih \u00fcstat da \u0130lhan Cihaner olay\u0131 kitapta muhakkak i\u015flenmeli diyor. Cihaner&#8217;i bay rakla\u015ft\u0131r al\u0131m.<\/p>\n<p>Do\u011fu Hanefi&#8217;nin a\u011fz\u0131ndan Ergenekon&#8217;un bo\u015f bir dava olarak anlat\u0131lmas\u0131  sa\u011flanmal\u0131 diyor. Do\u011funun \u00e7al\u0131\u015fmalar\u0131ndan faydalan\u0131lmak. Hanefi&#8217;ye  g\u00fcvence verilmeli&#8230;<br \/>\nKitapta Ergenekon, Cihaner, Balyoz, Poyrazk\u00f6y  gibi operasyonlar\u0131 poliste ve savc\u0131da ki F tipi yapt\u0131 vurgusu iyi  kurgulanmak. Cemaat operasyonu, hukuki olarak hi\u00e7bir de\u011feri yok alg\u0131s\u0131  olu\u015fturulacak.<\/p>\n<p>Dan\u0131\u015ftay&#8217;\u0131n t\u00fcrban eylemi oldu\u011fu Hanefi&#8217;nin  a\u011fz\u0131ndan net bir \u015fekilde vurgulanmal\u0131. Hanefi&#8217;nin b\u00f6yle de\u011ferlendirmesi  kamuoyunda ciddi bir etki b\u0131rak\u0131r.&#8221; \u015feklinde notlar\u0131n yazd\u0131\u011f\u0131 tespit  edilmi\u015ftir.<\/p>\n<p>&#8220;Hali\u00e7te Ya\u015fayan Simonlar&#8221; kitab\u0131 incelendi\u011finde  notta yazan hususlar\u0131n kitapta yer ald\u0131\u011f\u0131 ve belirtildi\u011fi \u015fekilde  i\u015flendi\u011fi g\u00f6r\u00fclm\u00fc\u015ft\u00fcr.<\/p>\n<p>Kitapta bu konularla ilgili k\u0131s\u0131mlar\u0131  kimler yazd\u0131? Sizin yazd\u0131\u011f\u0131n\u0131z k\u0131s\u0131m oldu mu? Bu notlar kim yada  kimlerden geldi? Bu notlar\u0131 size kim iletti?<\/p>\n<p><strong>Cevap: <\/strong>Bu  konudan bilgi sahibi de\u011filim, benim herhangi bir katk\u0131m olmam\u0131\u015ft\u0131r. Ben  Ergenekon konusunda Hanefi Avc\u0131 gibi d\u00fc\u015f\u00fcn\u00fcyorum, Dink Cinayetinin de  Ergenekon aras\u0131ndaki ba\u011flant\u0131y\u0131 kitab\u0131nda yazacak kadar da cesaretli bir  insan\u0131m. \u00c7\u00fcnk\u00fc Ergenekoncular beni tehdit etti.<\/p>\n<p><strong>Soruldu\u00a0\u00a0\u00a0\u00a0\u00a0 : <\/strong>Ayn\u0131 belgenin devam\u0131nda;<br \/>\n&#8220;Do\u011fu cemaatle ilgili M. Cengiz&#8217;de kullan\u0131labilecek yeni belgelerin  oldu\u011fu haberini g\u00f6nderdi. Muhakkak g\u00f6r\u00fc\u015f\u00fclmeli, bu belgelerde cemaat i\u00e7i  kavga ba\u015flatacak bilgiler oldu\u011funu s\u00f6yl\u00fcyor. Kitaba eklenmeli.<br \/>\nHasan Fehmi&#8217;nin Silivri&#8217;den getirdi\u011fi notlar iyi de\u011ferlendirilmeli.<br \/>\n\u00c7etin Do\u011fan &#8216;\u0131n verdi\u011fi bilgiler kitapta muhakkak yer almal\u0131, balyozun  normal bir seminer oldu\u011fu \u00fclke g\u00fcvenli\u011fi i\u00e7in gerekli oldu\u011fu vurgusu  istenmeli.<br \/>\nM.Cengiz&#8217;deki yeni bilgiler ve Hanefi&#8217;nin g\u00f6nderdikleri  \u00fczerinden, emniyeti ele ge\u00e7irmi\u015f F tipi yap\u0131lanmay\u0131 kitapta i\u015fleyelim&#8221;  \u015feklinde notlar\u0131n yazd\u0131\u011f\u0131 tespit edilmi\u015ftir.<br \/>\n&#8220;Hali\u00e7te Ya\u015fayan  Simonlar&#8221; kitab\u0131 incelendi\u011finde notta yazan hususlar\u0131n kitapta yer  ald\u0131\u011f\u0131 ve belirtildi\u011fi \u015fekilde i\u015flendi\u011fi g\u00f6r\u00fclm\u00fc\u015ft\u00fcr.<br \/>\nKitapta bu  konularla ilgili k\u0131s\u0131mlar\u0131 kimler yazd\u0131? Sizin yazd\u0131\u011f\u0131n\u0131z k\u0131s\u0131m oldu mu?  Bu notlar kim yada kimlerden geldi? Bu notlar\u0131 size kim iletti?<\/p>\n<p><strong>Cevap: <\/strong>Buradaki  isimlerle hi\u00e7bir alakam yoktur, herhangi bir katk\u0131 sa\u011flamad\u0131m. Asla not  ileten olmad\u0131. Ben hukuki olmayan hi\u00e7bir belge ve notla alakam yoktur.  Bunlar\u0131 hi\u00e7bir yerde de kale almam.<\/p>\n<p><strong>Soruldu :<\/strong> <strong>ODATV&#8217;de  yap\u0131lan aramada ele ge\u00e7irilen dijital veriler i\u00e7ersinde &#8220;NED\u0130M&#8221; isimli  word belgesi bulunmu\u015f, bu belgesinin i\u00e7eri\u011finde yazan notlara  bak\u0131ld\u0131\u011f\u0131nda;<br \/>\n<\/strong>&#8220;Nedim&#8217;in emniyet ba\u011flant\u0131lar\u0131 \u00f6nemli, irtibatlar\u0131n\u0131 devam ettirsin<br \/>\nToygun&#8217;un gazete ile problemleri var, Nedim \u00e7\u00f6zebilir mi? Haber  yay\u0131nlatam\u0131yorsa biz neden de\u011ferlendirmiyoruz, Hanefi ve ekibini \u00e7ok iyi  tan\u0131yor.<\/p>\n<p>Nedim ile Hanefi&#8217;nin Dink konusundaki g\u00f6r\u00fc\u015f ayr\u0131l\u0131klar\u0131  g\u00fcndem yap\u0131lmamal\u0131, \u00fczerinde durulursa savunmam\u0131z ve etkisini  art\u0131rmam\u0131z zor olabilir, Nedim bu konuda duyarl\u0131 olmal\u0131, \u00e7ok fazla  Hanefi&#8217;nin \u00fczerine gidilmemeli, ana g\u00fcndemden kopup Hanefi&#8217;yi tart\u0131\u015f\u0131l\u0131r  hale getirmi\u015f oluruz&#8221; \u015feklinde notlar\u0131n yaz\u0131l\u0131 oldu\u011fu tespit  edilmi\u015ftir.<\/p>\n<p>Bahse konu word dosyas\u0131n\u0131n teknik \u00f6zelliklerine  bak\u0131ld\u0131\u011f\u0131nda 09.08.2010 tarihinde &#8220;Soner&#8221; isimli kullan\u0131c\u0131 taraf\u0131ndan  olu\u015fturuldu\u011fu anla\u015f\u0131lm\u0131\u015ft\u0131r. Bu ba\u011flamda bahse konu notlar\u0131n Soner  YAL\u00c7IN taraf\u0131ndan haz\u0131rland\u0131\u011f\u0131 anla\u015f\u0131lmaktad\u0131r.<\/p>\n<p>* Soner  YAL\u00c7IN sizin emniyet ba\u011flant\u0131lar\u0131n\u0131za neden \u00f6nem vermektedir? Bu  ba\u011flant\u0131lar\u0131 devam ettirmenizi istemesinin sebebi nedir?<\/p>\n<p>Notta  ge\u00e7en &#8220;TOYGUN&#8221; kimdir? Bu ki\u015fi ile aran\u0131zdaki ili\u015fki nedir? Toygun&#8217;un  gazetesiyle ilgili problemiyle Soner YAL\u00c7IN neden ilgilenmektedir? Soner  YAL\u00c7IN bu konuda size bir \u015fey s\u00f6yledi mi?<\/p>\n<p><strong>Cevap: <\/strong>Ben  Toygun Atilla&#8217;y\u0131 tan\u0131r\u0131m, ancak bu nottaki Toygun&#8217;un Toygun Atilla  oldu\u011funa dair bir kanaatim yoktur. Toygun&#8217;un gazetede bir problemi olsa  bile benimle \u00e7\u00f6z\u00fclecek bir problem oldu\u011funu d\u00fc\u015f\u00fcnm\u00fcyorum, ben orada bir  muhabirim. Soner Yal\u00e7m&#8217;m Toygun konusuyla ni\u00e7in ilgilendi\u011fini ben  bilmiyorum, bu konuda bana Toygun da bir \u015fey s\u00f6ylemedi.<\/p>\n<p><strong>Soruldu :<\/strong> 26.09.2009 g\u00fcn\u00fc saat 19:45&#8217;te Refik Ali U\u00c7ARCI ile yapt\u0131\u011f\u0131n\u0131z telefon  g\u00f6r\u00fc\u015fmesinde \u00f6zetle; G\u00f6r\u00fc\u015fmenin ba\u015f\u0131nda Hanefi AVCI&#8217;n\u0131n Emin ASLAN ile  ilgili a\u00e7\u0131klamalar\u0131n\u0131 haber yapt\u0131\u011f\u0131n\u0131z konusu ile ilgili bir s\u00fcre  konu\u015ftuktan sonra REF\u0130K&#8217;in &#8220;Sana \u015funu soraca\u011f\u0131m ben radikalde ve  h\u00fcrriyette vard\u0131r o haberde o haberi yapan ki\u015fi h\u00fcrriyet gazetesinden  tan\u0131m\u0131yorum daha \u00f6nceden de hi\u00e7 g\u00f6rmedim duymam\u0131\u015ft\u0131m&#8221; dedi\u011fi, S\u0130Z\u0130N &#8220;O  iyi bir \u00e7ocuktur Toygun Atilla \u00e7ok iyi bi \u015feydir gazetecidir ara\u015ft\u0131r\u0131r  \u00f6yle \u015feye gelmez hani baz\u0131lar\u0131 eline belge verir yada bir \u015fey verir&#8221;  &#8220;Onu heyecanla yaz\u0131y\u0131m diyen de\u011fil vicdan\u0131yla ara\u015ft\u0131ran d\u00fcr\u00fcst bir  gazetecidir o ve onu da belli etmi\u015f yani haberinde de zaten yani  g\u00f6r\u00fcyorsun ki hi\u00e7 yani \u00fczerinde duruyorduk ara\u015ft\u0131r\u0131yorduk ama o daha da  h\u0131zl\u0131 \u00e7\u0131km\u0131\u015f o konuyu tabi emniyet te\u015fkilat\u0131 i\u00e7inde emniyet muhabiri  \u015feyin h\u00fcrriyetin \u0130stanbul daki emniyetteki bakan muhabiri \u00e7ok vicdanl\u0131  \u00e7ok \u015fey \u00e7al\u0131\u015fkan bir \u00e7ocuktur ve bide tabi ar\u015fivi kuvvetlidir&#8221; &#8220;Ge\u00e7mi\u015fi  \u00e7ok iyi bilir o y\u00fczdende \u015fey yani bizi de atlatm\u0131\u015f yani o haberle de  olsun bizde herkesi atlatt\u0131k&#8221; dedi\u011finiz tespit edilmi\u015ftir.<\/p>\n<p>Dolay\u0131s\u0131yla bu g\u00f6r\u00fc\u015fmeden; ODATV de ele ge\u00e7irilen notta yazan &#8220;TOYGUN&#8221;un  Toygun AT\u0130LLA oldu\u011fu anla\u015f\u0131lmaktad\u0131r. Toygun AT\u0130LLA ile aran\u0131zdaki  ili\u015fki nedir? Toygun&#8217;un gazetesindeki sorunlarla ilgili ne yapt\u0131n\u0131z?<\/p>\n<p><strong>Cevap:<\/strong> Ben Toygun&#8217;un gazeteyle herhangi bir problemi oldu\u011funu bilmiyorum, hi\u00e7bir \u015fey yapmad\u0131m.<\/p>\n<p><strong>Soruldu :<\/strong> Hali\u00e7te Ya\u015fayan Simonlar isimli kitab\u0131n ikinci b\u00f6l\u00fcm\u00fcnde Hrant D\u0130NK&#8217;in  \u00f6ld\u00fcr\u00fclmesi olay\u0131 ile ilgili olarak, bu olay\u0131n her y\u00f6n\u00fcyle en ince  teferruat\u0131na kadar ara\u015ft\u0131r\u0131ld\u0131\u011f\u0131, karanl\u0131kta kalan hi\u00e7bir yan\u0131n\u0131n  olmad\u0131\u011f\u0131 belirtilmi\u015ftir. Siz ise Hrant D\u0130NK davas\u0131 ile ilgili olarak  kitapta belirtilenlerin tam aksi y\u00f6nde hem yaz\u0131l\u0131 ve g\u00f6rsel bas\u0131ndaki  a\u00e7\u0131klamalar\u0131n\u0131zda hem de yazd\u0131\u011f\u0131n\u0131z k\u00f6\u015fe yaz\u0131lar\u0131 ve kitaplarda fikir  beyan etmektesiniz.<\/p>\n<p>Kitapta bu konuda yer alan hususlar ile  tamamen farkl\u0131 g\u00f6r\u00fc\u015fe sahip olman\u0131za ra\u011fmen, kitab\u0131n piyasaya \u00e7\u0131kmas\u0131 ve  Hanefi AVCI&#8217;n\u0131n Devrimci Karargah Ter\u00f6r \u00d6rg\u00fct\u00fc soru\u015fturmas\u0131 sebebiyle  g\u00f6zalt\u0131na al\u0131n\u0131p tutuklanmas\u0131n\u0131n ard\u0131ndan, kaleme ald\u0131n\u0131z k\u00f6\u015fe  yaz\u0131lar\u0131nda ve kat\u0131ld\u0131\u011f\u0131n\u0131z bir \u00e7ok televizyon program\u0131nda, kitab\u0131n  savunuculu\u011funu yapan a\u00e7\u0131klamalar yapt\u0131\u011f\u0131n\u0131z g\u00f6r\u00fclm\u00fc\u015ft\u00fcr.<\/p>\n<p>Dolay\u0131s\u0131yla kitab\u0131n i\u00e7ersinde tamamen sizin fikirlerinize ayk\u0131r\u0131  g\u00f6r\u00fc\u015fler oldu\u011fu halde kitab\u0131n \u015fiddetli savunucular\u0131ndan olman\u0131z ODATV de  ele ge\u00e7irilen notlarla birlikte de\u011ferlendirildi\u011finde, bu kitab\u0131n ikinci  k\u0131sm\u0131n\u0131n yaz\u0131m\u0131 a\u015famas\u0131nda ciddi \u00e7al\u0131\u015fmalar\u0131n\u0131z\u0131n oldu\u011funu  g\u00f6stermektedir. Bu durumu nas\u0131l a\u00e7\u0131kl\u0131yorsunuz?<\/p>\n<p><strong>Cevap:<\/strong> Benim herhangi bir \u00e7al\u0131\u015fmam olmad\u0131, ben Hanefi Avc\u0131&#8217;nm kitab\u0131n\u0131  \u015fiddetle savunmad\u0131m. Hanefi Avc\u0131&#8217;nm kitab\u0131yla alakal\u0131 bir\u00e7ok medya  kurulu\u015funda da \u00f6v\u00fcc\u00fc yaz\u0131lar \u00e7\u0131km\u0131\u015ft\u0131r. O zaman bunlar\u0131n da b\u00f6yle  de\u011ferlendirilmesi gerekir. Ayr\u0131ca medyada Hrant Dink cinayetiyle ilgili  bu konuyu baz\u0131 meslekta\u015flar\u0131 koruma amac\u0131yla eksik bilgi ile yazd\u0131\u011f\u0131n\u0131  bir\u00e7ok yerde ifade ettim. Ak\u015fam Gazetesi&#8217;nde \u00e7\u0131kan bir r\u00f6portaj\u0131mda  Hanefi Avc\u0131&#8217;nm Dink konusuyla ilgili bir kitap yazd\u0131\u011f\u0131n\u0131 bilmedi\u011fimi,  e\u011fer biliyorsa idim buna hukuken de engel olurdum diye s\u00f6yledim.<\/p>\n<p><strong>Soruldu :<\/strong> Di\u011fer taraftan s\u00f6z konusu kitab\u0131 savundu\u011funuz programlarda, kitap  i\u00e7ersinde yer alan ve sizin fikirlerinizle tamamen z\u0131t olan Hrant D\u0130NK  konusuna neredeyse hi\u00e7 de\u011finmedi\u011finiz g\u00f6r\u00fclm\u00fc\u015ft\u00fcr.<\/p>\n<p>Oda TV&#8217;den  bulunan &#8220;NED\u0130M&#8221; isimli word belgesinde ise &#8220;Nedim ile Hanefi&#8217;nin D\u0130NK  konusundaki g\u00f6r\u00fc\u015f ayr\u0131l\u0131klar\u0131 g\u00fcndem yap\u0131lmamal\u0131, \u00fczerinde durulursa  savunmam\u0131z ve etkisini art\u0131rmam\u0131z zor olabilir, Nedim bu konuda duyarl\u0131  olmal\u0131, \u00e7ok fazla Hanefi&#8217;nin \u00fczerine gidilmemeli&#8221; yazd\u0131\u011f\u0131 tespit  edilmi\u015ftir.<\/p>\n<p>Dolay\u0131s\u0131yla sizin, ODATV de ele ge\u00e7irilen &#8220;NED\u0130M&#8221;  isimli word dosyas\u0131nda yazan hususlar\u0131 birebir yerine getirdi\u011finiz  anla\u015f\u0131lmaktad\u0131r. Bu durumu nas\u0131l a\u00e7\u0131kl\u0131yorsunuz?<\/p>\n<p><strong>Cevap: <\/strong>Yukar\u0131da  bu soruyu a\u00e7\u0131klam\u0131\u015ft\u0131m. Hem k\u00f6\u015fe yaz\u0131lar\u0131nda hem de televizyon  programlar\u0131nda bunun aksi y\u00f6n\u00fcnde g\u00f6r\u00fc\u015fler beyan etmi\u015ftim.<\/p>\n<p><strong>Soruldu :<\/strong> Hali\u00e7te Ya\u015fayan Simonlar isimli kitap incelendi\u011finde; kitab\u0131n Devlet  isimli ilk b\u00f6l\u00fcm\u00fcnde (338-346. sayfalar\u0131 aras\u0131nda), Hanefi AVCI&#8217;n\u0131n,  iddia olunan Ergenekon Ter\u00f6r \u00d6rg\u00fct\u00fc&#8217;n\u00fcn varl\u0131\u011f\u0131, \u00f6rg\u00fctsel yap\u0131s\u0131, bu  \u00f6rg\u00fctlenmenin tespiti ve yarg\u0131lanmas\u0131 konular\u0131nda fikir beyan etti\u011fi, bu  hususu 344. sayfada; &#8220;Ergenekon soru\u015fturmas\u0131 s\u0131ras\u0131nda yakalananlar ve  a\u00e7\u0131lan tahkikatlar sonucunda bu olay somut bir bi\u00e7imde \u015fekillendi ve  b\u00f6yle bir \u00f6rg\u00fct\u00fcn var oldu\u011fu g\u00f6r\u00fcld\u00fc. Bu \u00f6rg\u00fct\u00fcn ortaya \u00e7\u0131kar\u0131lmas\u0131ndan  \u00e7ok daha \u00f6nemli olan, \u00f6rg\u00fct ortaya \u00e7\u0131kar\u0131lmadan \u00f6nce bu t\u00fcr bir  d\u00fc\u015f\u00fcncenin ve anlay\u0131\u015f\u0131n kitleler ve devlet g\u00fcvenlik \u00f6rg\u00fctleri i\u00e7erisinde  veya onlarla dayan\u0131\u015fma i\u00e7erisinde olan gruplar taraf\u0131ndan kabul g\u00f6rm\u00fc\u015f  ve desteklenmi\u015f olmas\u0131d\u0131r.&#8221; \u015eeklinde ifade etti\u011fi g\u00f6r\u00fclm\u00fc\u015ft\u00fcr. Buna  kar\u015f\u0131l\u0131k kitab\u0131n Cemaat isimli ikinci b\u00f6l\u00fcm\u00fcnde (\u00f6zellikle 530.  sayfas\u0131ndan itibaren) soru\u015fturmay\u0131 itibars\u0131zla\u015ft\u0131rmaya y\u00f6nelik \u00e7ok  say\u0131da iddian\u0131n yer ald\u0131\u011f\u0131, bu iddialar\u0131n da ilk b\u00f6l\u00fcmde dile getirilen  g\u00f6r\u00fc\u015fler ile ciddi manada \u00e7eli\u015fti\u011fi tespit edilmi\u015ftir.<\/p>\n<p>Dolay\u0131s\u0131yla bu tespitler, kitab\u0131n birinci b\u00f6l\u00fcm\u00fcn\u00fcn Hanefi AVCI  taraf\u0131ndan kaleme al\u0131nd\u0131\u011f\u0131n\u0131, &#8220;CEMAAT&#8221; isimli ikinci k\u0131sm\u0131n\u0131n ise  ODATV&#8217;de ele ge\u00e7irilen notlarda da belirtildi\u011fi gibi sonradan \u00f6rg\u00fct\u00fcn  talimat ve y\u00f6nlendirmeleri ile yaz\u0131ld\u0131\u011f\u0131n\u0131 ortaya koymaktad\u0131r.<\/p>\n<p>Kitap yay\u0131nland\u0131ktan sonra kaleme ald\u0131n\u0131z k\u00f6\u015fe yaz\u0131lar\u0131nda ve  kat\u0131ld\u0131\u011f\u0131n\u0131z bir\u00e7ok televizyon program\u0131nda kitab\u0131n savunuculu\u011funu yapan  a\u00e7\u0131klamalar\u0131n\u0131z g\u00f6z \u00f6n\u00fcnde bulunduruldu\u011funda, sizin bu kitap  \u00e7al\u0131\u015fmas\u0131nda aktif olarak g\u00f6rev ald\u0131\u011f\u0131n\u0131z a\u00e7\u0131k\u00e7a anla\u015f\u0131lmaktad\u0131r.<\/p>\n<p>Bu \u00e7al\u0131\u015fmalar\u0131 hangi maksatla yapt\u0131\u011f\u0131n\u0131z\u0131 a\u00e7\u0131klay\u0131n\u0131z.<\/p>\n<p><strong>Cevap: <\/strong>Ben  bu kitab\u0131n savunuculu\u011funu hi\u00e7bir zaman yapmad\u0131m. Kitab\u0131n i\u00e7erisinde tek  \u00e7eli\u015fki bu konuda de\u011fildir. \u00d6rne\u011fin Dink cinayeti ayd\u0131nland\u0131 derken  ayn\u0131 soru\u015fturma kapsam\u0131nda \u0130stihbarat Daire Ba\u015fkanl\u0131\u011f\u0131nda dijital  verilerin usuls\u00fcz olarak de\u011fi\u015ftirildi\u011fine dair bilgiler i\u00e7ermektedir.  Buna benzer bir\u00e7ok konu mevcuttur. Ben bunu medyada da dile getirdim.  Ben kendi yazd\u0131\u011f\u0131m kitaplar d\u0131\u015f\u0131nda aktif veya pasif olarak yer almad\u0131m.<br \/>\n<strong>Soruldu : <\/strong>Hanefi  AVCI&#8217;nm 26 A\u011fustos 2010 tarihinde, NTV&#8217;de yay\u0131nlanan Mirg\u00fcn CABAS ve  Ru\u015fen \u00c7AKIR&#8217;m sunuculu\u011funu yapt\u0131klar\u0131 YAZI \u0130\u015eLER\u0130 isimli programda  kat\u0131ld\u0131\u011f\u0131, kitab\u0131n haz\u0131rlan\u0131\u015f tarihi ile ilgili olarak; Ben bu kitab\u0131  2009 y\u0131l\u0131n\u0131n be\u015finci ay\u0131ndan itibaren yazmaya ba\u015flad\u0131m, kitap 2010 Mart  ay\u0131nda bitti ve yay\u0131nevine teslim ettim. Benim niyetim 10 Nisan  tarihindeki polis bayram\u0131nda \u00e7\u0131karmakt\u0131 ama i\u015flemler uzun s\u00fcrd\u00fc.&#8221;  Dedi\u011fi, 29.09.2010 g\u00fcn\u00fc CNN T\u00dcRK&#8217;te yay\u0131nlanan sunuculu\u011funu Ahmet  HAKAN&#8217;\u0131n yapt\u0131\u011f\u0131 TARAFSIZ B\u00d6LGE isimli programda sizin; Elbette elbette  \u015feye kat\u0131l\u0131yorum. O birinci b\u00f6l\u00fcm\u00fcyle ilgili devletle ilgili o b\u00f6l\u00fcm\u00fc  haz\u0131rl\u0131\u011f\u0131n\u0131 yapm\u0131\u015f sonra bunu dedi\u011fi gibi arkaya eklemi\u015f&#8230;&#8221; dedi\u011finiz,  29.09.2010 g\u00fcn\u00fc CNN T\u00fcrk televizyon kanal\u0131nda yay\u0131nlanan, sunuculu\u011funu  C\u00fcneyt \u00d6ZDEM\u0130R&#8217;in yapt\u0131\u011f\u0131 5N1K isimli programda, gazeteci-yazar Ali  BAYRAMO\u011eLU&#8217;nun; &#8220;&#8230;ben o kitab\u0131n\u0131n yaz\u0131ld\u0131\u011f\u0131n\u0131n \u00e7ok uzun s\u00fcredir  biliyorum. &#8230;De\u011fil tabi kafas\u0131nda ge\u00e7ti\u011fini anlamak \u00e7ok kolay de\u011fil.  Kitab\u0131 niye anlatt\u0131 size, niye yazd\u0131\u011f\u0131n\u0131, ne zaman yazd\u0131\u011f\u0131n\u0131, Nisan da  yay\u0131nlayacakt\u0131, gecikti b\u00fct\u00fcn bunlar&#8230;&#8221; dedi\u011fi, 03.10.2010 tarihinde  HABERT\u00dcRK televizyon kanal\u0131nda Ece \u00dcNER&#8217;\u0130N sundu\u011fu, \u00d6nder AYTA\u00c7, \u015eamil  TAYYAR, Belma AK\u00c7URA, Sayg\u0131 \u00d6ZT\u00dcRK, Ecevit KILI\u00c7 ile birlikte sizin de  konuk olarak yer ald\u0131\u011f\u0131n\u0131z &#8220;OLDU\u011eU G\u0130B\u0130&#8217; isimli programda, Belma  AK\u00c7IRA&#8217;nm; ..Bu anlamda ben kendisine (Hanefi AVCI) telefon a\u00e7t\u0131m, 2009  Eyl\u00fcl ay\u0131nda Hanefi AVCI kendisinin bir kitap yazd\u0131\u011f\u0131n\u0131 ve bu kitapta  i\u015fte mesleki anlamda 33 y\u0131ll\u0131k mesle\u011finde kar\u015f\u0131 kar\u015f\u0131ya kalm\u0131\u015f oldu\u011fu  te\u015fkilat\u0131, sorunlar\u0131 kendisini ama \u00f6zellikle de kendisini ortaya koyarak  baz\u0131 olaylar\u0131 anlatmak istedi\u011fini, yazd\u0131\u011f\u0131n\u0131, G\u00fcneydo\u011fu&#8217; da \u00f6zelikle 8  y\u0131l bulundu\u011funu i\u015fte PKK ve K\u00fcrtleri anlatmak istedi\u011fi falan s\u00f6yledi,  \u015fimdi bir insan zaten 2009 Eyl\u00fclde kitap yazma haz\u0131rl\u0131\u011f\u0131n\u0131 i\u015fte kitap  hepimiz yazd\u0131\u011f\u0131 gibi biliyoruz, &#8220;dedi\u011fi. \u015eamil TAYYAR&#8217;m Belma AK\u00c7URA&#8217;ya  kitap kendisine verildi\u011finde kitab\u0131n ikinci b\u00f6l\u00fcm\u00fcn\u00fcn kitaba dahil olup  olmad\u0131\u011f\u0131 ile ilgili sordu\u011fu soruya; \u015eimdi ben kendisinden kitab\u0131n  1.b\u00f6l\u00fcm\u00fcn\u00fc kendisinden ald\u0131\u011f\u0131mda kitapta baz\u0131 b\u00f6l\u00fcmler yoktu, bunu e  maille sordu\u011fumda da yan\u0131t alamad\u0131m&#8221; \u015feklinde cevap verdi\u011fi, tespit  edilmi\u015ftir.<\/p>\n<p>T\u00fcm bu tespitler; HAL\u0130\u00c7TE YA\u015eAYAN S\u0130MONLAR isimli  kitab\u0131n &#8220;DEVLET&#8221; isimli ilk b\u00f6l\u00fcm\u00fcn Hanefi AVCI taraf\u0131ndan uzun bir  s\u00fcre\u00e7te kaleme al\u0131nd\u0131\u011f\u0131n\u0131 ve hatta 10 Nisan 2010 tarihinde  yay\u0131nlanmas\u0131n\u0131n planland\u0131\u011f\u0131n\u0131, ancak \u00f6rg\u00fct\u00fcn sizin arac\u0131l\u0131\u011f\u0131n\u0131zla  m\u00fcdahalesi neticesinde kitab\u0131n &#8220;CEMAAT&#8221; ba\u015fl\u0131kl\u0131 ikinci b\u00f6l\u00fcm\u00fcn\u00fcn  sonradan haz\u0131rlanarak \u00f6rg\u00fct\u00fcn belirledi\u011fi strateji gere\u011fi, 12 Eyl\u00fcl 2010  referandumundan k\u0131sa bir s\u00fcre \u00f6nce piyasaya s\u00fcr\u00fcld\u00fc\u011f\u00fcn\u00fc g\u00f6stermektedir.<\/p>\n<p>Hanefi AVCI taraf\u0131ndan haz\u0131rlanan kitaba ekleme yap\u0131lmas\u0131 fikri nas\u0131l  geli\u015fti? \u0130kinci b\u00f6l\u00fcm\u00fcn kitaba eklenmesi s\u00fcrecinde ne t\u00fcr \u00e7al\u0131\u015fmalar  yapt\u0131n\u0131z?<\/p>\n<p><strong>Cevap: <\/strong>Bu soruyla benim hi\u00e7bir alakam yoktur.<\/p>\n<p><strong>Soruldu : <\/strong>Hanefi  AVCI, 28 Eyl\u00fcl g\u00fcn\u00fc mahkeme \u00e7\u0131k\u0131\u015f\u0131nda &#8220;Tutukluluk \u00e7\u0131kt\u0131 hakl\u0131l\u0131\u011f\u0131m\u0131z  anla\u015f\u0131ld\u0131&#8221; \u015feklinde bir ifadede bulunmu\u015f, bu beyan\u0131 yaz\u0131l\u0131 ve g\u00f6rsel  bir\u00e7ok bas\u0131n yay\u0131n organ\u0131nda yer alm\u0131\u015ft\u0131r. Bu ibareleri mesaj yazarak  e\u015fine, g\u00f6n\u00fcl ili\u015fkisi i\u00e7erisinde oldu\u011fu Kezban han\u0131ma ve Nedim \u015eener&#8217;e  yollad\u0131\u011f\u0131 da Nedim \u015eener&#8217;in de kat\u0131ld\u0131\u011f\u0131 a\u00e7\u0131k oturum programlar\u0131nda dile  getirildi\u011fi gibi G\u00fcne\u015f Gazetesinin 29 Eyl\u00fcl tarihli say\u0131s\u0131nda da  man\u015fetten duyurulmu\u015ftur.<\/p>\n<p>\u015eayet bu kitab\u0131n ikinci b\u00f6l\u00fcm\u00fcne yap\u0131lan  ekleme ile ilgili herhangi bir \u00e7al\u0131\u015fman\u0131z olmad\u0131\u011f\u0131n\u0131 \u00f6ne s\u00fcr\u00fcyorsan\u0131z,  kitap yay\u0131nland\u0131ktan sonra k\u00f6\u015fe yaz\u0131lar\u0131n\u0131zda ve bir\u00e7ok TV program\u0131nda  kitab\u0131 savunan a\u00e7\u0131klamalar yapman\u0131z\u0131 ve Hanefi AVCI devrimci karargah  \u00f6rg\u00fct\u00fc soru\u015fturmas\u0131 kapsam\u0131nda tutukland\u0131ktan sonra e\u015fi ve g\u00f6n\u00fcl  ili\u015fkisi oldu\u011fu bayandan hemen sonra ve sadece size mesaj atmas\u0131n\u0131 nas\u0131l  de\u011ferlendiriyorsunuz?<\/p>\n<p><strong>Cevap: <\/strong>Ben bu konuyu  Posta Gazetesi&#8217;nde yazd\u0131m, bu mesaj sadece 3 ki\u015fiye de\u011fil, \u00f6\u011frendi\u011fim  kadar\u0131yla bir\u00e7ok ki\u015fiye at\u0131lm\u0131\u015ft\u0131r. Bu soru bana ilk kez gazeteci \u015eamil  Tayyar taraf\u0131ndan Habert\u00fcrk&#8217;te beraber kat\u0131ld\u0131\u011f\u0131m\u0131z bir program  s\u0131ras\u0131nda soruldu. Ben o g\u00fcn ger\u00e7ekten Hanefi Avc\u0131&#8217;nm ka\u00e7 ki\u015fiye mesaj  att\u0131\u011f\u0131n\u0131 bilmedi\u011fimden net bir cevap veremedim. Ertesi g\u00fcn  ara\u015ft\u0131rd\u0131\u011f\u0131mda bir\u00e7ok medya kurulu\u015fundaki ayn\u0131 mesaj\u0131n gitti\u011fini  \u00f6\u011frendim ve ertesi g\u00fcnk\u00fc Posta Gazetesi&#8217;ndeki k\u00f6\u015femde \u015eamil Tayyar gibi  g\u00fcvenilir bilgi ald\u0131\u011f\u0131m bir gazetecinin b\u00f6yle bir yalan bilgiyi (\u00e7ok  ki\u015fiye gelen mesaj\u0131n 3 ki\u015fiye gelmi\u015f gibi ifade edilip ele\u015ftirilmesi)  ifade etmesini ele\u015ftiren bir k\u00f6\u015fe yaz\u0131s\u0131 kaleme ald\u0131m. Bir gazeteci bir  yalan\u0131 kurgulayarak programa nas\u0131l kat\u0131labilir diye yazd\u0131m, bu yaz\u0131  halen Posta Gazetesi&#8217;nin internet sitesinde mevcuttur.<\/p>\n<p><strong>Soruldu :<\/strong> Hanefi AVCI ile daha \u00f6nce bu kitap \u00e7al\u0131\u015fmas\u0131nda oldu\u011fu gibi herhangi  bir kitap \u00e7al\u0131\u015fmas\u0131 ya da benzer ba\u015fka bir \u00e7al\u0131\u015fma yapt\u0131n\u0131z m\u0131?<\/p>\n<p><strong>Cevap: <\/strong>Hay\u0131r yapmad\u0131m.<\/p>\n<p><strong>Soruldu : <\/strong>Ergenekon  soru\u015fturmas\u0131 kapsam\u0131nda hakk\u0131nda i\u015flem yap\u0131lan \u0130smail YILDIZ&#8217;dan elde  edilen &#8220;Kimin hususi yazar\u0131 ya da Ahmet KEKE\u00c7 ba\u015fta olmak \u00fczere t\u00fcm  Tayyip\u00e7i yazarlar\u0131, entelekt\u00fcel anlamda d\u00fcelloya davet ediyorum?!&#8221;  isimli dok\u00fcman\u0131n i\u00e7eri\u011finde; &#8220;Nedim \u015eener, Hanefi Avc\u0131&#8217;n\u0131n, verdi\u011fi  belgeler \u00fczerinden, kendince bir kitap haz\u0131rlatm\u0131\u015f. Kitab\u0131n i\u00e7inde de  zaten ne kadar ba\u015far\u0131l\u0131 bir istihbarat\u00e7\u0131 oldu\u011funun alt\u0131n\u0131 \u00e7izip, Nedim  \u015eener arac\u0131l\u0131\u011f\u0131 ile kendi kendisine \u00f6vg\u00fcler d\u00fczd\u00fcr\u00fcyor. (&#8230;) Kald\u0131 ki,  Nedim \u015eener daha sonra benim verdi\u011fim &#8220;Elkad\u0131&#8221; dosyas\u0131n\u0131 da kitap yapt\u0131.  Muhakkak bir sonraki yaz\u0131n\u0131zda Elkad\u0131&#8217;ya da yer verirsiniz, \u015eener, o  belgeleri benim verdi\u011fimi bilmez, Emniyet i\u00e7indeki kendisini kullanan  kaynaklar\u0131na sorarsa o da hadisenin i\u00e7 y\u00fcz\u00fcn\u00fc \u00f6\u011frenir&#8230;&#8221; \u015feklindeki  ibarelerin yer ald\u0131\u011f\u0131 g\u00f6r\u00fclm\u00fc\u015ft\u00fcr.<\/p>\n<p>* \u0130smail YILDIZ&#8217;la aran\u0131zdaki  ili\u015fki nedir? Notta yazd\u0131\u011f\u0131 gibi Hanefi AVCI ile birlikte kitap  \u00e7al\u0131\u015fmas\u0131 yapt\u0131n\u0131z m\u0131? Yada yolsuzluk eksenli yazd\u0131\u011f\u0131n\u0131z kitaplara  Hanefi AVCI&#8217;nm bir katk\u0131s\u0131 oldu mu?<\/p>\n<p><strong>Cevap: <\/strong>\u0130smail  Y\u0131ld\u0131z&#8217;\u0131 tan\u0131m\u0131yorum, aram\u0131zda herhangi bir ili\u015fki yoktur. Ben Hanefi  Avc\u0131&#8217;dan ald\u0131\u011f\u0131m bilgilerle herhangi bir kitap yazmad\u0131m. Bu iddia  Hayrullah Mahmut \u00d6zyurt taraf\u0131ndan ortaya at\u0131lm\u0131\u015ft\u0131. Benim Cem Uzan&#8217;la  alakal\u0131 yazm\u0131\u015f oldu\u011fum kitapla alakal\u0131 kendisinin bir husumeti oldu\u011funu  d\u00fc\u015f\u00fcn\u00fcyorum. Ayr\u0131ca benimle alakal\u0131 bu konuda dava a\u00e7\u0131ld\u0131, benim  yazd\u0131\u011f\u0131m bilgiler &#8220;MASAK&#8221; kaynakl\u0131yd\u0131. Emniyetten herhangi bir bilgi ve  belge al\u0131p bu kitab\u0131 yazmad\u0131m. Elkad\u0131 dosyas\u0131 Emniyetin yap\u0131p haz\u0131rlam\u0131\u015f  oldu\u011fu bir dosya de\u011fildi.<\/p>\n<p><strong>Soruldu\u00a0: <\/strong>Ergenekon soru\u015fturmas\u0131 kapsam\u0131nda hakk\u0131nda i\u015flem yap\u0131lan<br \/>\n\u0130smail YILDIZ&#8217;dan elde edilen yonsis 84 ibareli kasa i\u00e7erisindeki  samsung marka s0dwjljl918230 seri nolu 80gb&#8217; l\u0131k Harddiskteki.. isimli  belge i\u00e7erisinde; Hanefi Avc\u0131 bunlar\u0131 biliyor mu? Ge\u00e7 de olsa \u00f6\u011frenmi\u015f  oldu. \u00c7iftli\u011fe dalanlar, art\u0131k buralar bizim, bunlar\u0131n sefas\u0131n\u0131 biz  s\u00fcrece\u011fiz diye alem yap\u0131yorlar. Hanefi Avc\u0131, Nedim \u015eener mahlas\u0131 ile  kitap yazar\u0131 oldu. Uzanlar ve \u00c7ak\u0131c\u0131 ile ilgili kitaplar yaz\u0131yor.  Yak\u0131nda &#8220;Tayyip Baba&#8217;nm \u00c7iftli\u011fi&#8221; diye belki &#8220;Pamukova \u00e7iftli\u011fi&#8221; ile  ilgili de resimli roman tad\u0131nda kitap yay\u0131nlan\u0131r.&#8221; \u015eeklinde ibareler yer  almaktad\u0131r. Dolay\u0131s\u0131yla bu veriler, sizin Hanefi AVCI ile irtibat\u0131n\u0131z\u0131n  ve birlikte kitap \u00e7al\u0131\u015fmas\u0131 yapman\u0131z\u0131n \u00e7ok eski y\u0131llara dayand\u0131\u011f\u0131n\u0131  g\u00f6stermektedir.<\/p>\n<p>Notta yazd\u0131\u011f\u0131 gibi Hanefi AVCI ile birlikte kitap \u00e7al\u0131\u015fmas\u0131 yapt\u0131n\u0131z m\u0131?<br \/>\nHanefi AVCI sizin isminizle UZANLAR ve \u00c7AKICI ile ilgili yada ba\u015fka bir  konuda kitap yazd\u0131 m\u0131? Yada yazd\u0131\u011f\u0131n\u0131z herhangi bir kitapta Hanefi  AVCI&#8217;dan bilgi belge temin ettiniz mi?<\/p>\n<p><strong>Cevap: <\/strong>Ben  Uzanlar ve \u00c7ak\u0131c\u0131 hakk\u0131nda kitap yazd\u0131m, Hanefi Avc\u0131&#8217;dan herhangi bir  belge almad\u0131m, ancak kendisiyle g\u00f6r\u00fc\u015f\u00fcp birka\u00e7 konuda bilgi ald\u0131m.  Belgeleri de ayn\u0131 d\u00f6nem itibariyle \u0130stanbul Emniyet M\u00fcd\u00fcrl\u00fc\u011f\u00fc&#8217;nden  ald\u0131m. Konu T\u00fcrkbankTa alakal\u0131d\u0131r. Ben Hanefi Avc\u0131&#8217;nm verdi\u011fi bilgilerle  kitap yazmad\u0131m. \u00c7ak\u0131c\u0131 ile alakal\u0131 bir\u00e7ok dok\u00fcman\u0131 da Meclis Ara\u015ft\u0131rma  Kurulu&#8217;ndaki belgelerden ald\u0131m.<\/p>\n<p><strong>Soruldu : <\/strong>24.05.2009  g\u00fcn\u00fc saat:10.58&#8217;de Hanefi AVCI ile yapt\u0131\u011f\u0131n\u0131z telefon g\u00f6r\u00fc\u015fmesinde  \u00f6zetle; S\u0130Z\u0130N &#8220;Bu Milliyet&#8217;te \u015fey var, bu D\u00dcNDAR \u00e7iftinin kay\u0131tlar\u0131yla  ilgili&#8221; &#8220;U\u011eUR D\u00dcNDAR&#8217;m hani e\u015fiyle ilgili bi haberler vard\u0131 ya&#8221; &#8220;He i\u015fte  bunla ilgili i\u015fte hani hangi birimlerden ee bu \u015fifreyle giri\u015f yap\u0131l\u0131yo,  bak\u0131labiliyo ya&#8221; &#8220;Yurt d\u0131\u015f\u0131 \u00e7\u0131k\u0131\u015f bilgilerine&#8221; &#8220;Bi tane de sizin  M\u00fcd\u00fcrl\u00fc\u011f\u00fcn\u00fczden g\u00f6r\u00fcn\u00fcyo&#8221; &#8220;Eee hani bunlar\u0131 kim s\u0131zd\u0131rd\u0131 falan, U\u011eUR  beyle deminde konu\u015fuyorduk bi HANEF\u0130 beye sor bakal\u0131m bilgisi var m\u0131  falan dedi, ben de bi arayay\u0131m dedim&#8230;&#8221; &#8220;Eee Emniyette Edirne&#8217;den kim  giri\u015f yapm\u0131\u015f olabilir falan diye&#8221; dedi\u011finiz, H.AVCI&#8217;n\u0131n &#8220;Abi ilk defa  duyuyorum ancak orda \u015fey \u00f6nemli, tarihi ne zaman acaba, \u00e7\u00fcnk\u00fc kastedilen  tarihte, kim g\u00f6revli kim ..(anla\u015f\u0131lmad\u0131), Edirne \u0130l Emniyeti de, biz de  5, 6 tane birim var, buraya girip \u00e7\u0131k\u0131p bakabilir, inceleyebilecek  imkana sahip olan&#8221; &#8220;Bizden, bizden, log kay\u0131tlar\u0131 bizden g\u00f6r\u00fclemez,  sadece Ankara g\u00f6rebilir onu&#8221; &#8220;Ha bi de \u015f\u00f6yle bi\u015fey var, sadece ad soyada  dayanarak sorguland\u0131\u011f\u0131 i\u00e7in&#8221; &#8220;Ve o adam\u0131n \u00f6ncesi ve sonras\u0131na bakmak  laz\u0131m, bu adam\u0131n as\u0131l kahbi&#8230;(anla\u015f\u0131lmad\u0131) kimi sorguluyordu, \u015fimdi  mesela NED\u0130M \u015eENER diye bakars\u0131n da, senle birisine de\u011fil ba\u015fka birine  bakanlar vard\u0131r, bi de ger\u00e7ekten ona bakanlar vard\u0131r&#8221; &#8220;\u015eimdi D\u00dcNDAR  soyadl\u0131 insanlar vard\u0131r ona bakmak ayr\u0131 \u015fey, U\u011eUR D\u00dcNDAR o, \u015feyden  anla\u015f\u0131l\u0131r, ondan \u00f6nceki ondan sonraki sorgulad\u0131\u011f\u0131ndan ayn\u0131 terminal,  mesela kimi sorguluyo, ba\u015fka kime bak\u0131yo&#8221; dedi\u011fi, g\u00f6r\u00fc\u015fmenin devam\u0131nda  H.AVCI&#8217;n\u0131n &#8220;Ama o o o yaln\u0131z o \u015fey, o Emniyet \u0130stihbarat taraf\u0131, tek  Daire nin tek ki\u015finin elinde, bu tarafta yapamazlar log kay\u0131tlar\u0131n\u0131  silmeyi&#8221; &#8220;Bilgi \u0130\u015flem Dairesi&#8217;nde bu yap\u0131lamaz&#8221; dedi\u011fi tespit  edilmi\u015ftir.<\/p>\n<p>Bu g\u00f6r\u00fc\u015fmeye bak\u0131ld\u0131\u011f\u0131nda, Hanefi AVCI&#8217;n\u0131n tamamen  meslek i\u00e7ersinde \u00e7ok gizli kalmas\u0131 gereken bir\u00e7ok bilgiyi sizinle  payla\u015ft\u0131\u011f\u0131 ve ayr\u0131nt\u0131lar\u0131 ile anlatt\u0131\u011f\u0131 g\u00f6r\u00fclmektedir. Dolay\u0131s\u0131yla sizin  Hanefi AVCI ile aran\u0131zda kar\u015f\u0131l\u0131kl\u0131 \u00e7ok samimi bir ili\u015fkinizin oldu\u011fu  anla\u015f\u0131lm\u0131\u015ft\u0131r.<\/p>\n<p>Hanefi AVCI&#8217;n\u0131n mesle\u011fi ile ilgili bu kadar \u00f6nemli ve gizli bilgileri sizinle payla\u015fmas\u0131n\u0131n sebebi nedir?<br \/>\nAran\u0131zdaki bu samimi ve yak\u0131n ili\u015fkisinin, Hanefi AVCI&#8217;n\u0131n kitab\u0131na ekleme yap\u0131lmas\u0131nda rol\u00fc nas\u0131l olmu\u015ftur?<\/p>\n<p><strong>Cevap: <\/strong>Bu  g\u00f6r\u00fc\u015fme do\u011frudur, ben Hanefi Avc\u0131&#8217;y\u0131 tan\u0131d\u0131\u011f\u0131m i\u00e7in kendisinden bir  konuda bilgi istedim. Ancak kendisi konunun gizli olmas\u0131 sebebiyle bilgi  vermedi. Yaln\u0131z teknik olarak bilgi verdi. Bu konu U\u011fur D\u00fcndar&#8217;\u0131n  e\u015finin yurt d\u0131\u015f\u0131na \u00e7\u0131kt\u0131\u011f\u0131 Vakit Gazetesi&#8217;nde \u00e7\u0131kt\u0131\u011f\u0131 i\u00e7in ben bu konuda  bir ara\u015ft\u0131rma yapt\u0131m. As\u0131l su\u00e7lunun kim olabilece\u011fine dair ara\u015ft\u0131rma  yapt\u0131m. Benimle gizli bir bilgiyi payla\u015fmamas\u0131 kendi bilebilece\u011fi bir  konudur.<br \/>\n<strong>Soruldu : <\/strong>20.10.2009 g\u00fcn\u00fc  saat:15.37&#8217;de Hanefi AVCI ile yapt\u0131\u011f\u0131n\u0131z telefon g\u00f6r\u00fc\u015fmesinde \u00f6zetle;  S\u0130Z\u0130N &#8220;Haberi g\u00f6rebildiniz mi diye arad\u0131m sizi&#8221; dedi\u011finiz, H.AVCI&#8217;n\u0131n  &#8220;He haberi g\u00f6remedim sadece duydum ama bakamad\u0131m&#8230;&#8221; &#8220;bi TEKZ\u0130P metni  haz\u0131rlad\u0131m biraz \u00f6nce hem Tufan beye \u00e7ektim hem de di\u011fer bas\u0131n  organlar\u0131na \u00e7ektim&#8230;&#8221; &#8220;&#8230;Tufan beyle telefonla konu\u015ftum&#8221; &#8220;yani yanl\u0131\u015f  bi\u00e7iminizle insanlara a\u015f\u015fa\u011falayan bi tarz var yani b\u00f6yle sipari\u015f i\u015f  yapan biri gibi falan bu ho\u015fuma gitmedi falan dedim&#8230;kendi de rahats\u0131z  oldu&#8221; dedi\u011fi, S\u0130Z\u0130N &#8220;Bug\u00fcn internet siteleri falan bu Oda TV moda TV  i\u015fte b\u00fct\u00fcn internet sitelerinde falan var bol bol yani&#8221; dedi\u011finiz tespit  edilmi\u015ftir.<\/p>\n<p>G\u00f6r\u00fc\u015fmeyi a\u00e7\u0131klay\u0131n\u0131z.<\/p>\n<p><strong>Cevap: <\/strong>Bu  konuda Hanefi Avc\u0131&#8217;nm Eski\u015fehir&#8217;e tayiniyle alakal\u0131 Tufan T\u00fcren\u00e7 bir  yaz\u0131 yazm\u0131\u015ft\u0131. Eski\u015fehir&#8217;de CHPTi Belediye hakk\u0131nda soru\u015fturma yapmak  \u00fczere pazarl\u0131k sonucu atand\u0131\u011f\u0131n\u0131 belirtmi\u015fti. Bende bu konuda Hanefi  Avc\u0131&#8217;y\u0131 arad\u0131m, Hanefi Avc\u0131&#8217;da kimseyle pazarl\u0131k yapmad\u0131\u011f\u0131n\u0131, kimsenin  de talimat vermedi\u011fini, ama &#8220;Hoca&#8221; dedi\u011fi Y\u0131lmaz B\u00fcy\u00fcker\u015fen&#8217;in  usuls\u00fczl\u00fc\u011f\u00fcn\u00fc g\u00f6r\u00fcnce de gerekeni yapaca\u011f\u0131n\u0131 s\u00f6yledi. Oda TV&#8217;de bu  haberi bizden alm\u0131\u015f olabilir.<\/p>\n<p><strong>Soruldu :<\/strong> 27.02.2011 g\u00fcn\u00fc saat:11.47&#8217;de \u0130lhan KES\u0130C\u0130 ile yapt\u0131\u011f\u0131n\u0131z telefon  g\u00f6r\u00fc\u015fmesinde \u00f6zetle; G\u00f6r\u00fc\u015fmenin ba\u015f\u0131nda ODATV de hakk\u0131n\u0131zda \u00e7\u0131kan  belgeler ile ilgili bir s\u00fcre konu\u015ftu\u011funuz ve Soner YAL\u00c7IN&#8217;a dava  a\u00e7aca\u011f\u0131n\u0131z\u0131 s\u00f6yledi\u011finiz, g\u00f6r\u00fc\u015fmenin devam\u0131nda S\u0130Z\u0130N &#8220;&#8230;bir gazeteci  evinde tek bir CD tutmaz m\u0131 bilgisayar bulundurmaz m\u0131? &#8220;Efendim bir hani  dok\u00fcman \u00e7al\u0131\u015fma tutanak&#8221; dedi\u011finiz, \u0130.KES\u0130C\u0130&#8217;nin &#8220;Hepsini tutar can\u0131m  olur mu ne gazeteci hepimiz yani&#8221; dedi\u011fi, S\u0130Z\u0130N &#8220;AMA BUNLARIN H\u0130\u00c7B\u0130R\u0130  HEPS\u0130N\u0130, BAKIN HEPS\u0130N\u0130 \u00c7IKARDIM ATTIM&#8221; &#8220;EVDE B\u0130R TANE ZEK\u0130 M\u00dcREN CD \u0130M  B\u0130LE KALMADI BAK B\u0130R &#8230; KALMADI&#8221; &#8220;Bunlar\u0131n hepsini \u00e7\u0131kar\u0131p att\u0131m B\u00dcT\u00dcN  B\u0130LG\u0130SAYARLARI ATTIM efendim<\/p>\n<p>BUTUN FLA\u015e BELLEK yani b\u00f6yle  hani ar\u015fiv t\u00fcr\u00fcnden yazabilece\u011fim yazabilece\u011fimiz yaz\u0131m\u0131z haber yani&#8221;  &#8220;Yaz\u0131lar\u0131m\u0131z\u0131 bile att\u0131m yani&#8221; dedi\u011finiz tespit edilmi\u015ftir.<br \/>\n\u015eayet \u00f6rg\u00fctsel veya illegal bir faaliyetiniz yok ise evinizdeki t\u00fcm dijital verileri yok etmenizin sebebi nedir?<\/p>\n<p><strong>Cevap: <\/strong>Ben  gazetede \u00e7al\u0131\u015fan bir muhabirim. Gazetemin bana vermi\u015f oldu\u011fu g\u00f6rev  \u00e7er\u00e7evesinde \u00e7al\u0131\u015f\u0131r\u0131m. \u00dcst\u00fcmde \u015fefim, onun \u00fcst\u00fcnde m\u00fcd\u00fcrlerim, onun  \u00fcst\u00fcnde Genel Yay\u0131n Y\u00f6netmeni vard\u0131r. Ben sadece yazd\u0131\u011f\u0131m haberleri  de\u011fil, kitaplarla alakal\u0131 ayn\u0131 titizlili\u011fi g\u00f6steririm. Milliyet  Gazetesi&#8217;nde ve Do\u011fan Grubu&#8217;nda \u00e7al\u0131\u015fman\u0131n vermi\u015f oldu\u011fu sorumlulukla  ileride hukuki meslek eti\u011fi a\u00e7\u0131s\u0131ndan yapt\u0131\u011f\u0131m kitaplar\u0131n da g\u00f6zden  ge\u00e7irilmesini \u00f6zellikle talep etmi\u015fimdir. Avukat\u0131m \u015eehnaz han\u0131mda bu  konuda hukuki g\u00f6r\u00fc\u015flerine ba\u015fvurdu\u011fum ki\u015fidir.<\/p>\n<p>Bana s\u00fcrekli  polise yak\u0131n kaynaklar benim bir operasyon yiyece\u011fimi, i\u00e7eri at\u0131laca\u011f\u0131m\u0131  bana s\u00f6yl\u00fcyorlard\u0131. Ben zaten evimde \u00e7al\u0131\u015fmayan bir insan\u0131m, i\u015f gere\u011fi  evime bir \u015fey getirmi\u015fsem bile ertesi g\u00fcn onu i\u015f yerime g\u00f6t\u00fcr\u00fcp  b\u0131rak\u0131r\u0131m. Evimde \u00e7ocu\u011fum oldu\u011fu i\u00e7in i\u015f yapmaya f\u0131rsat\u0131m olmuyor. Ben  evimi polis basacak diye temizlemedim, b\u00f6yle bir endi\u015fem yoktur.<\/p>\n<p><strong>Soruldu: <\/strong>Kimlerin sizi gelip alacaklar dedi\u011fi ki\u015filerin a\u00e7\u0131klanmas\u0131 istendi:<br \/>\nBunu isim olarak s\u00f6yleyemem, ancak polise yak\u0131n kaynaklard\u0131r. \u00d6nder  Ayta\u00e7 polis kolejinde e\u011fitim g\u00f6revlisidir, bu bile tvviter&#8217;da Nedim  \u015eener&#8217;in al\u0131naca\u011f\u0131na dair yaz\u0131 yazm\u0131\u015ft\u0131r. Hatta sosyal payla\u015f\u0131m  sitelerinde de \u015fu kadar gazeteci al\u0131nacak diye, ilk s\u0131raya sizin  al\u0131naca\u011f\u0131n\u0131z \u015feklinde yazm\u0131\u015flard\u0131r. Hatta benimle alakal\u0131 kitaba katk\u0131  sa\u011flama konusu iftiras\u0131n\u0131 ilk defa \u00d6nder Ayta\u00e7 Habert\u00fcrk program\u0131nda  Hanefi Avc\u0131&#8217;nm kitab\u0131na katk\u0131 sa\u011flayan 8 tane gazeteci ismini iddia  etti. Benim de ismim vard\u0131, hatta bir yaz\u0131s\u0131nda da Hanefi Avc\u0131&#8217;nm  Kalem\u015f\u00f6rleri diye yaz\u0131da ayn\u0131 konuyu i\u015fledi. Ben kendisi hakk\u0131nda  g\u00f6zalt\u0131na almmasayd\u0131m tazminat davas\u0131 a\u00e7acakt\u0131m.<\/p>\n<p><strong>Soruldu : <\/strong>&#8220;ULUSAL  MEDYA 2010&#8221; dok\u00fcman\u0131nda strateji ba\u015fl\u0131\u011f\u0131 alt\u0131nda, &#8220;Operasyon s\u00fcrecini  y\u00fcr\u00fcten kurumlara mensup olup tezlerimize ve faaliyetlerimize destek  veren, kamuoyunun yak\u0131ndan tan\u0131d\u0131\u011f\u0131 ve g\u00fcvendi\u011fi ki\u015filere, Ergenekon ve  benzeri davalar\u0131n tertip oldu\u011fu y\u00f6n\u00fcnde a\u00e7\u0131klama ve yay\u0131n yapt\u0131r\u0131lmas\u0131  i\u00e7in bilgi, belge ve teknik destek sa\u011flanmal\u0131d\u0131r.&#8221; Yazd\u0131\u011f\u0131 g\u00f6r\u00fclm\u00fc\u015ft\u00fcr.<\/p>\n<p>ODATV den ele ge\u00e7irilen belgelerden ise bu kez 2011 y\u0131l\u0131 Haziran ay\u0131nda  yap\u0131lacak genel se\u00e7imlerden \u00f6nce yine \u00f6rg\u00fct\u00fcn talimat ve  y\u00f6nlendirmeleri ile Ahmet \u015eIKTa birlikte &#8220;Hali\u00e7te Ya\u015fayan Simonlar&#8221;  benzeri yeni bir kitap \u00e7al\u0131\u015fmas\u0131 i\u00e7erisinde girdi\u011finiz, bu kitab\u0131nda  Emniyet M\u00fcd\u00fcr\u00fc Sabri UZUN ismi ile yay\u0131nlanmas\u0131 i\u00e7in \u00e7al\u0131\u015fmalar  yapt\u0131\u011f\u0131n\u0131z tespit edilmi\u015ftir.<\/p>\n<p>*Ahmet \u015eIK isimli \u015fah\u0131sla  aran\u0131zdaki ili\u015fki nedir? Bu kitap haricinde ba\u015fka \u00e7al\u0131\u015fmalar yapt\u0131n\u0131z  m\u0131? Bu kitap \u00e7al\u0131\u015fmas\u0131 talimat\u0131n\u0131 kim yada kimler verdi? Bu kitap  \u00e7al\u0131\u015fmas\u0131n\u0131n amac\u0131 ne idi?<\/p>\n<p><strong>Cevap: <\/strong>Ahmet \u015e\u0131kTa  herhangi bir ili\u015fkim yoktur. Kendisiyle herhangi bir kitap \u00e7al\u0131\u015fmas\u0131nda  yer almad\u0131m. Hayat\u0131m boyunca kitap \u00e7al\u0131\u015fmalar\u0131m\u0131 talimatla yapmad\u0131m,  kimseye de talimat vermedim. B\u00f6yle bir ili\u015fki i\u00e7erisinde yer almad\u0131m.  Kitap hakk\u0131nda<br \/>\nherhangi bir bilgim olmad\u0131\u011f\u0131 i\u00e7in amac\u0131 konusunu  bilemem. Ahmet \u015e\u0131k \u00e7ok d\u00fcr\u00fcst, a\u00e7\u0131k ve cesaretli bir insand\u0131r. 1990T\u0131  y\u0131llar\u0131n sonunda faili me\u00e7huller konusunda kamu oyunu  bilin\u00e7lendirmi\u015ftir, kendisinin de kimseden talimat alaca\u011f\u0131n\u0131  d\u00fc\u015f\u00fcnm\u00fcyorum.<\/p>\n<p><strong>Soruldu : <\/strong>ODATV&#8217;de ele ge\u00e7irilen  belgelerden &#8220;Hali\u00e7te Ya\u015fayan Simonlar&#8221; isimli kitab\u0131 referandum  \u00f6ncesinde yay\u0131nlanmas\u0131n\u0131 sa\u011flad\u0131\u011f\u0131n\u0131z, Ahmet \u015eIKTa birlikte  haz\u0131rlad\u0131\u011f\u0131n\u0131z &#8220;Hali\u00e7te Ya\u015fayan Simonlar&#8221; kitab\u0131na benzer kitap  \u00e7al\u0131\u015fmas\u0131n\u0131 da Haziran 2011 se\u00e7imlerinden \u00f6nce yay\u0131nlatmak i\u00e7in  \u00e7al\u0131\u015fmalar yapt\u0131\u011f\u0131n\u0131z tespit edilmi\u015ftir.<\/p>\n<p>* ERGENEKON ter\u00f6r  \u00f6rg\u00fct\u00fcn\u00fcn talimatlar\u0131 ile haz\u0131rlanan bu kitaplar\u0131n \u00f6zellikle referandum  ve se\u00e7im \u00f6ncesi \u00e7\u0131kart\u0131lmaya \u00e7al\u0131\u015f\u0131lmas\u0131n\u0131n amac\u0131 nedir? Bu stratejiyi  kimler belirliyor?<\/p>\n<p><strong>Cevap: <\/strong>Ben s\u00f6z konusu belgeyi  hi\u00e7 bilmedim, haberim yoktur. Herhangi bir \u015fekilde referandum \u00f6ncesi ve  se\u00e7im \u00f6ncesi yay\u0131nlanacak kitap \u00e7al\u0131\u015fmalar\u0131yla alakal\u0131 da herhangi bir  faaliyetim olmam\u0131\u015ft\u0131r.<\/p>\n<p><strong>Soruldu :<\/strong> ODATV&#8217;de  yap\u0131lan aramada ele ge\u00e7irilen dijital veriler i\u00e7ersinde &#8220;SABRI UZUN&#8221;  isimli word belgesi bulunmu\u015f, bu belgesinin i\u00e7eri\u011finde yazan notlara  bak\u0131ld\u0131\u011f\u0131nda; yine Ergenekon ter\u00f6r \u00f6rg\u00fct\u00fcn\u00fcn talimatlar\u0131 ve  y\u00f6nlendirmesi ile sizin Ahmet \u015eIK ile birlikte &#8220;HAL\u0130\u00c7TE YA\u015eAYAN  S\u0130MONLAR&#8221; isimli kitaba benzer bir kitap \u00e7al\u0131\u015fmas\u0131 i\u00e7erisinde oldu\u011funuz  ve bu kitab\u0131 da Emniyet M\u00fcd\u00fcr\u00fc Sabri UZUN ismi ile yay\u0131nlamay\u0131  planlad\u0131\u011f\u0131n\u0131z anla\u015f\u0131lm\u0131\u015ft\u0131r.<\/p>\n<p>&#8220;SABRI UZUN&#8221; isimli word belgesinde yazan notlara bak\u0131ld\u0131\u011f\u0131nda;<br \/>\n&#8220;Sabrinin Kitap konusunda \u00e7ekincesi var ikna etmeye \u00e7al\u0131\u015fal\u0131m, kitab\u0131  se\u00e7imden \u00f6nce yeti\u015fmeli. Nedim Ahmet \u015e\u0131k&#8217;la bu konuda g\u00f6r\u00fc\u015fs\u00fcn,<br \/>\nKitaba \u00e7al\u0131\u015f\u0131rken cesur olun. \u00c7\u0131karma ve ekleme yapmaktan \u00e7ekinmeyin.<br \/>\nBu kitap Simondan daha kapsaml\u0131 olmal\u0131.<br \/>\nNedimi kutlar\u0131m. Ahmet&#8217;i \u00e7al\u0131\u015ft\u0131rs\u0131n.<br \/>\nHanefi \u00e7\u0131kacak ve size kat\u0131lacak. Emin ve Sabri&#8217;ye moral verin. Sabri ad\u0131yla \u00e7\u0131kmas\u0131na zorlay\u0131n.<br \/>\n\u00c7abuk olmas\u0131 \u015fart. Se\u00e7imden \u00f6nce yeti\u015fsin.&#8221; \u015feklinde notlar\u0131n yaz\u0131l\u0131  oldu\u011fu tespit edilmi\u015ftir. Bahse konu word dosyas\u0131n\u0131n teknik  \u00f6zelliklerine bak\u0131ld\u0131\u011f\u0131nda 20.12.2010 11:29 tarihinde &#8220;Soner&#8221; isimli  kullan\u0131c\u0131 taraf\u0131ndan olu\u015fturuldu\u011fu anla\u015f\u0131lm\u0131\u015ft\u0131r. Bu ba\u011flamda bahse konu  notlar\u0131n Soner YAL\u00c7IN taraf\u0131ndan haz\u0131rland\u0131\u011f\u0131 anla\u015f\u0131lm\u0131\u015ft\u0131r.<br \/>\nAyr\u0131ca  bu notun bulundu\u011fu bilgisayarda &#8220;000KITAP.docx&#8221; isimli word dosyas\u0131  bulunmu\u015f ve bu dosya i\u00e7ersinde &#8220;\u0130mam\u0131n Ordusu&#8221; ba\u015fl\u0131kl\u0131 bir kitap  \u00e7al\u0131\u015fmas\u0131 oldu\u011fu tespit edilmi\u015ftir.<\/p>\n<p>*Sabri UZUN&#8217;u tan\u0131yor  musunuz? Tan\u0131yorsan\u0131z aran\u0131zdaki ili\u015fki nedir? Bu kitab\u0131n yaz\u0131m\u0131nda  g\u00f6rev alman\u0131zdaki ama\u00e7 nedir? Kitab\u0131n \u00f6zellikle Haziran 2011 de  yap\u0131lacak olan genel se\u00e7im \u00f6ncesine yeti\u015ftirilmek istenmesinin amac\u0131  nedir?<\/p>\n<p><strong>Cevap: <\/strong>Sabri Uzun&#8217;u eski \u0130stihbarat Daire  Ba\u015fkan\u0131 olarak biliyorum. \u015eemdinli \u0130ddianamesi olay\u0131yla ilgili Meclise  verdi\u011fi ifadede h\u0131rs\u0131z evin i\u00e7erisindeyse yapacak bir \u015fey yok diye  kamuoyundaki a\u00e7\u0131klamas\u0131yla hat\u0131rlan\u0131yor. G\u00f6revden al\u0131nmas\u0131 da \u015eemdinli  olay\u0131ndan sonra Ya\u015far B\u00fcy\u00fckan\u0131t&#8217;m tasarrufunda olmu\u015ftur. Daha sonra  haber ama\u00e7l\u0131<br \/>\nkendisiyle g\u00f6r\u00fc\u015fmelerim olmu\u015ftur. Ben b\u00f6yle bir kitap  ismi bilmiyorum, haz\u0131rland\u0131\u011f\u0131n\u0131 da bilmiyorum, dolay\u0131s\u0131yla  haz\u0131rlanmas\u0131nda katk\u0131m olmam\u0131\u015ft\u0131r. 2011 se\u00e7imlerini hedefleyen bir  \u00e7al\u0131\u015fmam olmam\u0131\u015ft\u0131r, ben gazeteciyim. Ben b\u00f6yle bir kitab\u0131n  yay\u0131nlanmas\u0131yla ilgili kimseyle g\u00f6r\u00fc\u015fme yapmad\u0131m. Dolay\u0131s\u0131yla herhangi  bir karar al\u0131nmas\u0131yla ilgili bir yerde bulunmad\u0131m. Sabri Uzun7un kitap  yazd\u0131\u011f\u0131 konusu da medyada a\u00e7\u0131k olarak izah edilmi\u015f bir konudur. Ben bu  konunun d\u0131\u015f\u0131nda Sayg\u0131 \u00d6zt\u00fcrk&#8217;\u00fcn &#8220;Okyanustaki Vaiz&#8221; kitab\u0131nda Emin  Aslan&#8217;la Sabri Uzun&#8217;un kitap yazd\u0131\u011f\u0131n\u0131 s\u00f6ylemi\u015ftim. Ama yaz\u0131p  yazmad\u0131klar\u0131 hakk\u0131nda bir bilgim yoktur.<\/p>\n<p><strong>Soruldu : <\/strong>Bu  kitap \u00e7al\u0131\u015fmas\u0131 ile ilgili kimlerle g\u00f6r\u00fc\u015fme yapt\u0131n\u0131z? Bu g\u00f6r\u00fc\u015fmelerde  ne t\u00fcr kararlar ald\u0131n\u0131z? Sabri UZUN&#8217;u ikna etmek i\u00e7in g\u00f6r\u00fc\u015fme yapt\u0131n\u0131z  m\u0131? Bu g\u00f6r\u00fc\u015fmeyi kim yada kimler yapt\u0131? Neler konu\u015fuldu?<\/p>\n<p><strong>Cevap: <\/strong>Herhangi bir kimseyle g\u00f6r\u00fc\u015fmedim.<\/p>\n<p><strong>Soruldu : <\/strong>Haz\u0131rlad\u0131\u011f\u0131n\u0131z bu kitab\u0131n \u00f6zellikle Sabri UZUN ismi ile \u00e7\u0131kart\u0131lmaya \u00e7al\u0131\u015f\u0131lmas\u0131n\u0131n amac\u0131 nedir?<\/p>\n<p><strong>Cevap: <\/strong>Kitaptan haberdar olmad\u0131\u011f\u0131m i\u00e7in amac\u0131n\u0131 da bilemem.<\/p>\n<p><strong>Soruldu <\/strong>26.09.2009  g\u00fcn\u00fc saat:13.33&#8217;de Sabri UZUN ile yapt\u0131\u011f\u0131n\u0131z telefon g\u00f6r\u00fc\u015fmesinde  \u00f6zetle; S.UZUN&#8217;un &#8220;Karde\u015f merhaba SABR\u0130 UZUN&#8221; dedi\u011fi, S\u0130Z\u0130N &#8220;A merhaba  SABRI bey nas\u0131ls\u0131n\u0131z&#8221; &#8220;vallahi bug\u00fcnlerde beni aramak cesaret ister,  \u00f6yle herkes arayamaz yani&#8221; dedi\u011finiz, S.UZUN&#8217;un &#8220;Ne oldu sen de mi  san\u0131ks\u0131n&#8221; dedi\u011fi, S\u0130Z\u0130N &#8220;Yok San\u0131k man\u0131k de\u011filim de hay\u0131r beni aramak  \u015fey ister, mutlaka izliyorlard\u0131r, takip ediyolard\u0131r diye&#8221; dedi\u011finiz,  S.UZUN&#8217;un &#8220;Karde\u015f bu haberiniz i\u00e7in ben tebrik ediyorum, te\u015fekk\u00fcr  ediyorum&#8221; &#8220;\u0130nsanl\u0131k ad\u0131na yap\u0131lm\u0131\u015f, iki tane insan\u0131n r\u00f6portaj\u0131&#8221; &#8220;Bu  herkes bir \u015feyler yazabilir&#8221; &#8220;Ama karakter uyu\u015fmas\u0131 olan insanlar\u0131n  yazmas\u0131 \u00f6nemli olan ve yaz\u0131lan her c\u00fcmle bir anlam ifade ediyo&#8221; &#8220;&#8230;ben  HANEF\u0130 beyi de arad\u0131m tebrik ettim, \u00e7ok \u00e7ok \u00e7ok \u00e7ok \u00e7ok yerinde olmu\u015f&#8221;  &#8220;\u0130\u015fte dedim NED\u0130M \u015eENERTe HANEF\u0130 nin birlikte olmas\u0131 dedim, iki tane  m\u00fch\u00fcr var bunun alt\u0131nda dedim&#8221; dedi\u011fi tespit edilmi\u015ftir.<br \/>\nBu g\u00f6r\u00fc\u015fmeye bak\u0131ld\u0131\u011f\u0131nda, Sabri UZUN ile aran\u0131zda kar\u015f\u0131l\u0131kl\u0131 \u00e7ok samimi bir ili\u015fkinizin oldu\u011fu anla\u015f\u0131lm\u0131\u015ft\u0131r.<\/p>\n<p>Aran\u0131zdaki bu samimi ve yak\u0131n ili\u015fkisinin, Hali\u00e7te Ya\u015fayan Simonlar  kitab\u0131na benzer yapt\u0131\u011f\u0131n\u0131z kitap \u00e7al\u0131\u015fmas\u0131n\u0131n Sabri UZUN ismi ile  \u00e7\u0131kart\u0131lmaya \u00e7al\u0131\u015f\u0131lmasmdaki rol\u00fc nedir?<\/p>\n<p><strong>Cevap: <\/strong>Aram\u0131zda  samimi bir ili\u015fki vard\u0131r, g\u00f6r\u00fc\u015fme Sabri Uzun&#8217;un Hanefi Avc\u0131 ve aram\u0131zda  yapm\u0131\u015f oldu\u011fu bir yorumdur. Benim \u015fahs\u0131mla alakal\u0131 de\u011fildir. Hanefi  Avc\u0131 ile bir r\u00f6portaj yapm\u0131\u015ft\u0131m, onunla alakal\u0131d\u0131r.<\/p>\n<p><strong>Soruldu: <\/strong>Ni\u00e7in  dinlendi\u011finizi a\u00e7\u0131klay\u0131n\u0131z: Bu benim \u00e7evremdeki insanlarda olu\u015fan bir  genel kanaattir. Bende bunun etkisinde ya\u015fad\u0131\u011f\u0131m i\u00e7in Sabri Uzun&#8217;a b\u00f6yle  s\u00f6yledim. Babam rahmetli oldu\u011fumda k\u00f6ydeki tan\u0131d\u0131\u011f\u0131m beni bir  ba\u015fkas\u0131n\u0131n telefonuyla arad\u0131.<\/p>\n<p><strong>Soruldu : <\/strong>17.10.2009  g\u00fcn\u00fc saat.T8.22&#8217;de Sabri UZUN ile yapt\u0131\u011f\u0131n\u0131z telefon g\u00f6r\u00fc\u015fmesinde  \u00f6zetle; S.UZUN&#8217;un &#8220;Karde\u015f merhaba&#8221; &#8220;Bi sabit telefonunu verebilir misin  bana?&#8221; dedi\u011fi, S\u0130Z\u0130N &#8220;212xxxxxxx&#8221; dedi\u011finiz anla\u015f\u0131lm\u0131\u015ft\u0131r.<\/p>\n<p>Bu  g\u00f6r\u00fc\u015fmede de gizlili\u011fe dikkat etti\u011finiz ve sabit telefondan g\u00f6r\u00fc\u015fmeye  \u00e7al\u0131\u015ft\u0131\u011f\u0131n\u0131z anla\u015f\u0131lmaktad\u0131r. Gizlili\u011fe dikkat etmenizin sebebi nedir?<\/p>\n<p><strong>Cevap: <\/strong>Sabit numara isteyen Sabri Uzun&#8217;dur. Ben cep telefonumun \u015farj\u0131 yetti\u011fi s\u00fcrece herkesle a\u00e7\u0131k konu\u015fmu\u015fumdur.<\/p>\n<p><strong>Soruldu :<\/strong> &#8220;000KITAP.docx&#8221; isimli word dosyas\u0131ndaki &#8220;\u0130mam\u0131n Ordusu&#8221; ba\u015fl\u0131kl\u0131 kitap  \u00e7al\u0131\u015fmas\u0131n\u0131n i\u00e7eri\u011fine bak\u0131ld\u0131\u011f\u0131nda, de\u011fi\u015fik yerlerde k\u0131rm\u0131z\u0131 renkle ve  b\u00fcy\u00fck harfle yaz\u0131lm\u0131\u015f \u00e7e\u015fitli notlar\u0131n bulundu\u011fu, bu notlar i\u00e7ersinde,  &#8220;BURADA DGM \u0130DD\u0130AN AMES\u0130NDEK\u0130 KASET \u00c7\u00d6Z\u00dcMLER\u0130N\u0130 AYRINTISIYLA  G\u0130REB\u0130L\u0130R\u0130Z. BAKACA\u011eIZ&#8221; BURADAN \u0130T\u0130BAREN EM\u0130N ARSLAN OLAYI ARDINDAN  MUSTAFA G\u00dcLC\u00dc VE CELAL UZUNKAYA \u0130LE FARUK \u00dcNSEL ANLATILACAK.&#8221; &#8220;K\u0130TABIN  \u0130LG\u0130L\u0130 B\u00d6L\u00dcM\u00dcNE NURETT\u0130N VEREN OLAYINI DA EKLERSEK FENA OLMAZ UNUTMA&#8221;  \u015feklinde notlar yaz\u0131l\u0131 oldu\u011fu g\u00f6r\u00fclm\u00fc\u015ft\u00fcr.<br \/>\nBu notlar\u0131 kimler  yazm\u0131\u015ft\u0131r? Bu notlar\u0131n bulundu\u011fu yerlere yap\u0131lacak eklemelerle ilgili ne  t\u00fcr \u00e7al\u0131\u015fmalar yap\u0131ld\u0131? Bu \u00e7al\u0131\u015fmalar\u0131 kimler yapt\u0131? Bu konuda siz ne  t\u00fcr \u00e7al\u0131\u015fmalar yapt\u0131n\u0131z?<\/p>\n<p><strong>Cevap: <\/strong>Benim bu konuda bilgim yoktur.<\/p>\n<p><strong>Soruldu :<\/strong> Yine ODATV&#8217;de yap\u0131lan aramalar sonucu el konulan dijital verilerin  yap\u0131lan incelemesi sonucunda &#8220;NED\u0130M&#8221; isimli klas\u00f6r i\u00e7erinde &#8220;YBelgesi&#8221;  isimli word belgesi tespit edilmi\u015f, word belgesinin i\u00e7eri\u011fine  bak\u0131ld\u0131\u011f\u0131nda 2009 y\u0131l\u0131nda piyasaya \u00e7\u0131kartt\u0131\u011f\u0131n\u0131z &#8220;ERGENEKON BELGELER\u0130NDE  FETHULLAH G\u00dcLEN VE CEMAAT&#8221; isimli kitab\u0131n\u0131z\u0131n taslak hali oldu\u011fu  g\u00f6r\u00fclm\u00fc\u015ft\u00fcr.<\/p>\n<p>*Bu kitab\u0131n\u0131z\u0131n taslak halini ODATV&#8217;den kim yada  kimlere verdiniz? Hangi ama\u00e7la verdiniz? Bu kitap \u00e7al\u0131\u015fman\u0131zda Soner  YAL\u00c7IN yada ODATV&#8217;nin size herhangi bir katk\u0131s\u0131 oldu mu?<\/p>\n<p><strong>Cevap: <\/strong>Ben  kitab\u0131m\u0131 kimseye g\u00f6ndermedim, sadece yay\u0131nevine g\u00f6nderdim. Benim  kitaplar\u0131mda taslak olmaz, bitmi\u015f hali vard\u0131r. Bunu da sadece yay\u0131nevine  g\u00f6nderirim, Oda TV&#8217;ye asla g\u00f6ndermedim.<\/p>\n<p><strong>Soruldu :<\/strong> 21.07.2009 g\u00fcn\u00fc saat:11.54&#8217;de \u0130brahim..? ile yapt\u0131\u011f\u0131n\u0131z telefon  g\u00f6r\u00fc\u015fmesinde \u00f6zetle; \u0130BRAH\u0130M&#8217;in &#8220;ya bu kitapla ilgili&#8230;&#8221; &#8220;&#8230;ya onu  tabi, bug\u00fcn P\u0131nar \u015fey yapt\u0131 okudu&#8221; &#8220;g\u00fcndeminde tabi, adam fittirdi yani&#8221;  dedi\u011fi, S\u0130Z\u0130N &#8220;Allah Allah, be<br \/>\nkarde\u015fim ne yapaca\u011f\u0131m\u0131 \u015fa\u015f\u0131rd\u0131m\u00a0&#8221; &#8220;hay\u0131r ne yapmak laz\u0131m, onu anlam\u0131yorum,<br \/>\nbari sen bana s\u00f6yle de ki Nedim \u015f\u00f6yle yapmak laz\u0131m, ne olur bana bir\u015fey  s\u00f6yle g\u00f6z\u00fcn\u00fc seveyim&#8221; dedi\u011finiz, \u0130BRAH\u0130M&#8217;in &#8220;tabi ben laf\u0131 \u015fu ben bekle  demi\u015ftim&#8221; dedi\u011fi, S\u0130Z\u0130N &#8220;Allah demedi ya hatta dedim ki bak x ki\u015fiye de  sorun dedim , o \u00f6nemli de\u011fil sen i\u015fine bak dedi bana , ya nas\u0131l  anlam\u0131yorum ki ben bu i\u015fe , bekle derken hi\u00e7 \u00f6yle bekle, mekle falan  demedi, ben bir bu\u00e7uk ay \u00f6nce verdim ona ya , bitirdim verdim&#8221;  dedi\u011finiz, \u0130BRAH\u0130M&#8217;in &#8220;neyse ya bana dedi\u011fini s\u00f6yl\u00fcyorum, yani beni  ilgilendiren bir<br \/>\ntaraf\u0131da yok ama i\u015fte b\u00f6yle yani&#8221; &#8220;Nedim telefonluk  i\u015f de\u011fil bu&#8221; dedi\u011fi, SIZIN &#8220;yani \u015f\u00f6yle d\u00fc\u015f\u00fcn\u00fcyorum, kendimde \u015f\u00f6yle bir  his hissediyorum, yani gitme gazeteye, \u00e7\u00fcnk\u00fc sen oran\u0131n adam\u0131 de\u011filsin  hissi uyan\u0131yor yani, bu kadar hani tepki g\u00f6sterecek, bilmem ne yapacak  diye bir\u015fey yok ki yani&#8221; dedi\u011finiz, \u0130BRAH\u0130M&#8217;in &#8220;ya bu tepki g\u00f6rd\u00fcl\u00fc  bir\u015fey de\u011filki yani, bu konuda sen te\u015fvik edildin ba\u015fka bir \u015feyden  bahsediyor adam&#8221; dedi\u011fi tespit edilmi\u015ftir.<\/p>\n<p>G\u00f6r\u00fc\u015fmede ge\u00e7en kitap  konusu nedir? \u0130brahim isimli \u015fah\u0131s &#8220;Bu konuda sen te\u015fvik edildin&#8221; derken  neyi kast etmektedir? Sizi kimler te\u015fvik etmi\u015ftir?<\/p>\n<p><strong>Cevap : <\/strong>\u0130brahim  Ekinci benim Milliyet Gazetesi&#8217;ndeki \u015fetimdir. Ben her t\u00fcrl\u00fc \u015feyi \u00fcst  y\u00f6neticilerimle payla\u015f\u0131r\u0131m. Kitab\u0131 yazd\u0131\u011f\u0131mda Yay\u0131n Y\u00f6netmeni Sedat  Ergin&#8217;di, ben kitab\u0131 yazd\u0131\u011f\u0131mda kendisine g\u00f6nderdim, 1,5 ay bekledi,  kendisinde bulunmas\u0131n\u0131 istedim. Ben kitab\u0131 bast\u0131rmak istiyorum, ancak  cevap gelmedi. G\u00fcncel Yay\u0131nlar\u0131&#8217;nda ben kitab\u0131 bast\u0131racakt\u0131m. Bu  yay\u0131nevi Aysel Akta\u015f&#8217;a aittir. Bu kitap Do\u011fan Yay\u0131nlar\u0131nda  yay\u0131nlanmayaca\u011f\u0131 halde ben s\u0131rf y\u00f6neticimiz oldu\u011fu i\u00e7in fikrini almak  i\u00e7in g\u00f6nderdim. Ancak herhangi bir cevap gelmeyince yay\u0131nlad\u0131m.  Yay\u0131nlad\u0131ktan sonra da gelen tepkiler \u00fczerine bu konu\u015fmay\u0131 yapt\u0131k. Bu  kitap konusunda beni te\u015fvik eden olmad\u0131, kitap yay\u0131nlanmadan \u00f6nce de  g\u00f6r\u00fc\u015flerini almak i\u00e7in g\u00f6nderdim. Tepki vermelerine de anlam  veremiyorum. Ben Soner Yal\u00e7m&#8217;m bilgisayar\u0131na bana ait kitab\u0131n metninin  nas\u0131l gitti\u011fini bilmiyorum, ben vermedim.<\/p>\n<p><strong>Soruldu :<\/strong> 21.07.2009 g\u00fcn\u00fc saat:14.11&#8217;de U\u011fur D\u00dcNDAR ile yapt\u0131\u011f\u0131n\u0131z telefon  g\u00f6r\u00fc\u015fmesinde \u00f6zetle; G\u00f6r\u00fc\u015fmenin ba\u015f\u0131nda bir s\u00fcre sohbet ettikten sonra  S\u0130Z\u0130N &#8220;&#8230;bende \u015feyle u\u011fra\u015f\u0131yorum \u015fu \u015fey \u00e7\u0131k\u0131yo kitap&#8221; &#8220;Belki yar\u0131n&#8221;  dedi\u011finiz, U.D\u00dcNDAR&#8217;m &#8220;\u00c7\u0131kartmaya karar verdin&#8221; dedi\u011fi, S\u0130Z\u0130N &#8220;\u00c7\u0131kt\u0131  \u00e7\u0131kt\u0131 abi bitti bas\u0131ld\u0131 yani&#8221; dedi\u011finiz, U.D\u00dcNDAR&#8217;\u0131n &#8220;Allah Allah ulan  bize sormadan kitap \u00e7\u0131kart\u0131yosun&#8221; &#8220;Bana sorsan ben \u00e7\u0131kartma derim&#8221;  dedi\u011fi, S\u0130Z\u0130N &#8220;Ya ben biliyorum abi zaten \u015fey arkada\u015fta \u0131\u0131 \u015fey sizin de  tan\u0131yaca\u011f\u0131n\u0131z \u0131\u0131 zaman\u0131 m\u0131yd\u0131 falan gibi b\u00f6yle bi \u015fey yapm\u0131\u015f ama  i\u00e7eri\u011finden falan haberdar tabi&#8230;&#8221; dedi\u011finiz, U.D\u00dcNDAR&#8217;m &#8220;Kim bu  arkada\u015f kim bu arkada\u015f&#8221; dedi\u011fi, S\u0130Z\u0130N &#8220;Tan\u0131d\u0131\u011f\u0131n\u0131z ki\u015fi ya&#8221; &#8220;O her  seferinde sorun \u00e7\u0131karan varya&#8221; &#8220;Yani her konuda herhangi bir konuda bi  sorun \u00e7\u0131karan bi arkada\u015f vard\u0131 me\u015fhur ondan sonra i\u015fte i\u00e7eri\u011finin biliyo  s\u00fcreci biliyo \u015fey zaten o bana bit tak\u0131m \u015feylerde bulunmu\u015ftu&#8221;  dedi\u011finiz, U.D\u00dcNDAR&#8217;\u0131n &#8220;Ama sende \u00e7ok acele ettin yani&#8221; &#8220;Valla bize bile  sormadan&#8221; dedi\u011fi tespit edilmi\u015ftir.<\/p>\n<p>G\u00f6r\u00fc\u015fmede ge\u00e7en kitap konusu  nedir? Kitab\u0131n i\u00e7eri\u011finden haberdar oldu\u011funu s\u00f6yledi\u011finiz \u015fah\u0131s kimdir?  &#8220;S\u00fcreci biliyo \u015fey zaten o bana bit tak\u0131m \u015feylerde bulunmu\u015ftu&#8221; diyerek  neyi kast etmektesiniz?<\/p>\n<p><strong>Cevap: <\/strong>Yukar\u0131daki soruda  ge\u00e7en kitapt\u0131r. Ben ya\u015fad\u0131\u011f\u0131m \u015feyleri U\u011fur BeyTe payla\u015f\u0131yorum. Asl\u0131nda o  da bana sitem ediyor, yaz\u0131yorsun da haber vermiyorsun diyor.<\/p>\n<p><strong>Soruldu <\/strong>06.05.2009  g\u00fcn\u00fc M.YILMAZ isimli \u015fah\u0131s taraf\u0131ndan Muhabere Elektronik \u015eube  M\u00fcd\u00fcrl\u00fc\u011f\u00fcne g\u00f6nderilen e-mail ihbar\u0131n\u0131n i\u00e7eri\u011finde; &#8220;Say\u0131n yetkililer,  Milliyet Gazetesi muhabiri Nedim \u015eENER asl\u0131nda ergenekonun propaganda  biriminde \u00e7ok gizli bir g\u00f6revlidir. D\u00f6neme g\u00f6re kendisine verilen g\u00f6revi  b\u00fcy\u00fck bir ustal\u0131kla yapar. Bunun en b\u00fcy\u00fck delili Nedimin, ilgi alan\u0131n\u0131n  ticaretten ekonomiden bir anda Ergenekon \u00f6rg\u00fct\u00fcne kar\u015f\u0131 olanlar\u0131  k\u0131skaca almaya do\u011fru sinsice de\u011fi\u015fmesi. Y\u0131llard\u0131r kitaplar\u0131 ve gazete  yaz\u0131lar\u0131 ile ekonomi ve finans a\u011f\u0131rl\u0131kl\u0131 \u00e7al\u0131\u015fmalar yapt\u0131. Nedimin bu  zamanlar\u0131nda g\u00f6revi ticari alanda s\u0131k\u0131\u015ft\u0131r\u0131lacak ve gelir sa\u011flanacak  gruplar\u0131 tehdit etmektir. Derin devlete kar\u015f\u0131 g\u00f6r\u00fcn\u00fcr ve bu perdenin  arkas\u0131nda Ergenekon tetik\u00e7ili\u011fi yapar. Onun i\u015faret fi\u015fe\u011fini atmas\u0131n\u0131n  ard\u0131ndan grup uyar\u0131y\u0131 al\u0131r ve Ergenekonla pazarl\u0131\u011fa ba\u015flar. Pazarl\u0131\u011fa  yana\u015fmayanlar ise ticari olarak bitirilmekte kalmaz korkudan ad\u0131m bile  atamaz olurlar. Bunun \u00f6rneklerini g\u00f6rd\u00fck. O zamanlar SESAR isimli  Ergenekon biriminin ba\u015f\u0131nda bulunan \u0130smail YILDIZ ile \u00e7ok gizli belge  payla\u015fm\u0131\u015ft\u0131r.<br \/>\nBir d\u00f6nem Ergenekon taraf\u0131ndan uyar\u0131lmas\u0131 gereken UZAN  grubu ile ilgili gizli bilgi ve belgeler Nedime servis ettirilmi\u015ftir.  Kimsenin elde edemeyece\u011fi Ergenekonun gizli dinleme merkezinden ald\u0131\u011f\u0131  mailleri o kadar deneyimli gazeteci varken s\u0131radan bir muhabir olan  Nedim yay\u0131nlam\u0131\u015ft\u0131r. Ancak ergenekonun bir ihbar \u00fczerine de\u015fifre olmas\u0131  Nedimin kulu\u00e7ka s\u00fcresini yar\u0131m b\u0131rakt\u0131 ve erken \u00e7\u0131kt\u0131 piyasaya. Ani bir  de\u011fi\u015fim ge\u00e7irdi ve ekonomi yazar\u0131 birden uzmanl\u0131k alan\u0131n\u0131 b\u0131rak\u0131p  Ergenekon san\u0131klar\u0131 Veli k\u00fc\u00e7\u00fck ve Do\u011fu PER\u0130N\u00c7EK&#8217;lerin mevzisine  yerle\u015fti. Tabi bu de\u011fi\u015fim d\u0131\u015far\u0131dan g\u00f6r\u00fcnen taraf\u0131. Asl\u0131nda bakarsan\u0131z  Nedim emir almadan k\u0131l\u0131n\u0131 k\u0131p\u0131rdatacak birisi de\u011fildir. Emri verende  tabiki Ergenekon. Do\u011fu perin\u00e7ekler ve ondan ak\u0131l alan fuat turgu.tla.nn  misyonunu \u015fimdilerde Nedim, \u00fcstlendi..\/&#8217; \u015feklinde beyanlara yer  verildi\u011fi g\u00f6r\u00fclm\u00fc\u015ft\u00fcr.<\/p>\n<p>\u0130hbardaki bu iddialar\u0131 a\u00e7\u0131klay\u0131n\u0131z?<\/p>\n<p><strong>Cevap: <\/strong>\u0130hbardaki  iddialar as\u0131ls\u0131zd\u0131r. Beni ve \u00e7al\u0131\u015ft\u0131\u011f\u0131m grubu hedef almaktad\u0131r. Nedim  \u015eener olarak ekonomi, yolsuzluk ve hayali ihracat konular\u0131nda y\u00fczlerce  haber yapt\u0131m. Bunlar\u0131n talimat veya telkinle de\u011fil, devletin resmi  raporlar\u0131yla haberle\u015ftirdim. SESAR isimli kurulu\u015fu tan\u0131mad\u0131m, \u0130smail  Y\u0131ld\u0131zTa herhangi bir belge payla\u015fmad\u0131m. Ben 2009 y\u0131l\u0131nda 15 y\u0131ll\u0131k  muhabirdim. \u0130ddialar\u0131n oldu\u011fu tarihte deneyimli bir muhabirdim.  Uzan&#8217;larla alakal\u0131 yazd\u0131\u011f\u0131m kitaplar\u0131n tamam\u0131 devlet taraf\u0131ndan el  konulup i\u015flem yap\u0131ld\u0131ktan sonrad\u0131r. BDDK raporlar\u0131ndan sonra kitap  yazm\u0131\u015f\u0131md\u0131r. Benim Ergenekon san\u0131klar\u0131n\u0131n hi\u00e7 biriyle ili\u015fkim  olmam\u0131\u015ft\u0131r.<\/p>\n<p><strong>Soruldu\u00a0\u00a0\u00a0\u00a0\u00a0 : <\/strong>Yap\u0131lan ihbarda  Ergenekon Ter\u00f6r \u00d6rg\u00fct\u00fcn\u00fcn propaganda biriminde \u00e7ok gizli bir g\u00f6revli  oldu\u011funuz, Ergenekon davas\u0131n\u0131n devam etmesini engellemek i\u00e7in propaganda  ve dezenformasyon faaliyetleri yapt\u0131\u011f\u0131n\u0131z, ald\u0131\u011f\u0131n\u0131z talimatlar  do\u011frultusunda \u00f6rg\u00fct\u00fcn belirledi\u011fi konular \u00e7er\u00e7evesinde kitap ve  makaleler yazd\u0131\u011f\u0131n\u0131z belirtilmi\u015ftir.<\/p>\n<p>Di\u011fer taraftan ODATV&#8217;de  yap\u0131lan aramalarda elde edilen dijital verilerde; Ergenekon Ter\u00f6r \u00d6rg\u00fct\u00fc  \u00fcst d\u00fczey y\u00f6neticileri taraf\u0131ndan Ergenekon Dava s\u00fcrecini etkilemek,  davay\u0131 y\u00fcr\u00fcten kamu g\u00f6revlilerini y\u0131pratmak i\u00e7in baz\u0131 kararlar al\u0131nd\u0131\u011f\u0131,  S\u0130Z\u0130N de \u00f6rg\u00fct\u00fcn belirlemi\u015f oldu\u011fu &#8220;Ergenekonun bo\u015f bir dava olarak  anlat\u0131lmas\u0131&#8221;, &#8220;Ergenekon, Balyoz, Poyrazk\u00f6y gibi operasyonlar\u0131n poliste  ve savc\u0131daki F tipi yapt\u0131 vurgusunun yap\u0131lmas\u0131&#8221;, &#8220;Dan\u0131\u015ftay\u0131n T\u00fcrban  eylemi oldu\u011fu vurgusu&#8221; gibi konular\u0131n<\/p>\n<p>Hanefi AVCI ad\u0131yla \u00e7\u0131kan  kitapta yer almas\u0131n\u0131 sa\u011flad\u0131\u011f\u0131n\u0131z, ayr\u0131ca \u00f6rg\u00fct ad\u0131na Hanefi AVCI ile  gerekli irtibat\u0131 sa\u011flad\u0131\u011f\u0131n\u0131z anla\u015f\u0131lm\u0131\u015ft\u0131r.<\/p>\n<p>*Yap\u0131lan ihbar ve  ODATV&#8217;den elde edilen veriler birlikte de\u011ferlendirildi\u011finde, Ergenekon  Ter\u00f6r \u00d6rg\u00fct\u00fc \u00fcst d\u00fczey y\u00f6neticilerinin devam eden dava s\u00fcrecini  etkilemek i\u00e7in ciddi \u00e7al\u0131\u015fmalar yapt\u0131\u011f\u0131, bu \u00e7al\u0131\u015fmalar\u0131n uygulanmas\u0131nda  sizinde aktif olarak g\u00f6rev ald\u0131\u011f\u0131n\u0131z anla\u015f\u0131lm\u0131\u015ft\u0131r. Bu durumu  a\u00e7\u0131klay\u0131n\u0131z.<\/p>\n<p><strong>Cevap: <\/strong>Ben b\u00f6yle bir g\u00f6rev ald\u0131\u011f\u0131m\u0131  anlam\u0131yorum. Ergenekon belgelerine Fethullah G\u00fclen ve Cemaat isimli  kitab\u0131 Dink cinayetiyle, \u0130stihbarat Yalanlar\u0131 isimli kitab\u0131, K\u0131rm\u0131z\u0131  Cuma isimli kitab\u0131m Ergenekonla kitaba konu olan ba\u011flant\u0131lar\u0131 i\u015faret  eder. Daha \u00f6nce de s\u00f6yledi\u011fim gibi Ergenekon davas\u0131nda yarg\u0131lananlar  taraf\u0131ndan tehdit edildim. Ergenekonun bo\u015f bir dava oldu\u011fu konusunda ben  \u00e7al\u0131\u015fma yapmad\u0131m, hi\u00e7bir yaz\u0131 ve s\u00f6ylemimden b\u00f6yle bir sonu\u00e7 \u00e7\u0131kmaz.  Dan\u0131\u015ftay davas\u0131 konusunda iddialar\u0131n Mahkemede de\u011ferlendirilmesinin bir  \u015fans oldu\u011funu s\u00f6yledim. Son yazd\u0131\u011f\u0131m kitapta da Ergenekonda yarg\u0131lanan  baz\u0131 san\u0131klar aras\u0131nda Dink cinayeti san\u0131klar\u0131 aras\u0131ndaki telefon  irtibat\u0131n\u0131 g\u00f6steren \u015femalar\u0131 kitab\u0131ma yer vererek, ayn\u0131 zamanda 1.  Ergenekon iddianamesindeki Dink cinayetiyle ilgili b\u00f6l\u00fcmlerine yer  vererek ard\u0131ndan Ergenekon, Kafes Eylem Plan\u0131 ve Balyoz iddianamelerinde  Dink cinayetinde bu soru\u015fturmalar aras\u0131ndaki ba\u011flant\u0131ya yer vererek  birle\u015ftirilmesi i\u00e7in televizyonlarda a\u00e7\u0131klamalar yapt\u0131m, gazetelerde  yaz\u0131lar yazd\u0131m. Hatta Savc\u0131lar\u0131 bu konularda haddimi a\u015farak a\u011f\u0131r  davranmak konusunda sorumlu olduklar\u0131 konusunda a\u00e7\u0131klamalar da yapt\u0131m.  Oda TV&#8217;deki bu verilerde belirtildi\u011fi gibi bir ili\u015fki i\u00e7erisinde  bulunmad\u0131m. Hanefi Avc\u0131&#8217;nm kitab\u0131yla ilgili hi\u00e7bir bilgim olmad\u0131\u011f\u0131  a\u00e7\u0131kt\u0131r. Ayn\u0131 zamanda Hanefi Avc\u0131 ile herhangi birisi veya \u00f6rg\u00fct ad\u0131na  asla bir g\u00f6r\u00fc\u015fmem olmam\u0131\u015ft\u0131r. Bunu Hanefi Avc\u0131 ekte sundu\u011fumuz yaz\u0131da  s\u00f6ylemi\u015ftir. Asla ve asla Ergenekon ter\u00f6r \u00f6rg\u00fct\u00fc s\u00fcrecini etkilemek i\u00e7in  bir s\u00fcre\u00e7 i\u00e7erisinde bulunmad\u0131m.<\/p>\n<p><strong>Soruldu <\/strong>03.08.2009 g\u00fcn\u00fc saat:14.16&#8217;da Baki \u00d6Z\u0130LHAN ile yapt\u0131\u011f\u0131n\u0131z<br \/>\ntelefon g\u00f6r\u00fc\u015fmesinde \u00f6zetle; B.\u00d6Z\u0130LHAN&#8217;m &#8220;Ya bir tak\u0131m \u015feyleri  payla\u015fmak istiyorum benim bir arkada\u015f\u0131m vard\u0131 da&#8221; &#8220;\u0130zledi\u011fi konuyla  ilgili bir \u015feyler aktarmak istiyorum ama ne yapsak nas\u0131l yapsak&#8221; dedi\u011fi,  S\u0130Z\u0130N &#8220;\u015eey konu\u015ftu\u011fumuz konuyla ilgili mi&#8221; dedi\u011fi, B.\u00d6Z\u0130LHAN&#8217;\u0131n  &#8220;Bilmiyorum yani ben \u015feylere \u00e7ok fazla yani hava durumuna falan \u00e7ok  fazla g\u00fcvenmiyorum \u00e7\u0131kar\u0131z tatil yapar\u0131z \u015fu olur bu olur gideriz ondan  sonra da biliyorsun bu dalga malga hikayesi mavi tur zaman\u0131 ge\u00e7iyor  galiba&#8221; &#8220;Yani Dalgaya yakalanmayal\u0131m diyorum&#8221; dedi\u011fi, S\u0130Z\u0130N &#8220;Anlad\u0131m  peki siz bana bir \u00f6neri s\u00f6yleyin \u015f\u00f6yle yapal\u0131m deyin&#8221; dedi\u011finiz,  B.\u00d6Z\u0130LHAN&#8217;m &#8220;O zaman ben bir d\u00fc\u015f\u00fcneyim de senin de akl\u0131na yeni bir  form\u00fcl gelirse onu yapmaya \u00e7al\u0131\u015fal\u0131m yani ben d\u00fc\u015f\u00fcneyim nas\u0131l  yapabilece\u011fimizi nereye gidebilece\u011fimizi&#8221; dedi\u011fi, S\u0130Z\u0130N &#8220;sabit bir  telefon&#8221; dedi\u011finiz, B.\u00d6Z\u0130LHAN&#8217;\u0131n &#8220;Olmazsa olmazsa konu\u015furuz ama sonu\u00e7  olarak zaten turu d\u00fczenleyen arkada\u015f diyor ki ya \u00e7ok uygun de\u011fil  ko\u015fullar diyor \u00e7\u00fcnk\u00fc ben art\u0131k diyor turculuk murculuk yapm\u0131yorum diyor  ben daha \u00fcst d\u00fczeyde g\u00f6rev ald\u0131m \u015fimdi o turistlerle u\u011fra\u015fm\u0131yorum ben  yapaca\u011f\u0131m\u0131 yapt\u0131m bug\u00fcne kadar her \u015feyi ortaya koydum netle\u015ftirdim&#8221;  dedi\u011fi, SIZIN &#8220;Anlad\u0131m bilinen adam ya bu mavi turlar konusunda bilinen  adam zaten yani&#8221; dedi\u011finiz, B.\u00d6Z\u0130LHAN&#8217;\u0131n &#8220;Bilinen tan\u0131nan bir adam yani  yani kendisini sanki o konuda yeniden s\u0131nava gelmi\u015f tabi terfi edip i\u015fin  ba\u015f\u0131na ge\u00e7en adam oldu\u011fu i\u00e7in&#8221; &#8220;.. .bunu dinle bir de biz dinleyelim  bir de bizim i\u00e7in konu\u015f demek biraz uygun olmayabilir neyse biraz daha  \u015fey yapal\u0131m da uygun bir \u015fekilde konu\u015fal\u0131m&#8221; dedi\u011fi, S\u0130Z\u0130N &#8220;\u015eey yapal\u0131m  ya bir arkada\u015f vard\u0131 ya hani mavi turda nereleri u\u011francak falan diye  elinde \u015fey vard\u0131 kadrosu vard\u0131&#8221; dedi\u011finiz, B.\u00d6Z\u0130LHAN&#8217;m &#8220;Zaten o geldi o  geldi bana anlatt\u0131 dedi b\u00f6yle b\u00f6yle diyor dedi ben de onun i\u00e7in yani  program\u0131 da aksatmayal\u0131m zaten ben Ankara&#8217;ya da d\u00f6nd\u00fcm bir ka\u00e7 g\u00fcn  Ankara&#8217;day\u0131m yar\u0131n Deniz beyin grup toplant\u0131s\u0131 var&#8221; dedi\u011fi tespit  edilmi\u015ftir.<\/p>\n<p>Baki OZ\u0130LHAN&#8217;la \u015fifreli bir \u015fekilde yapt\u0131\u011f\u0131n\u0131z bu  konu\u015fmay\u0131 a\u00e7\u0131klay\u0131n\u0131z? G\u00f6r\u00fc\u015fmede &#8220;Yani dalgaya yakalanmayal\u0131m&#8221; diyerek  ne ifade edilmektedir? G\u00f6r\u00fc\u015fmede ge\u00e7en &#8220;DALGA&#8221; &#8220;TUR&#8221; &#8220;TUR\u0130ST&#8221; ve &#8220;HAVA  DURUMU&#8221; kelimeleri ne anlama gelmektedir?<\/p>\n<p><strong>Cevap: <\/strong>Baki  \u00d6zilhan CHP Bas\u0131n Dan\u0131\u015fman\u0131d\u0131r. Baki \u00d6zilhan benim \u00f6d\u00fcl ald\u0131\u011f\u0131m t\u00f6rene  geldi ve orada \u00e7ok \u00f6nemli bir yolsuzluk dosyas\u0131 oldu\u011funu, bir  arkada\u015f\u0131n\u0131n bu konuya vak\u0131f oldu\u011funu s\u00f6yledi. Ama dosya gelmedi\u011fi i\u00e7in  i\u00e7eri\u011finden haberdar olamad\u0131m. Burada &#8220;Dalga&#8221;, &#8220;Tur&#8221;, &#8220;Turist&#8221; ve &#8220;Hava  Durumu&#8221; kelimeleri \u015fifreli kelimeler de\u011fil, Baki \u00d6zilhan&#8217;m tatile  \u00e7\u0131kaca\u011f\u0131 Mavi Turla ilgili konu\u015fmalard\u0131r. Dalgaya yakalanmayal\u0131m dedi\u011fi  konu da Mavi TurTa ilgili konudur. B\u00f6yle kelimelerin ge\u00e7mesi son derece  normaldir. Bu konular\u0131 Baki \u00d6zilhan&#8217;a sorarsan\u0131z o da size teyit  edecektir zaten.<\/p>\n<p><strong>Soruldu :<\/strong> 10.09.2009 g\u00fcn\u00fc  saat:12.37&#8217;de Nilg\u00fcn..? ile yapt\u0131\u011f\u0131n\u0131z telefon g\u00f6r\u00fc\u015fmesinde \u00f6zetle;  N\u0130LG\u00dcN&#8217;\u00fcn &#8220;Nedim bey ben Nilg\u00fcn&#8221; dedi\u011fi, S\u0130Z\u0130N &#8220;Ha ben sizi sabitten  arayay\u0131m sabitten aray\u0131m&#8221; dedi\u011finiz tespit edilmi\u015ftir.<br \/>\nG\u00f6r\u00fc\u015fmede gizlili\u011fe dikkat etmenizin sebebi nedir?<\/p>\n<p><strong>Cevap: <\/strong>Nilg\u00fcn bizim gazetenin sekreteridir. O anda g\u00f6r\u00fc\u015fmede oldu\u011fum i\u00e7in bu cevab\u0131 veriyorum.<\/p>\n<p><strong>Soruldu :<\/strong> 23.07.2009 g\u00fcn\u00fc saat 21:47&#8217;de U\u011fur D\u00dcNDAR ile yapt\u0131\u011f\u0131n\u0131z telefon  g\u00f6r\u00fc\u015fmesinde \u00f6zetle; U.D\u00dcNDAR&#8217;m &#8220;\u015eimdi yar\u0131n \u00f6d\u00fcl t\u00f6reninde o kokteyl  s\u0131ras\u0131nda bir arkada\u015f\u0131m gelecek&#8221; dedi\u011fi, S\u0130Z\u0130N &#8220;Evet h\u0131h\u0131&#8221;  dedi\u011finiz,U.D\u00dcNDAR&#8217;m &#8220;Sana bir dosyadan bahsedecek sen tabi onla g\u00f6r\u00fc\u015f  ama daha sonra bana o konuda hi\u00e7bir\u015fey telefonda s\u00f6yleme&#8221; dedi\u011fi, S\u0130Z\u0130N  &#8220;Tamam oldu abi&#8221; dedi\u011finiz, U.D\u00dcNDAR&#8217;m &#8220;Asl\u0131nda \u00e7ok \u015fey bir olay&#8221;  dedi\u011fi, S\u0130Z\u0130N &#8220;Tamam abi&#8221; dedi\u011finiz, U.D\u00dcNDAR&#8217;m &#8220;Bana biraz u\u00e7uk gibi  geldi ama yani \u00e7ok ciddi bir insan s\u00f6yleyen&#8221; &#8220;Belgeler falan da var  elinde e\u011fer dedi\u011fi gibiyse hakkaten g\u00fcndemi de\u011fi\u015ftirebilecek bir i\u015f&#8221;  &#8220;Dedi\u011fim gibi telde katiyyen konu\u015fmayaI\u0131m&#8221;&#8221;Tamam m\u0131 sen bi dinle  bakal\u0131m&#8221; dedi\u011fi, S\u0130Z\u0130N &#8220;Ben size in\u015fallah ula\u015ft\u0131racam size peki&#8221;  dedi\u011finiz tespit edilmi\u015ftir.<\/p>\n<p>G\u00f6r\u00fc\u015fmede gizlili\u011fe dikkat etmenizin sebebi nedir?<\/p>\n<p><strong>Cevap: <\/strong>U\u011fur  Bey haberi hi\u00e7 kimseyle konu\u015fma dedi\u011fi i\u00e7in b\u00f6yle konu\u015ftum. U\u011fur Bey  Arena&#8217;da \u00e7al\u0131\u015ft\u0131\u011f\u0131 i\u00e7in bu haber Arenada yap\u0131laca\u011f\u0131 i\u00e7in beni bu konuda  uyar\u0131yor.<br \/>\nSoruldu : 23.07.2009 g\u00fcn\u00fc saat 21:49&#8217;da U\u011fur D\u00dcNDAR ile  yapt\u0131\u011f\u0131n\u0131z telefon g\u00f6r\u00fc\u015fmesinde \u00f6zetle; U.D\u00dcNDAR&#8217;m &#8220;Sadece benimle de\u011fil  ba\u015fka hi\u00e7kimse<br \/>\nile telefonda o konu ile ilgili g\u00f6r\u00fc\u015fme&#8221; dedi\u011fi,  S\u0130Z\u0130N &#8220;Yo yo hi\u00e7 merak etmeyin siz&#8221; &#8220;\u015eey art\u0131k onu olmu\u015f bilin siz&#8221;  dedi\u011finiz tespit edilmi\u015ftir.<br \/>\nG\u00f6r\u00fc\u015fmede gizlili\u011fe dikkat etmenizin sebebi nedir?<\/p>\n<p><strong>Cevap: <\/strong>Bana g\u00fcvenebilirsiniz demek istedim.<\/p>\n<p><strong>Soruldu: <\/strong>D\u00fcndar,  Sa\u00e7an ve Nedim \u015eener ba\u015fl\u0131kl\u0131 programa ait \u00e7\u00f6z\u00fcm tutana\u011f\u0131 okundu:  Ergenekon bombalar\u0131 ve Tuncay G\u00fcney&#8217;in 2001 y\u0131l\u0131nda yakalanmas\u0131n\u0131n bir  cemaat veya bir grup taraf\u0131ndan intikam almak veya hesap sormak amac\u0131yla  yap\u0131ld\u0131\u011f\u0131, komplo oldu\u011fu a\u00e7\u0131klamalar\u0131 ve yorumlar\u0131 soruldu: Program\u0131n  ilk yap\u0131ld\u0131\u011f\u0131 tarihlerde Adil Serdar Sa\u00e7an daha tutuklanmam\u0131\u015ft\u0131. Komple  teorileri \u00e7ok konu\u015fuluyordu, bende bu konunun muhatab\u0131 Adil Serdar Sa\u00e7an  oldu\u011fu i\u00e7in Tuncay G\u00fcney&#8217;i ilk sorgulayan ki\u015fi oldu\u011fu i\u00e7in komplo varsa  muhatab\u0131n\u0131n da Adil Serdar Sa\u00e7an oldu\u011funu d\u00fc\u015f\u00fcnd\u00fcm. Ben Hrant Dink  cinayetini ilk defa Ergenekon taraf\u0131ndan \u00fcstlendi\u011fini iddia eden  g\u00f6r\u00fc\u015fleri her yerde dile getirdi\u011fim gibi bu konular\u0131 kitaplar\u0131mda da  i\u015fledim.<br \/>\nBen Ergenekon ter\u00f6r \u00f6rg\u00fct\u00fc \u00fcyesi de\u011filim, \u00f6rg\u00fct ad\u0131na  herhangi bir dezenformasyon \u00e7al\u0131\u015fmas\u0131 yapmad\u0131m, \u00f6rg\u00fct\u00fcn medya  yap\u0131lanmas\u0131 i\u00e7erisinde yer almad\u0131m.<\/p>\n<p><strong>\u015e\u00fcphelinin M\u00fcdafiilerinden Soruldu:<\/strong><br \/>\n<strong>Av. KOKSAL BAYRAKTAR:<\/strong> Savunmaya aynen kat\u0131l\u0131yoruz. M\u00fcvekkilimiz hi\u00e7bir zaman bir \u00f6rg\u00fct \u00fcyesi  olmam\u0131\u015ft\u0131r ve olamazda. Bug\u00fcnk\u00fc sorgulamada bizzat m\u00fcvekkilimiz bug\u00fcn  \u00f6rg\u00fct \u00fcyesi olarak su\u00e7lanan pek \u00e7ok ki\u015fiyi tan\u0131mad\u0131\u011f\u0131n\u0131, onlarla hi\u00e7bir  ili\u015fkisi olmad\u0131\u011f\u0131n\u0131, ayr\u0131 ayr\u0131 defalarca belirtmi\u015ftir. Daha da \u00f6nemlisi  Dan\u0131\u015ftay sald\u0131r\u0131s\u0131n\u0131n Ergenekon \u00f6rg\u00fct\u00fcyle birle\u015fmesi gerekti\u011fini, Hrant  Dink cinayetinin gene ayn\u0131 \u00f6rg\u00fctle birle\u015ftirilmesi gerekti\u011fini  yaz\u0131lar\u0131nda ve \u00e7al\u0131\u015fmalar\u0131nda defalarca belirtilen bir ki\u015fi bu \u00f6rg\u00fct\u00fcn  \u00fcyesi olamaz. Sorgulamada s\u00f6z\u00fc edilen telefon konu\u015fmalar\u0131 ile ilgili \u015fu  hususu belirtmemiz gerekir. Telefon konu\u015fmalar\u0131 asli delil, kati delil  olarak kabul edilemez. Bunlar\u0131n mutlaka tarih, yer ve zaman itibariyle  uyu\u015fan olaylarla ispat edilmesi gerekir. Sadece Savc\u0131 talebi ve Hakim  karar\u0131 telefon dinlemelerinin hukuka uygun bir delil olma vasf\u0131n\u0131 ortaya  \u00e7\u0131karamaz. M\u00fcvekkilimizin sorgulamas\u0131nda belirtilen telefon g\u00f6r\u00fc\u015fmeleri  bu a\u00e7\u0131dan delil de\u011fildir. Ayr\u0131ca telefon g\u00f6r\u00fc\u015fmelerinin hemen hepsinde  var oldu\u011fu ileri s\u00fcr\u00fclen bir tak\u0131m \u015fifreli oldu\u011fu iddia edilen s\u00f6zler  tamamen bu konu\u015fmalar\u0131n delil olmad\u0131\u011f\u0131n\u0131 apa\u00e7\u0131k ortaya \u00e7\u0131karmaktad\u0131r.  Ku\u015fku duyulan, teredd\u00fct edilen, \u015fifreli oldu\u011fu beyan edilen bir konu\u015fma  kati ve kesin olan bir konu\u015fma de\u011fildir ki kesin olsun. \u015eunu da savunma  olarak ifade etmek isteriz ki, telefon konu\u015fmalar\u0131yla ilgili CMK.&#8217;n\u0131n  135. maddesinde \u00f6ng\u00f6r\u00fclen s\u00fcrelere ve Hakim karar\u0131na tam olarak riayet  edilip edilmedi\u011fini biz \u015fu anda bilmemekteyiz. Kanunda telefon  g\u00f6r\u00fc\u015fmelerinin 3 ay ve 3 ay dinlenebilece\u011fi belirtildikten sonra \u00f6rg\u00fctl\u00fc  su\u00e7larda bunun devaml\u0131 olarak l&#8217;er ay uzat\u0131labilece\u011finden s\u00f6z  edilmektedir. Acaba m\u00fcvekkilimizle ilgili dinleme kararlar\u0131nda  devaml\u0131l\u0131\u011f\u0131n sa\u011flanmas\u0131 i\u00e7in mi \u00f6rg\u00fct su\u00e7lanmas\u0131 ortaya \u00e7\u0131km\u0131\u015ft\u0131r, onu  da \u015fu anda bilemiyoruz. Sorulan sorular aras\u0131nda yer alan televizyon  yay\u0131n\u0131ndan bir sonu\u00e7 \u00e7\u0131kar\u0131lmamas\u0131n\u0131, \u00f6zel olarak Savc\u0131l\u0131\u011f\u0131n\u0131zdan arz ve  talep etmekteyiz. \u00c7\u00fcnk\u00fc televizyon yay\u0131n\u0131 alenidir, halka a\u00e7\u0131kt\u0131r.  B\u00f6ylesine a\u00e7\u0131k bir yay\u0131n\u0131 ve bu yay\u0131n senelerce \u00f6nce olmu\u015ftur. Bu  yay\u0131n\u0131n bug\u00fcn bir delil olarak ortaya \u00e7\u0131kar\u0131lmas\u0131 son derece yanl\u0131\u015ft\u0131r.  Bizim Oda TV ile hi\u00e7bir ba\u011flant\u0131m\u0131z yoktur. M\u00fcvekkilimizin a\u00e7\u0131k\u00e7a  s\u00f6yledi\u011fi gibi b\u00fct\u00fcn k\u0131sa ve uzun yay\u0131nlar\u0131n\u0131 y\u00fczlerce sayfa tutan  kitaplar\u0131n\u0131 hep kendisi tek ba\u015f\u0131na yazm\u0131\u015ft\u0131r ve bu nedenle uluslar aras\u0131  \u00f6d\u00fcllere lay\u0131k g\u00f6r\u00fclm\u00fc\u015ft\u00fcr. 21. y\u00fczy\u0131lda T\u00fcrkiye&#8217;nin y\u00fcz\u00fcn\u00fc a\u011f\u0131rtan bir  gazeteci hakk\u0131nda bir gizli \u00f6rg\u00fct\u00fcn dezenformasyonuyla su\u00e7lanmas\u0131 \u00e7ok  yanl\u0131\u015ft\u0131r. \u00c7\u00fcnk\u00fc bu sorgulama temelde bas\u0131n \u00f6zg\u00fcrl\u00fc\u011f\u00fcn\u00fcn kullan\u0131l\u0131p  kullan\u0131lmamas\u0131yla ilgilidir. Yarg\u0131lamas\u0131 4 y\u0131ldan bu yana devam eden ve  hi\u00e7bir ili\u015fi\u011fimizin olmad\u0131\u011f\u0131 ortaya \u00e7\u0131kan bir \u00f6rg\u00fctle ilgili olarak  bundan 1 y\u0131l \u00f6nce yaz\u0131lm\u0131\u015f bir kitap sebep ittihaz edilerek su\u00e7lamalar  yap\u0131lmas\u0131 bas\u0131n \u00f6zg\u00fcrl\u00fc\u011f\u00fcne bir darbe niteli\u011fini ta\u015f\u0131yacakt\u0131r. Bu  sebeple, hepimizin faydaland\u0131\u011f\u0131 T\u00fcrk toplumundaki herkesin faydalanma  hakk\u0131na sahip oldu\u011fu bilgilenme hakk\u0131 dikkate al\u0131narak 20 y\u0131ldan bu yana  gazetecilik yapan ve aleyhine a\u00e7\u0131lan b\u00fct\u00fcn bas\u0131n davalar\u0131nda beraat  karar\u0131 al\u0131nm\u0131\u015f olan bir gazetecinin gizli \u00f6rg\u00fctle ili\u015fkili oldu\u011funu  iddia etmek T\u00fcrkiye&#8217;de ger\u00e7ekten bas\u0131n \u00f6zg\u00fcrl\u00fc\u011f\u00fcne indirilen bir darbe  niteli\u011fini ta\u015f\u0131maktad\u0131r. T\u00fcrkiye e\u011fer milletleraras\u0131 alanda onurlu  yerini devam ettirmek istiyorsa bu soru\u015fturmada m\u00fcvekkilimiz Nedim \u015eener  serbest b\u0131rak\u0131lmal\u0131d\u0131r. Hi\u00e7bir zaman ve hi\u00e7bir \u015fekilde h\u00fcrriyetine  k\u0131s\u0131tlama konulmamal\u0131d\u0131r. Ceza Muhakemesi Kanunu&#8217;nda h\u00fcrriyetin  k\u0131s\u0131tlanmas\u0131n\u0131n d\u0131\u015f\u0131nda adli kontrol gibi yurt d\u0131\u015f\u0131na \u00e7\u0131k\u0131\u015f yasa\u011f\u0131 gibi  bir tak\u0131m tedbirler vard\u0131r, bu tedbirler varken ve T\u00fcrkiye&#8217;yi modern bir  \u00fclke haline hi\u00e7 olmazsa bu tedbirlerle y\u00fckseltme imkan\u0131 yarat\u0131lm\u0131\u015fken  tutuklama gibi a\u011f\u0131r bir tedbire hi\u00e7bir zaman gidilmemelidir. Savunma  olarak say\u0131n Savc\u0131l\u0131\u011f\u0131n\u0131zdan, y\u00fcksek makam\u0131n\u0131zdan talebimiz ve arzumuz  odur ki 4 y\u0131ldan bu yana hi\u00e7bir \u00f6rg\u00fctle ba\u011flant\u0131l\u0131 olmadan yaln\u0131z ve  yaln\u0131z gazetecilik yapan tek \u00f6zg\u00fcrl\u00fc\u011f\u00fc bas\u0131n \u00f6zg\u00fcrl\u00fc\u011f\u00fc olan ve  T\u00fcrkiye&#8217;de pek \u00e7ok ger\u00e7e\u011fin ortaya \u00e7\u0131kmas\u0131na \u00e7al\u0131\u015fmalar\u0131yla katk\u0131da  bulunmu\u015f olan m\u00fcvekkilimizin bu soru\u015fturmada serbest olarak  b\u0131rak\u0131lmas\u0131n\u0131 ve su\u00e7lamalar\u0131n dayanaks\u0131z oldu\u011funu sayg\u0131 ile bilvekale  arz ve talep ederim dedi.<\/p>\n<p><strong>Av. NURCAN BAYRAKTAR: <\/strong>Savunmaya  aynen kat\u0131l\u0131yoruz. Meslekta\u015f\u0131m\u0131n beyan ve taleplerine aynen  kat\u0131l\u0131yorum. M\u00fcvekkilimize y\u00f6neltilen sorularda yer alan haks\u0131z ve  kayna\u011f\u0131 belirsiz su\u00e7lamalar kar\u015f\u0131s\u0131nda verdi\u011fi yan\u0131tlarda da a\u00e7\u0131k\u00e7a  g\u00f6r\u00fcld\u00fc\u011f\u00fc gibi m\u00fcvekkilimizin tek faaliyeti haber verme hakk\u0131n\u0131 kamu  oyunu bilgilendirmek amac\u0131yla somut belgelere dayanarak yay\u0131nlamak, tek  kelimeyle habercilik yapmaktan ibarettir. Ter\u00f6r \u00f6rg\u00fct\u00fc \u00fcyesi olmakla  uzaktan yak\u0131ndan ilgisi yoktur, olmas\u0131 m\u00fcmk\u00fcn de\u011fildir dedi.<\/p>\n<p><strong>Av. \u015eEHNAZ Y\u00dcZER: <\/strong>Savunmaya  aynen kat\u0131l\u0131yoruz. Say\u0131n meslekta\u015flar\u0131m\u0131n beyanlar\u0131na kat\u0131l\u0131yorum.  M\u00fcvekkilimiz 20 y\u0131ll\u0131k gazetecilik ya\u015fam\u0131 boyunca edindi\u011fi t\u00fcm bilgi ve  belgeleri kamuoyuyla payla\u015fm\u0131\u015ft\u0131r, gazetecilik g\u00f6revini yapm\u0131\u015ft\u0131r. Hi\u00e7  kimseden emir ve talimat almam\u0131\u015ft\u0131r, bu kapsamda kayna\u011f\u0131 belirsiz  ihbarlarla kas\u0131tl\u0131 bir bi\u00e7imde m\u00fcvekkilimizin &#8220;Ergenekonun propaganda  biriminde \u00e7ok gizli bir g\u00f6revli oldu\u011fu&#8221; iddia ve isnad\u0131n\u0131n somut durumla  hi\u00e7bir ilgisi yoktur. M\u00fcvekkilim say\u0131n Savc\u0131l\u0131k makam\u0131 taraf\u0131ndan  sorulan t\u00fcm sorulara i\u00e7tenlikle ve samimiyetle yan\u0131t vermi\u015ftir. Gizli  bir g\u00f6revinin olmas\u0131 d\u00fc\u015f\u00fcn\u00fclmesi dahi m\u00fcmk\u00fcn de\u011fildir. Kovu\u015fturmama  karar\u0131 verilmesi, g\u00f6zalt\u0131 karar\u0131n\u0131n kald\u0131r\u0131lmas\u0131n\u0131 ve sayg\u0131yla talep  ederim dedi.<\/p>\n<p>Ceza Muhakemesi Kanununun 147&#8217;nci maddesinde yaz\u0131l\u0131  hususlar\u0131n yerine getirilmesinden sonra tutanak okunup, ifade veren ile  haz\u0131r bulunanlar taraf\u0131ndan imza alt\u0131na al\u0131nm\u0131\u015ft\u0131r. 05\/03\/2011 ( Ak\u015fam )<\/p>\n<p><a href=\"http:\/\/www.radikal.com.tr\/Radikal.aspx?aType=RadikalDetayV3&amp;ArticleID=1042144&amp;Date=07.03.2011&amp;CategoryID=77\" target=\"_blank\"><span style=\"color: #888888;\">Kaynak : Radikal<\/span><\/a><\/p>\n<\/div>\n","protected":false},"excerpt":{"rendered":"\n<p style=\"text-align: center;\">\n<p>Ergenekon \u00fcyesi oldu\u011fu gerek\u00e7esiyle tutuklanan Nedim \u015eener&#8217;in savc\u0131l\u0131k sorgusunun yakla\u015f\u0131k be\u015f saat s\u00fcrd\u00fc. Ahmet \u015e\u0131k&#8217;\u0131n ise 1.5 saat ifade verdi\u011fi \u00f6\u011frenildi. Metris Cezaevi&#8217;ne g\u00f6nderilen her iki gazetecinin, g\u00f6zalt\u0131na al\u0131nma gerek\u00e7elerinden &#8216;Halk\u0131 kin ve d\u00fc\u015fmanl\u0131\u011fa tahrik&#8217; su\u00e7lamas\u0131 tutuklama sevk tutana\u011f\u0131nda yer almad\u0131.<\/p>\n","protected":false},"author":1,"featured_media":0,"comment_status":"open","ping_status":"closed","sticky":false,"template":"","format":"standard","meta":{"footnotes":""},"categories":[105],"tags":[],"class_list":["post-29160","post","type-post","status-publish","format-standard","hentry","category-gundem","odd"],"_links":{"self":[{"href":"http:\/\/www.korhanyilmaz.com\/index.php?rest_route=\/wp\/v2\/posts\/29160","targetHints":{"allow":["GET"]}}],"collection":[{"href":"http:\/\/www.korhanyilmaz.com\/index.php?rest_route=\/wp\/v2\/posts"}],"about":[{"href":"http:\/\/www.korhanyilmaz.com\/index.php?rest_route=\/wp\/v2\/types\/post"}],"author":[{"embeddable":true,"href":"http:\/\/www.korhanyilmaz.com\/index.php?rest_route=\/wp\/v2\/users\/1"}],"replies":[{"embeddable":true,"href":"http:\/\/www.korhanyilmaz.com\/index.php?rest_route=%2Fwp%2Fv2%2Fcomments&post=29160"}],"version-history":[{"count":0,"href":"http:\/\/www.korhanyilmaz.com\/index.php?rest_route=\/wp\/v2\/posts\/29160\/revisions"}],"wp:attachment":[{"href":"http:\/\/www.korhanyilmaz.com\/index.php?rest_route=%2Fwp%2Fv2%2Fmedia&parent=29160"}],"wp:term":[{"taxonomy":"category","embeddable":true,"href":"http:\/\/www.korhanyilmaz.com\/index.php?rest_route=%2Fwp%2Fv2%2Fcategories&post=29160"},{"taxonomy":"post_tag","embeddable":true,"href":"http:\/\/www.korhanyilmaz.com\/index.php?rest_route=%2Fwp%2Fv2%2Ftags&post=29160"}],"curies":[{"name":"wp","href":"https:\/\/api.w.org\/{rel}","templated":true}]}}