{"id":29151,"date":"2011-03-07T21:50:04","date_gmt":"2011-03-07T19:50:04","guid":{"rendered":"http:\/\/www.korhanyilmaz.com\/?p=29151"},"modified":"2011-03-07T21:50:04","modified_gmt":"2011-03-07T19:50:04","slug":"gercekerden-ergenekon-uyarisi","status":"publish","type":"post","link":"http:\/\/www.korhanyilmaz.com\/?p=29151","title":{"rendered":"Ger\u00e7eker&#8217;den Ergenekon uyar\u0131s\u0131"},"content":{"rendered":"<p style=\"text-align: justify;\"><a href=\"http:\/\/www.korhanyilmaz.com\/wp-content\/uploads\/2011\/03\/139.jpg\"  class=\"lightview\"><img loading=\"lazy\" decoding=\"async\" class=\"aligncenter size-full wp-image-29152\" src=\"http:\/\/www.korhanyilmaz.com\/wp-content\/uploads\/2011\/03\/139.jpg\" alt=\"\" width=\"414\" height=\"220\" \/><\/a><\/p>\n<p style=\"text-align: justify;\">Yarg\u0131tay Ba\u015fkan\u0131 Hasan Ger\u00e7eker, g\u00f6zalt\u0131na alma, yakalama ve tutuklama gibi koruma tedbirlerinin hukuka uygun bir \u015fekilde yap\u0131lmas\u0131 gerekti\u011fini belirterek, &#8221;Kamu vicdan\u0131nda s\u0131k\u0131nt\u0131 yaratacak uygulamalardan ka\u00e7\u0131nmak gerekiyor&#8221; dedi.<!--more--><\/p>\n<p style=\"text-align: justify;\">ANKARA &#8211; Ger\u00e7eker, Yarg\u0131tay\u0131n 143. kurulu\u015f y\u0131l d\u00f6n\u00fcm\u00fc dolay\u0131s\u0131yla T\u00fcrkiye Barolar Birli\u011finde verilen resepsiyonda gazetecilerin sorular\u0131na yan\u0131tlad\u0131.<\/p>\n<p style=\"text-align: justify;\">&#8221;Ergenekon&#8221; soru\u015fturmas\u0131 kapsam\u0131nda tutuklanan gazetecilerin hat\u0131rlat\u0131lmas\u0131 \u00fczerine Ger\u00e7eker, devam eden soru\u015fturma ve davalarla ilgili bir de\u011ferlendirme yapmas\u0131n\u0131n uygun olmad\u0131\u011f\u0131n\u0131 s\u00f6yledi.<\/p>\n<p style=\"text-align: justify;\">G\u00f6zalt\u0131na alma, yakalama ve tutuklama gibi koruma tedbirlerinin hukuka uygun bir \u015fekilde yap\u0131lmas\u0131 gerekti\u011fini vurgulayan Ger\u00e7eker, \u015f\u00f6yle konu\u015ftu:<\/p>\n<p style=\"text-align: justify;\">&#8221;Herkesin bunlara \u00f6zen g\u00f6stermesi gerekiyor. Davan\u0131n \u00f6zelli\u011fine, ki\u015finin \u00f6zelli\u011fine g\u00f6re de\u011fil b\u00fct\u00fcn vatanda\u015flar\u0131n kanun \u00f6n\u00fcnde e\u015fitlik ilkesi gere\u011fince herkese bu kurallar\u0131n e\u015fit uygulanmas\u0131 gerekiyor. Kamu vicdan\u0131nda s\u0131k\u0131nt\u0131 yaratacak uygulamalardan ka\u00e7\u0131nmak gerekiyor.<\/p>\n<p style=\"text-align: justify;\">Mevzuat\u0131m\u0131z\u0131 tamamen de\u011fi\u015ftirdik. Temel hak ve \u00f6zg\u00fcrl\u00fcklerle ilgili uygulamalar\u0131 i\u00e7 hukukumuza dahil ettik. Uygulamalar\u0131m\u0131zda onlar\u0131 da g\u00f6zetmek durumunday\u0131z. Y\u00fcksek mahkemelerin en \u00f6nemli g\u00f6revlerinden birisi de hukuk kurallar\u0131n\u0131n anayasan\u0131n b\u00fct\u00fcn vatanda\u015flara toplumun her kesimine e\u015fit uygulanmas\u0131n\u0131, i\u00e7tihat birli\u011fini sa\u011flamakt\u0131r.&#8221;<\/p>\n<p style=\"text-align: justify;\">Ger\u00e7eker, yasal olmayan dinlemelere prim verilmemesi gerekti\u011fini ifade ederek hakim, savc\u0131 ve kolluk g\u00fc\u00e7lerinin de bu konuda \u00f6zen g\u00f6stermesi gerekti\u011fini s\u00f6yledi. Yarg\u0131tay\u0131n dinlenmedi\u011fi y\u00f6n\u00fcnde savc\u0131l\u0131\u011f\u0131n tespiti bulundu\u011funu an\u0131msatan Ger\u00e7eker, &#8221;Ama bug\u00fcn bak\u0131yorsunuz medyada hukuk d\u0131\u015f\u0131 dinlemeler yay\u0131nlan\u0131yor. Hukukun olmad\u0131\u011f\u0131n\u0131 s\u00f6yledi\u011fi bir \u015fey fiilen ortaya \u00e7\u0131k\u0131yor. Y\u00fcksek mahkeme \u00fcyelerinin dinlenmesi yap\u0131l\u0131yorsa bu bumerang gibidir. Bug\u00fcn ho\u015f g\u00f6r\u00fcrseniz yar\u0131n sizin de ba\u015f\u0131n\u0131za gelebilir, kimsenin prim vermemesi gerekiyor ancak o zaman hukuk devleti olabiliriz, \u00f6zg\u00fcrl\u00fck\u00e7\u00fc, demokratik bir \u00fclke olabilir. Bi\u00e7imsel olarak istedi\u011finiz kadar kanunlar\u0131n\u0131z\u0131 ve anayasan\u0131z\u0131 g\u00fczel yap\u0131n, e\u011fer onlar\u0131 hukuka uygun uygulayam\u0131yorsan\u0131z hi\u00e7bir \u015fey ifade etmez&#8221; de\u011ferlendirmesinde bulundu.<\/p>\n<p style=\"text-align: justify;\">Dan\u0131\u015ftay Ba\u015fkan\u0131 Mustafa Birden ise &#8221;Ergenekon&#8221; davas\u0131na Dan\u0131\u015ftay sald\u0131r\u0131s\u0131 ile ilgili olarak kat\u0131lmalar\u0131 y\u00f6n\u00fcnde mahkemeden yaz\u0131 al\u0131p almad\u0131klar\u0131n\u0131n sorulmas\u0131 \u00fczerine mahkemeden yaz\u0131 geldi\u011fini ma\u011fdur olarak kat\u0131lmalar\u0131n\u0131n istendi\u011fini ancak bug\u00fcn Dan\u0131\u015ftaydaki se\u00e7imler nedeniyle kat\u0131lmad\u0131\u011f\u0131n\u0131 s\u00f6yledi. Birden, &#8221;\u015eu anda gitmedik. Bug\u00fcn di\u011fer arkada\u015flar\u0131m da gitmedi. Kat\u0131lsan\u0131z da kat\u0131lmasan\u0131z da dava kendili\u011finden devam ediyor. Bir an \u00f6nce sonu\u00e7lanmas\u0131n\u0131 istiyoruz&#8221; diye konu\u015ftu. (AA)<\/p>\n<p style=\"text-align: justify;\"><a href=\"http:\/\/www.gazeteport.com.tr\/GUNCEL\/NEWS\/GP_865300\" target=\"_blank\"><span style=\"color: #888888;\">Kaynak : GAZETEPORT<\/span><\/a><\/p>\n","protected":false},"excerpt":{"rendered":"<p style=\"text-align: justify;\">\n<p style=\"text-align: justify;\">Yarg\u0131tay Ba\u015fkan\u0131 Hasan Ger\u00e7eker, g\u00f6zalt\u0131na alma, yakalama ve tutuklama gibi koruma tedbirlerinin hukuka uygun bir \u015fekilde yap\u0131lmas\u0131 gerekti\u011fini belirterek, &#8221;Kamu vicdan\u0131nda s\u0131k\u0131nt\u0131 yaratacak uygulamalardan ka\u00e7\u0131nmak gerekiyor&#8221; dedi.<\/p>\n","protected":false},"author":1,"featured_media":0,"comment_status":"open","ping_status":"closed","sticky":false,"template":"","format":"standard","meta":{"footnotes":""},"categories":[105],"tags":[],"class_list":["post-29151","post","type-post","status-publish","format-standard","hentry","category-gundem","odd"],"_links":{"self":[{"href":"http:\/\/www.korhanyilmaz.com\/index.php?rest_route=\/wp\/v2\/posts\/29151","targetHints":{"allow":["GET"]}}],"collection":[{"href":"http:\/\/www.korhanyilmaz.com\/index.php?rest_route=\/wp\/v2\/posts"}],"about":[{"href":"http:\/\/www.korhanyilmaz.com\/index.php?rest_route=\/wp\/v2\/types\/post"}],"author":[{"embeddable":true,"href":"http:\/\/www.korhanyilmaz.com\/index.php?rest_route=\/wp\/v2\/users\/1"}],"replies":[{"embeddable":true,"href":"http:\/\/www.korhanyilmaz.com\/index.php?rest_route=%2Fwp%2Fv2%2Fcomments&post=29151"}],"version-history":[{"count":0,"href":"http:\/\/www.korhanyilmaz.com\/index.php?rest_route=\/wp\/v2\/posts\/29151\/revisions"}],"wp:attachment":[{"href":"http:\/\/www.korhanyilmaz.com\/index.php?rest_route=%2Fwp%2Fv2%2Fmedia&parent=29151"}],"wp:term":[{"taxonomy":"category","embeddable":true,"href":"http:\/\/www.korhanyilmaz.com\/index.php?rest_route=%2Fwp%2Fv2%2Fcategories&post=29151"},{"taxonomy":"post_tag","embeddable":true,"href":"http:\/\/www.korhanyilmaz.com\/index.php?rest_route=%2Fwp%2Fv2%2Ftags&post=29151"}],"curies":[{"name":"wp","href":"https:\/\/api.w.org\/{rel}","templated":true}]}}