{"id":29146,"date":"2011-03-07T22:43:49","date_gmt":"2011-03-07T20:43:49","guid":{"rendered":"http:\/\/www.korhanyilmaz.com\/?p=29146"},"modified":"2011-03-07T22:43:49","modified_gmt":"2011-03-07T20:43:49","slug":"insanlik-aniti-yikilmaktan-kurtuldu","status":"publish","type":"post","link":"http:\/\/www.korhanyilmaz.com\/?p=29146","title":{"rendered":"&#8220;\u0130nsanl\u0131k An\u0131t\u0131&#8221; y\u0131k\u0131lmaktan kurtuldu"},"content":{"rendered":"<p style=\"text-align: center;\"><a href=\"http:\/\/www.korhanyilmaz.com\/wp-content\/uploads\/2011\/03\/138.jpg\"  class=\"lightview\"><img loading=\"lazy\" decoding=\"async\" class=\"aligncenter size-full wp-image-29148\" src=\"http:\/\/www.korhanyilmaz.com\/wp-content\/uploads\/2011\/03\/138.jpg\" alt=\"\" width=\"380\" height=\"203\" \/><\/a><\/p>\n<p style=\"text-align: justify;\">Kars&#8217;taki tart\u0131\u015fmal\u0131 heykelin y\u0131k\u0131m\u0131na kar\u015f\u0131 heykelt\u0131ra\u015f Mehmet Aksoy taraf\u0131ndan a\u00e7\u0131lan davada, y\u00fcr\u00fctmeyi durdurma karar\u0131 verildi\u011fi bildirildi.<\/p>\n<p style=\"text-align: justify;\">ERZURUM &#8211; Aksoy&#8217;un avukatlar\u0131ndan Asl\u0131 Kazan, yapt\u0131\u011f\u0131 a\u00e7\u0131klamada, \u0130nsanl\u0131k An\u0131t\u0131&#8217;n\u0131n y\u0131k\u0131m\u0131yla ilgili olarak Kars Belediye Meclisi&#8217;nin ald\u0131\u011f\u0131 karara kar\u015f\u0131 Erzurum 1. \u0130dare Mahkemesinde a\u00e7t\u0131klar\u0131 davada, y\u00fcr\u00fctmeyi durdurma karar\u0131 verildi\u011fini s\u00f6yledi. <!--more--><\/p>\n<p style=\"text-align: justify;\">S\u00f6z konusu an\u0131t\u0131n y\u0131k\u0131m\u0131 i\u00e7in Kars Belediyesi taraf\u0131ndan al\u0131nan karar do\u011frultusunda bug\u00fcn bir ihale d\u00fczenlendi\u011fini belirten Kazan, &#8221;Geri d\u00f6n\u00fc\u015f\u00fcm\u00fc olmayan bir zarar\u0131n do\u011fmamas\u0131 i\u00e7in Erzurum 1. \u0130dare Mahkemesi, Kars Belediye Meclisinin insanl\u0131k an\u0131t\u0131n\u0131n y\u0131k\u0131m karar\u0131na ili\u015fkin y\u00fcr\u00fctmeyi durdurma karar\u0131 verdi. \u0130nsanl\u0131k An\u0131t\u0131, bu karara g\u00f6re dava sonu\u00e7lan\u0131ncaya kadar y\u0131k\u0131lamayacak&#8221; dedi.<\/p>\n<p style=\"text-align: justify;\"><a href=\"http:\/\/www.gazeteport.com.tr\/GUNCEL\/NEWS\/GP_865316\" target=\"_blank\"><span style=\"color: #888888;\">Kaynak : GAZETEPORT<\/span><\/a><\/p>\n","protected":false},"excerpt":{"rendered":"<p style=\"text-align: center;\">\n<p style=\"text-align: justify;\">Kars&#8217;taki tart\u0131\u015fmal\u0131 heykelin y\u0131k\u0131m\u0131na kar\u015f\u0131 heykelt\u0131ra\u015f Mehmet Aksoy taraf\u0131ndan a\u00e7\u0131lan davada, y\u00fcr\u00fctmeyi durdurma karar\u0131 verildi\u011fi bildirildi.<\/p>\n<p style=\"text-align: justify;\">ERZURUM &#8211; Aksoy&#8217;un avukatlar\u0131ndan Asl\u0131 Kazan, yapt\u0131\u011f\u0131 a\u00e7\u0131klamada, \u0130nsanl\u0131k An\u0131t\u0131&#8217;n\u0131n y\u0131k\u0131m\u0131yla ilgili olarak Kars Belediye Meclisi&#8217;nin ald\u0131\u011f\u0131 karara kar\u015f\u0131 Erzurum 1. \u0130dare Mahkemesinde a\u00e7t\u0131klar\u0131 davada, y\u00fcr\u00fctmeyi durdurma karar\u0131 verildi\u011fini s\u00f6yledi. <\/p>\n","protected":false},"author":1,"featured_media":0,"comment_status":"open","ping_status":"closed","sticky":false,"template":"","format":"standard","meta":{"footnotes":""},"categories":[105],"tags":[],"class_list":["post-29146","post","type-post","status-publish","format-standard","hentry","category-gundem","odd"],"_links":{"self":[{"href":"http:\/\/www.korhanyilmaz.com\/index.php?rest_route=\/wp\/v2\/posts\/29146","targetHints":{"allow":["GET"]}}],"collection":[{"href":"http:\/\/www.korhanyilmaz.com\/index.php?rest_route=\/wp\/v2\/posts"}],"about":[{"href":"http:\/\/www.korhanyilmaz.com\/index.php?rest_route=\/wp\/v2\/types\/post"}],"author":[{"embeddable":true,"href":"http:\/\/www.korhanyilmaz.com\/index.php?rest_route=\/wp\/v2\/users\/1"}],"replies":[{"embeddable":true,"href":"http:\/\/www.korhanyilmaz.com\/index.php?rest_route=%2Fwp%2Fv2%2Fcomments&post=29146"}],"version-history":[{"count":0,"href":"http:\/\/www.korhanyilmaz.com\/index.php?rest_route=\/wp\/v2\/posts\/29146\/revisions"}],"wp:attachment":[{"href":"http:\/\/www.korhanyilmaz.com\/index.php?rest_route=%2Fwp%2Fv2%2Fmedia&parent=29146"}],"wp:term":[{"taxonomy":"category","embeddable":true,"href":"http:\/\/www.korhanyilmaz.com\/index.php?rest_route=%2Fwp%2Fv2%2Fcategories&post=29146"},{"taxonomy":"post_tag","embeddable":true,"href":"http:\/\/www.korhanyilmaz.com\/index.php?rest_route=%2Fwp%2Fv2%2Ftags&post=29146"}],"curies":[{"name":"wp","href":"https:\/\/api.w.org\/{rel}","templated":true}]}}