{"id":29143,"date":"2011-03-07T16:30:29","date_gmt":"2011-03-07T14:30:29","guid":{"rendered":"http:\/\/www.korhanyilmaz.com\/?p=29143"},"modified":"2011-03-07T16:30:29","modified_gmt":"2011-03-07T14:30:29","slug":"kendimi-yakarim","status":"publish","type":"post","link":"http:\/\/www.korhanyilmaz.com\/?p=29143","title":{"rendered":"&#8220;Kendimi yakar\u0131m&#8221;"},"content":{"rendered":"<p style=\"text-align: justify;\"><a href=\"http:\/\/www.korhanyilmaz.com\/wp-content\/uploads\/2011\/03\/137.jpg\"  class=\"lightview\"><img loading=\"lazy\" decoding=\"async\" class=\"aligncenter size-full wp-image-29144\" src=\"http:\/\/www.korhanyilmaz.com\/wp-content\/uploads\/2011\/03\/137.jpg\" alt=\"\" width=\"414\" height=\"221\" \/><\/a><\/p>\n<p style=\"text-align: justify;\">Tutuklanan gazeteci Ahmet \u015e\u0131k\u2019\u0131n Antalya\u2019da oturan annesi Fatma \u015e\u0131k, 1980 \u00f6ncesinde karde\u015fini \u015fehit verdi\u011fini belirterek, &#8220;\u015eimdi de o\u011flumu veremem. O\u011fluma bir \u015fey olursa kendimi yakar\u0131m&#8221; dedi.<!--more--><\/p>\n<p style=\"text-align: justify;\">\u0130STANBUL- Meslekta\u015f\u0131 Nedim \u015eener ile birlikte son Ergenekon operasyonunda yakaland\u0131ktan sonra tutuklanarak Metris Cezaevi\u2019ne konulan gazeteci Ahmet \u015e\u0131k\u2019\u0131n Antalya\u2019da oturan ailesi, geli\u015fmeleri endi\u015feyle izlediklerini s\u00f6yledi. G\u00f6rme engelli e\u015fi H\u00fcseyin \u015e\u0131k ile birlikte geli\u015fmelere tepki g\u00f6steren emekli memur anne Fatma \u015e\u0131k, &#8220;T\u00fcrkiye Cumhuriyeti kanunlar\u0131nda belgeler g\u00f6sterilmeden hi\u00e7bir vatanda\u015f g\u00f6zalt\u0131na al\u0131n\u0131p su\u00e7 belgesi sunulmadan, ya da devlet s\u0131rr\u0131 diyerek tutuklama yap\u0131lamaz&#8221; dedi.<\/p>\n<p style=\"text-align: justify;\">T\u00fcrkiye\u2019de yolsuzluklar\u0131n, r\u00fc\u015fvetlerin, faili me\u00e7hul cinayetlerin, darbe yap\u0131lanmalar\u0131n\u0131n \u00fczerine giden d\u00fcr\u00fcst gazetecilerle u\u011fra\u015f\u0131ld\u0131\u011f\u0131n\u0131 iddia eden anne I\u015f\u0131k, \u015f\u00f6yle devam etti:<\/p>\n<p style=\"text-align: justify;\">&#8220;Ben anneyim. 1980 \u00f6ncesi karde\u015fimi \u015fehit verdim, \u015fimdi de o\u011flumu veremem. O\u011flumun su\u00e7lu oldu\u011funa inanm\u0131yorum. O\u011fluma bir \u015fey olursa kendimi yakar\u0131m. Ba\u015fbakan \u00e7\u0131k\u0131yor &#8216;bilgim yok\u2019 diyor. Cumhurba\u015fkan\u0131 \u00e7\u0131k\u0131yor &#8216;kayg\u0131l\u0131y\u0131m&#8217; diyor. Son 10 y\u0131lda Ba\u015fbakan\u2019\u0131n bilgisi olmadan hi\u00e7bir emniyet m\u00fcd\u00fcr\u00fc ve g\u00f6revlisi veya \u00f6zel g\u00f6revlileri tavuk bile kesemez.&#8221;<\/p>\n<p style=\"text-align: justify;\">Mesle\u011finde pek \u00e7ok \u00f6d\u00fcl alan o\u011flunun Avrupa\u2019da olsa bilirki\u015fi olarak mahkemelere \u00e7a\u011fr\u0131laca\u011f\u0131n\u0131 belirten Fatma \u015e\u0131k, T\u00fcrkiye\u2019de ise son yazaca\u011f\u0131 kitaptan dolay\u0131 apar topar tutukland\u0131\u011f\u0131n\u0131 s\u00f6yledi. Yeti\u015ftirdi\u011fi 3 evlad\u0131na yalan konu\u015fmamalar\u0131n\u0131 ve d\u00fcr\u00fcst olmalar\u0131n\u0131 \u00f6\u011fretti\u011fini belirten Fatma \u015e\u0131k, s\u00f6zlerini \u015f\u00f6yle s\u00fcrd\u00fcrd\u00fc:<\/p>\n<p style=\"text-align: justify;\">&#8220;O\u011fullar\u0131m\u0131 ba\u015fkalar\u0131n\u0131n paralar\u0131yla Amerika\u2019da okutmad\u0131m, ba\u015fkalar\u0131n\u0131n paralar\u0131yla i\u015f kurmad\u0131m. Hediye gemiler almad\u0131m. Ben \u00e7ocuklar\u0131m\u0131 okutmak i\u00e7in yeri geldi nikah y\u00fcz\u00fc\u011f\u00fcm\u00fc, yeri geldi \u00e7eyizimi satt\u0131m, ama onlar\u0131 T\u00fcrkiye\u2019ye d\u00fcr\u00fcst, onurlu bir miras vererek yeti\u015ftirdim. Savc\u0131 ilk defa a\u00e7\u0131klama yapt\u0131. Neymi\u015f, &#8216;Devlet s\u0131rr\u0131ym\u0131\u015f s\u00f6yleyemem.\u2019 &#8216;Devlet s\u0131rr\u0131\u2019 dedi\u011fin belgenin 3-5 g\u00fcn sonra d\u00fczmece olmayaca\u011f\u0131 ne malum?&#8221;<\/p>\n<p style=\"text-align: justify;\"><a href=\"http:\/\/www.gazeteport.com.tr\/GUNCEL\/NEWS\/GP_865167\" target=\"_blank\"><span style=\"color: #888888;\">Kaynak : GAZETEPORT<\/span><\/a><\/p>\n","protected":false},"excerpt":{"rendered":"<p style=\"text-align: justify;\">\n<p style=\"text-align: justify;\">Tutuklanan gazeteci Ahmet \u015e\u0131k\u2019\u0131n Antalya\u2019da oturan annesi Fatma \u015e\u0131k, 1980 \u00f6ncesinde karde\u015fini \u015fehit verdi\u011fini belirterek, &#8220;\u015eimdi de o\u011flumu veremem. O\u011fluma bir \u015fey olursa kendimi yakar\u0131m&#8221; dedi.<\/p>\n","protected":false},"author":1,"featured_media":0,"comment_status":"open","ping_status":"closed","sticky":false,"template":"","format":"standard","meta":{"footnotes":""},"categories":[105],"tags":[],"class_list":["post-29143","post","type-post","status-publish","format-standard","hentry","category-gundem","odd"],"_links":{"self":[{"href":"http:\/\/www.korhanyilmaz.com\/index.php?rest_route=\/wp\/v2\/posts\/29143","targetHints":{"allow":["GET"]}}],"collection":[{"href":"http:\/\/www.korhanyilmaz.com\/index.php?rest_route=\/wp\/v2\/posts"}],"about":[{"href":"http:\/\/www.korhanyilmaz.com\/index.php?rest_route=\/wp\/v2\/types\/post"}],"author":[{"embeddable":true,"href":"http:\/\/www.korhanyilmaz.com\/index.php?rest_route=\/wp\/v2\/users\/1"}],"replies":[{"embeddable":true,"href":"http:\/\/www.korhanyilmaz.com\/index.php?rest_route=%2Fwp%2Fv2%2Fcomments&post=29143"}],"version-history":[{"count":0,"href":"http:\/\/www.korhanyilmaz.com\/index.php?rest_route=\/wp\/v2\/posts\/29143\/revisions"}],"wp:attachment":[{"href":"http:\/\/www.korhanyilmaz.com\/index.php?rest_route=%2Fwp%2Fv2%2Fmedia&parent=29143"}],"wp:term":[{"taxonomy":"category","embeddable":true,"href":"http:\/\/www.korhanyilmaz.com\/index.php?rest_route=%2Fwp%2Fv2%2Fcategories&post=29143"},{"taxonomy":"post_tag","embeddable":true,"href":"http:\/\/www.korhanyilmaz.com\/index.php?rest_route=%2Fwp%2Fv2%2Ftags&post=29143"}],"curies":[{"name":"wp","href":"https:\/\/api.w.org\/{rel}","templated":true}]}}