{"id":29139,"date":"2011-03-07T13:38:57","date_gmt":"2011-03-07T11:38:57","guid":{"rendered":"http:\/\/www.korhanyilmaz.com\/?p=29139"},"modified":"2011-03-07T13:38:57","modified_gmt":"2011-03-07T11:38:57","slug":"ahmet-sikin-avukati-konustu","status":"publish","type":"post","link":"http:\/\/www.korhanyilmaz.com\/?p=29139","title":{"rendered":"Ahmet \u015e\u0131k&#8217;\u0131n avukat\u0131 konu\u015ftu&#8230;"},"content":{"rendered":"<p style=\"text-align: justify;\"><a href=\"http:\/\/www.korhanyilmaz.com\/wp-content\/uploads\/2011\/03\/136.jpg\"  class=\"lightview\"><img loading=\"lazy\" decoding=\"async\" class=\"aligncenter size-full wp-image-29140\" src=\"http:\/\/www.korhanyilmaz.com\/wp-content\/uploads\/2011\/03\/136.jpg\" alt=\"\" width=\"372\" height=\"180\" \/><\/a><\/p>\n<p style=\"text-align: justify;\"><strong>Avukat Ak\u0131n Atalay konu\u015ftu.<\/strong><\/p>\n<p style=\"text-align: justify;\">Ergenekon soru\u015fturmas\u0131 kapsam\u0131nda tutuklanan Ahmet \u015e\u0131k&#8217;\u0131n avukat\u0131 Ak\u0131n Atalay, Savc\u0131 \u00d6z ile konu\u015fmalar\u0131n\u0131 anlatt\u0131.<\/p>\n<p style=\"text-align: justify;\">\u0130\u015fte o konu\u015fman\u0131n ayr\u0131nt\u0131lar\u0131:<\/p>\n<p style=\"text-align: justify;\">&#8220;&#8230;kimlerle ilgili yakalama ve arama istenildi\u011fini bilmiyorum. Ahmet Bey&#8217;in de ismi var m\u0131 yok mu dikkat etmedim, emniyet bizden talep ediyor, biz de \u00e7o\u011fu zaman oldu\u011fu gibi imzalayarak mahkemeye havale ediyoruz.&#8221; <!--more--><\/p>\n<p style=\"text-align: justify;\">Deh\u015fet verici bu s\u00f6zler, Odatv bask\u0131n\u0131n\u0131n ikinci dalgas\u0131nda g\u00f6zalt\u0131na al\u0131nan ve sorgusu tamamland\u0131ktan sonra Metris Cezaevi&#8217;ne konulan gazeteci Ahmet \u015e\u0131k&#8217;\u0131n avukat\u0131 Ak\u0131n Atalay&#8217;\u0131n, Ergenekon davas\u0131n\u0131 y\u00fcr\u00fcten Savc\u0131 Zekeriya \u00d6z&#8217;le yapt\u0131\u011f\u0131 konu\u015fmada ge\u00e7en diyaloglardan sadece biri. Ahmet \u015e\u0131k&#8217;\u0131n avukat\u0131 Atalay, Savc\u0131 \u00d6z ile yapt\u0131klar\u0131 ilgin\u00e7 konu\u015fmadan bahsetti.<\/p>\n<p style=\"text-align: justify;\">Ergenekon soru\u015fturmas\u0131 kapsam\u0131nda g\u00f6zalt\u0131na al\u0131nd\u0131ktan sonra bug\u00fcn sabaha kar\u015f\u0131 tutuklanan gazeteci Ahmet \u015e\u0131k&#8217;\u0131n avukat\u0131 Ak\u0131n Atalay, savc\u0131 Zekeriya \u00d6z&#8217;\u00fcn yapt\u0131\u011f\u0131 son a\u00e7\u0131klamalar\u0131n, g\u00f6zalt\u0131 s\u00fcrecindeki tutum ve s\u00f6zleriyle tamamen \u00e7eli\u015fti\u011fini belirterek, &#8220;Ergenekon art\u0131k, bir darbe te\u015febb\u00fcs\u00fc davas\u0131 de\u011fildir&#8221; dedi ve m\u00fcdahil avukatl\u0131\u011f\u0131ndan \u00e7ekildi\u011fini a\u00e7\u0131klad\u0131.<\/p>\n<p style=\"text-align: justify;\"><strong><span style=\"text-decoration: underline;\">&#8216;EMN\u0130YET \u0130ST\u0130YOR B\u0130Z DE \u0130MZALAYIP MAHKEMEYE HAVALE ED\u0130YORUZ&#8217;<\/span><\/strong><\/p>\n<p style=\"text-align: justify;\">Ahmet \u015e\u0131k ve Nedim \u015eener&#8217; in de tutuklanmas\u0131 ile art\u0131k bu \u00fclkede gazetecilik yap\u0131lamayaca\u011f\u0131n\u0131 belirten Atalay, g\u00f6zalt\u0131 s\u00fcrecinde savc\u0131 \u00d6z&#8217;\u00fcn kendisine &#8220;Ben bu son g\u00f6zalt\u0131 ve aramalarda ka\u00e7 ki\u015fi ile ve kimlerle ilgili yakalama ve arama istenildi\u011fini bilmiyorum. Ahmet Bey&#8217;in de ismi var m\u0131 yok mu dikkat etmedim, biliyorsunuz emniyet bizden talep ediyor, biz de \u00e7o\u011fu zaman oldu\u011fu gibi imzalayarak mahkemeye havale ediyoruz&#8221; dedi\u011fini aktard\u0131.<\/p>\n<p style=\"text-align: justify;\"><strong>\u00dc\u00c7 G\u00dcNL\u00dcK D\u0130YALOGLAR DEH\u015eET VER\u0130C\u0130<\/strong><\/p>\n<p style=\"text-align: justify;\">\u0130\u015fte Atalay&#8217;\u0131n a\u00e7\u0131klamas\u0131n\u0131n tam metni: 03 Mart 2011 Per\u015fembe g\u00fcn\u00fc &#8220;Ergenekon ter\u00f6r \u00f6rg\u00fct\u00fc \u00fcyeli\u011fi&#8221; su\u00e7lamas\u0131 ile g\u00f6zalt\u0131na al\u0131nanlar aras\u0131ndaki gazeteci Ahmet \u015e\u0131k&#8217;\u0131n, g\u00f6zalt\u0131na al\u0131n\u0131\u015f\u0131ndan bu sabah saatlerinde Metris cezaevine g\u00f6t\u00fcr\u00fclene kadar ge\u00e7en son 3 g\u00fcnl\u00fck s\u00fcre\u00e7te avukat\u0131 olarak, bu s\u00fcreci ya\u015fad\u0131m.<\/p>\n<p style=\"text-align: justify;\">Savc\u0131l\u0131k ve mahkeme huzurunda ge\u00e7en her an\u0131n dolays\u0131z, do\u011frudan tan\u0131\u011f\u0131y\u0131m. \u0130fade tutanaklar\u0131na zorluklarla ge\u00e7irebildiklerimiz d\u0131\u015f\u0131nda, as\u0131l ya\u015fanan ger\u00e7eklik, kar\u015f\u0131l\u0131kl\u0131 diyaloglard\u0131r.<\/p>\n<p style=\"text-align: justify;\"><strong>SAVCI \u00d6Z: &#8216;\u015eIK&#8217;IN ERGENEKON K\u0130TABINI \u0130LK KEZ G\u00d6RD\u00dcM&#8217;<\/strong><\/p>\n<p style=\"text-align: justify;\">Anlatacak \u00e7ok \u015fey var. Ama hepsi de deh\u015fet verici, \u00fcrk\u00fct\u00fcc\u00fcd\u00fcr.<\/p>\n<p style=\"text-align: justify;\">Sadece bir anekdot aktaray\u0131m:<\/p>\n<p style=\"text-align: justify;\">Ben savc\u0131ya, Ahmet \u015e\u0131k&#8217;\u0131n Ertu\u011frul Mavio\u011flu ile 2009 y\u0131l\u0131nda yazd\u0131\u011f\u0131 iki ciltlik Ergenekon kitab\u0131ndan s\u00f6zetti\u011fimde, haberi ve bilgisi olmad\u0131\u011f\u0131n\u0131 s\u00f6yledi. Derhal d\u0131\u015far\u0131daki arkada\u015flardan isteyip, odaya getirttik. Bir yandan sorulara devam ederken bir yandan da kitaba g\u00f6z gezdirdi. E\u011fer \u00e7ok iyi ve yetenekli bir akt\u00f6r de\u011filse, kitab\u0131 ilk kez g\u00f6rd\u00fc\u011f\u00fcne ve duydu\u011funa kal\u0131b\u0131m\u0131 basar\u0131m.<\/p>\n<p style=\"text-align: justify;\">Sordum: &#8220;Ger\u00e7ekten mi ilk kez duydunuz ve ve g\u00f6rd\u00fcn\u00fcz?&#8221;<\/p>\n<p style=\"text-align: justify;\">Yan\u0131tlad\u0131: &#8221; Evet&#8221;<\/p>\n<p style=\"text-align: justify;\">Ve devamla \u015funlar\u0131 s\u00f6yledi:<\/p>\n<p style=\"text-align: justify;\">&#8221; Ya ben bu son g\u00f6zalt\u0131 ve aramalarda ka\u00e7 ki\u015fi ile ve kimlerle ilgili yakalama ve arama istenildi\u011fini bilmiyorum. Ahmet Bey&#8217;in de ismi var m\u0131 yok mu dikkat etmedim, biliyorsunuz emniyet bizden talep ediyor, biz de \u00e7o\u011fu zaman oldu\u011fu gibi imzalayarak mahkemeye havale ediyoruz.&#8221;<\/p>\n<p style=\"text-align: justify;\">\u0130\u015fte, h\u00fck\u00fcmetin yarg\u0131n\u0131n tasarrufudur dedi\u011fi olay\u0131n asl\u0131 astar\u0131 budur&#8230;<\/p>\n<p style=\"text-align: justify;\"><strong>SORU\u015eTURMANIN G\u0130ZL\u0130L\u0130\u011e\u0130, &#8216;\u015e\u00dcPHEL\u0130N\u0130N G\u0130ZL\u0130L\u0130\u011e\u0130NE&#8217; D\u00d6N\u00dc\u015eT\u00dc<\/strong><\/p>\n<p style=\"text-align: justify;\">Bug\u00fcne kadar, &#8220;soru\u015fturman\u0131n gizlili\u011fi&#8221; ilkesine hep uydum. Buna uymam\u0131n nedeni, sadece uymaman\u0131n bir su\u00e7 olmas\u0131 ve yapt\u0131r\u0131ma ba\u011flanmas\u0131 nedeniyle de\u011fildi. Ben, bu ilkenin konulu\u015f amac\u0131n\u0131n ve korudu\u011fu hukuksal de\u011ferin do\u011frulu\u011funa da inan\u0131yorum. Fakat gelinen noktada, bu ilke, konulu\u015f amac\u0131n\u0131n t\u00fcm\u00fcyle z\u0131dd\u0131 bir ba\u011flamda ve insanlar\u0131n onurunu, ki\u015fili\u011fini zedelemek, belirsiz ve \u00e7ok uzun bir zamana yay\u0131laca\u011f\u0131 belli olan yarg\u0131lamadan \u00f6nce, insanlar\u0131 su\u00e7lu olarak damgalamak ve pe\u015fin ceza \u00e7ektirmek amac\u0131yla kullan\u0131l\u0131yor. Masumiyet karinesi gere\u011fince, haklara sahip olan bir \u015f\u00fcphelinin haklar\u0131n\u0131 korumak \u00fczere hukuk d\u00fczeninde olan &#8220;soru\u015fturman\u0131n gizlili\u011fi&#8221; ilkesi yaln\u0131zca \u015f\u00fcpheliye kar\u015f\u0131 gizlili\u011fe d\u00f6n\u00fc\u015ft\u00fc.<\/p>\n<p style=\"text-align: justify;\"><strong>SAVCI \u00d6Z ELE\u015eT\u0130REN HERKES\u0130 A\u00c7IK\u00c7A TEHD\u0130T ED\u0130YOR<\/strong><\/p>\n<p style=\"text-align: justify;\">Somut olaya gelince, bug\u00fcn soru\u015fturma savc\u0131s\u0131 Zekeriya \u00d6z&#8217;\u00fcn yaz\u0131l\u0131 bas\u0131n a\u00e7\u0131klamas\u0131 benim a\u00e7\u0131mdan barda\u011f\u0131 ta\u015f\u0131ran son damla olmu\u015ftur.<\/p>\n<p style=\"text-align: justify;\">12 saat \u00f6nce ifade s\u0131ras\u0131nda bizim y\u00fcz\u00fcm\u00fcze kar\u015f\u0131 bamba\u015fka beyanlarda bulunan savc\u0131, bas\u0131n a\u00e7\u0131klamas\u0131nda ise ele\u015ftiri niteli\u011finde yaz\u0131 yazan istisnas\u0131z herkesi muhatap alarak a\u00e7\u0131k\u00e7a tehdit etmektedir.Okumayanlar i\u00e7in savc\u0131 Zekeriya \u00d6z&#8217;\u00fcn a\u00e7\u0131klamas\u0131n\u0131n a\u015fa\u011f\u0131daki b\u00f6l\u00fcm\u00fcn\u00fc aynen aktar\u0131yorum:<\/p>\n<p style=\"text-align: justify;\">&#8220;Esasen Cumhuriyet Savc\u0131l\u0131\u011f\u0131m\u0131z\u0131n hukuksal gereklilikler d\u0131\u015f\u0131nda herhangi ama\u00e7 ve saikle hareket etti\u011finin \/ edece\u011finin kabul\u00fc ve kamuoyunun bu y\u00f6nde as\u0131ls\u0131z de\u011ferlendirmelerle y\u00f6nlendirilmeye \u00e7al\u0131\u015f\u0131lmas\u0131, b\u00fcy\u00fck bir titizlik ve ciddiyetle y\u00fcr\u00fctt\u00fc\u011f\u00fcm\u00fcz soru\u015fturmaya zarar verece\u011fi gibi ad\u0131 ge\u00e7en ter\u00f6r \u00f6rg\u00fct\u00fcn\u00fcn hedef ve ama\u00e7lar\u0131na katk\u0131 sa\u011flayaca\u011f\u0131 da a\u00e7\u0131kt\u0131r. Bu istikametteki yay\u0131nlar taraf\u0131m\u0131zca \u00f6zenle izlenmekte, hassasiyetle de\u011ferlendirilmektedir&#8221;<\/p>\n<p style=\"text-align: justify;\">Bilmeyenler i\u00e7in an\u0131msatay\u0131m, \u015fu anda Ergenekon davalar\u0131nda yarg\u0131lananlar aras\u0131nda, &#8220;\u00f6rg\u00fct \u00fcyesi olmamakla birlikte \u00f6rg\u00fcte yard\u0131m ve yatakl\u0131k etmekle su\u00e7lanan ki\u015filer de var.&#8221;<\/p>\n<p style=\"text-align: justify;\"><strong>BARDA\u011eI TA\u015eIRAN DAMLA<\/strong><\/p>\n<p style=\"text-align: justify;\">Bug\u00fcne kadar, bu \u00fclkenin ge\u00e7mi\u015findeki \u00f6rt\u00fcl\u00fc ya da a\u00e7\u0131k b\u00fct\u00fcn darbelerle, darbe te\u015febb\u00fcsleriyle ve askeri muht\u0131ralarla hesapla\u015f\u0131lmas\u0131n\u0131n \u00f6nemine ve gere\u011fine inanan ve Ergenekon soru\u015fturmas\u0131n\u0131 bunun i\u00e7in tarihi bir f\u0131rsat olarak g\u00f6ren bir\u00e7ok ki\u015fi, bu soru\u015fturman\u0131n bu ama\u00e7la uyumlu olmayan y\u00f6nlerine ili\u015fkin kayg\u0131 ve ku\u015fkular\u0131n\u0131 hep bilin\u00e7lerinin bir k\u00f6\u015fesinde nadasa b\u0131rakmay\u0131 tercih etmi\u015flerdi. Ama art\u0131k, barda\u011f\u0131 ta\u015f\u0131ran son g\u00f6zalt\u0131 ve tutuklamalar nedeniyle, soru\u015fturman\u0131n bamba\u015fka yerlere do\u011fru evrilmekte oldu\u011funu g\u00f6rmenin rahats\u0131zl\u0131\u011f\u0131 ile bu kayg\u0131lar\u0131n\u0131 g\u00fcndeme getirmeleri \u00fczerine, soru\u015fturma makam\u0131n\u0131n adeta &#8221; \u00f6yleyse siz de Ergenekoncusunuz, bak gere\u011fini yapar\u0131m ha!&#8221; olarak okunabilecek a\u00e7\u0131klamas\u0131na muhatap oldular.<\/p>\n<p style=\"text-align: justify;\"><strong>ARTIK BU \u00dcLKEDE GAZETEC\u0130L\u0130K YAPILMAZ<\/strong><\/p>\n<p style=\"text-align: justify;\">Dolays\u0131z ve do\u011frudan tan\u0131k olarak s\u00f6yl\u00fcyorum. Ahmet \u015e\u0131k ve Nedim \u015eener&#8217; in de tutuklanmas\u0131 ile art\u0131k bu \u00fclkede gazetecilik yap\u0131lamaz. Tutuklananlar Ahmet ve Nedim de\u011fil, onlar\u0131n \u015fahs\u0131nda gazetecilik mesle\u011fidir. Bu karardan sonra, art\u0131k geriye d\u00f6n\u00fc\u015f yoktur. \u015eu andan itibaren benim a\u00e7\u0131mdan &#8220;Ergenekon&#8221; zihniyeti ile siyasi, toplumsal arenada siyasi m\u00fccadele hakk\u0131m baki kalmak \u00fczere, hukuksal alandaki m\u00fccadele prati\u011fi t\u00fcm\u00fcyle bitmi\u015ftir. Davan\u0131n ilk ba\u015flad\u0131\u011f\u0131 andan bug\u00fcne kadar, bir\u00e7ok ele\u015ftiriye kar\u015f\u0131n bug\u00fcne kadar s\u00fcren davadaki m\u00fcdahil avukatl\u0131k stat\u00fcm\u00fcn de sonland\u0131r\u0131lmas\u0131 i\u00e7in, art\u0131k bu davaya inanc\u0131m ve yarg\u0131lama makamlar\u0131na g\u00fcvenim kalmad\u0131\u011f\u0131 i\u00e7in istifa edece\u011fimi, bu yarg\u0131lamada bundan sonra, (elbette tercih etti\u011fim \u015f\u00fcpheliler ba\u011flam\u0131nda) m\u00fcdafi olarak g\u00f6rev yapmak durumunda oldu\u011fumu belirtece\u011fim. Ya\u015fanan t\u00fcm hukuksuzluklar\u0131, g\u00fcc\u00fcm\u00fcn yetti\u011fince ulusal ve uluslar aras\u0131 platformlarda dile getirece\u011fimi belirtiyorum.<\/p>\n<p style=\"text-align: justify;\"><strong>ARTIK EM\u0130N\u0130M, ERGENEKON DEN\u0130LEN DAVA B\u0130R DARBE TE\u015eEBB\u00dcS\u00dc DAVASI DE\u011e\u0130LD\u0130R.<\/strong><\/p>\n<p style=\"text-align: justify;\">Toplumun bu konudaki hassasiyet ve duyarl\u0131l\u0131\u011f\u0131 kullan\u0131larak, muhaliflerin a\u015fama a\u015fama cezaland\u0131r\u0131ld\u0131\u011f\u0131 bir yarg\u0131 prati\u011fidir.<\/p>\n<p style=\"text-align: justify;\">Bu iletiyi, biraz da \u00f6fkem ve duyarl\u0131l\u0131\u011f\u0131m zirvede iken yap\u0131yor ve sizlerle payla\u015f\u0131yorum&#8230;<\/p>\n<p style=\"text-align: justify;\"><a href=\"http:\/\/www.odatv.com\/n.php?n=ahmet-sikin-avukati-anlatti.-0703111200\" target=\"_blank\"><span style=\"color: #888888;\">Kaynak : Avukat Ak\u0131n Atalay &#8211;\u00a0 Odatv.com<\/span><\/a><\/p>\n","protected":false},"excerpt":{"rendered":"<p style=\"text-align: justify;\">\n<p style=\"text-align: justify;\">Avukat Ak\u0131n Atalay konu\u015ftu.<\/p>\n<p style=\"text-align: justify;\">Ergenekon soru\u015fturmas\u0131 kapsam\u0131nda tutuklanan Ahmet \u015e\u0131k&#8217;\u0131n avukat\u0131 Ak\u0131n Atalay, Savc\u0131 \u00d6z ile konu\u015fmalar\u0131n\u0131 anlatt\u0131.<\/p>\n<p style=\"text-align: justify;\">\u0130\u015fte o konu\u015fman\u0131n ayr\u0131nt\u0131lar\u0131:<\/p>\n<p style=\"text-align: justify;\">&#8220;&#8230;kimlerle ilgili yakalama ve arama istenildi\u011fini bilmiyorum. Ahmet Bey&#8217;in de ismi var m\u0131 yok mu dikkat etmedim, emniyet bizden talep ediyor, biz <\/p>\n","protected":false},"author":1,"featured_media":0,"comment_status":"open","ping_status":"closed","sticky":false,"template":"","format":"standard","meta":{"footnotes":""},"categories":[105],"tags":[],"class_list":["post-29139","post","type-post","status-publish","format-standard","hentry","category-gundem","odd"],"_links":{"self":[{"href":"http:\/\/www.korhanyilmaz.com\/index.php?rest_route=\/wp\/v2\/posts\/29139","targetHints":{"allow":["GET"]}}],"collection":[{"href":"http:\/\/www.korhanyilmaz.com\/index.php?rest_route=\/wp\/v2\/posts"}],"about":[{"href":"http:\/\/www.korhanyilmaz.com\/index.php?rest_route=\/wp\/v2\/types\/post"}],"author":[{"embeddable":true,"href":"http:\/\/www.korhanyilmaz.com\/index.php?rest_route=\/wp\/v2\/users\/1"}],"replies":[{"embeddable":true,"href":"http:\/\/www.korhanyilmaz.com\/index.php?rest_route=%2Fwp%2Fv2%2Fcomments&post=29139"}],"version-history":[{"count":0,"href":"http:\/\/www.korhanyilmaz.com\/index.php?rest_route=\/wp\/v2\/posts\/29139\/revisions"}],"wp:attachment":[{"href":"http:\/\/www.korhanyilmaz.com\/index.php?rest_route=%2Fwp%2Fv2%2Fmedia&parent=29139"}],"wp:term":[{"taxonomy":"category","embeddable":true,"href":"http:\/\/www.korhanyilmaz.com\/index.php?rest_route=%2Fwp%2Fv2%2Fcategories&post=29139"},{"taxonomy":"post_tag","embeddable":true,"href":"http:\/\/www.korhanyilmaz.com\/index.php?rest_route=%2Fwp%2Fv2%2Ftags&post=29139"}],"curies":[{"name":"wp","href":"https:\/\/api.w.org\/{rel}","templated":true}]}}