{"id":29116,"date":"2011-03-05T15:56:33","date_gmt":"2011-03-05T13:56:33","guid":{"rendered":"http:\/\/www.korhanyilmaz.com\/?p=29116"},"modified":"2011-03-05T15:56:33","modified_gmt":"2011-03-05T13:56:33","slug":"erdogan-secim-bolgesini-almanyaya-genisletti","status":"publish","type":"post","link":"http:\/\/www.korhanyilmaz.com\/?p=29116","title":{"rendered":"&#8220;Erdo\u011fan se\u00e7im b\u00f6lgesini Almanya&#8217;ya geni\u015fletti&#8221;"},"content":{"rendered":"<p style=\"text-align: center;\"><a href=\"http:\/\/www.korhanyilmaz.com\/wp-content\/uploads\/2011\/03\/135.jpg\"  class=\"lightview\"><img loading=\"lazy\" decoding=\"async\" class=\"aligncenter size-full wp-image-29117\" src=\"http:\/\/www.korhanyilmaz.com\/wp-content\/uploads\/2011\/03\/135.jpg\" alt=\"\" width=\"312\" height=\"208\" \/><\/a><\/p>\n<p style=\"text-align: justify;\">Alman &#8220;Der Spiegel&#8221; dergisi, Ba\u015fbakan Recep Tayyip Erdo\u011fan&#8217;\u0131n se\u00e7im b\u00f6lgesini Almanya&#8217;ya geni\u015fletti\u011fi yorumunu yapt\u0131.<\/p>\n<p style=\"text-align: justify;\">Ba\u015fbakan Erdo\u011fan&#8217;\u0131n Almanya&#8217;n\u0131n D\u00fcsseldorf kentinde vatanda\u015flara hitaben yapt\u0131\u011f\u0131 konu\u015fmayla ilgili haberi &#8220;Der Sultan von Almanya&#8221; (Almanya Sultan\u0131) ba\u015fl\u0131\u011f\u0131yla veren dergi, Erdo\u011fan&#8217;\u0131n se\u00e7im b\u00f6lgesini Almanya&#8217;ya geni\u015fletti\u011fini, bundan \u00e7ok say\u0131da g\u00f6\u00e7men b\u00fcy\u00fck mutluluk duyarken, Alman politikac\u0131lar\u0131n rahats\u0131z oldu\u011funu yazd\u0131. <!--more--><\/p>\n<p style=\"text-align: justify;\">Almanya Savunma Bakan\u0131 Thomas de Maiziere&#8217;nin, Erdo\u011fan&#8217;\u0131n Almanya&#8217;da ya\u015fayan T\u00fcrk \u00e7ocuklardan \u00f6nce T\u00fcrk\u00e7e, daha sonra Almanca \u00f6\u011frenmelerini istemesiyle ilgili olarak, &#8220;\u00c7ocuklar\u0131n en ge\u00e7 okul \u00e7a\u011f\u0131na geldi\u011finde Almanca \u00f6\u011frenmesini istiyoruz. T\u00fcrk\u00e7e \u00f6\u011frenip \u00f6\u011frenmemeleri kendilerine ba\u011fl\u0131&#8221; diye konu\u015ftu\u011fu belirtildi.<\/p>\n<p style=\"text-align: justify;\">Almanya&#8217;da yap\u0131lan \u0130slam konferanslar\u0131 ve uyum zirvelerine ra\u011fmen Almanya&#8217;n\u0131n \u00fclkede ya\u015fayan g\u00f6\u00e7menleri hi\u00e7bir zaman anlayamad\u0131\u011f\u0131 g\u00f6r\u00fc\u015f\u00fcne de yer verilen haberde, Erdo\u011fan&#8217;\u0131n vatanda\u015flara hitap etmesini bildi\u011fi i\u00e7in T\u00fcrk g\u00f6\u00e7menler taraf\u0131ndan sevildi\u011fi kaydedildi.<\/p>\n<p style=\"text-align: justify;\">Haberde, T\u00fcrkiye&#8217;nin \u00e7ok de\u011fi\u015fti\u011fi ve modernle\u015fti\u011fi, Almanya&#8217;dan T\u00fcrkiye&#8217;ye d\u00f6nen bir T\u00fcrk&#8217;\u00fcn bile topluma uyum sa\u011flamakta zorluk \u00e7ekti\u011fi belirtildi.<\/p>\n<p style=\"text-align: justify;\">Ba\u015fbakan Erdo\u011fan&#8217;\u0131n konu\u015fmas\u0131n\u0131n bu kez biraz daha \u0131l\u0131ml\u0131 oldu\u011fu, ancak &#8220;Almanlar gibi olmay\u0131n&#8221; \u015feklindeki mesaj\u0131n\u0131n ayn\u0131 kald\u0131\u011f\u0131 kaydedilen haberde, Erdo\u011fan&#8217;\u0131n konu\u015fmas\u0131n\u0131n Almanya&#8217;da ya\u015fayan vatanda\u015flardan \u00e7ok T\u00fcrkiye&#8217;deki se\u00e7mene y\u00f6nelik oldu\u011fu g\u00f6r\u00fc\u015f\u00fcne yer verildi.<\/p>\n<p style=\"text-align: justify;\">Avrupa Parlamentosu Sosyal Demokrat Grubu Ba\u015fkan\u0131 Martin Schulz, Erdo\u011fan&#8217;\u0131 &#8220;ucuz se\u00e7im politikas\u0131&#8221; yapmakla ele\u015ftirirken, H\u00fcr Demokrat Parti (FDP) Federal Meclis \u00dcyesi Serkan T\u00f6ren&#8217;in de konu\u015fman\u0131n yap\u0131c\u0131 olmad\u0131\u011f\u0131n\u0131 savundu\u011fu, Almanya T\u00fcrk Toplumu (TGD) Genel Ba\u015fkan\u0131 Kenan Kolat&#8217;\u0131n da Erdo\u011fan&#8217;\u0131n konu\u015fmas\u0131n\u0131 ele\u015ftirerek, Almanya&#8217;da ya\u015fayan T\u00fcrklerin sorunlar\u0131n\u0131, ancak kendilerinin \u00e7\u00f6zebilece\u011fini s\u00f6yledi\u011fi ifade edildi.<\/p>\n<p style=\"text-align: justify;\"><a href=\"http:\/\/www.cnnturk.com\/2011\/dunya\/03\/05\/erdogan.secim.bolgesini.almanyaya.genisletti\/609001.0\/index.html\" target=\"_blank\"><span style=\"color: #888888;\">CNN T\u00dcRK<\/span><\/a><\/p>\n","protected":false},"excerpt":{"rendered":"<p style=\"text-align: center;\">\n<p style=\"text-align: justify;\">Alman &#8220;Der Spiegel&#8221; dergisi, Ba\u015fbakan Recep Tayyip Erdo\u011fan&#8217;\u0131n se\u00e7im b\u00f6lgesini Almanya&#8217;ya geni\u015fletti\u011fi yorumunu yapt\u0131.<\/p>\n<p style=\"text-align: justify;\">Ba\u015fbakan Erdo\u011fan&#8217;\u0131n Almanya&#8217;n\u0131n D\u00fcsseldorf kentinde vatanda\u015flara hitaben yapt\u0131\u011f\u0131 konu\u015fmayla ilgili haberi &#8220;Der Sultan von Almanya&#8221; (Almanya Sultan\u0131) ba\u015fl\u0131\u011f\u0131yla veren dergi, Erdo\u011fan&#8217;\u0131n se\u00e7im b\u00f6lgesini Almanya&#8217;ya geni\u015fletti\u011fini, bundan \u00e7ok say\u0131da g\u00f6\u00e7men b\u00fcy\u00fck mutluluk duyarken, Alman politikac\u0131lar\u0131n <\/p>\n","protected":false},"author":1,"featured_media":0,"comment_status":"open","ping_status":"closed","sticky":false,"template":"","format":"standard","meta":{"footnotes":""},"categories":[105],"tags":[],"class_list":["post-29116","post","type-post","status-publish","format-standard","hentry","category-gundem","odd"],"_links":{"self":[{"href":"http:\/\/www.korhanyilmaz.com\/index.php?rest_route=\/wp\/v2\/posts\/29116","targetHints":{"allow":["GET"]}}],"collection":[{"href":"http:\/\/www.korhanyilmaz.com\/index.php?rest_route=\/wp\/v2\/posts"}],"about":[{"href":"http:\/\/www.korhanyilmaz.com\/index.php?rest_route=\/wp\/v2\/types\/post"}],"author":[{"embeddable":true,"href":"http:\/\/www.korhanyilmaz.com\/index.php?rest_route=\/wp\/v2\/users\/1"}],"replies":[{"embeddable":true,"href":"http:\/\/www.korhanyilmaz.com\/index.php?rest_route=%2Fwp%2Fv2%2Fcomments&post=29116"}],"version-history":[{"count":0,"href":"http:\/\/www.korhanyilmaz.com\/index.php?rest_route=\/wp\/v2\/posts\/29116\/revisions"}],"wp:attachment":[{"href":"http:\/\/www.korhanyilmaz.com\/index.php?rest_route=%2Fwp%2Fv2%2Fmedia&parent=29116"}],"wp:term":[{"taxonomy":"category","embeddable":true,"href":"http:\/\/www.korhanyilmaz.com\/index.php?rest_route=%2Fwp%2Fv2%2Fcategories&post=29116"},{"taxonomy":"post_tag","embeddable":true,"href":"http:\/\/www.korhanyilmaz.com\/index.php?rest_route=%2Fwp%2Fv2%2Ftags&post=29116"}],"curies":[{"name":"wp","href":"https:\/\/api.w.org\/{rel}","templated":true}]}}