{"id":29108,"date":"2011-03-05T15:44:41","date_gmt":"2011-03-05T13:44:41","guid":{"rendered":"http:\/\/www.korhanyilmaz.com\/?p=29108"},"modified":"2011-03-05T15:44:41","modified_gmt":"2011-03-05T13:44:41","slug":"bahceli-herkes-haddini-bilmeli","status":"publish","type":"post","link":"http:\/\/www.korhanyilmaz.com\/?p=29108","title":{"rendered":"Bah\u00e7eli: Herkes haddini bilmeli"},"content":{"rendered":"<p style=\"text-align: center;\"><a href=\"http:\/\/www.korhanyilmaz.com\/wp-content\/uploads\/2011\/03\/133.jpg\"  class=\"lightview\"><img loading=\"lazy\" decoding=\"async\" class=\"aligncenter size-full wp-image-29109\" src=\"http:\/\/www.korhanyilmaz.com\/wp-content\/uploads\/2011\/03\/133.jpg\" alt=\"\" width=\"385\" height=\"198\" \/><\/a><\/p>\n<p style=\"text-align: justify;\">MHP Genel Ba\u015fkan\u0131 Devlet Bah\u00e7eli, &#8221;Kamu g\u00f6revi yapan ki\u015fi partizan olursa; kaymakam veya vali kim olursa olsun sadece iktidar\u0131n adam\u0131 gibi davran\u0131rsa, g\u00fcn gelir bunun hesab\u0131 sorulur&#8221; dedi.<!--more--><\/p>\n<p style=\"text-align: justify;\">CEYHAN &#8211; Bah\u00e7eli, Adana&#8217;n\u0131n Ceyhan \u0130l\u00e7e Belediyesince yapt\u0131r\u0131lan Ceyhunkent konutlar\u0131n\u0131n ikinci etab\u0131n\u0131n temel atma t\u00f6renindeki konu\u015fmas\u0131nda, kendisinden \u00f6nce s\u00f6z alan Ceyhan Belediye Ba\u015fkan\u0131 H\u00fcseyin S\u00f6zl\u00fc&#8217;n\u00fcn, iktidar partisine mensup olmamalar\u0131 nedeniyle y\u0131ld\u0131r\u0131lmaya \u00e7al\u0131\u015f\u0131ld\u0131klar\u0131 y\u00f6n\u00fcndeki s\u00f6zlerini hat\u0131rlatarak, bu ayr\u0131mc\u0131l\u0131\u011f\u0131 yapanlar\u0131n do\u011fru yolda olmad\u0131klar\u0131n\u0131 vurgulad\u0131.<\/p>\n<p style=\"text-align: justify;\">&#8221;Herkes haddini bilmelidir. Valisi, kaymakam\u0131 di\u011fer b\u00fcrokratlar devletin memurlar\u0131d\u0131r. \u0130ktidarlar ise gelip ge\u00e7icidir. Bug\u00fcn Recep Tayyip Erdo\u011fan vard\u0131r, yar\u0131n bir ba\u015fkas\u0131 vard\u0131r&#8221; diyen Bah\u00e7eli, \u015funlar\u0131 s\u00f6yledi:<\/p>\n<p style=\"text-align: justify;\">&#8221;E\u011fer Erdo\u011fan&#8217;\u0131n devletin hizmetinde bulunan valisi \u00f6zel adam\u0131 konumuna gelip onun ho\u015funa gidecek davran\u0131\u015flar\u0131 ortaya koymaya \u00e7al\u0131\u015f\u0131yor, iktidar partisinden olmayanlar\u0131 k\u00f6stekleyerek, engelleyerek, o partiyi akl\u0131nca ba\u015far\u0131s\u0131z k\u0131lmaya \u00e7al\u0131\u015f\u0131yorsa, bu devlet b\u00fcrokrasisine yak\u0131\u015fmayan bir davran\u0131\u015ft\u0131r. Bunlar\u0131n adil ve d\u00fcr\u00fcst bir y\u00f6netimde kamu g\u00f6revlerinde kalmalar\u0131 zaten m\u00fcmk\u00fcn olmayacak demektir. Onun i\u00e7in kamu g\u00f6revi yapan ki\u015fi partizan olursa; kaymakam veya vali kim olursa olsun sadece iktidar\u0131n adam\u0131 gibi davran\u0131rsa, g\u00fcn gelir bunun hesab\u0131 sorulur. Bug\u00fcn iktidarda olan yar\u0131n muhalefet olur, muhalefet olanlar iktidar olabilir.&#8221;<\/p>\n<p style=\"text-align: justify;\">Bah\u00e7eli, hangi partiye oy verirse versin halka sayg\u0131 duymak gerekti\u011fini belirterek, &#8221;Onun i\u00e7in bu yakla\u015f\u0131mlar\u0131 yapanlar\u0131 uyar\u0131yorum. Bu yol iyi bir yol de\u011fildir. Bu yollar denenmi\u015ftir, netice vermemi\u015ftir. E\u011fer iktidar yanl\u0131s\u0131 g\u00f6r\u00fcl\u00fcyorsan 99 g\u00fcn sonra se\u00e7imler var, kamu g\u00f6revini b\u0131rak, Recep Tayyip Erdo\u011fan ile kol kola gir, birlikte y\u00fcr\u00fc bu yollar\u0131, sana engel olan m\u0131 var? O sebepten dolay\u0131 tekrar ediyorum: Herkes haddini bilmelidir. 99 g\u00fcn sonra ne olaca\u011f\u0131 belli olmaz. Belki Recep Tayyip Erdo\u011fan gider Devlet Bah\u00e7eli gelir, var m\u0131 bunun hesab\u0131? Onu Cenab-\u0131 Allah takdir eder, b\u00fcy\u00fck milletim takdir eder. \u00d6yleyse herkes dikkatli olmak zorundad\u0131r&#8221; dedi.<\/p>\n<p style=\"text-align: justify;\"><strong>&#8221;BU SE\u00c7\u0130M \u00c7OK \u00d6NEML\u0130&#8221;<\/strong><\/p>\n<p style=\"text-align: justify;\">Bah\u00e7eli, 99 g\u00fcn sonra yani 12 Haziran 2011 g\u00fcn\u00fc T\u00fcrkiye&#8217;de 24. d\u00f6nem milletvekilli\u011fi se\u00e7imleri yap\u0131laca\u011f\u0131n\u0131 an\u0131msatarak, &#8221;Bu se\u00e7im \u00e7ok \u00f6nemli. Ya\u015fad\u0131\u011f\u0131m\u0131z olaylar\u0131, siyasi, ekonomik sosyal boyutu ile ele ald\u0131\u011f\u0131m\u0131z vakit bu se\u00e7imler T\u00fcrkiye&#8217;nin ayd\u0131nl\u0131k gelece\u011finin belirlenmesi i\u00e7in \u00f6nemli bir kilometre ta\u015f\u0131 olacakt\u0131r. Bu sebepten dolay\u0131 t\u00fcm siyasi partilerimizin bu se\u00e7imlere ayr\u0131 bir \u00f6nem vermesi, programlar\u0131yla projeleriyle milletimizin huzuruna \u00e7\u0131kmas\u0131 gerekir&#8221; diye konu\u015ftu.<\/p>\n<p style=\"text-align: justify;\">Hangi sorun ya\u015fan\u0131yorsa, hangi problemlerin \u00e7\u00f6z\u00fcm\u00fcnde g\u00fc\u00e7l\u00fck \u00e7ekiliyorsa bunun \u00e7\u00f6z\u00fcm\u00fcn\u00fc demokrasi i\u00e7inde aramak gerekti\u011fini, demokrasi i\u00e7inde \u00e7\u00f6z\u00fcm yolunun ise se\u00e7im oldu\u011funu ifade eden Bah\u00e7eli, \u015f\u00f6yle konu\u015ftu:<\/p>\n<p style=\"text-align: justify;\">&#8221;Se\u00e7ime haz\u0131r olmal\u0131y\u0131z ve se\u00e7ime in\u015fallah bir iktidar de\u011fi\u015fikli\u011fi sonucu ile ula\u015fmal\u0131y\u0131z. \u00c7\u00fcnk\u00fc bu iktidar y\u0131pranm\u0131\u015ft\u0131r, bu iktidar t\u00fckenmi\u015ftir, bu iktidar partizanca hareket etmektedir. Bu iktidar tek adaml\u0131\u011fa oynuyor. &#8216;Yasama bende, y\u00fcr\u00fctme bende&#8217; olsun diyor. 8 y\u0131lda b\u00fcrokrasiyi de kendilerinden yapt\u0131lar. O sebepten dolay\u0131 &#8216;b\u00fcrokrasi de benim olsun&#8217; diyor. \u015eimdi de heveslenmi\u015f &#8216;yarg\u0131 benim, Anayasa benim olsun Yarg\u0131tay\u0131, Dan\u0131\u015ftay\u0131, Say\u0131\u015ftay\u0131 benim olsun&#8217; diyor. Kendinin olsun istiyor, Adalet ve Kalk\u0131nma Partisinin olsun da demiyor. &#8216;Ne varsa yoksa Recep Tayyip Erdo\u011fan&#8217;\u0131n olsun&#8217; diyor.&#8221;<\/p>\n<p style=\"text-align: justify;\"><strong>&#8221;BELED\u0130YELERE MUSALLAT OLDULAR&#8221;<\/strong><\/p>\n<p style=\"text-align: justify;\">Bah\u00e7eli, iktidar partisinin, se\u00e7im d\u00f6neminde belediyelere musallat oldu\u011funu ileri s\u00fcrerek, \u015f\u00f6yle devam etti:<\/p>\n<p style=\"text-align: justify;\">&#8221;\u0130mzas\u0131z, isimsiz bir \u015fikayet geliyor, sanki i\u015fi g\u00fcc\u00fc kalmam\u0131\u015f ne kadar m\u00fclkiye m\u00fcfetti\u015fi varsa ertesi g\u00fcn o ilde ba\u015fl\u0131yor ara\u015ft\u0131rmaya. B\u0131kt\u0131rmak, usand\u0131rmak, y\u0131ld\u0131rmak, sonra da ba\u015far\u0131s\u0131z k\u0131lmak istiyorlar. Yolsuzlukla iftira ile su\u00e7luyor, belediyeleri de ele ge\u00e7irmeye \u00e7al\u0131\u015f\u0131yorlar. Bunun sonucu nereye varacak diye soracaksan\u0131z bunun sonucu hayra i\u015faret de\u011fil. \u0130\u015fte Ortado\u011fu&#8217;da 17 y\u0131l zul\u00fcm yapan 1 haftada gitti, 31 y\u0131l zul\u00fcm yapan 18 g\u00fcnde gitti, 42 y\u0131ld\u0131r zul\u00fcm yapan ise can \u00e7eki\u015fiyor. Bu sebepten bu yol yol de\u011fildir. Milleti k\u0131rman\u0131n milleti yoksulluk i\u00e7erisine at\u0131p T\u00fcrkiye&#8217;de her t\u00fcrl\u00fc davran\u0131\u015fa a\u00e7\u0131k hale getirmenin faydas\u0131 yoktur.<\/p>\n<p style=\"text-align: justify;\">Etraf\u0131m\u0131zdaki yanl\u0131\u015f olaylar, diktatorya heveslerine kar\u015f\u0131 halk ayaklanmalar\u0131 arkas\u0131ndan ne getirecek belli de\u011fil. Bunlara heveslenmemek, bu bula\u015f\u0131c\u0131 etkiyi T\u00fcrkiye&#8217;ye ta\u015f\u0131mamak i\u00e7in \u00e7ok daha dikkatli olmak laz\u0131md\u0131r. \u00c7ok dikkatli olaca\u011f\u0131m\u0131z bir d\u00f6nemdeyiz. Huzur i\u00e7inde, mutluluk ve refah\u0131 bulmak istiyorsak, demokraside kalmal\u0131y\u0131z. &#8216;\u00dc\u00e7\u00fcnc\u00fc d\u00f6nemi de g\u00f6rece\u011fiz&#8217; diyorlar ama 8 y\u0131ll\u0131k uygulamaya bakt\u0131\u011f\u0131n\u0131zda kimseye faydas\u0131 yoktur. Medya taraftarlar\u0131n\u0131z olabilir, devlet imkan\u0131n\u0131 kullanabilir, halk\u0131 aldatabilirsiniz, k\u00f6m\u00fcr, fasulye, \u015feker da\u011f\u0131tarak, devletin imkanlar\u0131n\u0131 AKP veriyormu\u015f gibi halk\u0131 aldatabilirsiniz ama gidi\u015fat\u0131n\u0131z hay\u0131rl\u0131 de\u011filse hem kendinize hem \u00fclkeye felaket getirirsiniz. Onun i\u00e7in yeri ve zaman\u0131 iyi ayarlamak laz\u0131md\u0131r, iyi d\u00fc\u015f\u00fcnmek laz\u0131md\u0131r. Bug\u00fcn 8 y\u0131l denenmi\u015ftir. Ne olmu\u015ftur? \u0130\u015fsizlik mi \u00e7\u00f6z\u00fclm\u00fc\u015ft\u00fcr? Ne olmu\u015ftur evlerde a\u015f sahibi mi olmu\u015fuzdur? \u0130nsanca ya\u015fayabilecek gelir seviyesine mi ula\u015ft\u0131k? Adaletli mi y\u00f6netiliyoruz? Asayi\u015fsizlik ortadan kalkt\u0131 m\u0131? Ne oldu T\u00fcrkiye&#8217;ye diye bir bakmal\u0131y\u0131z.&#8221;<\/p>\n<p style=\"text-align: justify;\"><strong>&#8221;HANIMLARA \u015e\u0130DDET&#8221;<\/strong><\/p>\n<p style=\"text-align: justify;\">Bah\u00e7eli, her g\u00fcn televizyonlarda ve bas\u0131nda felaketlerle kar\u015f\u0131 kar\u0131\u015fa olundu\u011funu, cinayetlerin, cinnetlerin arka arkaya geldi\u011fini, han\u0131mlara kar\u015f\u0131 ac\u0131mas\u0131zca sald\u0131r\u0131lar\u0131n yo\u011funla\u015ft\u0131\u011f\u0131n\u0131 belirterek, &#8221;Bunlar saatlerce televizyonda g\u00f6steriliyor. Bunal\u0131mdaki insan\u0131n ne yapaca\u011f\u0131na televizyon yard\u0131mc\u0131 oluyor. B\u00f6yle rezalet olur mu? Birisi ailesini sokakta b\u0131\u00e7aklam\u0131\u015f, \u00fc\u00e7 g\u00fcn i\u00e7inde 3 ki\u015fi daha e\u015fini b\u0131\u00e7aklayarak televizyonlarda g\u00f6r\u00fcl\u00fcyor&#8221; dedi.<\/p>\n<p style=\"text-align: justify;\">\u0130\u015f sahibi olmak istemenin herkesin temel hakk\u0131 oldu\u011funu belirten Bah\u00e7eli, oysa, bug\u00fcn her evde bir gencin i\u015fsiz oldu\u011funu, askerden gelmi\u015f ama i\u015f bulamam\u0131\u015f gencin, babas\u0131ndan utan\u0131p, annesinden kahvehaneye gitmek i\u00e7in \u00e7ay paras\u0131 istedi\u011fini kaydetti.<\/p>\n<p style=\"text-align: justify;\">Bah\u00e7eli, bu nedenle 99 g\u00fcn i\u00e7erisinde iktidar\u0131 de\u011fi\u015ftirecek bir anlay\u0131\u015f\u0131, bir tavr\u0131 ortaya koymak gerekti\u011fini savunarak, &#8221;Bu yol se\u00e7im yolu olmal\u0131d\u0131r ve bir iktidar de\u011fi\u015fikli\u011fi art\u0131k \u00fclkemiz i\u00e7in zaruret olmu\u015ftur. Bu iktidar gidecek. Buradan sesleniyorum: &#8216;Milliyet\u00e7i Hareket Partisi 40 y\u0131ll\u0131k birikimi, tecr\u00fcbesi, kadrosu, bilgisiyle art\u0131k iktidar olmal\u0131y\u0131m&#8217; diyor. Onun i\u00e7in sizden destek istiyor. Nas\u0131l ki Ceyhan&#8217;da yerel y\u00f6netime destek verdiniz, Milliyet\u00e7i Hareket Partisinin iktidar\u0131na da sizden destek istiyorum&#8221; dedi.(A.A)<\/p>\n<p style=\"text-align: justify;\"><a href=\"http:\/\/www.gazeteport.com.tr\/SIYASET\/NEWS\/GP_864194\" target=\"_blank\"><span style=\"color: #888888;\">Kaynak : GAZETEPORT<\/span><\/a><\/p>\n","protected":false},"excerpt":{"rendered":"<p style=\"text-align: center;\">\n<p style=\"text-align: justify;\">MHP Genel Ba\u015fkan\u0131 Devlet Bah\u00e7eli, &#8221;Kamu g\u00f6revi yapan ki\u015fi partizan olursa; kaymakam veya vali kim olursa olsun sadece iktidar\u0131n adam\u0131 gibi davran\u0131rsa, g\u00fcn gelir bunun hesab\u0131 sorulur&#8221; dedi.<\/p>\n","protected":false},"author":1,"featured_media":0,"comment_status":"open","ping_status":"closed","sticky":false,"template":"","format":"standard","meta":{"footnotes":""},"categories":[105],"tags":[],"class_list":["post-29108","post","type-post","status-publish","format-standard","hentry","category-gundem","odd"],"_links":{"self":[{"href":"http:\/\/www.korhanyilmaz.com\/index.php?rest_route=\/wp\/v2\/posts\/29108","targetHints":{"allow":["GET"]}}],"collection":[{"href":"http:\/\/www.korhanyilmaz.com\/index.php?rest_route=\/wp\/v2\/posts"}],"about":[{"href":"http:\/\/www.korhanyilmaz.com\/index.php?rest_route=\/wp\/v2\/types\/post"}],"author":[{"embeddable":true,"href":"http:\/\/www.korhanyilmaz.com\/index.php?rest_route=\/wp\/v2\/users\/1"}],"replies":[{"embeddable":true,"href":"http:\/\/www.korhanyilmaz.com\/index.php?rest_route=%2Fwp%2Fv2%2Fcomments&post=29108"}],"version-history":[{"count":0,"href":"http:\/\/www.korhanyilmaz.com\/index.php?rest_route=\/wp\/v2\/posts\/29108\/revisions"}],"wp:attachment":[{"href":"http:\/\/www.korhanyilmaz.com\/index.php?rest_route=%2Fwp%2Fv2%2Fmedia&parent=29108"}],"wp:term":[{"taxonomy":"category","embeddable":true,"href":"http:\/\/www.korhanyilmaz.com\/index.php?rest_route=%2Fwp%2Fv2%2Fcategories&post=29108"},{"taxonomy":"post_tag","embeddable":true,"href":"http:\/\/www.korhanyilmaz.com\/index.php?rest_route=%2Fwp%2Fv2%2Ftags&post=29108"}],"curies":[{"name":"wp","href":"https:\/\/api.w.org\/{rel}","templated":true}]}}