{"id":29104,"date":"2011-03-06T00:25:08","date_gmt":"2011-03-05T22:25:08","guid":{"rendered":"http:\/\/www.korhanyilmaz.com\/?p=29104"},"modified":"2011-03-06T00:25:08","modified_gmt":"2011-03-05T22:25:08","slug":"mustafa-balbaya-yesil-isik-yakti","status":"publish","type":"post","link":"http:\/\/www.korhanyilmaz.com\/?p=29104","title":{"rendered":"Mustafa Balbay&#8217;a ye\u015fil \u0131\u015f\u0131k yakt\u0131!"},"content":{"rendered":"<p style=\"text-align: justify;\"><a href=\"http:\/\/www.korhanyilmaz.com\/wp-content\/uploads\/2011\/03\/132.jpg\"  class=\"lightview\"><img loading=\"lazy\" decoding=\"async\" class=\"aligncenter size-full wp-image-29105\" src=\"http:\/\/www.korhanyilmaz.com\/wp-content\/uploads\/2011\/03\/132.jpg\" alt=\"\" width=\"383\" height=\"202\" \/><\/a><\/p>\n<p style=\"text-align: justify;\">Almanya&#8217;da bulunan CHP lideri &#8220;Mustafa Balbay adayl\u0131k i\u00e7in CHP&#8217;yi tercih ederse bundan memnun oluruz&#8221; dedi.<\/p>\n<p style=\"text-align: justify;\">CHP Genel Ba\u015fkan\u0131 Kemal K\u0131l\u0131\u00e7daro\u011flu, T\u00fcrkiye\u2019de g\u00f6zalt\u0131na al\u0131nan gazetecilerin sorumlulu\u011funun AB\u2019de oldu\u011funu savunarak, \u201cBiz referandum s\u0131ras\u0131nda yarg\u0131 siyasalla\u015facak derken Br\u00fcksel bu reform diyordu. 61 gazetecinin g\u00fcnah\u0131 sizin boynunuza\u201d dedi. <!--more--><\/p>\n<p style=\"text-align: justify;\"><strong>\u201cBalbay CHP\u2019den aday olursa memnun oluruz\u201d<\/strong><\/p>\n<p style=\"text-align: justify;\">CHP lideri Kemal K\u0131l\u0131\u00e7daro\u011flu, D\u00fcsseldorf\u2019ta Ergenekon\u2019dan tutuklu gazeteci-yazar Mustafa Balbay\u2019\u0131n milletvekili adayl\u0131\u011f\u0131na ye\u015fil \u0131\u015f\u0131k yakt\u0131, \u201cCHP\u2019den aday olursa memnun oluduz\u201d dedi.<\/p>\n<p style=\"text-align: justify;\">K\u0131l\u0131\u00e7daro\u011flu, CHP ve D\u0130SK taraf\u0131ndan Almanya\u2019n\u0131n Bochum kentinde d\u00fczenlenen \u201cT\u00fcrkiye\u2019den G\u00f6\u00e7\u00fcn\u2019\u00fcn 50. Y\u0131l\u0131nda Emek \u015eenli\u011fi\u2019nde gurbet\u00e7ilere hitap etti. CHP lideri, g\u00f6zalt\u0131na al\u0131na gazetecilerle ilgili \u015funlar\u0131 s\u00f6yledi:<\/p>\n<p style=\"text-align: justify;\">\u201cBu gazeteciler ne yapt\u0131. Bir gazetecinin haber emek\u00e7isinin ofisi ve evi niye bas\u0131l\u0131r? E\u015fi hastaneden yeni \u00e7\u0131km\u0131\u015f gazetecinin evi hangi gerek\u00e7e ile bas\u0131l\u0131r? Bunun ad\u0131na T\u00fcrkiye\u2019de ileri demokrasi deniyor. \u015eunu unutmay\u0131n 12 Eyl\u00fcl darbecileri d\u00f6neminde 31 gazeteci hapisteydi. 8 y\u0131ll\u0131k AKP d\u00f6neminde hapiste olan gazeteci say\u0131s\u0131 61. Bunu \u00f6zellikle Avrupal\u0131 dostlar\u0131m\u0131z duysun diye s\u00f6yl\u00fcyorum. AKP demokratt\u0131r diye \u00e7\u0131k\u0131p meydanlarda konu\u015fanlar duysun diye Br\u00fcksel\u2019de koltuklar\u0131nda oturup CHP\u2019yi sabah ak\u015fam ele\u015ftirenler duysunlar diye s\u00f6yl\u00fcyorum. T\u00fcrkiye\u2019de 8 y\u0131lda \u00e7ok \u015fey de\u011fi\u015fti. Demokrat olanlar i\u00e7in, \u2019yetmez ama evet\u2019 diyenler i\u00e7in s\u00f6yl\u00fcyorum. Art\u0131k T\u00fcrkiye\u2019de her ev dinleniyor, sokaktaki vatanda\u015f dinleniyor.\u201d<\/p>\n<p style=\"text-align: justify;\"><strong>Sizler onurumuzsunuz! <\/strong><\/p>\n<p style=\"text-align: justify;\">Sirkeci\u2019den 50 y\u0131l \u00f6nce trene binip Almanya\u2019ya al\u0131n teri ile para kazanmak i\u00e7in gelen gurbet\u00e7ilerin bug\u00fcn Almanya\u2019da yazar, politikac\u0131, m\u00fchendis, mimar ve i\u015fveren olduklar\u0131na dikkati \u00e7eken K\u0131l\u0131\u00e7daro\u011flu, \u201cAlmanya\u2019daki T\u00fcrkler, 74 bin i\u015fletme ile 38 milyar euro ciro yap\u0131yor\u201d dedi. Almanya\u2019da 45 bin \u00fcniversiteli \u00f6\u011frenci 950 bin T\u00fcrkiye k\u00f6kenli Alman oldu\u011funu bildiren CHP lideri \u015f\u00f6yle konu\u015ftu: \u201cBunlar bizi Almanlarla entegre ediyor. Umudum \u015fu, T\u00fcrkiye\u2019ye kar\u015f\u0131 Almanya Fransa ve Avusturya\u2019dan \u2018T\u00fcrkiye AB \u00fcyesi olmas\u0131n\u2019 diye farkl\u0131 sesler \u00e7\u0131k\u0131yor. Sizler Almanya\u2019da yeti\u015fenler T\u00fcrkiye k\u00f6kenliler, sizler bizi AB\u2019ye ta\u015f\u0131yacak lokomotiflersiniz. Sizler T\u00fcrkiye\u2019de bizim onurumuzsunuz. Biz filmlerinizi izledik\u00e7e, yazd\u0131\u011f\u0131n\u0131z kitaplar\u0131 okuduk\u00e7a sizinle iftihar ediyoruz.\u201d<\/p>\n<p style=\"text-align: justify;\"><strong>100 gurbet\u00e7iden 30\u2019u soyuldu <\/strong><\/p>\n<p style=\"text-align: justify;\">K\u0131l\u0131\u00e7daro\u011flu, 100 gurbet\u00e7iden 30\u2019unun Almanya\u2019da para toplayan holdinglere paras\u0131n\u0131 kapt\u0131rd\u0131\u011f\u0131n\u0131 belirterek, \u201cDosyalar\u0131 alaca\u011f\u0131m. Almanya\u2019da hortumlanan para 10 milyar euro. Nas\u0131l oluyor insanlar\u0131n al\u0131n teri inan\u00e7 u\u011fruna nas\u0131l s\u00f6m\u00fcr\u00fcl\u00fcr? \u00c7al\u0131\u015f\u0131p kazanmak bu kadar al\u0131n teri d\u00f6kmek bu kadar kolay m\u0131? Hele hele Almanya\u2019da para kazanmak kolay m\u0131?\u201d dedi.<\/p>\n<p style=\"text-align: justify;\"><strong>Deniz Feneri soygunu!<\/strong><\/p>\n<p style=\"text-align: justify;\">Deniz Feneri davas\u0131na bakan Alman yarg\u0131c\u0131n davay\u0131 \u201cy\u00fczy\u0131l\u0131n soygunu, Almanya tarihinin en b\u00fcy\u00fck soygunu\u201d olarak niteledi\u011fini ifade eden K\u0131l\u0131\u00e7daro\u011flu, \u015funlar\u0131 kaydetti: \u201cT\u00fcrkiye Cumhuriyetinin en k\u00fc\u00e7\u00fck soygunlar\u0131ndan birisi. Alman yarg\u0131\u00e7lar dediler ki \u2018Biz Almanya\u2019dakileri bulduk yarg\u0131 \u00f6n\u00fcne \u00e7\u0131kard\u0131k, mahkum ettik, ama as\u0131l failler T\u00fcrkiye\u2019de. As\u0131l failler nerede bilenler var m\u0131? As\u0131l failler Recep Bey\u2019in arkas\u0131nda. Bu faillerden birisi televizyona \u00e7\u0131kt\u0131, \u2018Benim arkamda Ba\u015fbakan var\u2019 dedi. Bunlar\u0131 \u00e7ocuklar\u0131m\u0131z bile tan\u0131mal\u0131. \u0130sim isim s\u00f6yleyece\u011fiz. Art\u0131k bu \u00fclkede T\u00fcrkiye\u2019de Almanya\u2019da Fransa\u2019da, Holanda\u2019da, Bel\u00e7ika\u2019da yurtta\u015flar\u0131m\u0131z soyulmas\u0131n. Al\u0131n terini \u00e7alanlardan hesap soraca\u011f\u0131z ki bir daha al\u0131n teri \u00e7al\u0131nmas\u0131n diye.\u201d<\/p>\n<p style=\"text-align: justify;\"><a href=\"http:\/\/haber.gazetevatan.com\/mustafa-balbaya-yesil-isik-yakti\/363428\/9\/Siyaset\" target=\"_blank\"><span style=\"color: #888888;\">Kaynak : VATAN Gazetesi<\/span><\/a><\/p>\n","protected":false},"excerpt":{"rendered":"<p style=\"text-align: justify;\">\n<p style=\"text-align: justify;\">Almanya&#8217;da bulunan CHP lideri &#8220;Mustafa Balbay adayl\u0131k i\u00e7in CHP&#8217;yi tercih ederse bundan memnun oluruz&#8221; dedi.<\/p>\n<p style=\"text-align: justify;\">CHP Genel Ba\u015fkan\u0131 Kemal K\u0131l\u0131\u00e7daro\u011flu, T\u00fcrkiye\u2019de g\u00f6zalt\u0131na al\u0131nan gazetecilerin sorumlulu\u011funun AB\u2019de oldu\u011funu savunarak, \u201cBiz referandum s\u0131ras\u0131nda yarg\u0131 siyasalla\u015facak derken Br\u00fcksel bu reform diyordu. 61 gazetecinin g\u00fcnah\u0131 sizin boynunuza\u201d dedi. <\/p>\n","protected":false},"author":1,"featured_media":0,"comment_status":"open","ping_status":"closed","sticky":false,"template":"","format":"standard","meta":{"footnotes":""},"categories":[105],"tags":[],"class_list":["post-29104","post","type-post","status-publish","format-standard","hentry","category-gundem","odd"],"_links":{"self":[{"href":"http:\/\/www.korhanyilmaz.com\/index.php?rest_route=\/wp\/v2\/posts\/29104","targetHints":{"allow":["GET"]}}],"collection":[{"href":"http:\/\/www.korhanyilmaz.com\/index.php?rest_route=\/wp\/v2\/posts"}],"about":[{"href":"http:\/\/www.korhanyilmaz.com\/index.php?rest_route=\/wp\/v2\/types\/post"}],"author":[{"embeddable":true,"href":"http:\/\/www.korhanyilmaz.com\/index.php?rest_route=\/wp\/v2\/users\/1"}],"replies":[{"embeddable":true,"href":"http:\/\/www.korhanyilmaz.com\/index.php?rest_route=%2Fwp%2Fv2%2Fcomments&post=29104"}],"version-history":[{"count":0,"href":"http:\/\/www.korhanyilmaz.com\/index.php?rest_route=\/wp\/v2\/posts\/29104\/revisions"}],"wp:attachment":[{"href":"http:\/\/www.korhanyilmaz.com\/index.php?rest_route=%2Fwp%2Fv2%2Fmedia&parent=29104"}],"wp:term":[{"taxonomy":"category","embeddable":true,"href":"http:\/\/www.korhanyilmaz.com\/index.php?rest_route=%2Fwp%2Fv2%2Fcategories&post=29104"},{"taxonomy":"post_tag","embeddable":true,"href":"http:\/\/www.korhanyilmaz.com\/index.php?rest_route=%2Fwp%2Fv2%2Ftags&post=29104"}],"curies":[{"name":"wp","href":"https:\/\/api.w.org\/{rel}","templated":true}]}}