{"id":29100,"date":"2011-03-05T22:38:23","date_gmt":"2011-03-05T20:38:23","guid":{"rendered":"http:\/\/www.korhanyilmaz.com\/?p=29100"},"modified":"2011-03-05T22:38:23","modified_gmt":"2011-03-05T20:38:23","slug":"aydinlardan-gozalti-bildirisi","status":"publish","type":"post","link":"http:\/\/www.korhanyilmaz.com\/?p=29100","title":{"rendered":"Ayd\u0131nlardan g\u00f6zalt\u0131 bildirisi"},"content":{"rendered":"<p style=\"text-align: center;\"><a href=\"http:\/\/www.korhanyilmaz.com\/wp-content\/uploads\/2011\/03\/131.jpg\"  class=\"lightview\"><img loading=\"lazy\" decoding=\"async\" class=\"aligncenter size-full wp-image-29101\" src=\"http:\/\/www.korhanyilmaz.com\/wp-content\/uploads\/2011\/03\/131.jpg\" alt=\"\" width=\"420\" height=\"210\" \/><\/a><\/p>\n<p style=\"text-align: justify;\">Ergenekon operasyonunun 18. dalgas\u0131nda, 9 gazetecinin g\u00f6zalt\u0131na al\u0131nmas\u0131na T\u00fcrkiye\u2019nin \u00f6nde gelen i\u015fadam\u0131 ve akademisyenlerinden tepki geldi. Aralar\u0131nda \u0130shak Alaton, Prof. Dr. Seyfettin G\u00fcrsel ve Prof. Dr. \u015eerif Mardin\u2019in de bulundu\u011fu 13 ayd\u0131n bir araya gelerek bildiri yay\u0131nlad\u0131.<!--more--><\/p>\n<p style=\"text-align: justify;\">Yay\u0131nlanan bildiride ayd\u0131nlar, Ergenekon davas\u0131n\u0131 \u00f6nemsediklerini ancak yarg\u0131lama s\u00fcrecinin uzamas\u0131n\u0131n vicdanlar\u0131 rahats\u0131z etti\u011fine dikkat \u00e7ekti. Son olarak Nedim \u015eener ve Ahmet \u015e\u0131k\u2019\u0131n g\u00f6zalt\u0131na al\u0131nmas\u0131ndan ise endi\u015fe duyuldu\u011funa vurgu yap\u0131ld\u0131. Yay\u0131nlanan bildiride \u015fu ifadeler kullan\u0131ld\u0131:<\/p>\n<p style=\"text-align: justify;\">\u201cSon y\u0131llarda T\u00fcrkiye\u2019nin yak\u0131n tarihindeki baz\u0131 karanl\u0131k olaylar\u0131n ayd\u0131nlat\u0131lmas\u0131na y\u00f6nelik \u00f6nemli davalar\u0131n ba\u015flat\u0131lm\u0131\u015f olmas\u0131, ku\u015fkusuz, demokrasi a\u00e7\u0131s\u0131ndan \u00e7ok \u00f6nemli bir geli\u015fmedir. Ergenekon davas\u0131n\u0131 da bu kapsamda de\u011ferlendiriyoruz. Ancak, \u00fc\u00e7 bu\u00e7uk y\u0131ldan beri s\u00fcren soru\u015fturma ve yarg\u0131lama s\u00fcreci boyunca kamuoyunun vicdan\u0131n\u0131 rahats\u0131z eden uygulamalar olmu\u015ftur ve bug\u00fcn gelinen nokta tatmin edici olmaktan uzakt\u0131r. Adaletin ger\u00e7ekle\u015fmesi i\u00e7in yasal s\u00fcre\u00e7lere sayg\u0131yla ve sab\u0131rla yakla\u015fmak gerekti\u011finin bilincindeyiz. Bununla birlikte, uzun tutukluluk s\u00fcrelerinin, zay\u0131f kan\u0131tlar\u0131n ve anla\u015f\u0131lmayan g\u00f6zalt\u0131na alma nedenlerinin, bu dava ile ilgili ku\u015fkular\u0131n artmas\u0131na neden olduklar\u0131n\u0131 da g\u00f6zlemlemekteyiz. Ergenekon \u00fcyeli\u011fi su\u00e7lamas\u0131yla tutuklanan gazetecilere d\u00fcn Nedim \u015eener ve Ahmet \u015e\u0131k\u2019\u0131n eklenmesi ciddi bir endi\u015feye kap\u0131lmam\u0131za neden olmu\u015ftur.\u201d<\/p>\n<p style=\"text-align: justify;\"><strong>Ergenekon davas\u0131 ba\u015fka ama\u00e7lar i\u00e7in kullan\u0131lmas\u0131n<\/strong><\/p>\n<p style=\"text-align: justify;\">\u201cMeslek hayatlar\u0131nda en \u00fcst d\u00fczeyde etik \u00f6l\u00e7\u00fctlere uygun davranm\u0131\u015f ve Ergenekon ve benzeri t\u00fcr\u00fc \u00f6rg\u00fctlenmelerin ortaya \u00e7\u0131kart\u0131lmas\u0131nda \u00f6nemli katk\u0131larda bulunmu\u015f bu iki gazetecinin Ergenekon \u00fcyeli\u011finden tutuklanmalar\u0131n\u0131n, barda\u011f\u0131 ta\u015f\u0131ran damla oldu\u011funu d\u00fc\u015f\u00fcn\u00fcyoruz. Bu noktadan sonra, Ergenekon davas\u0131n\u0131n selameti ve yasal s\u00fcre\u00e7lerin do\u011fru mecralarda ilerleyebilmesi a\u00e7\u0131s\u0131ndan, bu davan\u0131n ba\u015fka ama\u00e7lar ve hesaplar i\u00e7in kullan\u0131ld\u0131\u011f\u0131na y\u00f6nelik \u015f\u00fcphelere yol a\u00e7an uygulamalara son verilmesi ve davan\u0131n en k\u0131sa zamanda sonu\u00e7land\u0131r\u0131lmas\u0131, acil bir zorunluluk olarak ortaya \u00e7\u0131km\u0131\u015f bulunmaktad\u0131r.\u201d<\/p>\n<p style=\"text-align: justify;\"><strong>B\u0130LD\u0130R\u0130DE \u0130MZASI BULUNANLAR<\/strong><\/p>\n<p style=\"text-align: justify;\">* \u0130shak Alaton (Alarko \u015eirketler Grubu Y\u00f6netim Kurulu Ba\u015fkan\u0131)<\/p>\n<p style=\"text-align: justify;\">* Hakan Alt\u0131nay (A\u00e7\u0131k Toplum Enstit\u00fcs\u00fc T\u00fcrkiye Direkt\u00f6r\u00fc)<\/p>\n<p style=\"text-align: justify;\">* \u0130brahim Betil (Toplum G\u00f6n\u00fcll\u00fcleri Vakf\u0131 Ba\u015fkan\u0131)<\/p>\n<p style=\"text-align: justify;\">* Ayhan Bilgen (Mazlum Der eski Genel Ba\u015fkan\u0131)<\/p>\n<p style=\"text-align: justify;\">* Prof. Dr. Ay\u015fe Bu\u011fra (Bo\u011fazi\u00e7i \u00dcniversitesi \u00d6\u011fretim \u00dcyesi)<\/p>\n<p style=\"text-align: justify;\">* Prof. Dr. \u00dcst\u00fcn Erg\u00fcder (Sabanc\u0131 \u00dcniversitesi \u0130stanbul politikalar Merkezi Direkt\u00f6r\u00fc)<\/p>\n<p style=\"text-align: justify;\">* Prof. Dr. Seyfettin G\u00fcrsel (Bah\u00e7e\u015fehir \u00dcniversitesi Ekonomik ve Toplumsal Ara\u015ft\u0131rmalar Merkezi Direkt\u00f6r\u00fc)<\/p>\n<p style=\"text-align: justify;\">* Prof. Dr. Ahmet \u0130nsel (Galatasaray \u00dcniversitesi \u0130ktisat B\u00f6l\u00fcm\u00fc \u00d6\u011fretim \u00dcyesi)<\/p>\n<p style=\"text-align: justify;\">* Prof. Dr. \u015eerif Mardin (Sosyolog)<\/p>\n<p style=\"text-align: justify;\">* Osman Kavala (\u0130\u015fadam\u0131, liberal solun etkin isimlerinden)<\/p>\n<p style=\"text-align: justify;\">* M\u00fcge S\u00f6kmen (Metis Yay\u0131nlar\u0131 kurucu orta\u011f\u0131, edit\u00f6r, \u00e7evirmen)<\/p>\n<p style=\"text-align: justify;\">* Sezgin Tanr\u0131kulu (Diyarbak\u0131r eski baro ba\u015fkan\u0131, CHP Genel Ba\u015fkan Yard\u0131mc\u0131s\u0131)<\/p>\n<p style=\"text-align: justify;\">* Prof. Dr. Binnaz Toprak (Siyaset bilimci, CHP Parti Meclis \u00dcyesi)<\/p>\n<p style=\"text-align: justify;\"><a href=\"http:\/\/haber.gazetevatan.com\/aydinlardan-gozalti-bildirisi\/363415\/1\/Gundem\" target=\"_blank\"><span style=\"color: #888888;\">Kaynak : VATAN Gazetesi<\/span><\/a><\/p>\n","protected":false},"excerpt":{"rendered":"<p style=\"text-align: center;\">\n<p style=\"text-align: justify;\">Ergenekon operasyonunun 18. dalgas\u0131nda, 9 gazetecinin g\u00f6zalt\u0131na al\u0131nmas\u0131na T\u00fcrkiye\u2019nin \u00f6nde gelen i\u015fadam\u0131 ve akademisyenlerinden tepki geldi. Aralar\u0131nda \u0130shak Alaton, Prof. Dr. Seyfettin G\u00fcrsel ve Prof. Dr. \u015eerif Mardin\u2019in de bulundu\u011fu 13 ayd\u0131n bir araya gelerek bildiri yay\u0131nlad\u0131.<\/p>\n","protected":false},"author":1,"featured_media":0,"comment_status":"open","ping_status":"closed","sticky":false,"template":"","format":"standard","meta":{"footnotes":""},"categories":[105],"tags":[],"class_list":["post-29100","post","type-post","status-publish","format-standard","hentry","category-gundem","odd"],"_links":{"self":[{"href":"http:\/\/www.korhanyilmaz.com\/index.php?rest_route=\/wp\/v2\/posts\/29100","targetHints":{"allow":["GET"]}}],"collection":[{"href":"http:\/\/www.korhanyilmaz.com\/index.php?rest_route=\/wp\/v2\/posts"}],"about":[{"href":"http:\/\/www.korhanyilmaz.com\/index.php?rest_route=\/wp\/v2\/types\/post"}],"author":[{"embeddable":true,"href":"http:\/\/www.korhanyilmaz.com\/index.php?rest_route=\/wp\/v2\/users\/1"}],"replies":[{"embeddable":true,"href":"http:\/\/www.korhanyilmaz.com\/index.php?rest_route=%2Fwp%2Fv2%2Fcomments&post=29100"}],"version-history":[{"count":0,"href":"http:\/\/www.korhanyilmaz.com\/index.php?rest_route=\/wp\/v2\/posts\/29100\/revisions"}],"wp:attachment":[{"href":"http:\/\/www.korhanyilmaz.com\/index.php?rest_route=%2Fwp%2Fv2%2Fmedia&parent=29100"}],"wp:term":[{"taxonomy":"category","embeddable":true,"href":"http:\/\/www.korhanyilmaz.com\/index.php?rest_route=%2Fwp%2Fv2%2Fcategories&post=29100"},{"taxonomy":"post_tag","embeddable":true,"href":"http:\/\/www.korhanyilmaz.com\/index.php?rest_route=%2Fwp%2Fv2%2Ftags&post=29100"}],"curies":[{"name":"wp","href":"https:\/\/api.w.org\/{rel}","templated":true}]}}