{"id":29096,"date":"2011-03-06T13:28:10","date_gmt":"2011-03-06T11:28:10","guid":{"rendered":"http:\/\/www.korhanyilmaz.com\/?p=29096"},"modified":"2011-03-06T13:28:10","modified_gmt":"2011-03-06T11:28:10","slug":"zekeriya-oz-de-ergenekon%e2%80%99dan-iceri-alinirsa-kimse-sasirmamali","status":"publish","type":"post","link":"http:\/\/www.korhanyilmaz.com\/?p=29096","title":{"rendered":"Zekeriya \u00d6z de Ergenekon\u2019dan i\u00e7eri al\u0131n\u0131rsa kimse \u015fa\u015f\u0131rmamal\u0131!"},"content":{"rendered":"<p style=\"text-align: justify;\"><a href=\"http:\/\/www.korhanyilmaz.com\/wp-content\/uploads\/2011\/03\/130.jpg\"  class=\"lightview\"><img loading=\"lazy\" decoding=\"async\" class=\"aligncenter size-full wp-image-29097\" src=\"http:\/\/www.korhanyilmaz.com\/wp-content\/uploads\/2011\/03\/130.jpg\" alt=\"\" width=\"352\" height=\"110\" \/><\/a><\/p>\n<p style=\"text-align: justify;\">BARI\u015e ve Demokrasi Partisi (BDP) Genel Ba\u015fkan\u0131 Selahattin Demirta\u015f, gazeteciler Nedim \u015eener ve Ahmet \u015e\u0131k\u2019\u0131n Ergenekon soru\u015fturmas\u0131 kapsam\u0131nda tutuklanmas\u0131na \u00fcz\u00fcld\u00fc\u011f\u00fcn\u00fc belirterek, &#8220;Bir g\u00fcn savc\u0131n\u0131n biri \u00e7\u0131k\u0131p Zekeriya \u00d6z\u2019\u00fc de Ergenekon\u2019dan i\u00e7eri al\u0131rsa kimse \u015fa\u015f\u0131rmamal\u0131&#8221; dedi. <!--more--><\/p>\n<p style=\"text-align: justify;\">Demirta\u015f, KCK tutuklamalar\u0131nda da ayn\u0131 yol izlendi\u011fini savunurken, &#8220;Teslim olmad\u0131k, olmayaca\u011f\u0131z. Bizi lime lime do\u011frasalar da en k\u00fc\u00e7\u00fck par\u00e7am\u0131z \u2019\u00f6zg\u00fcrl\u00fck\u2019 diye hayk\u0131racak&#8221; dedi.<\/p>\n<p style=\"text-align: justify;\">BDP Genel ba\u015fkan\u0131 Selahattin Demirta\u015f, Ergenekon soru\u015fturmas\u0131 kapsam\u0131ndaki son g\u00f6zalt\u0131 ve tutuklamalar\u0131 Twitter\u2019den de\u011ferlendirdi. BDP lideri Demirta\u015f, Nedim \u015eener ve Ahmet \u015e\u0131k i\u00e7in ger\u00e7ekten \u00e7ok \u00fcz\u00fcld\u00fc\u011f\u00fcn\u00fc ancak, \u00fcz\u00fclmenin yetmeye\u011fi gibi bir \u015feyi de\u011fi\u015ftirmeyece\u011fini yazd\u0131. Demirta\u015f, &#8220;\u2019Ergenekoncular\u0131 da, onlar\u0131 ortadan kald\u0131r\u0131yorum diyen sahtekar yeni derin devleti de boykot etmek, i\u015fte bu y\u00fczden \u00e7ok \u00f6nemliydi&#8221; dedi.<\/p>\n<p style=\"text-align: justify;\">BDP Genel Ba\u015fkan\u0131 Selahattin Demirta\u015f, &#8220;\u0130leride bir g\u00fcn savc\u0131n\u0131n biri \u00e7\u0131k\u0131p Zekeriya \u00d6z\u2019\u00fc de Ergenekon\u2019dan i\u00e7eri al\u0131rsa kimse \u015fa\u015f\u0131rmamal\u0131d\u0131r&#8221; derken, Do\u011fu ve G\u00fcneydo\u011fu b\u00f6lgelerinde ortaya \u00e7\u0131kan toplu mezarlara dikkat \u00e7ekti. Demirta\u015f, &#8220;Bu kadar toplu mezar ortaya \u00e7\u0131k\u0131yor. Bunlar\u0131n sorumlular\u0131n\u0131 yakalayan yok. Ama Ahmet gibi hak ihlallerinin pe\u015finde y\u0131llard\u0131r ko\u015fan bir gazeteci Ergenekon \u00fcyesi oluveriyor&#8221; diye yazd\u0131.<\/p>\n<p style=\"text-align: justify;\"><a href=\"http:\/\/haber.gazetevatan.com\/zekeriya-oz-de-ergenekondan-iceri-alinirsa-kimse-sasirmamali\/363494\/9\/Siyaset\" target=\"_blank\"><span style=\"color: #888888;\">Kaynak : VATAN Gazetesi<\/span><\/a><\/p>\n","protected":false},"excerpt":{"rendered":"<p style=\"text-align: justify;\">\n<p style=\"text-align: justify;\">BARI\u015e ve Demokrasi Partisi (BDP) Genel Ba\u015fkan\u0131 Selahattin Demirta\u015f, gazeteciler Nedim \u015eener ve Ahmet \u015e\u0131k\u2019\u0131n Ergenekon soru\u015fturmas\u0131 kapsam\u0131nda tutuklanmas\u0131na \u00fcz\u00fcld\u00fc\u011f\u00fcn\u00fc belirterek, &#8220;Bir g\u00fcn savc\u0131n\u0131n biri \u00e7\u0131k\u0131p Zekeriya \u00d6z\u2019\u00fc de Ergenekon\u2019dan i\u00e7eri al\u0131rsa kimse \u015fa\u015f\u0131rmamal\u0131&#8221; dedi. <\/p>\n","protected":false},"author":1,"featured_media":0,"comment_status":"open","ping_status":"closed","sticky":false,"template":"","format":"standard","meta":{"footnotes":""},"categories":[105],"tags":[],"class_list":["post-29096","post","type-post","status-publish","format-standard","hentry","category-gundem","odd"],"_links":{"self":[{"href":"http:\/\/www.korhanyilmaz.com\/index.php?rest_route=\/wp\/v2\/posts\/29096","targetHints":{"allow":["GET"]}}],"collection":[{"href":"http:\/\/www.korhanyilmaz.com\/index.php?rest_route=\/wp\/v2\/posts"}],"about":[{"href":"http:\/\/www.korhanyilmaz.com\/index.php?rest_route=\/wp\/v2\/types\/post"}],"author":[{"embeddable":true,"href":"http:\/\/www.korhanyilmaz.com\/index.php?rest_route=\/wp\/v2\/users\/1"}],"replies":[{"embeddable":true,"href":"http:\/\/www.korhanyilmaz.com\/index.php?rest_route=%2Fwp%2Fv2%2Fcomments&post=29096"}],"version-history":[{"count":0,"href":"http:\/\/www.korhanyilmaz.com\/index.php?rest_route=\/wp\/v2\/posts\/29096\/revisions"}],"wp:attachment":[{"href":"http:\/\/www.korhanyilmaz.com\/index.php?rest_route=%2Fwp%2Fv2%2Fmedia&parent=29096"}],"wp:term":[{"taxonomy":"category","embeddable":true,"href":"http:\/\/www.korhanyilmaz.com\/index.php?rest_route=%2Fwp%2Fv2%2Fcategories&post=29096"},{"taxonomy":"post_tag","embeddable":true,"href":"http:\/\/www.korhanyilmaz.com\/index.php?rest_route=%2Fwp%2Fv2%2Ftags&post=29096"}],"curies":[{"name":"wp","href":"https:\/\/api.w.org\/{rel}","templated":true}]}}