{"id":29085,"date":"2011-03-05T15:20:30","date_gmt":"2011-03-05T13:20:30","guid":{"rendered":"http:\/\/www.korhanyilmaz.com\/?p=29085"},"modified":"2011-03-05T15:20:30","modified_gmt":"2011-03-05T13:20:30","slug":"birgun-gazetesi-neden-koselerini-karartti","status":"publish","type":"post","link":"http:\/\/www.korhanyilmaz.com\/?p=29085","title":{"rendered":"B\u0130RG\u00fcn Gazetesi neden k\u00f6\u015felerini karartt\u0131&#8230;"},"content":{"rendered":"<p style=\"text-align: justify;\"><a href=\"http:\/\/www.korhanyilmaz.com\/wp-content\/uploads\/2011\/03\/127.jpg\"  class=\"lightview\"><img loading=\"lazy\" decoding=\"async\" class=\"aligncenter size-full wp-image-29086\" src=\"http:\/\/www.korhanyilmaz.com\/wp-content\/uploads\/2011\/03\/127.jpg\" alt=\"\" width=\"250\" height=\"175\" \/><\/a><strong>\u201cUtanan Gazeteciler Olal\u0131m\u201d<\/strong><\/p>\n<p style=\"text-align: justify;\">BirG\u00fcn gazetesi , son iki haftada ger\u00e7ekle\u015fen  gazetecilerin g\u00f6zalt\u0131na al\u0131nmas\u0131 ve halk\u0131n haber alma \u00f6zg\u00fcrl\u00fc\u011f\u00fcn\u00fcn k\u0131s\u0131tlanmas\u0131 kar\u015f\u0131s\u0131nda, tepkisini bug\u00fcn gazetenin k\u00f6\u015felerini karartarak g\u00f6sterdi.<\/p>\n<p style=\"text-align: justify;\">\u0130kinci kez, bir ba\u015fka gazete sayfalar\u0131n\u0131 karartarak bas\u0131n \u00f6zg\u00fcrl\u00fc\u011f\u00fcn\u00fcn \u00e7i\u011fnenmesine, bo\u015f sayfalarla yan\u0131t verdi. Daha \u00f6nce de Cumhuriyet gazetesi birinci sayfas\u0131n\u0131 bo\u015f \u00e7\u0131kararak bas\u0131na \u00f6zg\u00fcrl\u00fck \u00e7a\u011fr\u0131s\u0131 yapm\u0131\u015ft\u0131. <!--more--><\/p>\n<p style=\"text-align: justify;\">BirG\u00fcn gazetenin birinci sayfas\u0131nda \u201cUtanan Gazeteciler Olal\u0131m\u201d ba\u015fl\u0131\u011f\u0131yla verilen a\u00e7\u0131klama \u015f\u00f6yle:<\/p>\n<p style=\"text-align: justify;\">\u201cSon kat\u0131ld\u0131\u011f\u0131 televizyon program\u0131ndan birinde \u2018Utan\u0131yorum!\u2019 demi\u015fti Nedim \u015eener. \u2018Utan\u0131yorum, utan\u0131yorum, utan\u0131yorum!\u2019 Gazetecili\u011fin yap\u0131lma bi\u00e7iminden, kimi \u2018meslekta\u015flar\u0131n\u0131n\u2019 tavr\u0131ndan utan\u0131yordu. Kendi gazetecili\u011finden de\u011fil, asla!<\/p>\n<p style=\"text-align: justify;\">Akl\u0131n\u0131 ba\u015fkas\u0131na emanet edenlerden hay\u0131r gelmez. Hele gazeteciden hi\u00e7!<\/p>\n<p style=\"text-align: justify;\">Neyse ki, son Ergenekon dalgas\u0131nda g\u00f6zalt\u0131na al\u0131nanlardan Nedim \u015eener ve Ahmet \u015e\u0131k\u2019\u0131n gazetecili\u011fine, hangi siyasi \u00e7izgide olurlarsa olsunlar, meslekta\u015flar\u0131n\u0131n \u00e7o\u011fu kefil oldular. \u201cOlamaz\u201d dediler, \u201cNedim \u015eener ve Ahmet \u015e\u0131k gazetecilerdir. Ergenekon gibi yap\u0131lar\u0131n \u00fczerine gittiler hep. Asla gizli \u00f6rg\u00fctlerle falan ili\u015fkileri olamaz.\u201d<\/p>\n<p style=\"text-align: justify;\">Ergenekon s\u00fcrecini inan\u00e7la destekleyenler bile, bu olaydan sonra \u201cku\u015fku\u201d ve \u201ckayg\u0131\u201d dile getirmeye ba\u015flad\u0131lar. \u201c\u00d6l\u00e7\u00fc ka\u00e7\u0131yor\u201d denilmeye ba\u015fland\u0131 k\u00f6\u015felerde: \u201cB\u00f6yle yak\u0131ndan tan\u0131d\u0131\u011f\u0131m bir insan\u0131n bile bu su\u00e7lamalara muhatap olmas\u0131, Ergenekon soru\u015fturmalar\u0131 konusunda \u00f6teden beri dile getirdi\u011fim \u2018\u00f6l\u00e7\u00fc ka\u00e7\u0131yor\u2019 kayg\u0131s\u0131n\u0131 daha da g\u00fc\u00e7lendirdi\u2026 \u00d6b\u00fcr gazeteci Ahmet \u015e\u0131k, Nokta Dergisi\u2019nde \u2018Darbe G\u00fcnl\u00fckleri\u2019ni yay\u0131nlayan ekibin i\u00e7indeydi. \u015eimdi darbeci olmu\u015f olabilir mi?\u201d<\/p>\n<p style=\"text-align: justify;\">H\u00e2l\u00e2 \u201ckayg\u0131n\u0131n g\u00fc\u00e7lenmesi\u201d noktas\u0131nda olsa da ve h\u00e2l\u00e2 \u201c\u015eimdi darbeci olabilirler mi\u201d diye soru formunda kurulsa da c\u00fcmleler, demokrasi terazisi do\u011fru \u00f6l\u00e7meye ba\u015fl\u0131yor belki de diye \u00fcmitlensek mi acaba? Kendisine gazeteci dinlerin art\u0131k \u201cg\u00fcvenilir kaynaklar\u0131ndan\u201d ald\u0131\u011f\u0131 bilgilere dayanarak ve \u201cemin olarak\u201d meslekta\u015flar\u0131 ile ilgili deh\u015fet verici iddialar pervas\u0131zca dile getirmekten vazge\u00e7eceklerine \u00fcmitlensek mi? Ak\u0131llar\u0131n \u201cg\u00fcvenilir kaynaklar\u201da emanet edilmesi son buluyor diye d\u00fc\u015f\u00fcnmeye ba\u015flasak m\u0131? Bir belgeler cennetine, daha do\u011frusu belgeler cehennemine d\u00f6nen memlekette \u00f6nlerine konan her \u201cbelge\u201dye sar\u0131lanlar bu huylar\u0131ndan vazge\u00e7er diye sevinsek mi?<\/p>\n<p style=\"text-align: justify;\">\u00c7\u00fcnk\u00fc \u015fu son olanlardan, herkesten \u00e7ok akl\u0131n\u0131 g\u00fcvenilir kaynaklara emanet edenler korkmal\u0131. Bu i\u015fler b\u00f6yle gider, gazetecilerin evleri, b\u00fcrolar\u0131 hukuk d\u0131\u015f\u0131 yollarla bas\u0131l\u0131r, yasa yaln\u0131zca \u201caranan\u201d delilin al\u0131nmas\u0131n\u0131 emrederken, i\u00e7eride ne var ne yoksa hepsi \u00e7uvallan\u0131p g\u00f6t\u00fcr\u00fcl\u00fcrse, yar\u0131n size bir kooperatif yolsuzlu\u011funu bile anlatacak kaynak bulamazs\u0131n\u0131z.<\/p>\n<p style=\"text-align: justify;\">Bir gazetecinin evinde yaln\u0131zca isnat edilen su\u00e7a delil olacak \u201c\u015fey\u201d(ler) de\u011fil, \u201cher \u015fey\u201d al\u0131n\u0131p g\u00f6t\u00fcr\u00fcld\u00fc\u011f\u00fcnde, gazetecinin bilgiye ula\u015fma \u015fans\u0131, halk\u0131n da haber alma hakk\u0131n ayn\u0131 \u00e7uvallara doldurulup g\u00f6t\u00fcr\u00fclm\u00fc\u015f olur.<\/p>\n<p style=\"text-align: justify;\">\u015eimdi gazetecili\u011fe sahip \u00e7\u0131kma zaman\u0131. \u00d6yle bizim i\u00e7in kendimiz i\u00e7in falan de\u011fil. Korkunun ve endi\u015fenin kol gezmedi\u011fi, demokratik bir toplumda ya\u015fayabilmek i\u00e7in. Faili me\u00e7hullerle, toplu mezarlarla, i\u015fkencelerle gelece\u011fi karart\u0131lm\u0131\u015f bir memlekette, Ergenekon denen \u015feyin ger\u00e7ekten \u00fczerine gidilip a\u00e7\u0131\u011fa \u00e7\u0131kar\u0131labilmesi i\u00e7in de bu laz\u0131m bize. Ele\u015ftirel olabilen ve ba\u015fkalar\u0131na emanet edilmemi\u015f bir ak\u0131l!<\/p>\n<p style=\"text-align: justify;\">B\u00fct\u00fcn \u00f6mr\u00fc solla \u201cm\u00fccadele\u201d ile ge\u00e7mi\u015f, solculara i\u015fkence etmi\u015f Hanefi Avc\u0131\u2019n\u0131n tam da cemaatin devleti nas\u0131l ele ge\u00e7irdi\u011fini anlatan bir kitap yazd\u0131ktan sonra \u201csol bir ter\u00f6r \u00f6rg\u00fct\u00fcne\u201d \u00fcye olmas\u0131ndan ku\u015fku duymad\u0131n\u0131z, Soner Yal\u00e7\u0131n\u2019\u0131n Alevi-S\u00fcnni \u00e7at\u0131\u015fmas\u0131 \u00e7\u0131karaca\u011f\u0131ndan ku\u015fku duymad\u0131n\u0131z, bunca meslekta\u015f\u0131n\u0131n gazetecili\u011fine kefil olduklar\u0131 Nedim ve Ahmet ile Savc\u0131 \u00d6z\u2019\u00fc mahkemeye veren M\u00fcyesser Y\u0131ld\u0131z\u2019\u0131n g\u00f6zalt\u0131na al\u0131n\u0131\u015f\u0131 da soru i\u015faretlerine yol a\u00e7m\u0131yorsa geriye ne kal\u0131r gazetecilikten?<\/p>\n<p style=\"text-align: justify;\">Antidemokratik y\u00f6ntemlerle demokrasi gelece\u011fini sananlar biraz tarih okuyup bir kez daha d\u00fc\u015f\u00fcnmeli. Kar\u015f\u0131 oldu\u011funuz \u015fey demokrat say\u0131lman\u0131za yetmez, neyi savundu\u011funuza bakar.<\/p>\n<p style=\"text-align: justify;\">\u201cUtan\u0131yorum\u201d demi\u015fti Nedim. Utan\u00e7 en de\u011ferli, en umut verici duygusudur insan\u0131n. Haydi, hi\u00e7 de\u011filse utanan gazeteciler olal\u0131m ve bu ya\u015fananlardan sonra bir daha g\u00f6zden ge\u00e7irelim savunduklar\u0131m\u0131z\u0131!<\/p>\n<p style=\"text-align: justify;\">BirG\u00fcn yazarlar\u0131, bug\u00fcn, meslekta\u015flar\u0131 tutukluyken k\u00f6\u015felerinin tutuksuz olmas\u0131n\u0131 kabul edemiyorlar. Arkada\u015flar\u0131 yazamazken, yazabiliyor olmaktan utan\u0131yorlar. BirG\u00fcn, bug\u00fcn meslekta\u015flar\u0131n\u0131n kaderini payla\u015f\u0131p k\u00f6\u015felerini karart\u0131yor. Nedim\u2019in utanc\u0131n\u0131 payla\u015f\u0131yoruz bug\u00fcn, ileride utanmamak ve ileride t\u00fcm sayfalar\u0131m\u0131z\u0131 karartmamak i\u00e7in.\u201d<\/p>\n<p style=\"text-align: justify;\">Gazetede L. Do\u011fan T\u0131l\u0131\u00e7, Emrah G\u00f6ker, Naz\u0131m Alpman, Fikri Sa\u011flar, Kadir Cang\u0131zbay ve U\u011fur Kutay\u2019\u0131n k\u00f6\u015feleri karart\u0131lm\u0131\u015f olarak verildi.<\/p>\n<p style=\"text-align: justify;\"><a href=\"http:\/\/www.odatv.com\/n.php?n=birgun-gazetesi-neden-koselerini-karartti-0503111200\" target=\"_blank\"><span style=\"color: #888888;\">Kaynak : Odatv<\/span><\/a><\/p>\n","protected":false},"excerpt":{"rendered":"<p style=\"text-align: justify;\">\u201cUtanan Gazeteciler Olal\u0131m\u201d<\/p>\n<p style=\"text-align: justify;\">BirG\u00fcn gazetesi , son iki haftada ger\u00e7ekle\u015fen gazetecilerin g\u00f6zalt\u0131na al\u0131nmas\u0131 ve halk\u0131n haber alma \u00f6zg\u00fcrl\u00fc\u011f\u00fcn\u00fcn k\u0131s\u0131tlanmas\u0131 kar\u015f\u0131s\u0131nda, tepkisini bug\u00fcn gazetenin k\u00f6\u015felerini karartarak g\u00f6sterdi.<\/p>\n<p style=\"text-align: justify;\">\u0130kinci kez, bir ba\u015fka gazete sayfalar\u0131n\u0131 karartarak bas\u0131n \u00f6zg\u00fcrl\u00fc\u011f\u00fcn\u00fcn \u00e7i\u011fnenmesine, bo\u015f sayfalarla yan\u0131t verdi. Daha \u00f6nce de Cumhuriyet gazetesi birinci sayfas\u0131n\u0131 bo\u015f \u00e7\u0131kararak <\/p>\n","protected":false},"author":1,"featured_media":0,"comment_status":"open","ping_status":"closed","sticky":false,"template":"","format":"standard","meta":{"footnotes":""},"categories":[105],"tags":[],"class_list":["post-29085","post","type-post","status-publish","format-standard","hentry","category-gundem","odd"],"_links":{"self":[{"href":"http:\/\/www.korhanyilmaz.com\/index.php?rest_route=\/wp\/v2\/posts\/29085","targetHints":{"allow":["GET"]}}],"collection":[{"href":"http:\/\/www.korhanyilmaz.com\/index.php?rest_route=\/wp\/v2\/posts"}],"about":[{"href":"http:\/\/www.korhanyilmaz.com\/index.php?rest_route=\/wp\/v2\/types\/post"}],"author":[{"embeddable":true,"href":"http:\/\/www.korhanyilmaz.com\/index.php?rest_route=\/wp\/v2\/users\/1"}],"replies":[{"embeddable":true,"href":"http:\/\/www.korhanyilmaz.com\/index.php?rest_route=%2Fwp%2Fv2%2Fcomments&post=29085"}],"version-history":[{"count":0,"href":"http:\/\/www.korhanyilmaz.com\/index.php?rest_route=\/wp\/v2\/posts\/29085\/revisions"}],"wp:attachment":[{"href":"http:\/\/www.korhanyilmaz.com\/index.php?rest_route=%2Fwp%2Fv2%2Fmedia&parent=29085"}],"wp:term":[{"taxonomy":"category","embeddable":true,"href":"http:\/\/www.korhanyilmaz.com\/index.php?rest_route=%2Fwp%2Fv2%2Fcategories&post=29085"},{"taxonomy":"post_tag","embeddable":true,"href":"http:\/\/www.korhanyilmaz.com\/index.php?rest_route=%2Fwp%2Fv2%2Ftags&post=29085"}],"curies":[{"name":"wp","href":"https:\/\/api.w.org\/{rel}","templated":true}]}}